{"id":471,"date":"2016-04-05T12:10:52","date_gmt":"2016-04-05T12:10:52","guid":{"rendered":"https:\/\/extremebarcelona.com\/?p=471&#038;lang=en"},"modified":"2016-04-19T12:00:03","modified_gmt":"2016-04-19T12:00:03","slug":"el-imaginextreme-barcelona-prepara-su-7a-edicion","status":"publish","type":"post","link":"https:\/\/extremebarcelona.com\/en\/2016\/04\/05\/el-imaginextreme-barcelona-prepara-su-7a-edicion\/","title":{"rendered":"THE IMAGINEXTREME BARCELONA IS GETTING READY FOR THE 7TH EDITION"},"content":{"rendered":"<p>The action sports have been over recent years very present in Barcelona and this 2016 will again be the center of attention during the <strong>imaginExtreme Barcelona<\/strong>, \u200b\u200bwhich will be held on <strong>18 and 19 June at the Parc del Forum<\/strong>.<\/p>\n<p>This year is\u00a0the 7th edition of the imaginExtreme Barcelona, \u200b\u200bwhich makes a big bet on small wheel sports such as <strong>skateboarding<\/strong>, <strong>scooter<\/strong>, <strong>inline<\/strong>, <strong>longboard<\/strong> and <strong>BMX<\/strong>.<\/p>\n<p>The imaginExtreme Barcelona has an international seal that assures viewers see the best specialists in the world of different sports. The world skate female star Leticia Bufoni didn&#8217;t loose the opportunity to be in Barcelona action sports event last year; this imaginExtreme Barcelona 2016 the modality of scooter, will be the headquarters of the <strong>world final of the ISA<\/strong> (International Scooter Association) and, therefore, will feature the 50 best riders in the world of specialty.<\/p>\n<p>The festival will not only be a show but also be a place where all attendees can use the Parks for the open practice, enjoy participatory activities or see the latest news\u00a0about the sector in the Market.<\/p>\n<p>Over the next few months will be announced developments that are beig prepared\u00a0for the imaginExtreme Barcelona, \u200b\u200bwhich is sure to come near the festival to all the loyal fans of action sports, music, fashion and urban trends.<\/p>\n","protected":false},"excerpt":{"rendered":"<p>Los action sports han estado a lo largo de los \u00faltimos a\u00f1os muy presentes en Barcelona y este 2016 volver\u00e1n a ser el centro de atenci\u00f3n durante el imaginExtreme Barcelona, que se llevar\u00e1 a cabo los d\u00edas 18 y 19 de junio en el Parc del F\u00f2rum.<\/p>\n","protected":false},"author":1,"featured_media":0,"comment_status":"open","ping_status":"open","sticky":false,"template":"","format":"standard","meta":{"_et_pb_use_builder":"","_et_pb_old_content":"","_et_gb_content_width":"","footnotes":""},"categories":[],"tags":[],"class_list":["post-471","post","type-post","status-publish","format-standard","hentry"],"yoast_head":"<!-- This site is optimized with the Yoast SEO plugin v27.2 - https:\/\/yoast.com\/product\/yoast-seo-wordpress\/ -->\n<title>THE IMAGINEXTREME BARCELONA IS GETTING READY FOR THE 7TH EDITION - Extreme Barcelona<\/title>\n<meta name=\"robots\" content=\"index, follow, max-snippet:-1, max-image-preview:large, max-video-preview:-1\" \/>\n<link rel=\"canonical\" href=\"https:\/\/extremebarcelona.com\/en\/2016\/04\/05\/el-imaginextreme-barcelona-prepara-su-7a-edicion\/\" \/>\n<meta property=\"og:locale\" content=\"en_US\" \/>\n<meta property=\"og:type\" content=\"article\" \/>\n<meta property=\"og:title\" content=\"THE IMAGINEXTREME BARCELONA IS GETTING READY FOR THE 7TH EDITION - Extreme Barcelona\" \/>\n<meta property=\"og:description\" content=\"Los action sports han estado a lo largo de los \u00faltimos a\u00f1os muy presentes en Barcelona y este 2016 volver\u00e1n a ser el centro de atenci\u00f3n durante el imaginExtreme Barcelona, que se llevar\u00e1 a cabo los d\u00edas 18 y 19 de junio en el Parc del F\u00f2rum.\" \/>\n<meta property=\"og:url\" content=\"https:\/\/extremebarcelona.com\/en\/2016\/04\/05\/el-imaginextreme-barcelona-prepara-su-7a-edicion\/\" \/>\n<meta property=\"og:site_name\" content=\"Extreme Barcelona\" \/>\n<meta property=\"article:published_time\" content=\"2016-04-05T12:10:52+00:00\" \/>\n<meta property=\"article:modified_time\" content=\"2016-04-19T12:00:03+00:00\" \/>\n<meta name=\"author\" content=\"empiezapori\" \/>\n<meta name=\"twitter:card\" content=\"summary_large_image\" \/>\n<meta name=\"twitter:label1\" content=\"Written by\" \/>\n\t<meta name=\"twitter:data1\" content=\"empiezapori\" \/>\n\t<meta name=\"twitter:label2\" content=\"Est. reading time\" \/>\n\t<meta name=\"twitter:data2\" content=\"1 minute\" \/>\n<script type=\"application\/ld+json\" class=\"yoast-schema-graph\">{\"@context\":\"https:\/\/schema.org\",\"@graph\":[{\"@type\":\"NewsArticle\",\"@id\":\"https:\/\/extremebarcelona.com\/en\/2016\/04\/05\/el-imaginextreme-barcelona-prepara-su-7a-edicion\/#article\",\"isPartOf\":{\"@id\":\"https:\/\/extremebarcelona.com\/en\/2016\/04\/05\/el-imaginextreme-barcelona-prepara-su-7a-edicion\/\"},\"author\":{\"name\":\"empiezapori\",\"@id\":\"https:\/\/extremebarcelona.com\/#\/schema\/person\/2398913d1be5ea2d8b49e51d87537c59\"},\"headline\":\"THE IMAGINEXTREME BARCELONA IS GETTING READY FOR THE 7TH EDITION\",\"datePublished\":\"2016-04-05T12:10:52+00:00\",\"dateModified\":\"2016-04-19T12:00:03+00:00\",\"mainEntityOfPage\":{\"@id\":\"https:\/\/extremebarcelona.com\/en\/2016\/04\/05\/el-imaginextreme-barcelona-prepara-su-7a-edicion\/\"},\"wordCount\":224,\"commentCount\":0,\"publisher\":{\"@id\":\"https:\/\/extremebarcelona.com\/#organization\"},\"inLanguage\":\"en-US\",\"potentialAction\":[{\"@type\":\"CommentAction\",\"name\":\"Comment\",\"target\":[\"https:\/\/extremebarcelona.com\/en\/2016\/04\/05\/el-imaginextreme-barcelona-prepara-su-7a-edicion\/#respond\"]}]},{\"@type\":\"WebPage\",\"@id\":\"https:\/\/extremebarcelona.com\/en\/2016\/04\/05\/el-imaginextreme-barcelona-prepara-su-7a-edicion\/\",\"url\":\"https:\/\/extremebarcelona.com\/en\/2016\/04\/05\/el-imaginextreme-barcelona-prepara-su-7a-edicion\/\",\"name\":\"THE IMAGINEXTREME BARCELONA IS GETTING READY FOR THE 7TH EDITION - Extreme Barcelona\",\"isPartOf\":{\"@id\":\"https:\/\/extremebarcelona.com\/#website\"},\"datePublished\":\"2016-04-05T12:10:52+00:00\",\"dateModified\":\"2016-04-19T12:00:03+00:00\",\"breadcrumb\":{\"@id\":\"https:\/\/extremebarcelona.com\/en\/2016\/04\/05\/el-imaginextreme-barcelona-prepara-su-7a-edicion\/#breadcrumb\"},\"inLanguage\":\"en-US\",\"potentialAction\":[{\"@type\":\"ReadAction\",\"target\":[\"https:\/\/extremebarcelona.com\/en\/2016\/04\/05\/el-imaginextreme-barcelona-prepara-su-7a-edicion\/\"]}]},{\"@type\":\"BreadcrumbList\",\"@id\":\"https:\/\/extremebarcelona.com\/en\/2016\/04\/05\/el-imaginextreme-barcelona-prepara-su-7a-edicion\/#breadcrumb\",\"itemListElement\":[{\"@type\":\"ListItem\",\"position\":1,\"name\":\"Portada\",\"item\":\"https:\/\/extremebarcelona.com\/\"},{\"@type\":\"ListItem\",\"position\":2,\"name\":\"THE IMAGINEXTREME BARCELONA IS GETTING READY FOR THE 7TH EDITION\"}]},{\"@type\":\"WebSite\",\"@id\":\"https:\/\/extremebarcelona.com\/#website\",\"url\":\"https:\/\/extremebarcelona.com\/\",\"name\":\"Extreme Barcelona\",\"description\":\"Otro sitio realizado con WordPress\",\"publisher\":{\"@id\":\"https:\/\/extremebarcelona.com\/#organization\"},\"potentialAction\":[{\"@type\":\"SearchAction\",\"target\":{\"@type\":\"EntryPoint\",\"urlTemplate\":\"https:\/\/extremebarcelona.com\/?s={search_term_string}\"},\"query-input\":{\"@type\":\"PropertyValueSpecification\",\"valueRequired\":true,\"valueName\":\"search_term_string\"}}],\"inLanguage\":\"en-US\"},{\"@type\":\"Organization\",\"@id\":\"https:\/\/extremebarcelona.com\/#organization\",\"name\":\"Extreme Barcelona\",\"url\":\"https:\/\/extremebarcelona.com\/\",\"logo\":{\"@type\":\"ImageObject\",\"inLanguage\":\"en-US\",\"@id\":\"https:\/\/extremebarcelona.com\/#\/schema\/logo\/image\/\",\"url\":\"https:\/\/extremebarcelona.com\/wp-content\/uploads\/2021\/04\/Logo-Extreme-2021.png\",\"contentUrl\":\"https:\/\/extremebarcelona.com\/wp-content\/uploads\/2021\/04\/Logo-Extreme-2021.png\",\"width\":500,\"height\":500,\"caption\":\"Extreme Barcelona\"},\"image\":{\"@id\":\"https:\/\/extremebarcelona.com\/#\/schema\/logo\/image\/\"}},{\"@type\":\"Person\",\"@id\":\"https:\/\/extremebarcelona.com\/#\/schema\/person\/2398913d1be5ea2d8b49e51d87537c59\",\"name\":\"empiezapori\",\"image\":{\"@type\":\"ImageObject\",\"inLanguage\":\"en-US\",\"@id\":\"https:\/\/secure.gravatar.com\/avatar\/06822eac34a9a13c7a3823b1fe9799f691895cfb5a841e2a6ae6aea5b0a1c758?s=96&d=mm&r=g\",\"url\":\"https:\/\/secure.gravatar.com\/avatar\/06822eac34a9a13c7a3823b1fe9799f691895cfb5a841e2a6ae6aea5b0a1c758?s=96&d=mm&r=g\",\"contentUrl\":\"https:\/\/secure.gravatar.com\/avatar\/06822eac34a9a13c7a3823b1fe9799f691895cfb5a841e2a6ae6aea5b0a1c758?s=96&d=mm&r=g\",\"caption\":\"empiezapori\"}}]}<\/script>\n<!-- \/ Yoast SEO plugin. -->","yoast_head_json":{"title":"THE IMAGINEXTREME BARCELONA IS GETTING READY FOR THE 7TH EDITION - Extreme Barcelona","robots":{"index":"index","follow":"follow","max-snippet":"max-snippet:-1","max-image-preview":"max-image-preview:large","max-video-preview":"max-video-preview:-1"},"canonical":"https:\/\/extremebarcelona.com\/en\/2016\/04\/05\/el-imaginextreme-barcelona-prepara-su-7a-edicion\/","og_locale":"en_US","og_type":"article","og_title":"THE IMAGINEXTREME BARCELONA IS GETTING READY FOR THE 7TH EDITION - Extreme Barcelona","og_description":"Los action sports han estado a lo largo de los \u00faltimos a\u00f1os muy presentes en Barcelona y este 2016 volver\u00e1n a ser el centro de atenci\u00f3n durante el imaginExtreme Barcelona, que se llevar\u00e1 a cabo los d\u00edas 18 y 19 de junio en el Parc del F\u00f2rum.","og_url":"https:\/\/extremebarcelona.com\/en\/2016\/04\/05\/el-imaginextreme-barcelona-prepara-su-7a-edicion\/","og_site_name":"Extreme Barcelona","article_published_time":"2016-04-05T12:10:52+00:00","article_modified_time":"2016-04-19T12:00:03+00:00","author":"empiezapori","twitter_card":"summary_large_image","twitter_misc":{"Written by":"empiezapori","Est. reading time":"1 minute"},"schema":{"@context":"https:\/\/schema.org","@graph":[{"@type":"NewsArticle","@id":"https:\/\/extremebarcelona.com\/en\/2016\/04\/05\/el-imaginextreme-barcelona-prepara-su-7a-edicion\/#article","isPartOf":{"@id":"https:\/\/extremebarcelona.com\/en\/2016\/04\/05\/el-imaginextreme-barcelona-prepara-su-7a-edicion\/"},"author":{"name":"empiezapori","@id":"https:\/\/extremebarcelona.com\/#\/schema\/person\/2398913d1be5ea2d8b49e51d87537c59"},"headline":"THE IMAGINEXTREME BARCELONA IS GETTING READY FOR THE 7TH EDITION","datePublished":"2016-04-05T12:10:52+00:00","dateModified":"2016-04-19T12:00:03+00:00","mainEntityOfPage":{"@id":"https:\/\/extremebarcelona.com\/en\/2016\/04\/05\/el-imaginextreme-barcelona-prepara-su-7a-edicion\/"},"wordCount":224,"commentCount":0,"publisher":{"@id":"https:\/\/extremebarcelona.com\/#organization"},"inLanguage":"en-US","potentialAction":[{"@type":"CommentAction","name":"Comment","target":["https:\/\/extremebarcelona.com\/en\/2016\/04\/05\/el-imaginextreme-barcelona-prepara-su-7a-edicion\/#respond"]}]},{"@type":"WebPage","@id":"https:\/\/extremebarcelona.com\/en\/2016\/04\/05\/el-imaginextreme-barcelona-prepara-su-7a-edicion\/","url":"https:\/\/extremebarcelona.com\/en\/2016\/04\/05\/el-imaginextreme-barcelona-prepara-su-7a-edicion\/","name":"THE IMAGINEXTREME BARCELONA IS GETTING READY FOR THE 7TH EDITION - Extreme Barcelona","isPartOf":{"@id":"https:\/\/extremebarcelona.com\/#website"},"datePublished":"2016-04-05T12:10:52+00:00","dateModified":"2016-04-19T12:00:03+00:00","breadcrumb":{"@id":"https:\/\/extremebarcelona.com\/en\/2016\/04\/05\/el-imaginextreme-barcelona-prepara-su-7a-edicion\/#breadcrumb"},"inLanguage":"en-US","potentialAction":[{"@type":"ReadAction","target":["https:\/\/extremebarcelona.com\/en\/2016\/04\/05\/el-imaginextreme-barcelona-prepara-su-7a-edicion\/"]}]},{"@type":"BreadcrumbList","@id":"https:\/\/extremebarcelona.com\/en\/2016\/04\/05\/el-imaginextreme-barcelona-prepara-su-7a-edicion\/#breadcrumb","itemListElement":[{"@type":"ListItem","position":1,"name":"Portada","item":"https:\/\/extremebarcelona.com\/"},{"@type":"ListItem","position":2,"name":"THE IMAGINEXTREME BARCELONA IS GETTING READY FOR THE 7TH EDITION"}]},{"@type":"WebSite","@id":"https:\/\/extremebarcelona.com\/#website","url":"https:\/\/extremebarcelona.com\/","name":"Extreme Barcelona","description":"Otro sitio realizado con WordPress","publisher":{"@id":"https:\/\/extremebarcelona.com\/#organization"},"potentialAction":[{"@type":"SearchAction","target":{"@type":"EntryPoint","urlTemplate":"https:\/\/extremebarcelona.com\/?s={search_term_string}"},"query-input":{"@type":"PropertyValueSpecification","valueRequired":true,"valueName":"search_term_string"}}],"inLanguage":"en-US"},{"@type":"Organization","@id":"https:\/\/extremebarcelona.com\/#organization","name":"Extreme Barcelona","url":"https:\/\/extremebarcelona.com\/","logo":{"@type":"ImageObject","inLanguage":"en-US","@id":"https:\/\/extremebarcelona.com\/#\/schema\/logo\/image\/","url":"https:\/\/extremebarcelona.com\/wp-content\/uploads\/2021\/04\/Logo-Extreme-2021.png","contentUrl":"https:\/\/extremebarcelona.com\/wp-content\/uploads\/2021\/04\/Logo-Extreme-2021.png","width":500,"height":500,"caption":"Extreme Barcelona"},"image":{"@id":"https:\/\/extremebarcelona.com\/#\/schema\/logo\/image\/"}},{"@type":"Person","@id":"https:\/\/extremebarcelona.com\/#\/schema\/person\/2398913d1be5ea2d8b49e51d87537c59","name":"empiezapori","image":{"@type":"ImageObject","inLanguage":"en-US","@id":"https:\/\/secure.gravatar.com\/avatar\/06822eac34a9a13c7a3823b1fe9799f691895cfb5a841e2a6ae6aea5b0a1c758?s=96&d=mm&r=g","url":"https:\/\/secure.gravatar.com\/avatar\/06822eac34a9a13c7a3823b1fe9799f691895cfb5a841e2a6ae6aea5b0a1c758?s=96&d=mm&r=g","contentUrl":"https:\/\/secure.gravatar.com\/avatar\/06822eac34a9a13c7a3823b1fe9799f691895cfb5a841e2a6ae6aea5b0a1c758?s=96&d=mm&r=g","caption":"empiezapori"}}]}},"_links":{"self":[{"href":"https:\/\/extremebarcelona.com\/en\/wp-json\/wp\/v2\/posts\/471","targetHints":{"allow":["GET"]}}],"collection":[{"href":"https:\/\/extremebarcelona.com\/en\/wp-json\/wp\/v2\/posts"}],"about":[{"href":"https:\/\/extremebarcelona.com\/en\/wp-json\/wp\/v2\/types\/post"}],"author":[{"embeddable":true,"href":"https:\/\/extremebarcelona.com\/en\/wp-json\/wp\/v2\/users\/1"}],"replies":[{"embeddable":true,"href":"https:\/\/extremebarcelona.com\/en\/wp-json\/wp\/v2\/comments?post=471"}],"version-history":[{"count":4,"href":"https:\/\/extremebarcelona.com\/en\/wp-json\/wp\/v2\/posts\/471\/revisions"}],"predecessor-version":[{"id":901,"href":"https:\/\/extremebarcelona.com\/en\/wp-json\/wp\/v2\/posts\/471\/revisions\/901"}],"wp:attachment":[{"href":"https:\/\/extremebarcelona.com\/en\/wp-json\/wp\/v2\/media?parent=471"}],"wp:term":[{"taxonomy":"category","embeddable":true,"href":"https:\/\/extremebarcelona.com\/en\/wp-json\/wp\/v2\/categories?post=471"},{"taxonomy":"post_tag","embeddable":true,"href":"https:\/\/extremebarcelona.com\/en\/wp-json\/wp\/v2\/tags?post=471"}],"curies":[{"name":"wp","href":"https:\/\/api.w.org\/{rel}","templated":true}]}}