{"id":29140,"date":"2026-09-03T14:46:50","date_gmt":"2026-09-03T12:46:50","guid":{"rendered":"https:\/\/extremebarcelona.com\/2026\/09\/03\/extreme-barcelona-2026-parc-del-forum\/"},"modified":"2026-09-03T14:57:37","modified_gmt":"2026-09-03T12:57:37","slug":"extreme-barcelona-2026-parc-del-forum","status":"publish","type":"post","link":"https:\/\/extremebarcelona.com\/en\/2026\/09\/03\/extreme-barcelona-2026-parc-del-forum\/","title":{"rendered":"Extreme Barcelona brings together the world elite of urban sports at Parc del F\u00f2rum Press conference images here"},"content":{"rendered":"<p>[et_pb_section fb_built=&#8221;1&#8243; admin_label=&#8221;section&#8221; _builder_version=&#8221;4.16&#8243; global_colors_info=&#8221;{}&#8221;][et_pb_row admin_label=&#8221;row&#8221; _builder_version=&#8221;4.16&#8243; background_size=&#8221;initial&#8221; background_position=&#8221;top_left&#8221; background_repeat=&#8221;repeat&#8221; global_colors_info=&#8221;{}&#8221;][et_pb_column type=&#8221;4_4&#8243; _builder_version=&#8221;4.16&#8243; custom_padding=&#8221;|||&#8221; global_colors_info=&#8221;{}&#8221; custom_padding__hover=&#8221;|||&#8221;][et_pb_text admin_label=&#8221;Text&#8221; _builder_version=&#8221;4.27.7&#8243; background_size=&#8221;initial&#8221; background_position=&#8221;top_left&#8221; background_repeat=&#8221;repeat&#8221; hover_enabled=&#8221;0&#8243; global_colors_info=&#8221;{}&#8221; sticky_enabled=&#8221;0&#8243;]<\/p>\n<ul>\n<li style=\"font-weight: 400;\">\n<ul>\n<li aria-level=\"1\">\n<p>Parc del F\u00f2rum hosted today the official presentation of the 18th anniversary of Extreme Barcelona, which from September 4 to 6 will bring together more than 1,000 athletes and some of the biggest international figures in urban sports.<\/p>\n<\/li>\n<li aria-level=\"1\">\n<p>Jordan Clark, European BMX champion; Daniela Terol, Paris 2024 Olympian and Extreme Barcelona 2023 champion; Emily Gibson, Australian national Scootering champion; and Loren Garc\u00eda, sports manager of Synkro Race, took part in the event alongside institutional and organizational representatives.<\/p>\n<\/li>\n<li aria-level=\"1\">The 2026 edition expands the experience beyond competition with novelties such as Synkro Race and a lineup of music, art, gastronomy, leisure, and urban culture throughout the weekend.<\/li>\n<\/ul>\n<\/li>\n<\/ul>\n<p>[\/et_pb_text][et_pb_image src=&#8221;https:\/\/extremebarcelona.com\/wp-content\/uploads\/2026\/09\/@raimonrg_EXT-BCN26_RDP-16.jpg&#8221; title_text=&#8221;@raimonrg_EXT BCN26_RDP-16&#8243; _builder_version=&#8221;4.27.7&#8243; _module_preset=&#8221;default&#8221; global_colors_info=&#8221;{}&#8221;][\/et_pb_image][et_pb_text _builder_version=&#8221;4.27.7&#8243; _module_preset=&#8221;default&#8221; hover_enabled=&#8221;0&#8243; global_colors_info=&#8221;{}&#8221; sticky_enabled=&#8221;0&#8243;]<\/p>\n<p>Extreme Barcelona celebrated on Thursday, September 3, at Parc del F\u00f2rum, the official presentation of its 18th anniversary, which kicks off tomorrow and will transform Barcelona into one of the major international epicenters of urban sports and culture through Sunday. From September 4 to 6, the event will gather over 1,000 athletes and some of the top international stars of BMX, skateboarding, scootering, breaking, 3&#215;3 basketball, and other urban disciplines.<\/p>\n<p>The presentation, held at Extreme Barcelona&#8217;s Central Park, was attended by David Escud\u00e9, Sports Councilor of Barcelona City Council; Abel Garc\u00eda, Secretary General of the Sports Department of the Government of Catalonia; V\u00edctor Casanovas, Director of Urban World Series; and world-class athletes such as Jordan Clark, current European BMX Freestyle champion; Daniela Terol, Paris 2024 Olympian and Extreme Barcelona 2023 champion; Emily Gibson, one of the international leaders in Scootering; and Lorenzo Garc\u00eda, sports manager of Synkro Race.<\/p>\n<p>Over three days, the 18,000+ m\u00b2 space at Parc del F\u00f2rum will host one of the most comprehensive programs in the event&#8217;s history, featuring international competitions, four Olympic disciplines, and debuts like Synkro Race, a hybrid pairs fitness competition making its first appearance at Extreme Barcelona this year.<\/p>\n<p>Sports will remain the main highlight, but this 18th anniversary also expands its offering of music, art, gastronomy, leisure, and urban culture, turning Parc del F\u00f2rum into a place to experience Extreme all day long. General admission to the festival will be free of charge for all three days.<\/p>\n<p>David Escud\u00e9, Sports Councilor of Barcelona City Council, emphasized that &#8216;one of the most spectacular sporting events on our calendar returns to our city. From tomorrow through Sunday, Barcelona becomes the hub of urban sports with Extreme, and everyone will have the chance to enjoy it to the fullest because admission is free. Head over to Parc del F\u00f2rum this weekend and enjoy a competition filled with pure adrenaline and excitement.&#8217;<\/p>\n<p>For his part, V\u00edctor Casanovas, Director of Urban World Series, highlighted the importance of the athletes: &#8216;Extreme Barcelona exists for the athletes and the public. Our commitment is to keep evolving each year to offer a top-tier show and flawless facilities where athletes can show their absolute best.&#8217; He noted additions like FIBA 3&#215;3 basketball and Synkro Race, which has 400 registered participants, mostly amateurs. Additionally, through an agreement with Concept Club and International Sports Broadcasting (ISB), the event expands its cultural offering and will be broadcast on TV across 36 countries.<\/p>\n<p>The presentation also brought together some of the big names competing this weekend at Parc del F\u00f2rum. Among them is Jordan Clark, returning to the Catalan capital as the newly crowned European BMX Freestyle champion with a special connection to Extreme Barcelona: &#8216;I love Barcelona. I&#8217;ve won seven gold medals here\u2014six in scootering and one in BMX\u2014and coming back is always very special. The connection with the crowd, the city&#8217;s energy, and the atmosphere at Extreme make competing here a unique experience in the world. I arrive eager to give it my all once again.&#8217;<\/p>\n<p>One of the skaters with a bright present and future, Catalan Daniela Terol, Extreme Barcelona 2023 champion and Paris 2024 Olympian, noted: &#8216;Every year more girls come to compete at Extreme Barcelona, and the level keeps rising. It&#8217;s great news for women&#8217;s skateboarding and extra motivation to keep improving. I arrive full of energy, ready to perform at my best and fight to repeat my 2023 victory, as I was injured last year and couldn&#8217;t compete.&#8217;<\/p>\n<p>Furthermore, after three years, the women&#8217;s Scootering category returns to the event with medal contenders arriving from all over the world. Among them is Australian Emily Gibson: &#8216;Barcelona is an incredible stage to compete on. During my last visit to Barcelona, I finished fifth, and now I return with more experience, greater confidence, and a clear goal: to fight for first place.&#8217;<\/p>\n<p>Abel Garc\u00eda, Secretary General of the Sports Department of the Government of Catalonia, stated that he has known the event &#8216;for many years and understands the work behind it, confirming that we are in the best place in the world for a sporting event like this with the Cat-Bcn duo, which is now inextricably linked to sports leadership. We work hand in hand with the City Council and the organization so the city can enjoy the event while we promote sports.&#8217;<\/p>\n<p>Among this year&#8217;s new features is the arrival of Synkro Race, a hybrid pairs competition combining running, endurance, and functional fitness exercises where coordination, strategy, and teamwork are key. Lorenzo Garc\u00eda, sports manager of Synkro Race, explained: &#8216;It&#8217;s our first time participating in Extreme Barcelona, and we&#8217;re thrilled to be part of an event of this scale. The key differentiator of Synkro Race is synchronization: it&#8217;s not enough to be strong or run fast; communication, strategy, and teamwork make all the difference. Moreover, we&#8217;ve created a demanding yet accessible race so that everyone, regardless of their level, can enjoy the experience.&#8217;<\/p>\n<p>Three days of sports, music, and urban culture at Parc del F\u00f2rum<\/p>\n<p>The sports competition will coexist with a revamped lineup of music, art, gastronomy, leisure, and experiences, featuring DJs, live performances, dance, urban art, a market, workshops, and various activities spread across the venue, managed by Concept Club. This proposal expands everything surrounding the courses and reinforces Extreme Barcelona as a meeting point for sports and urban culture.<\/p>\n<p>With free general admission, Parc del F\u00f2rum will once again become an open venue this weekend for athletes, fans, youth, families, and visitors to enjoy three days of urban sports, culture, and entertainment.<\/p>\n<p>&nbsp;<\/p>\n<p>[\/et_pb_text][\/et_pb_column][\/et_pb_row][\/et_pb_section]<\/p>\n","protected":false},"excerpt":{"rendered":"<p>The 18th Anniversary of Extreme Barcelona brings over 1,000 international athletes to Parc del F\u00f2rum from September 4 to 6. This top urban sports and culture festival features elite competitions in BMX, skateboarding, scootering, and the debut of Synkro Race, all with free general admission.<\/p>\n","protected":false},"author":15,"featured_media":29134,"comment_status":"closed","ping_status":"closed","sticky":false,"template":"","format":"standard","meta":{"_et_pb_use_builder":"on","_et_pb_old_content":"<ul>\r\n \t<li style=\"font-weight: 400;\" aria-level=\"1\"><span style=\"font-weight: 400;\">El festival reunir\u00e1 a m\u00e1s de 500 deportistas de m\u00e1s de 40 pa\u00edses, contar\u00e1 con cuatro disciplinas ol\u00edmpicas y volver\u00e1 a convertir Barcelona en el epicentro internacional de los deportes urbanos.<\/span><\/li>\r\n<\/ul>\r\n<b>Barcelona, 13 de julio de 2026.<\/b><span style=\"font-weight: 400;\"> El <\/span><b>Extreme Barcelona<\/b><span style=\"font-weight: 400;\"> ha presentado hoy la imagen oficial, el v\u00eddeo de la nueva edici\u00f3n y el programa deportivo del <\/span><b>Extreme Barcelona 2026<\/b><span style=\"font-weight: 400;\">, que celebrar\u00e1 su <\/span><b>18.\u00ba aniversario<\/b><span style=\"font-weight: 400;\"> consolidado como uno de los grandes festivales europeos de deportes urbanos. El evento reunir\u00e1 a <\/span><b>m\u00e1s de 500 deportistas procedentes de m\u00e1s de 40 pa\u00edses<\/b><span style=\"font-weight: 400;\">, ofrecer\u00e1 <\/span><b>11 disciplinas deportivas<\/b><span style=\"font-weight: 400;\"> y volver\u00e1 a situar Barcelona como uno de los principales escenarios internacionales de la cultura y el deporte urbano.<\/span>\r\n\r\n<img class=\"aligncenter size-large wp-image-28038\" src=\"https:\/\/extremebarcelona.com\/wp-content\/uploads\/2026\/07\/CARTELL-06-819x1024.jpg\" alt=\"Extreme Barcelona 2026\" width=\"819\" height=\"1024\" \/>\r\n\r\n<span style=\"font-weight: 400;\">El programa deportivo de esta edici\u00f3n refuerza la evoluci\u00f3n del festival con una propuesta m\u00e1s amplia y diversa que combina competiciones internacionales, disciplinas ol\u00edmpicas y nuevas tendencias del deporte urbano. En total, el Extreme Barcelona reunir\u00e1 <\/span><b>cerca de 30 competiciones con categor\u00edas masculinas, femeninas y mixtas<\/b><span style=\"font-weight: 400;\">, reafirmando su compromiso con una programaci\u00f3n cada vez m\u00e1s diversa e inclusiva.<\/span>\r\n\r\n<span style=\"font-weight: 400;\">Entre las disciplinas que formar\u00e1n parte del programa destacan <\/span><b>cuatro deportes ol\u00edmpicos<\/b><span style=\"font-weight: 400;\">: <\/span><b>BMX Freestyle<\/b><span style=\"font-weight: 400;\">, <\/span><b>Skateboarding<\/b><span style=\"font-weight: 400;\">, <\/span><b>Breaking<\/b><span style=\"font-weight: 400;\"> y <\/span><b>Basket 3x3<\/b><span style=\"font-weight: 400;\">, que compartir\u00e1n protagonismo con otras modalidades del festival como <\/span><b>Scootering<\/b><span style=\"font-weight: 400;\">, <\/span><b>Para BMX Street<\/b><span style=\"font-weight: 400;\">, <\/span><b>Street Football<\/b><span style=\"font-weight: 400;\"> y <\/span><b>Synkro Race<\/b><span style=\"font-weight: 400;\">, configurando una de las propuestas deportivas m\u00e1s completas de la historia del evento.<\/span>\r\n\r\n<span style=\"font-weight: 400;\">Un a\u00f1o m\u00e1s, la <\/span><b>explanada del Parc del F\u00f2rum<\/b><span style=\"font-weight: 400;\"> volver\u00e1 a convertirse en el gran escenario del Extreme Barcelona. Durante tres d\u00edas, los m\u00e1s de <\/span><b>18.000 m\u00b2<\/b><span style=\"font-weight: 400;\"> del recinto aco\u00bager\u00e1n competiciones deportivas internacionales junto con una amplia oferta de ocio y experiencias para todos los p\u00fablicos, con zona market de cifra r\u00e9cord de expositores, food trucks, actividades de cultura urbana, talleres y espacios donde los asistentes podr\u00e1n experimentar de primera mano algunas de las disciplinas presentes en el festival.<\/span>\r\n\r\n<span style=\"font-weight: 400;\">\u201cEl Ayuntamiento de Barcelona ha apoyado al Extreme Barcelona desde sus inicios y, por eso, este a\u00f1o estamos muy orgullosos de celebrar su 18.\u00ba aniversario. Nuestra ciudad sabe hacer las cosas de una manera diferente y el Extreme es un excelente ejemplo de ello. Desde el principio, hemos apostado no solo por acoger la competici\u00f3n, sino tambi\u00e9n por crear infraestructuras para los deportes urbanos y programas espec\u00edficos desde los que hemos visto nacer a estrellas como Daniela Terol, entre otras. Durante estos 18 a\u00f1os hemos incorporado nuevas disciplinas con el objetivo de que el p\u00fablico familiar pueda conocer y vivir deportes diferentes de forma totalmente gratuita\", ha recordado el concejal de Deportes del Ayuntamiento de Barcelona, <\/span><b>David Escud\u00e9<\/b><span style=\"font-weight: 400;\">.<\/span>\r\n\r\n<span style=\"font-weight: 400;\">El director del <\/span><b>Extreme Barcelona<\/b><span style=\"font-weight: 400;\">, <\/span><b>V\u00edctor Casanovas<\/b><span style=\"font-weight: 400;\">, ha afirmado que \"alcanzar el 18.\u00ba aniversario demuestra la consolidaci\u00f3n de un proyecto que ha sabido evolucionar al ritmo de los deportes urbanos y adaptarse a las nuevas tendencias sin perder su esencia. Este a\u00f1o damos un nuevo impulso al festival con cuatro nuevas disciplinas y un programa deportivo m\u00e1s ambicioso que nunca. Nuestro objetivo es seguir creciendo y superar la cifra de espectadores de 2025, consolidando el Extreme Barcelona como uno de los grandes eventos europeos de los deportes urbanos. Volveremos a transformar los m\u00e1s de 18.000 m\u00b2 del Parc del F\u00f2rum en un gran espacio de deporte, cultura urbana y entretenimiento, pensado para que familias, aficionados y visitantes vivan una experiencia \u00fanica. Porque, m\u00e1s all\u00e1 de la competici\u00f3n, el verdadero protagonista del Extreme Barcelona siempre es el p\u00fablico\u201d.\u00a0<\/span>\r\n\r\n<span style=\"font-weight: 400;\">La presentaci\u00f3n ha contado tambi\u00e9n con la participaci\u00f3n de <\/span><b>Sander Waare<\/b><span style=\"font-weight: 400;\">, director de la <\/span><b>Fundaci\u00f3 Cruyff<\/b><span style=\"font-weight: 400;\">.\u00a0<\/span>\r\n\r\n<span style=\"font-weight: 400;\">Con un programa deportivo reforzado, nuevas disciplinas y una creciente dimensi\u00f3n internacional, el Extreme Barcelona 2026 afronta una nueva edici\u00f3n con el objetivo de seguir consolid\u00e1ndose como uno de los festivales de deportes urbanos de referencia en Europa y superar los registros de participaci\u00f3n y asistencia de p\u00fablico alcanzados en ediciones anteriores.<\/span>","_et_gb_content_width":"","footnotes":""},"categories":[18],"tags":[977,945,52,104,978,190,831,107,56,786],"class_list":["post-29140","post","type-post","status-publish","format-standard","has-post-thumbnail","hentry","category-news","tag-977","tag-945","tag-barcelona-en","tag-bmx-en","tag-bnx","tag-extreme-en","tag-forum-en","tag-scooter-en","tag-skate-en","tag-urban-en"],"yoast_head":"<!-- This site is optimized with the Yoast SEO plugin v28.2 - https:\/\/yoast.com\/product\/yoast-seo-wordpress\/ -->\n<title>Extreme Barcelona brings together the world elite of urban sports at Parc del F\u00f2rum Press conference images here - Extreme Barcelona<\/title>\n<meta name=\"description\" content=\"Extreme Barcelona celebrates its 18th anniversary at Parc del F\u00f2rum from Sept 4\u20136. Featuring 1,000+ urban sports athletes, Synkro Race, and free entry.\" \/>\n<meta name=\"robots\" content=\"index, follow, max-snippet:-1, max-image-preview:large, max-video-preview:-1\" \/>\n<link rel=\"canonical\" href=\"https:\/\/extremebarcelona.com\/en\/2026\/09\/03\/extreme-barcelona-2026-parc-del-forum\/\" \/>\n<meta property=\"og:locale\" content=\"en_US\" \/>\n<meta property=\"og:type\" content=\"article\" \/>\n<meta property=\"og:title\" content=\"Extreme Barcelona brings together the world elite of urban sports at Parc del F\u00f2rum Press conference images here - Extreme Barcelona\" \/>\n<meta property=\"og:description\" content=\"Extreme Barcelona celebrates its 18th anniversary at Parc del F\u00f2rum from Sept 4\u20136. Featuring 1,000+ urban sports athletes, Synkro Race, and free entry.\" \/>\n<meta property=\"og:url\" content=\"https:\/\/extremebarcelona.com\/en\/2026\/09\/03\/extreme-barcelona-2026-parc-del-forum\/\" \/>\n<meta property=\"og:site_name\" content=\"Extreme Barcelona\" \/>\n<meta property=\"article:published_time\" content=\"2026-09-03T12:46:50+00:00\" \/>\n<meta property=\"article:modified_time\" content=\"2026-09-03T12:57:37+00:00\" \/>\n<meta property=\"og:image\" content=\"https:\/\/extremebarcelona.com\/wp-content\/uploads\/2026\/09\/@raimonrg_EXT-BCN26_RDP-1024x683.jpg\" \/>\n\t<meta property=\"og:image:width\" content=\"1024\" \/>\n\t<meta property=\"og:image:height\" content=\"683\" \/>\n\t<meta property=\"og:image:type\" content=\"image\/jpeg\" \/>\n<meta name=\"author\" content=\"Cristian Dedeu Van den Berg\" \/>\n<meta name=\"twitter:card\" content=\"summary_large_image\" \/>\n<meta name=\"twitter:label1\" content=\"Written by\" \/>\n\t<meta name=\"twitter:data1\" content=\"Cristian Dedeu Van den Berg\" \/>\n\t<meta name=\"twitter:label2\" content=\"Est. reading time\" \/>\n\t<meta name=\"twitter:data2\" content=\"6 minutes\" \/>\n<script type=\"application\/ld+json\" class=\"yoast-schema-graph\">{\"@context\":\"https:\\\/\\\/schema.org\",\"@graph\":[{\"@type\":\"NewsArticle\",\"@id\":\"https:\\\/\\\/extremebarcelona.com\\\/en\\\/2026\\\/09\\\/03\\\/extreme-barcelona-2026-parc-del-forum\\\/#article\",\"isPartOf\":{\"@id\":\"https:\\\/\\\/extremebarcelona.com\\\/en\\\/2026\\\/09\\\/03\\\/extreme-barcelona-2026-parc-del-forum\\\/\"},\"author\":{\"name\":\"Cristian Dedeu Van den Berg\",\"@id\":\"https:\\\/\\\/extremebarcelona.com\\\/#\\\/schema\\\/person\\\/0ab8e57dd9880fb0b11f077d9f23c4aa\"},\"headline\":\"Extreme Barcelona brings together the world elite of urban sports at Parc del F\u00f2rum Press conference images here\",\"datePublished\":\"2026-09-03T12:46:50+00:00\",\"dateModified\":\"2026-09-03T12:57:37+00:00\",\"mainEntityOfPage\":{\"@id\":\"https:\\\/\\\/extremebarcelona.com\\\/en\\\/2026\\\/09\\\/03\\\/extreme-barcelona-2026-parc-del-forum\\\/\"},\"wordCount\":1195,\"publisher\":{\"@id\":\"https:\\\/\\\/extremebarcelona.com\\\/#organization\"},\"image\":{\"@id\":\"https:\\\/\\\/extremebarcelona.com\\\/en\\\/2026\\\/09\\\/03\\\/extreme-barcelona-2026-parc-del-forum\\\/#primaryimage\"},\"thumbnailUrl\":\"https:\\\/\\\/extremebarcelona.com\\\/wp-content\\\/uploads\\\/2026\\\/09\\\/@raimonrg_EXT-BCN26_RDP.jpg\",\"keywords\":[\"18\",\"2026\",\"barcelona\",\"bmx\",\"bnx\",\"extreme\",\"forum\",\"scooter\",\"skate\",\"urban\"],\"articleSection\":[\"NEWS\"],\"inLanguage\":\"en-US\"},{\"@type\":\"WebPage\",\"@id\":\"https:\\\/\\\/extremebarcelona.com\\\/en\\\/2026\\\/09\\\/03\\\/extreme-barcelona-2026-parc-del-forum\\\/\",\"url\":\"https:\\\/\\\/extremebarcelona.com\\\/en\\\/2026\\\/09\\\/03\\\/extreme-barcelona-2026-parc-del-forum\\\/\",\"name\":\"Extreme Barcelona brings together the world elite of urban sports at Parc del F\u00f2rum Press conference images here - Extreme Barcelona\",\"isPartOf\":{\"@id\":\"https:\\\/\\\/extremebarcelona.com\\\/#website\"},\"primaryImageOfPage\":{\"@id\":\"https:\\\/\\\/extremebarcelona.com\\\/en\\\/2026\\\/09\\\/03\\\/extreme-barcelona-2026-parc-del-forum\\\/#primaryimage\"},\"image\":{\"@id\":\"https:\\\/\\\/extremebarcelona.com\\\/en\\\/2026\\\/09\\\/03\\\/extreme-barcelona-2026-parc-del-forum\\\/#primaryimage\"},\"thumbnailUrl\":\"https:\\\/\\\/extremebarcelona.com\\\/wp-content\\\/uploads\\\/2026\\\/09\\\/@raimonrg_EXT-BCN26_RDP.jpg\",\"datePublished\":\"2026-09-03T12:46:50+00:00\",\"dateModified\":\"2026-09-03T12:57:37+00:00\",\"description\":\"Extreme Barcelona celebrates its 18th anniversary at Parc del F\u00f2rum from Sept 4\u20136. Featuring 1,000+ urban sports athletes, Synkro Race, and free entry.\",\"breadcrumb\":{\"@id\":\"https:\\\/\\\/extremebarcelona.com\\\/en\\\/2026\\\/09\\\/03\\\/extreme-barcelona-2026-parc-del-forum\\\/#breadcrumb\"},\"inLanguage\":\"en-US\",\"potentialAction\":[{\"@type\":\"ReadAction\",\"target\":[\"https:\\\/\\\/extremebarcelona.com\\\/en\\\/2026\\\/09\\\/03\\\/extreme-barcelona-2026-parc-del-forum\\\/\"]}]},{\"@type\":\"ImageObject\",\"inLanguage\":\"en-US\",\"@id\":\"https:\\\/\\\/extremebarcelona.com\\\/en\\\/2026\\\/09\\\/03\\\/extreme-barcelona-2026-parc-del-forum\\\/#primaryimage\",\"url\":\"https:\\\/\\\/extremebarcelona.com\\\/wp-content\\\/uploads\\\/2026\\\/09\\\/@raimonrg_EXT-BCN26_RDP.jpg\",\"contentUrl\":\"https:\\\/\\\/extremebarcelona.com\\\/wp-content\\\/uploads\\\/2026\\\/09\\\/@raimonrg_EXT-BCN26_RDP.jpg\",\"width\":2560,\"height\":1707},{\"@type\":\"BreadcrumbList\",\"@id\":\"https:\\\/\\\/extremebarcelona.com\\\/en\\\/2026\\\/09\\\/03\\\/extreme-barcelona-2026-parc-del-forum\\\/#breadcrumb\",\"itemListElement\":[{\"@type\":\"ListItem\",\"position\":1,\"name\":\"Portada\",\"item\":\"https:\\\/\\\/extremebarcelona.com\\\/\"},{\"@type\":\"ListItem\",\"position\":2,\"name\":\"Extreme Barcelona brings together the world elite of urban sports at Parc del F\u00f2rum Press conference images here\"}]},{\"@type\":\"WebSite\",\"@id\":\"https:\\\/\\\/extremebarcelona.com\\\/#website\",\"url\":\"https:\\\/\\\/extremebarcelona.com\\\/\",\"name\":\"Extreme Barcelona\",\"description\":\"Otro sitio realizado con WordPress\",\"publisher\":{\"@id\":\"https:\\\/\\\/extremebarcelona.com\\\/#organization\"},\"potentialAction\":[{\"@type\":\"SearchAction\",\"target\":{\"@type\":\"EntryPoint\",\"urlTemplate\":\"https:\\\/\\\/extremebarcelona.com\\\/?s={search_term_string}\"},\"query-input\":{\"@type\":\"PropertyValueSpecification\",\"valueRequired\":true,\"valueName\":\"search_term_string\"}}],\"inLanguage\":\"en-US\"},{\"@type\":\"Organization\",\"@id\":\"https:\\\/\\\/extremebarcelona.com\\\/#organization\",\"name\":\"Extreme Barcelona\",\"url\":\"https:\\\/\\\/extremebarcelona.com\\\/\",\"logo\":{\"@type\":\"ImageObject\",\"inLanguage\":\"en-US\",\"@id\":\"https:\\\/\\\/extremebarcelona.com\\\/#\\\/schema\\\/logo\\\/image\\\/\",\"url\":\"https:\\\/\\\/extremebarcelona.com\\\/wp-content\\\/uploads\\\/2021\\\/04\\\/Logo-Extreme-2021.png\",\"contentUrl\":\"https:\\\/\\\/extremebarcelona.com\\\/wp-content\\\/uploads\\\/2021\\\/04\\\/Logo-Extreme-2021.png\",\"width\":500,\"height\":500,\"caption\":\"Extreme Barcelona\"},\"image\":{\"@id\":\"https:\\\/\\\/extremebarcelona.com\\\/#\\\/schema\\\/logo\\\/image\\\/\"}},{\"@type\":\"Person\",\"@id\":\"https:\\\/\\\/extremebarcelona.com\\\/#\\\/schema\\\/person\\\/0ab8e57dd9880fb0b11f077d9f23c4aa\",\"name\":\"Cristian Dedeu Van den Berg\",\"image\":{\"@type\":\"ImageObject\",\"inLanguage\":\"en-US\",\"@id\":\"https:\\\/\\\/secure.gravatar.com\\\/avatar\\\/41e68b85b7fa9f2110fbebcd69e21f89425478ca6e1e8701732accd271a6b866?s=96&d=mm&r=g\",\"url\":\"https:\\\/\\\/secure.gravatar.com\\\/avatar\\\/41e68b85b7fa9f2110fbebcd69e21f89425478ca6e1e8701732accd271a6b866?s=96&d=mm&r=g\",\"contentUrl\":\"https:\\\/\\\/secure.gravatar.com\\\/avatar\\\/41e68b85b7fa9f2110fbebcd69e21f89425478ca6e1e8701732accd271a6b866?s=96&d=mm&r=g\",\"caption\":\"Cristian Dedeu Van den Berg\"}}]}<\/script>\n<!-- \/ Yoast SEO plugin. -->","yoast_head_json":{"title":"Extreme Barcelona brings together the world elite of urban sports at Parc del F\u00f2rum Press conference images here - Extreme Barcelona","description":"Extreme Barcelona celebrates its 18th anniversary at Parc del F\u00f2rum from Sept 4\u20136. Featuring 1,000+ urban sports athletes, Synkro Race, and free entry.","robots":{"index":"index","follow":"follow","max-snippet":"max-snippet:-1","max-image-preview":"max-image-preview:large","max-video-preview":"max-video-preview:-1"},"canonical":"https:\/\/extremebarcelona.com\/en\/2026\/09\/03\/extreme-barcelona-2026-parc-del-forum\/","og_locale":"en_US","og_type":"article","og_title":"Extreme Barcelona brings together the world elite of urban sports at Parc del F\u00f2rum Press conference images here - Extreme Barcelona","og_description":"Extreme Barcelona celebrates its 18th anniversary at Parc del F\u00f2rum from Sept 4\u20136. Featuring 1,000+ urban sports athletes, Synkro Race, and free entry.","og_url":"https:\/\/extremebarcelona.com\/en\/2026\/09\/03\/extreme-barcelona-2026-parc-del-forum\/","og_site_name":"Extreme Barcelona","article_published_time":"2026-09-03T12:46:50+00:00","article_modified_time":"2026-09-03T12:57:37+00:00","og_image":[{"width":1024,"height":683,"url":"https:\/\/extremebarcelona.com\/wp-content\/uploads\/2026\/09\/@raimonrg_EXT-BCN26_RDP-1024x683.jpg","type":"image\/jpeg"}],"author":"Cristian Dedeu Van den Berg","twitter_card":"summary_large_image","twitter_misc":{"Written by":"Cristian Dedeu Van den Berg","Est. reading time":"6 minutes"},"schema":{"@context":"https:\/\/schema.org","@graph":[{"@type":"NewsArticle","@id":"https:\/\/extremebarcelona.com\/en\/2026\/09\/03\/extreme-barcelona-2026-parc-del-forum\/#article","isPartOf":{"@id":"https:\/\/extremebarcelona.com\/en\/2026\/09\/03\/extreme-barcelona-2026-parc-del-forum\/"},"author":{"name":"Cristian Dedeu Van den Berg","@id":"https:\/\/extremebarcelona.com\/#\/schema\/person\/0ab8e57dd9880fb0b11f077d9f23c4aa"},"headline":"Extreme Barcelona brings together the world elite of urban sports at Parc del F\u00f2rum Press conference images here","datePublished":"2026-09-03T12:46:50+00:00","dateModified":"2026-09-03T12:57:37+00:00","mainEntityOfPage":{"@id":"https:\/\/extremebarcelona.com\/en\/2026\/09\/03\/extreme-barcelona-2026-parc-del-forum\/"},"wordCount":1195,"publisher":{"@id":"https:\/\/extremebarcelona.com\/#organization"},"image":{"@id":"https:\/\/extremebarcelona.com\/en\/2026\/09\/03\/extreme-barcelona-2026-parc-del-forum\/#primaryimage"},"thumbnailUrl":"https:\/\/extremebarcelona.com\/wp-content\/uploads\/2026\/09\/@raimonrg_EXT-BCN26_RDP.jpg","keywords":["18","2026","barcelona","bmx","bnx","extreme","forum","scooter","skate","urban"],"articleSection":["NEWS"],"inLanguage":"en-US"},{"@type":"WebPage","@id":"https:\/\/extremebarcelona.com\/en\/2026\/09\/03\/extreme-barcelona-2026-parc-del-forum\/","url":"https:\/\/extremebarcelona.com\/en\/2026\/09\/03\/extreme-barcelona-2026-parc-del-forum\/","name":"Extreme Barcelona brings together the world elite of urban sports at Parc del F\u00f2rum Press conference images here - Extreme Barcelona","isPartOf":{"@id":"https:\/\/extremebarcelona.com\/#website"},"primaryImageOfPage":{"@id":"https:\/\/extremebarcelona.com\/en\/2026\/09\/03\/extreme-barcelona-2026-parc-del-forum\/#primaryimage"},"image":{"@id":"https:\/\/extremebarcelona.com\/en\/2026\/09\/03\/extreme-barcelona-2026-parc-del-forum\/#primaryimage"},"thumbnailUrl":"https:\/\/extremebarcelona.com\/wp-content\/uploads\/2026\/09\/@raimonrg_EXT-BCN26_RDP.jpg","datePublished":"2026-09-03T12:46:50+00:00","dateModified":"2026-09-03T12:57:37+00:00","description":"Extreme Barcelona celebrates its 18th anniversary at Parc del F\u00f2rum from Sept 4\u20136. Featuring 1,000+ urban sports athletes, Synkro Race, and free entry.","breadcrumb":{"@id":"https:\/\/extremebarcelona.com\/en\/2026\/09\/03\/extreme-barcelona-2026-parc-del-forum\/#breadcrumb"},"inLanguage":"en-US","potentialAction":[{"@type":"ReadAction","target":["https:\/\/extremebarcelona.com\/en\/2026\/09\/03\/extreme-barcelona-2026-parc-del-forum\/"]}]},{"@type":"ImageObject","inLanguage":"en-US","@id":"https:\/\/extremebarcelona.com\/en\/2026\/09\/03\/extreme-barcelona-2026-parc-del-forum\/#primaryimage","url":"https:\/\/extremebarcelona.com\/wp-content\/uploads\/2026\/09\/@raimonrg_EXT-BCN26_RDP.jpg","contentUrl":"https:\/\/extremebarcelona.com\/wp-content\/uploads\/2026\/09\/@raimonrg_EXT-BCN26_RDP.jpg","width":2560,"height":1707},{"@type":"BreadcrumbList","@id":"https:\/\/extremebarcelona.com\/en\/2026\/09\/03\/extreme-barcelona-2026-parc-del-forum\/#breadcrumb","itemListElement":[{"@type":"ListItem","position":1,"name":"Portada","item":"https:\/\/extremebarcelona.com\/"},{"@type":"ListItem","position":2,"name":"Extreme Barcelona brings together the world elite of urban sports at Parc del F\u00f2rum Press conference images here"}]},{"@type":"WebSite","@id":"https:\/\/extremebarcelona.com\/#website","url":"https:\/\/extremebarcelona.com\/","name":"Extreme Barcelona","description":"Otro sitio realizado con WordPress","publisher":{"@id":"https:\/\/extremebarcelona.com\/#organization"},"potentialAction":[{"@type":"SearchAction","target":{"@type":"EntryPoint","urlTemplate":"https:\/\/extremebarcelona.com\/?s={search_term_string}"},"query-input":{"@type":"PropertyValueSpecification","valueRequired":true,"valueName":"search_term_string"}}],"inLanguage":"en-US"},{"@type":"Organization","@id":"https:\/\/extremebarcelona.com\/#organization","name":"Extreme Barcelona","url":"https:\/\/extremebarcelona.com\/","logo":{"@type":"ImageObject","inLanguage":"en-US","@id":"https:\/\/extremebarcelona.com\/#\/schema\/logo\/image\/","url":"https:\/\/extremebarcelona.com\/wp-content\/uploads\/2021\/04\/Logo-Extreme-2021.png","contentUrl":"https:\/\/extremebarcelona.com\/wp-content\/uploads\/2021\/04\/Logo-Extreme-2021.png","width":500,"height":500,"caption":"Extreme Barcelona"},"image":{"@id":"https:\/\/extremebarcelona.com\/#\/schema\/logo\/image\/"}},{"@type":"Person","@id":"https:\/\/extremebarcelona.com\/#\/schema\/person\/0ab8e57dd9880fb0b11f077d9f23c4aa","name":"Cristian Dedeu Van den Berg","image":{"@type":"ImageObject","inLanguage":"en-US","@id":"https:\/\/secure.gravatar.com\/avatar\/41e68b85b7fa9f2110fbebcd69e21f89425478ca6e1e8701732accd271a6b866?s=96&d=mm&r=g","url":"https:\/\/secure.gravatar.com\/avatar\/41e68b85b7fa9f2110fbebcd69e21f89425478ca6e1e8701732accd271a6b866?s=96&d=mm&r=g","contentUrl":"https:\/\/secure.gravatar.com\/avatar\/41e68b85b7fa9f2110fbebcd69e21f89425478ca6e1e8701732accd271a6b866?s=96&d=mm&r=g","caption":"Cristian Dedeu Van den Berg"}}]}},"_links":{"self":[{"href":"https:\/\/extremebarcelona.com\/en\/wp-json\/wp\/v2\/posts\/29140","targetHints":{"allow":["GET"]}}],"collection":[{"href":"https:\/\/extremebarcelona.com\/en\/wp-json\/wp\/v2\/posts"}],"about":[{"href":"https:\/\/extremebarcelona.com\/en\/wp-json\/wp\/v2\/types\/post"}],"author":[{"embeddable":true,"href":"https:\/\/extremebarcelona.com\/en\/wp-json\/wp\/v2\/users\/15"}],"replies":[{"embeddable":true,"href":"https:\/\/extremebarcelona.com\/en\/wp-json\/wp\/v2\/comments?post=29140"}],"version-history":[{"count":2,"href":"https:\/\/extremebarcelona.com\/en\/wp-json\/wp\/v2\/posts\/29140\/revisions"}],"predecessor-version":[{"id":29146,"href":"https:\/\/extremebarcelona.com\/en\/wp-json\/wp\/v2\/posts\/29140\/revisions\/29146"}],"wp:featuredmedia":[{"embeddable":true,"href":"https:\/\/extremebarcelona.com\/en\/wp-json\/wp\/v2\/media\/29134"}],"wp:attachment":[{"href":"https:\/\/extremebarcelona.com\/en\/wp-json\/wp\/v2\/media?parent=29140"}],"wp:term":[{"taxonomy":"category","embeddable":true,"href":"https:\/\/extremebarcelona.com\/en\/wp-json\/wp\/v2\/categories?post=29140"},{"taxonomy":"post_tag","embeddable":true,"href":"https:\/\/extremebarcelona.com\/en\/wp-json\/wp\/v2\/tags?post=29140"}],"curies":[{"name":"wp","href":"https:\/\/api.w.org\/{rel}","templated":true}]}}