{"id":21323,"date":"2024-02-26T12:10:14","date_gmt":"2024-02-26T11:10:14","guid":{"rendered":"https:\/\/extremebarcelona.com\/2024\/02\/26\/daniela-terol-mencio-honorifica-per-un-any-ple-dexits\/"},"modified":"2024-02-26T18:06:53","modified_gmt":"2024-02-26T17:06:53","slug":"daniela-terol-honourable-mention-for-a-year-full-of-successes","status":"publish","type":"post","link":"https:\/\/extremebarcelona.com\/en\/2024\/02\/26\/daniela-terol-honourable-mention-for-a-year-full-of-successes\/","title":{"rendered":"Daniela Terol, honourable mention for a year full of successes"},"content":{"rendered":"<p>[et_pb_section fb_built=&#8221;1&#8243; _builder_version=&#8221;4.22.1&#8243; _module_preset=&#8221;default&#8221; global_colors_info=&#8221;{}&#8221;][et_pb_row _builder_version=&#8221;4.22.1&#8243; _module_preset=&#8221;default&#8221; global_colors_info=&#8221;{}&#8221;][et_pb_column type=&#8221;4_4&#8243; _builder_version=&#8221;4.22.1&#8243; _module_preset=&#8221;default&#8221; global_colors_info=&#8221;{}&#8221;][et_pb_image src=&#8221;https:\/\/extremebarcelona.com\/wp-content\/uploads\/2024\/02\/GGzLyTCasAMJbrR.jpg&#8221; alt=&#8221;Daniela Terol&#8221; title_text=&#8221;5\u00e0 Gala Federaci\u00f3 Catalana de Patinatge&#8221; _builder_version=&#8221;4.23.1&#8243; _module_preset=&#8221;default&#8221; global_colors_info=&#8221;{}&#8221;][\/et_pb_image][et_pb_text admin_label=&#8221;subtitulos&#8221; _builder_version=&#8221;4.23.1&#8243; _module_preset=&#8221;default&#8221; hover_enabled=&#8221;0&#8243; global_colors_info=&#8221;{}&#8221; sticky_enabled=&#8221;0&#8243;]<\/p>\n<ul>\n<li>\n<h3><strong>The Catalan FCP held the ceremony in which the top representatives of roller sports were awarded.<\/strong><\/h3>\n<\/li>\n<li>\n<h3><strong>Urban World Series riders Daniela Terol, Cristian S\u00e1nchez, Paloma Cantillo and Guifr\u00e9 Obradors were awarded at the fifth Catalan skating awards.<\/strong><\/h3>\n<\/li>\n<\/ul>\n<p>[\/et_pb_text][et_pb_text admin_label=&#8221;Parrafo 1&#8243; _builder_version=&#8221;4.23.1&#8243; _module_preset=&#8221;default&#8221; hover_enabled=&#8221;0&#8243; global_colors_info=&#8221;{}&#8221; sticky_enabled=&#8221;0&#8243;]<\/p>\n<p>The Catalan skating ceremony brought together 300 guests to honour the most outstanding achievements in skating. The awards were presented to athletes, managers, clubs, referees and judges in the <strong>Oriol Martorell hall of the Auditori de Barcelona on Tuesday 20 February<\/strong>. Other important figures such as companies, institutions and prominent figures also received a tribute for their involvement in Catalan Sport.<\/p>\n<p>The current <strong>Spanish champion, Paloma Cantillo,<\/strong> received the award for the best female scooter athlete. <strong>Third in the Extreme Barcelona 2023,<\/strong> she is one of the leading figures in this discipline. In the men&#8217;s category, it was <strong>Guifr\u00e9 Obradors who received the award for best athlete<\/strong>, after a year with incredible results such as second place in the <strong>Scootering World Championship<\/strong> in the Madrid Urban World Series.<\/p>\n<p>[\/et_pb_text][et_pb_image src=&#8221;https:\/\/extremebarcelona.com\/wp-content\/uploads\/2024\/02\/danielaterol.jpg&#8221; title_text=&#8221;danielaterol&#8221; admin_label=&#8221;Imagen&#8221; _builder_version=&#8221;4.23.1&#8243; _module_preset=&#8221;default&#8221; global_colors_info=&#8221;{}&#8221;][\/et_pb_image][et_pb_text admin_label=&#8221;Parrafo 2&#8243; _builder_version=&#8221;4.23.1&#8243; _module_preset=&#8221;default&#8221; hover_enabled=&#8221;0&#8243; global_colors_info=&#8221;{}&#8221; sticky_enabled=&#8221;0&#8243;]<\/p>\n<p>Skateboarders Cristian S\u00e1nchez and Daniela Terol were the best athletes in the discipline of skateboarding. The triumph of the Sportcat Extreme 2023 and his long trajectory representing national skateboarding made the Catalan skateboarder win this title. Along with Terol, the two skaters from the Urban World Series family represented Catalan skateboarding at the event.<\/p>\n<p><span style=\"font-weight: 400;\">Barcelona&#8217;s Daniela Terol rider also received an honourable mention for a year full of success. Winner of the last edition of Extreme Barcelona 2023 and Urban Madrid 2022, she is currently the <strong>Spanish skateboarder with the greatest international projection.<\/strong> The rider has already won the <strong>Olympic qualification for the Paris 2024 Olympic Games<\/strong>. Current Spanish street champion, she was the <strong>youngest Extreme Barcelona champion, winning at the age of nine (2018)<\/strong>. <\/span><\/p>\n<p>[\/et_pb_text][et_pb_image src=&#8221;https:\/\/extremebarcelona.com\/wp-content\/uploads\/2024\/02\/5agalapatinatgecatala.png&#8221; title_text=&#8221;5agalapatinatgecatala&#8221; admin_label=&#8221;Imagen&#8221; _builder_version=&#8221;4.23.1&#8243; _module_preset=&#8221;default&#8221; global_colors_info=&#8221;{}&#8221;][\/et_pb_image][et_pb_text admin_label=&#8221;Parrafo 3&#8243; _builder_version=&#8221;4.23.1&#8243; _module_preset=&#8221;default&#8221; hover_enabled=&#8221;0&#8243; global_colors_info=&#8221;{}&#8221; sticky_enabled=&#8221;0&#8243;]<\/p>\n<p>The recognition gained by our riders is of great importance in a year when they face great challenges such as the <strong>Paris 2024 Olympic Games<\/strong>. On the weekend of 1<strong>3-15 September<\/strong>, they will also arrive at <strong>Extreme Barcelona 2024<\/strong>, the <strong>first Urban Sports event after the 2024 Olympics<\/strong> with international level competitions where we hope to see all the riders and enjoy again their competitions and experiences in the Parc del F\u00f2rum.<\/p>\n<p>[\/et_pb_text][\/et_pb_column][\/et_pb_row][\/et_pb_section]<\/p>\n","protected":false},"excerpt":{"rendered":"<p>Urban World Series riders Daniela Terol, Cristian S\u00e1nchez, Paloma Cantillo and Guifr\u00e9 Obradors were awarded at the V Ceremony of Catalan Sport<\/p>\n","protected":false},"author":16,"featured_media":21303,"comment_status":"closed","ping_status":"closed","sticky":false,"template":"","format":"standard","meta":{"_et_pb_use_builder":"on","_et_pb_old_content":"<p>[et_pb_section fb_built=\"1\" _builder_version=\"4.22.1\" _module_preset=\"default\" global_colors_info=\"{}\"][et_pb_row _builder_version=\"4.22.1\" _module_preset=\"default\" global_colors_info=\"{}\"][et_pb_column type=\"4_4\" _builder_version=\"4.22.1\" _module_preset=\"default\" global_colors_info=\"{}\"][et_pb_image src=\"https:\/\/extremebarcelona.com\/wp-content\/uploads\/2024\/01\/Image_20240109_103905_479-scaled.jpeg\" title_text=\"Image_20240109_103905_479\" _builder_version=\"4.23.1\" _module_preset=\"default\" global_colors_info=\"{}\"][\/et_pb_image][et_pb_text admin_label=\"Texto\" _builder_version=\"4.23.1\" _module_preset=\"default\" hover_enabled=\"0\" global_colors_info=\"{}\" sticky_enabled=\"0\"]<\/p><ul><li style=\"font-weight: 400;\" aria-level=\"1\"><h4><strong>Sant Joan Desp\u00ed, Esplugues de Llobregat y Tei\u00e0, estrenan nuevos skate parks\u00a0<\/strong><\/h4><\/li><li style=\"font-weight: 400;\" aria-level=\"1\"><h4><strong>Spokoramps y Vulcano Skateparks son los encargados de su dise\u00f1o y construcci\u00f3n<\/strong><\/h4><\/li><\/ul><p><span style=\"color: #333333;\"><span style=\"font-size: 18px;\">\u00a0<\/span><\/span><\/p><p>[\/et_pb_text][et_pb_text _builder_version=\"4.23.1\" _module_preset=\"default\" hover_enabled=\"0\" global_colors_info=\"{}\" sticky_enabled=\"0\"]<\/p><p><span style=\"font-weight: 400;\">Los riders de la provincia de Barcelona est\u00e1n de enhorabuena, ya pueden disfrutar de 3 nuevos skate parks en la zona.<\/span><\/p><p><span style=\"font-weight: 400;\">Uno en Sant Joan Desp\u00ed (a pocos kms de Barcelona ciudad), a cargo de la empresa <\/span><a href=\"https:\/\/spokoramps.com\/\"><span style=\"font-weight: 400;\">Spokoramps<\/span><\/a><span style=\"font-weight: 400;\">.\u00a0<\/span><\/p><p><span style=\"font-weight: 400;\">Cuenta con un bowl con muy buena pinta, pir\u00e1mides,banks, un quarter wallride muy alto e infinidad de rails y cajones planos y en bajada de diferentes tama\u00f1os, que a simple vista parece que dar\u00e1n much\u00edsimo juego y lo har\u00e1n convertirse en uno de los mejores parks de la provincia.<\/span><\/p><p><span style=\"font-weight: 400;\">Spokoramps tienes d\u00e9cadas de experiencia y ha construido otros skate parks como el de Palau Solit\u00e0 I Plegamans, Sant Boi de Llobregat, Ripollet, Cornell\u00e0, entre otros muchos.<\/span><\/p><p><span style=\"font-weight: 400;\">Esta nueva instalaci\u00f3n renueva al skatepark anterior ubicado en el mismo parque, que estaba formado por unos pocos m\u00f3dulos, baranda plana, quarter y grindbox, que dejaba bastante de desear.<\/span><\/p><p>[\/et_pb_text][et_pb_image src=\"https:\/\/extremebarcelona.com\/wp-content\/uploads\/2024\/01\/Image_20240109_103905_333-scaled.jpeg\" title_text=\"Image_20240109_103905_333\" _builder_version=\"4.23.1\" _module_preset=\"default\" global_colors_info=\"{}\"][\/et_pb_image][et_pb_text _builder_version=\"4.23.1\" _module_preset=\"default\" hover_enabled=\"0\" global_colors_info=\"{}\" sticky_enabled=\"0\"]<\/p><p><span style=\"font-weight: 400;\">El segundo es en Esplugues de Llobregat, tambi\u00e9n a cargo de Spokoramps, y que tambi\u00e9n sustituye a los pocos m\u00f3dulos, bastante da\u00f1ados y en mal estado, que quedaban. Hace unos poco meses hab\u00eda desaparecido su m\u00edtica miniramp, despu\u00e9s de cada d\u00eda estaba m\u00e1s destrozada con las maderas rotas, y tornillos sueltos que la hac\u00edan super peligrosa.<\/span><\/p><p>[\/et_pb_text][et_pb_image src=\"https:\/\/extremebarcelona.com\/wp-content\/uploads\/2024\/01\/Image_20240109_104258_554-scaled.jpeg\" title_text=\"Image_20240109_104258_554\" _builder_version=\"4.23.1\" _module_preset=\"default\" global_colors_info=\"{}\"][\/et_pb_image][et_pb_text _builder_version=\"4.23.1\" _module_preset=\"default\" hover_enabled=\"0\" global_colors_info=\"{}\" sticky_enabled=\"0\"]<\/p><p><span style=\"font-weight: 400;\">El tercer skate park es en Tei\u00e0 (el Maresme), a cargo de <\/span><a href=\"https:\/\/vulcanoskateparks.com\/\"><span style=\"font-weight: 400;\">Vulcano Skateparks<\/span><\/a><span style=\"font-weight: 400;\">, finalizado y que se inaugur\u00f3 a final de a\u00f1o, a punto para empezar 2024 apostando por los deportes urbanos.<\/span><\/p><p><span style=\"font-weight: 400;\">Parece un espacio peque\u00f1o pero con mucho juego: diferentes transiciones por todos lados, transfers, wallrides, pool copings, rail rainbow y slappys para jugar y pasarlo en grande.<\/span><\/p><p><span style=\"font-weight: 400;\">Esta empresa est\u00e1 en plena forma y en estos \u00faltimos a\u00f1os ha construido muchos skate parks en Espa\u00f1a y Europa: Gurb, Granollers, Alpe D\u2019huez, y tambi\u00e9n el de Dosrius, que ha recibido muy buenas cr\u00edticas de parte de riders de todas las modalidades. Ah\u00ed se grab\u00f3 una de las nuevas competiciones online de Urban World Series: <\/span><a href=\"https:\/\/urbanworldseries.com\/online-contests\/scootception\/\"><span style=\"font-weight: 400;\">Scootception<\/span><\/a><span style=\"font-weight: 400;\">, que gan\u00f3 el dan\u00e9s <\/span><a href=\"https:\/\/www.youtube.com\/watch?v=F4wqSUA8YEE\"><span style=\"font-weight: 400;\">Mathias Island<\/span><\/a><span style=\"font-weight: 400;\">.<\/span><\/p><p>[\/et_pb_text][et_pb_image src=\"https:\/\/extremebarcelona.com\/wp-content\/uploads\/2024\/01\/Image_20240109_103946_492-scaled.jpeg\" title_text=\"Image_20240109_103946_492\" _builder_version=\"4.23.1\" _module_preset=\"default\" global_colors_info=\"{}\"][\/et_pb_image][et_pb_text _builder_version=\"4.23.1\" _module_preset=\"default\" hover_enabled=\"0\" global_colors_info=\"{}\" sticky_enabled=\"0\"]<\/p><p><span style=\"font-weight: 400;\">\u00a1C\u00f3mo ha cambiado la situaci\u00f3n en poco m\u00e1s de 10-15 a\u00f1os en Barcelona y Espa\u00f1a! Cuando los skate parks eran un rara avis, en general de muy bajo nivel y en malas condiciones.<\/span><\/p><p><span style=\"font-weight: 400;\">Siempre son buenas noticias que se construyan nuevas instalaciones para la pr\u00e1ctica de los urban sports, esperemos que el ritmo no pare, y tambi\u00e9n la calidad de estas.<\/span><\/p><p>\u00a0<\/p><p><span style=\"font-weight: 400;\">\u00bfCu\u00e1l tienes m\u00e1s ganas de probar?<\/span><\/p><p>[\/et_pb_text][\/et_pb_column][\/et_pb_row][\/et_pb_section]<\/p>","_et_gb_content_width":"","footnotes":""},"categories":[18],"tags":[547,644,433,645,646,666,667,551,413,668,669,650],"class_list":["post-21323","post","type-post","status-publish","format-standard","has-post-thumbnail","hentry","category-news","tag-2024-en","tag-clasificados-en","tag-daniela-terol-en","tag-disciplina-olimpica-en","tag-espanoles-olimpiadas-en","tag-fcp-en","tag-gala-en","tag-jjoo-en","tag-olimpiadas-en","tag-patinatge-en","tag-premiats-en","tag-series-olimpicas-en"],"yoast_head":"<!-- This site is optimized with the Yoast SEO plugin v27.2 - https:\/\/yoast.com\/product\/yoast-seo-wordpress\/ -->\n<title>Daniela Terol, honourable mention for a year full of successes - Extreme Barcelona<\/title>\n<meta name=\"description\" content=\"The FCP held the ceremony in which the top representatives of roller sports were awarded.\" \/>\n<meta name=\"robots\" content=\"index, follow, max-snippet:-1, max-image-preview:large, max-video-preview:-1\" \/>\n<link rel=\"canonical\" href=\"https:\/\/extremebarcelona.com\/en\/2024\/02\/26\/daniela-terol-honourable-mention-for-a-year-full-of-successes\/\" \/>\n<meta property=\"og:locale\" content=\"en_US\" \/>\n<meta property=\"og:type\" content=\"article\" \/>\n<meta property=\"og:title\" content=\"Daniela Terol, honourable mention for a year full of successes - Extreme Barcelona\" \/>\n<meta property=\"og:description\" content=\"The FCP held the ceremony in which the top representatives of roller sports were awarded.\" \/>\n<meta property=\"og:url\" content=\"https:\/\/extremebarcelona.com\/en\/2024\/02\/26\/daniela-terol-honourable-mention-for-a-year-full-of-successes\/\" \/>\n<meta property=\"og:site_name\" content=\"Extreme Barcelona\" \/>\n<meta property=\"article:published_time\" content=\"2024-02-26T11:10:14+00:00\" \/>\n<meta property=\"article:modified_time\" content=\"2024-02-26T17:06:53+00:00\" \/>\n<meta property=\"og:image\" content=\"http:\/\/extremebarcelona.com\/wp-content\/uploads\/2024\/02\/5agalapatinatgecatala.png\" \/>\n\t<meta property=\"og:image:width\" content=\"880\" \/>\n\t<meta property=\"og:image:height\" content=\"477\" \/>\n\t<meta property=\"og:image:type\" content=\"image\/png\" \/>\n<meta name=\"author\" content=\"Carol Noguero\" \/>\n<meta name=\"twitter:card\" content=\"summary_large_image\" \/>\n<meta name=\"twitter:label1\" content=\"Written by\" \/>\n\t<meta name=\"twitter:data1\" content=\"Carol Noguero\" \/>\n\t<meta name=\"twitter:label2\" content=\"Est. reading time\" \/>\n\t<meta name=\"twitter:data2\" content=\"3 minutes\" \/>\n<script type=\"application\/ld+json\" class=\"yoast-schema-graph\">{\"@context\":\"https:\/\/schema.org\",\"@graph\":[{\"@type\":\"NewsArticle\",\"@id\":\"https:\/\/extremebarcelona.com\/en\/2024\/02\/26\/daniela-terol-honourable-mention-for-a-year-full-of-successes\/#article\",\"isPartOf\":{\"@id\":\"https:\/\/extremebarcelona.com\/en\/2024\/02\/26\/daniela-terol-honourable-mention-for-a-year-full-of-successes\/\"},\"author\":{\"name\":\"Carol Noguero\",\"@id\":\"https:\/\/extremebarcelona.com\/#\/schema\/person\/06da862875b803ce7a2bf7cdf68e140b\"},\"headline\":\"Daniela Terol, honourable mention for a year full of successes\",\"datePublished\":\"2024-02-26T11:10:14+00:00\",\"dateModified\":\"2024-02-26T17:06:53+00:00\",\"mainEntityOfPage\":{\"@id\":\"https:\/\/extremebarcelona.com\/en\/2024\/02\/26\/daniela-terol-honourable-mention-for-a-year-full-of-successes\/\"},\"wordCount\":583,\"publisher\":{\"@id\":\"https:\/\/extremebarcelona.com\/#organization\"},\"image\":{\"@id\":\"https:\/\/extremebarcelona.com\/en\/2024\/02\/26\/daniela-terol-honourable-mention-for-a-year-full-of-successes\/#primaryimage\"},\"thumbnailUrl\":\"https:\/\/extremebarcelona.com\/wp-content\/uploads\/2024\/02\/5agalapatinatgecatala.png\",\"keywords\":[\"2024\",\"clasificados\",\"daniela terol\",\"disciplina olimpica\",\"espa\u00f1oles olimpiadas\",\"fcp\",\"gala\",\"jjoo\",\"olimpiadas\",\"patinatge\",\"premiats\",\"series olimpicas\"],\"articleSection\":[\"NEWS\"],\"inLanguage\":\"en-US\"},{\"@type\":\"WebPage\",\"@id\":\"https:\/\/extremebarcelona.com\/en\/2024\/02\/26\/daniela-terol-honourable-mention-for-a-year-full-of-successes\/\",\"url\":\"https:\/\/extremebarcelona.com\/en\/2024\/02\/26\/daniela-terol-honourable-mention-for-a-year-full-of-successes\/\",\"name\":\"Daniela Terol, honourable mention for a year full of successes - Extreme Barcelona\",\"isPartOf\":{\"@id\":\"https:\/\/extremebarcelona.com\/#website\"},\"primaryImageOfPage\":{\"@id\":\"https:\/\/extremebarcelona.com\/en\/2024\/02\/26\/daniela-terol-honourable-mention-for-a-year-full-of-successes\/#primaryimage\"},\"image\":{\"@id\":\"https:\/\/extremebarcelona.com\/en\/2024\/02\/26\/daniela-terol-honourable-mention-for-a-year-full-of-successes\/#primaryimage\"},\"thumbnailUrl\":\"https:\/\/extremebarcelona.com\/wp-content\/uploads\/2024\/02\/5agalapatinatgecatala.png\",\"datePublished\":\"2024-02-26T11:10:14+00:00\",\"dateModified\":\"2024-02-26T17:06:53+00:00\",\"description\":\"The FCP held the ceremony in which the top representatives of roller sports were awarded.\",\"breadcrumb\":{\"@id\":\"https:\/\/extremebarcelona.com\/en\/2024\/02\/26\/daniela-terol-honourable-mention-for-a-year-full-of-successes\/#breadcrumb\"},\"inLanguage\":\"en-US\",\"potentialAction\":[{\"@type\":\"ReadAction\",\"target\":[\"https:\/\/extremebarcelona.com\/en\/2024\/02\/26\/daniela-terol-honourable-mention-for-a-year-full-of-successes\/\"]}]},{\"@type\":\"ImageObject\",\"inLanguage\":\"en-US\",\"@id\":\"https:\/\/extremebarcelona.com\/en\/2024\/02\/26\/daniela-terol-honourable-mention-for-a-year-full-of-successes\/#primaryimage\",\"url\":\"https:\/\/extremebarcelona.com\/wp-content\/uploads\/2024\/02\/5agalapatinatgecatala.png\",\"contentUrl\":\"https:\/\/extremebarcelona.com\/wp-content\/uploads\/2024\/02\/5agalapatinatgecatala.png\",\"width\":880,\"height\":477},{\"@type\":\"BreadcrumbList\",\"@id\":\"https:\/\/extremebarcelona.com\/en\/2024\/02\/26\/daniela-terol-honourable-mention-for-a-year-full-of-successes\/#breadcrumb\",\"itemListElement\":[{\"@type\":\"ListItem\",\"position\":1,\"name\":\"Portada\",\"item\":\"https:\/\/extremebarcelona.com\/\"},{\"@type\":\"ListItem\",\"position\":2,\"name\":\"Daniela Terol, honourable mention for a year full of successes\"}]},{\"@type\":\"WebSite\",\"@id\":\"https:\/\/extremebarcelona.com\/#website\",\"url\":\"https:\/\/extremebarcelona.com\/\",\"name\":\"Extreme Barcelona\",\"description\":\"Otro sitio realizado con WordPress\",\"publisher\":{\"@id\":\"https:\/\/extremebarcelona.com\/#organization\"},\"potentialAction\":[{\"@type\":\"SearchAction\",\"target\":{\"@type\":\"EntryPoint\",\"urlTemplate\":\"https:\/\/extremebarcelona.com\/?s={search_term_string}\"},\"query-input\":{\"@type\":\"PropertyValueSpecification\",\"valueRequired\":true,\"valueName\":\"search_term_string\"}}],\"inLanguage\":\"en-US\"},{\"@type\":\"Organization\",\"@id\":\"https:\/\/extremebarcelona.com\/#organization\",\"name\":\"Extreme Barcelona\",\"url\":\"https:\/\/extremebarcelona.com\/\",\"logo\":{\"@type\":\"ImageObject\",\"inLanguage\":\"en-US\",\"@id\":\"https:\/\/extremebarcelona.com\/#\/schema\/logo\/image\/\",\"url\":\"https:\/\/extremebarcelona.com\/wp-content\/uploads\/2021\/04\/Logo-Extreme-2021.png\",\"contentUrl\":\"https:\/\/extremebarcelona.com\/wp-content\/uploads\/2021\/04\/Logo-Extreme-2021.png\",\"width\":500,\"height\":500,\"caption\":\"Extreme Barcelona\"},\"image\":{\"@id\":\"https:\/\/extremebarcelona.com\/#\/schema\/logo\/image\/\"}},{\"@type\":\"Person\",\"@id\":\"https:\/\/extremebarcelona.com\/#\/schema\/person\/06da862875b803ce7a2bf7cdf68e140b\",\"name\":\"Carol Noguero\",\"image\":{\"@type\":\"ImageObject\",\"inLanguage\":\"en-US\",\"@id\":\"https:\/\/secure.gravatar.com\/avatar\/320673c483289cfb9d6ce8e479ede8d1320134e848f7d2623a31042c984b035f?s=96&d=mm&r=g\",\"url\":\"https:\/\/secure.gravatar.com\/avatar\/320673c483289cfb9d6ce8e479ede8d1320134e848f7d2623a31042c984b035f?s=96&d=mm&r=g\",\"contentUrl\":\"https:\/\/secure.gravatar.com\/avatar\/320673c483289cfb9d6ce8e479ede8d1320134e848f7d2623a31042c984b035f?s=96&d=mm&r=g\",\"caption\":\"Carol Noguero\"}}]}<\/script>\n<!-- \/ Yoast SEO plugin. -->","yoast_head_json":{"title":"Daniela Terol, honourable mention for a year full of successes - Extreme Barcelona","description":"The FCP held the ceremony in which the top representatives of roller sports were awarded.","robots":{"index":"index","follow":"follow","max-snippet":"max-snippet:-1","max-image-preview":"max-image-preview:large","max-video-preview":"max-video-preview:-1"},"canonical":"https:\/\/extremebarcelona.com\/en\/2024\/02\/26\/daniela-terol-honourable-mention-for-a-year-full-of-successes\/","og_locale":"en_US","og_type":"article","og_title":"Daniela Terol, honourable mention for a year full of successes - Extreme Barcelona","og_description":"The FCP held the ceremony in which the top representatives of roller sports were awarded.","og_url":"https:\/\/extremebarcelona.com\/en\/2024\/02\/26\/daniela-terol-honourable-mention-for-a-year-full-of-successes\/","og_site_name":"Extreme Barcelona","article_published_time":"2024-02-26T11:10:14+00:00","article_modified_time":"2024-02-26T17:06:53+00:00","og_image":[{"width":880,"height":477,"url":"http:\/\/extremebarcelona.com\/wp-content\/uploads\/2024\/02\/5agalapatinatgecatala.png","type":"image\/png"}],"author":"Carol Noguero","twitter_card":"summary_large_image","twitter_misc":{"Written by":"Carol Noguero","Est. reading time":"3 minutes"},"schema":{"@context":"https:\/\/schema.org","@graph":[{"@type":"NewsArticle","@id":"https:\/\/extremebarcelona.com\/en\/2024\/02\/26\/daniela-terol-honourable-mention-for-a-year-full-of-successes\/#article","isPartOf":{"@id":"https:\/\/extremebarcelona.com\/en\/2024\/02\/26\/daniela-terol-honourable-mention-for-a-year-full-of-successes\/"},"author":{"name":"Carol Noguero","@id":"https:\/\/extremebarcelona.com\/#\/schema\/person\/06da862875b803ce7a2bf7cdf68e140b"},"headline":"Daniela Terol, honourable mention for a year full of successes","datePublished":"2024-02-26T11:10:14+00:00","dateModified":"2024-02-26T17:06:53+00:00","mainEntityOfPage":{"@id":"https:\/\/extremebarcelona.com\/en\/2024\/02\/26\/daniela-terol-honourable-mention-for-a-year-full-of-successes\/"},"wordCount":583,"publisher":{"@id":"https:\/\/extremebarcelona.com\/#organization"},"image":{"@id":"https:\/\/extremebarcelona.com\/en\/2024\/02\/26\/daniela-terol-honourable-mention-for-a-year-full-of-successes\/#primaryimage"},"thumbnailUrl":"https:\/\/extremebarcelona.com\/wp-content\/uploads\/2024\/02\/5agalapatinatgecatala.png","keywords":["2024","clasificados","daniela terol","disciplina olimpica","espa\u00f1oles olimpiadas","fcp","gala","jjoo","olimpiadas","patinatge","premiats","series olimpicas"],"articleSection":["NEWS"],"inLanguage":"en-US"},{"@type":"WebPage","@id":"https:\/\/extremebarcelona.com\/en\/2024\/02\/26\/daniela-terol-honourable-mention-for-a-year-full-of-successes\/","url":"https:\/\/extremebarcelona.com\/en\/2024\/02\/26\/daniela-terol-honourable-mention-for-a-year-full-of-successes\/","name":"Daniela Terol, honourable mention for a year full of successes - Extreme Barcelona","isPartOf":{"@id":"https:\/\/extremebarcelona.com\/#website"},"primaryImageOfPage":{"@id":"https:\/\/extremebarcelona.com\/en\/2024\/02\/26\/daniela-terol-honourable-mention-for-a-year-full-of-successes\/#primaryimage"},"image":{"@id":"https:\/\/extremebarcelona.com\/en\/2024\/02\/26\/daniela-terol-honourable-mention-for-a-year-full-of-successes\/#primaryimage"},"thumbnailUrl":"https:\/\/extremebarcelona.com\/wp-content\/uploads\/2024\/02\/5agalapatinatgecatala.png","datePublished":"2024-02-26T11:10:14+00:00","dateModified":"2024-02-26T17:06:53+00:00","description":"The FCP held the ceremony in which the top representatives of roller sports were awarded.","breadcrumb":{"@id":"https:\/\/extremebarcelona.com\/en\/2024\/02\/26\/daniela-terol-honourable-mention-for-a-year-full-of-successes\/#breadcrumb"},"inLanguage":"en-US","potentialAction":[{"@type":"ReadAction","target":["https:\/\/extremebarcelona.com\/en\/2024\/02\/26\/daniela-terol-honourable-mention-for-a-year-full-of-successes\/"]}]},{"@type":"ImageObject","inLanguage":"en-US","@id":"https:\/\/extremebarcelona.com\/en\/2024\/02\/26\/daniela-terol-honourable-mention-for-a-year-full-of-successes\/#primaryimage","url":"https:\/\/extremebarcelona.com\/wp-content\/uploads\/2024\/02\/5agalapatinatgecatala.png","contentUrl":"https:\/\/extremebarcelona.com\/wp-content\/uploads\/2024\/02\/5agalapatinatgecatala.png","width":880,"height":477},{"@type":"BreadcrumbList","@id":"https:\/\/extremebarcelona.com\/en\/2024\/02\/26\/daniela-terol-honourable-mention-for-a-year-full-of-successes\/#breadcrumb","itemListElement":[{"@type":"ListItem","position":1,"name":"Portada","item":"https:\/\/extremebarcelona.com\/"},{"@type":"ListItem","position":2,"name":"Daniela Terol, honourable mention for a year full of successes"}]},{"@type":"WebSite","@id":"https:\/\/extremebarcelona.com\/#website","url":"https:\/\/extremebarcelona.com\/","name":"Extreme Barcelona","description":"Otro sitio realizado con WordPress","publisher":{"@id":"https:\/\/extremebarcelona.com\/#organization"},"potentialAction":[{"@type":"SearchAction","target":{"@type":"EntryPoint","urlTemplate":"https:\/\/extremebarcelona.com\/?s={search_term_string}"},"query-input":{"@type":"PropertyValueSpecification","valueRequired":true,"valueName":"search_term_string"}}],"inLanguage":"en-US"},{"@type":"Organization","@id":"https:\/\/extremebarcelona.com\/#organization","name":"Extreme Barcelona","url":"https:\/\/extremebarcelona.com\/","logo":{"@type":"ImageObject","inLanguage":"en-US","@id":"https:\/\/extremebarcelona.com\/#\/schema\/logo\/image\/","url":"https:\/\/extremebarcelona.com\/wp-content\/uploads\/2021\/04\/Logo-Extreme-2021.png","contentUrl":"https:\/\/extremebarcelona.com\/wp-content\/uploads\/2021\/04\/Logo-Extreme-2021.png","width":500,"height":500,"caption":"Extreme Barcelona"},"image":{"@id":"https:\/\/extremebarcelona.com\/#\/schema\/logo\/image\/"}},{"@type":"Person","@id":"https:\/\/extremebarcelona.com\/#\/schema\/person\/06da862875b803ce7a2bf7cdf68e140b","name":"Carol Noguero","image":{"@type":"ImageObject","inLanguage":"en-US","@id":"https:\/\/secure.gravatar.com\/avatar\/320673c483289cfb9d6ce8e479ede8d1320134e848f7d2623a31042c984b035f?s=96&d=mm&r=g","url":"https:\/\/secure.gravatar.com\/avatar\/320673c483289cfb9d6ce8e479ede8d1320134e848f7d2623a31042c984b035f?s=96&d=mm&r=g","contentUrl":"https:\/\/secure.gravatar.com\/avatar\/320673c483289cfb9d6ce8e479ede8d1320134e848f7d2623a31042c984b035f?s=96&d=mm&r=g","caption":"Carol Noguero"}}]}},"_links":{"self":[{"href":"https:\/\/extremebarcelona.com\/en\/wp-json\/wp\/v2\/posts\/21323","targetHints":{"allow":["GET"]}}],"collection":[{"href":"https:\/\/extremebarcelona.com\/en\/wp-json\/wp\/v2\/posts"}],"about":[{"href":"https:\/\/extremebarcelona.com\/en\/wp-json\/wp\/v2\/types\/post"}],"author":[{"embeddable":true,"href":"https:\/\/extremebarcelona.com\/en\/wp-json\/wp\/v2\/users\/16"}],"replies":[{"embeddable":true,"href":"https:\/\/extremebarcelona.com\/en\/wp-json\/wp\/v2\/comments?post=21323"}],"version-history":[{"count":2,"href":"https:\/\/extremebarcelona.com\/en\/wp-json\/wp\/v2\/posts\/21323\/revisions"}],"predecessor-version":[{"id":21332,"href":"https:\/\/extremebarcelona.com\/en\/wp-json\/wp\/v2\/posts\/21323\/revisions\/21332"}],"wp:featuredmedia":[{"embeddable":true,"href":"https:\/\/extremebarcelona.com\/en\/wp-json\/wp\/v2\/media\/21303"}],"wp:attachment":[{"href":"https:\/\/extremebarcelona.com\/en\/wp-json\/wp\/v2\/media?parent=21323"}],"wp:term":[{"taxonomy":"category","embeddable":true,"href":"https:\/\/extremebarcelona.com\/en\/wp-json\/wp\/v2\/categories?post=21323"},{"taxonomy":"post_tag","embeddable":true,"href":"https:\/\/extremebarcelona.com\/en\/wp-json\/wp\/v2\/tags?post=21323"}],"curies":[{"name":"wp","href":"https:\/\/api.w.org\/{rel}","templated":true}]}}