{"id":11190,"date":"2021-07-30T12:05:54","date_gmt":"2021-07-30T10:05:54","guid":{"rendered":"https:\/\/extremebarcelona.com\/2021\/07\/30\/wallspot-ave-call\/"},"modified":"2021-07-30T12:51:16","modified_gmt":"2021-07-30T10:51:16","slug":"wallspot-ave-call","status":"publish","type":"post","link":"https:\/\/extremebarcelona.com\/en\/2021\/07\/30\/wallspot-ave-call\/","title":{"rendered":"\u00a1Open call for graffiti artists to show up at the Wallspot Ave!"},"content":{"rendered":"<p>[et_pb_section fb_built=&#8221;1&#8243; admin_label=&#8221;section&#8221; _builder_version=&#8221;4.9.10&#8243;][et_pb_row admin_label=&#8221;row&#8221; _builder_version=&#8221;3.25&#8243; background_size=&#8221;initial&#8221; background_position=&#8221;top_left&#8221; background_repeat=&#8221;repeat&#8221;][et_pb_column type=&#8221;4_4&#8243; _builder_version=&#8221;3.25&#8243; custom_padding=&#8221;|||&#8221; custom_padding__hover=&#8221;|||&#8221;][et_pb_image src=&#8221;https:\/\/extremebarcelona.com\/wp-content\/uploads\/2021\/07\/BANNER-PROVISIONAL-EXTREME-1-3.jpg&#8221; title_text=&#8221;BANNER-PROVISIONAL-EXTREME-(1) (3)&#8221; align=&#8221;center&#8221; _builder_version=&#8221;4.9.10&#8243; _module_preset=&#8221;default&#8221; width=&#8221;78%&#8221; max_width=&#8221;100%&#8221; custom_margin=&#8221;21px||-9px|||&#8221;][\/et_pb_image][et_pb_text admin_label=&#8221;Text&#8221; _builder_version=&#8221;4.9.10&#8243; background_size=&#8221;initial&#8221; background_position=&#8221;top_left&#8221; background_repeat=&#8221;repeat&#8221; custom_margin=&#8221;||-28px|||&#8221; custom_padding=&#8221;||36px|||&#8221;]<\/p>\n<p><b>\u00a0<\/b><\/p>\n<p>&nbsp;<\/p>\n<ul>\n<li style=\"font-weight: 400;\" aria-level=\"1\"><strong>Looking for urban artists wanting to test their talent<\/strong><\/li>\n<li aria-level=\"1\"><span style=\"font-weight: 400;\"><b>Open Call for unique experience on September 25th and 26th at Parc del F\u00f2rum<\/b><\/span><br \/><b><\/b><\/li>\n<\/ul>\n<p><span style=\"font-weight: 400;\">If you feel that your talent has no limits and you want to have a space to show off your art, this is your chance! Open call to the best artists of the local scene to show their talent in the Wallspot Ave of the Extreme Barcelona.<\/span><\/p>\n<p>[\/et_pb_text][et_pb_text admin_label=&#8221;Text&#8221; _builder_version=&#8221;4.9.10&#8243; background_size=&#8221;initial&#8221; background_position=&#8221;top_left&#8221; background_repeat=&#8221;repeat&#8221; custom_margin=&#8221;42px||-28px|||&#8221; custom_padding=&#8221;||30px|||&#8221;]<\/p>\n<p><strong>Betting on Urban Culture<\/strong><\/p>\n<p>\u00a0On <span style=\"font-weight: 400;\">25th and 26th September you will have the opportunity to showcase your artistic skills in this space, Wallspot Ave, within the Extreme Barcelona that will be held at Parc del F\u00f2rum.<\/span><\/p>\n<p><span style=\"font-weight: 400;\">A showcase for urban art in which six Guest Artists and 10 artists selected from this Open Call will participate. From among all those registered for the call, 10 artists will be selected; five for the 25th and five more for the 26th.\u00a0<\/span><\/p>\n<p><span style=\"font-weight: 400;\">Montana Colors, official collaborator and participant in this initiative together with Rebobinart, will provide the necessary material to be able to make the free-themed works. In addition, Extreme Barcelona, \u200b\u200bas the organizer of the event, will offer passes for two people for the two days of the festival and food and drink tickets for the day of the artistic intervention. The interventions will be documented with images and broadcast on the Extreme Barcelona, \u200b\u200bMontana Colors and Wallspot communication channels.<\/span><\/p>\n<p><span style=\"font-weight: 400;\">The call is open to all people registered on the platform who have painted Wallspot walls between 2019 and 2021. If you want to capture your work on the Wallspot Ave of the Extreme Barcelona, \u200b\u200bfill out the registration form.<\/span><\/p>\n<p>&nbsp;<\/p>\n<p>[\/et_pb_text][et_pb_blurb title=&#8221;ENTRADAS EXTREME BARCELONA DISPONIBLES&#8221; url=&#8221;https:\/\/bit.ly\/EB2021tickets&#8221; url_new_window=&#8221;on&#8221; icon_placement=&#8221;left&#8221; _builder_version=&#8221;4.9.7&#8243; _module_preset=&#8221;default&#8221; header_level=&#8221;h3&#8243; background_color=&#8221;#FFFFFF&#8221; text_orientation=&#8221;center&#8221; width=&#8221;100%&#8221; max_width=&#8221;87%&#8221; module_alignment=&#8221;center&#8221; custom_margin=&#8221;25px|||||&#8221; custom_padding=&#8221;40px|20px|20px|20px|false|false&#8221; animation_style=&#8221;bounce&#8221; animation_direction=&#8221;bottom&#8221; link_option_url=&#8221;https:\/\/bit.ly\/EB2021tickets&#8221; link_option_url_new_window=&#8221;on&#8221; box_shadow_style=&#8221;preset3&#8243; box_shadow_blur=&#8221;31px&#8221; text_shadow_style=&#8221;preset1&#8243; text_shadow_color=&#8221;#E09900&#8243;]<\/p>\n<p>Las entradas ya est\u00e1n d\u00eda\u00a0la venta\u00a0con la promoci\u00f3n de lanzamiento de entradas anticipadas a precios muy especiales:<\/p>\n<p>Entrada <strong>de d\u00eda 13.5\u20ac<\/strong> y <strong>abono de fin de semana 23\u20ac<\/strong> hasta el 31 de julio<\/p>\n<p>PINCHA AQU\u00cd PARA M\u00c1S INFORMACI\u00d3N<\/p>\n<p>&nbsp;<\/p>\n<p>[\/et_pb_blurb][et_pb_text admin_label=&#8221;Text&#8221; _builder_version=&#8221;4.9.10&#8243; background_size=&#8221;initial&#8221; background_position=&#8221;top_left&#8221; background_repeat=&#8221;repeat&#8221; custom_margin=&#8221;35px||-28px|||&#8221; custom_padding=&#8221;||24px|||&#8221;]<\/p>\n<p><strong><b>Don\u2019t miss your chance!<\/b><\/strong><\/p>\n<p>[\/et_pb_text][et_pb_text admin_label=&#8221;Text&#8221; _builder_version=&#8221;4.9.7&#8243; background_size=&#8221;initial&#8221; background_position=&#8221;top_left&#8221; background_repeat=&#8221;repeat&#8221; custom_margin=&#8221;23px||-28px|||&#8221; custom_padding=&#8221;14px||40px|||&#8221;]<\/p>\n<p><span style=\"font-weight: 400;\">Show your talent at the Extreme Barcelona on September 25th and 26th, the 11th edition of this urban sport event that will host international Skate and BMX competitions and the grand final of the World Scooter Championship by the International World Skate Federation.<\/span><\/p>\n<p><span style=\"font-weight: 400;\">A new edition that comes loaded with news such as Freestyle music (cock battle), Break Dance, Basket 3&#215;3 and much more; in a commitment to sports but also to urban culture.<\/span><\/p>\n<p>&nbsp;<\/p>\n<p>[\/et_pb_text][et_pb_text admin_label=&#8221;Text&#8221; _builder_version=&#8221;4.9.10&#8243; background_size=&#8221;initial&#8221; background_position=&#8221;top_left&#8221; background_repeat=&#8221;repeat&#8221; custom_margin=&#8221;35px||-28px|||&#8221; custom_padding=&#8221;||24px|||&#8221;]<\/p>\n<p><b>Last days to get discounted tickets!<\/b><\/p>\n<p>[\/et_pb_text][et_pb_text admin_label=&#8221;Text&#8221; _builder_version=&#8221;4.9.7&#8243; background_size=&#8221;initial&#8221; background_position=&#8221;top_left&#8221; background_repeat=&#8221;repeat&#8221; custom_margin=&#8221;23px||-28px|||&#8221; custom_padding=&#8221;14px||40px|||&#8221;]<\/p>\n<p><span style=\"font-weight: 400;\">The best athletes from all over the world will face each other at the Extreme Barcelona, \u200b\u200bsome after their time at the Tokyo Olympics. Tickets now on sale and with a special launch discount until July 31 at very special prices. <a href=\"https:\/\/proticketing.com\/extremebarcelonatickets\/es_ES\/entradas\/evento\/20594\">Get yours here<\/a> for just 13,5\u20ac!<\/span><\/p>\n<p>&nbsp;<\/p>\n<p>&nbsp;<\/p>\n<p>[\/et_pb_text][\/et_pb_column][\/et_pb_row][\/et_pb_section]<\/p>\n","protected":false},"excerpt":{"rendered":"<p>\u00a0 &nbsp; Looking for urban artists wanting to test their talent Open Call for unique experience on September 25th and 26th at Parc del F\u00f2rum If you feel that your talent has no limits and you want to have a space to show off your art, this is your chance! Open call to the best [&hellip;]<\/p>\n","protected":false},"author":11,"featured_media":11206,"comment_status":"closed","ping_status":"closed","sticky":false,"template":"","format":"standard","meta":{"_et_pb_use_builder":"on","_et_pb_old_content":"","_et_gb_content_width":"","footnotes":""},"categories":[18],"tags":[],"class_list":["post-11190","post","type-post","status-publish","format-standard","has-post-thumbnail","hentry","category-news"],"yoast_head":"<!-- This site is optimized with the Yoast SEO plugin v27.2 - https:\/\/yoast.com\/product\/yoast-seo-wordpress\/ -->\n<title>\u00a1Open call for graffiti artists to show up at the Wallspot Ave! - Extreme Barcelona<\/title>\n<meta name=\"robots\" content=\"index, follow, max-snippet:-1, max-image-preview:large, max-video-preview:-1\" \/>\n<link rel=\"canonical\" href=\"https:\/\/extremebarcelona.com\/en\/2021\/07\/30\/wallspot-ave-call\/\" \/>\n<meta property=\"og:locale\" content=\"en_US\" \/>\n<meta property=\"og:type\" content=\"article\" \/>\n<meta property=\"og:title\" content=\"\u00a1Open call for graffiti artists to show up at the Wallspot Ave! - Extreme Barcelona\" \/>\n<meta property=\"og:description\" content=\"\u00a0 &nbsp; Looking for urban artists wanting to test their talent Open Call for unique experience on September 25th and 26th at Parc del F\u00f2rum If you feel that your talent has no limits and you want to have a space to show off your art, this is your chance! Open call to the best [&hellip;]\" \/>\n<meta property=\"og:url\" content=\"https:\/\/extremebarcelona.com\/en\/2021\/07\/30\/wallspot-ave-call\/\" \/>\n<meta property=\"og:site_name\" content=\"Extreme Barcelona\" \/>\n<meta property=\"article:published_time\" content=\"2021-07-30T10:05:54+00:00\" \/>\n<meta property=\"article:modified_time\" content=\"2021-07-30T10:51:16+00:00\" \/>\n<meta property=\"og:image\" content=\"https:\/\/extremebarcelona.com\/wp-content\/uploads\/2021\/07\/wallspot-format-545x363-1.jpg\" \/>\n\t<meta property=\"og:image:width\" content=\"545\" \/>\n\t<meta property=\"og:image:height\" content=\"363\" \/>\n\t<meta property=\"og:image:type\" content=\"image\/jpeg\" \/>\n<meta name=\"author\" content=\"Laura\" \/>\n<meta name=\"twitter:card\" content=\"summary_large_image\" \/>\n<meta name=\"twitter:label1\" content=\"Written by\" \/>\n\t<meta name=\"twitter:data1\" content=\"Laura\" \/>\n\t<meta name=\"twitter:label2\" content=\"Est. reading time\" \/>\n\t<meta name=\"twitter:data2\" content=\"4 minutes\" \/>\n<script type=\"application\/ld+json\" class=\"yoast-schema-graph\">{\"@context\":\"https:\/\/schema.org\",\"@graph\":[{\"@type\":\"NewsArticle\",\"@id\":\"https:\/\/extremebarcelona.com\/en\/2021\/07\/30\/wallspot-ave-call\/#article\",\"isPartOf\":{\"@id\":\"https:\/\/extremebarcelona.com\/en\/2021\/07\/30\/wallspot-ave-call\/\"},\"author\":{\"name\":\"Laura\",\"@id\":\"https:\/\/extremebarcelona.com\/#\/schema\/person\/81a974e7236bd8b5adccfbe8d40191fa\"},\"headline\":\"\u00a1Open call for graffiti artists to show up at the Wallspot Ave!\",\"datePublished\":\"2021-07-30T10:05:54+00:00\",\"dateModified\":\"2021-07-30T10:51:16+00:00\",\"mainEntityOfPage\":{\"@id\":\"https:\/\/extremebarcelona.com\/en\/2021\/07\/30\/wallspot-ave-call\/\"},\"wordCount\":804,\"publisher\":{\"@id\":\"https:\/\/extremebarcelona.com\/#organization\"},\"image\":{\"@id\":\"https:\/\/extremebarcelona.com\/en\/2021\/07\/30\/wallspot-ave-call\/#primaryimage\"},\"thumbnailUrl\":\"https:\/\/extremebarcelona.com\/wp-content\/uploads\/2021\/07\/wallspot-format-545x363-1.jpg\",\"articleSection\":[\"NEWS\"],\"inLanguage\":\"en-US\"},{\"@type\":\"WebPage\",\"@id\":\"https:\/\/extremebarcelona.com\/en\/2021\/07\/30\/wallspot-ave-call\/\",\"url\":\"https:\/\/extremebarcelona.com\/en\/2021\/07\/30\/wallspot-ave-call\/\",\"name\":\"\u00a1Open call for graffiti artists to show up at the Wallspot Ave! - Extreme Barcelona\",\"isPartOf\":{\"@id\":\"https:\/\/extremebarcelona.com\/#website\"},\"primaryImageOfPage\":{\"@id\":\"https:\/\/extremebarcelona.com\/en\/2021\/07\/30\/wallspot-ave-call\/#primaryimage\"},\"image\":{\"@id\":\"https:\/\/extremebarcelona.com\/en\/2021\/07\/30\/wallspot-ave-call\/#primaryimage\"},\"thumbnailUrl\":\"https:\/\/extremebarcelona.com\/wp-content\/uploads\/2021\/07\/wallspot-format-545x363-1.jpg\",\"datePublished\":\"2021-07-30T10:05:54+00:00\",\"dateModified\":\"2021-07-30T10:51:16+00:00\",\"breadcrumb\":{\"@id\":\"https:\/\/extremebarcelona.com\/en\/2021\/07\/30\/wallspot-ave-call\/#breadcrumb\"},\"inLanguage\":\"en-US\",\"potentialAction\":[{\"@type\":\"ReadAction\",\"target\":[\"https:\/\/extremebarcelona.com\/en\/2021\/07\/30\/wallspot-ave-call\/\"]}]},{\"@type\":\"ImageObject\",\"inLanguage\":\"en-US\",\"@id\":\"https:\/\/extremebarcelona.com\/en\/2021\/07\/30\/wallspot-ave-call\/#primaryimage\",\"url\":\"https:\/\/extremebarcelona.com\/wp-content\/uploads\/2021\/07\/wallspot-format-545x363-1.jpg\",\"contentUrl\":\"https:\/\/extremebarcelona.com\/wp-content\/uploads\/2021\/07\/wallspot-format-545x363-1.jpg\",\"width\":545,\"height\":363,\"caption\":\"Open Call Wallspot Ave\"},{\"@type\":\"BreadcrumbList\",\"@id\":\"https:\/\/extremebarcelona.com\/en\/2021\/07\/30\/wallspot-ave-call\/#breadcrumb\",\"itemListElement\":[{\"@type\":\"ListItem\",\"position\":1,\"name\":\"Portada\",\"item\":\"https:\/\/extremebarcelona.com\/\"},{\"@type\":\"ListItem\",\"position\":2,\"name\":\"\u00a1Open call for graffiti artists to show up at the Wallspot Ave!\"}]},{\"@type\":\"WebSite\",\"@id\":\"https:\/\/extremebarcelona.com\/#website\",\"url\":\"https:\/\/extremebarcelona.com\/\",\"name\":\"Extreme Barcelona\",\"description\":\"Otro sitio realizado con WordPress\",\"publisher\":{\"@id\":\"https:\/\/extremebarcelona.com\/#organization\"},\"potentialAction\":[{\"@type\":\"SearchAction\",\"target\":{\"@type\":\"EntryPoint\",\"urlTemplate\":\"https:\/\/extremebarcelona.com\/?s={search_term_string}\"},\"query-input\":{\"@type\":\"PropertyValueSpecification\",\"valueRequired\":true,\"valueName\":\"search_term_string\"}}],\"inLanguage\":\"en-US\"},{\"@type\":\"Organization\",\"@id\":\"https:\/\/extremebarcelona.com\/#organization\",\"name\":\"Extreme Barcelona\",\"url\":\"https:\/\/extremebarcelona.com\/\",\"logo\":{\"@type\":\"ImageObject\",\"inLanguage\":\"en-US\",\"@id\":\"https:\/\/extremebarcelona.com\/#\/schema\/logo\/image\/\",\"url\":\"https:\/\/extremebarcelona.com\/wp-content\/uploads\/2021\/04\/Logo-Extreme-2021.png\",\"contentUrl\":\"https:\/\/extremebarcelona.com\/wp-content\/uploads\/2021\/04\/Logo-Extreme-2021.png\",\"width\":500,\"height\":500,\"caption\":\"Extreme Barcelona\"},\"image\":{\"@id\":\"https:\/\/extremebarcelona.com\/#\/schema\/logo\/image\/\"}},{\"@type\":\"Person\",\"@id\":\"https:\/\/extremebarcelona.com\/#\/schema\/person\/81a974e7236bd8b5adccfbe8d40191fa\",\"name\":\"Laura\",\"image\":{\"@type\":\"ImageObject\",\"inLanguage\":\"en-US\",\"@id\":\"https:\/\/secure.gravatar.com\/avatar\/5018cd24029106e9c7fb70f2ba4cb9359c0900c65fc2af310f0b240b1634ba26?s=96&d=mm&r=g\",\"url\":\"https:\/\/secure.gravatar.com\/avatar\/5018cd24029106e9c7fb70f2ba4cb9359c0900c65fc2af310f0b240b1634ba26?s=96&d=mm&r=g\",\"contentUrl\":\"https:\/\/secure.gravatar.com\/avatar\/5018cd24029106e9c7fb70f2ba4cb9359c0900c65fc2af310f0b240b1634ba26?s=96&d=mm&r=g\",\"caption\":\"Laura\"}}]}<\/script>\n<!-- \/ Yoast SEO plugin. -->","yoast_head_json":{"title":"\u00a1Open call for graffiti artists to show up at the Wallspot Ave! - Extreme Barcelona","robots":{"index":"index","follow":"follow","max-snippet":"max-snippet:-1","max-image-preview":"max-image-preview:large","max-video-preview":"max-video-preview:-1"},"canonical":"https:\/\/extremebarcelona.com\/en\/2021\/07\/30\/wallspot-ave-call\/","og_locale":"en_US","og_type":"article","og_title":"\u00a1Open call for graffiti artists to show up at the Wallspot Ave! - Extreme Barcelona","og_description":"\u00a0 &nbsp; Looking for urban artists wanting to test their talent Open Call for unique experience on September 25th and 26th at Parc del F\u00f2rum If you feel that your talent has no limits and you want to have a space to show off your art, this is your chance! Open call to the best [&hellip;]","og_url":"https:\/\/extremebarcelona.com\/en\/2021\/07\/30\/wallspot-ave-call\/","og_site_name":"Extreme Barcelona","article_published_time":"2021-07-30T10:05:54+00:00","article_modified_time":"2021-07-30T10:51:16+00:00","og_image":[{"width":545,"height":363,"url":"https:\/\/extremebarcelona.com\/wp-content\/uploads\/2021\/07\/wallspot-format-545x363-1.jpg","type":"image\/jpeg"}],"author":"Laura","twitter_card":"summary_large_image","twitter_misc":{"Written by":"Laura","Est. reading time":"4 minutes"},"schema":{"@context":"https:\/\/schema.org","@graph":[{"@type":"NewsArticle","@id":"https:\/\/extremebarcelona.com\/en\/2021\/07\/30\/wallspot-ave-call\/#article","isPartOf":{"@id":"https:\/\/extremebarcelona.com\/en\/2021\/07\/30\/wallspot-ave-call\/"},"author":{"name":"Laura","@id":"https:\/\/extremebarcelona.com\/#\/schema\/person\/81a974e7236bd8b5adccfbe8d40191fa"},"headline":"\u00a1Open call for graffiti artists to show up at the Wallspot Ave!","datePublished":"2021-07-30T10:05:54+00:00","dateModified":"2021-07-30T10:51:16+00:00","mainEntityOfPage":{"@id":"https:\/\/extremebarcelona.com\/en\/2021\/07\/30\/wallspot-ave-call\/"},"wordCount":804,"publisher":{"@id":"https:\/\/extremebarcelona.com\/#organization"},"image":{"@id":"https:\/\/extremebarcelona.com\/en\/2021\/07\/30\/wallspot-ave-call\/#primaryimage"},"thumbnailUrl":"https:\/\/extremebarcelona.com\/wp-content\/uploads\/2021\/07\/wallspot-format-545x363-1.jpg","articleSection":["NEWS"],"inLanguage":"en-US"},{"@type":"WebPage","@id":"https:\/\/extremebarcelona.com\/en\/2021\/07\/30\/wallspot-ave-call\/","url":"https:\/\/extremebarcelona.com\/en\/2021\/07\/30\/wallspot-ave-call\/","name":"\u00a1Open call for graffiti artists to show up at the Wallspot Ave! - Extreme Barcelona","isPartOf":{"@id":"https:\/\/extremebarcelona.com\/#website"},"primaryImageOfPage":{"@id":"https:\/\/extremebarcelona.com\/en\/2021\/07\/30\/wallspot-ave-call\/#primaryimage"},"image":{"@id":"https:\/\/extremebarcelona.com\/en\/2021\/07\/30\/wallspot-ave-call\/#primaryimage"},"thumbnailUrl":"https:\/\/extremebarcelona.com\/wp-content\/uploads\/2021\/07\/wallspot-format-545x363-1.jpg","datePublished":"2021-07-30T10:05:54+00:00","dateModified":"2021-07-30T10:51:16+00:00","breadcrumb":{"@id":"https:\/\/extremebarcelona.com\/en\/2021\/07\/30\/wallspot-ave-call\/#breadcrumb"},"inLanguage":"en-US","potentialAction":[{"@type":"ReadAction","target":["https:\/\/extremebarcelona.com\/en\/2021\/07\/30\/wallspot-ave-call\/"]}]},{"@type":"ImageObject","inLanguage":"en-US","@id":"https:\/\/extremebarcelona.com\/en\/2021\/07\/30\/wallspot-ave-call\/#primaryimage","url":"https:\/\/extremebarcelona.com\/wp-content\/uploads\/2021\/07\/wallspot-format-545x363-1.jpg","contentUrl":"https:\/\/extremebarcelona.com\/wp-content\/uploads\/2021\/07\/wallspot-format-545x363-1.jpg","width":545,"height":363,"caption":"Open Call Wallspot Ave"},{"@type":"BreadcrumbList","@id":"https:\/\/extremebarcelona.com\/en\/2021\/07\/30\/wallspot-ave-call\/#breadcrumb","itemListElement":[{"@type":"ListItem","position":1,"name":"Portada","item":"https:\/\/extremebarcelona.com\/"},{"@type":"ListItem","position":2,"name":"\u00a1Open call for graffiti artists to show up at the Wallspot Ave!"}]},{"@type":"WebSite","@id":"https:\/\/extremebarcelona.com\/#website","url":"https:\/\/extremebarcelona.com\/","name":"Extreme Barcelona","description":"Otro sitio realizado con WordPress","publisher":{"@id":"https:\/\/extremebarcelona.com\/#organization"},"potentialAction":[{"@type":"SearchAction","target":{"@type":"EntryPoint","urlTemplate":"https:\/\/extremebarcelona.com\/?s={search_term_string}"},"query-input":{"@type":"PropertyValueSpecification","valueRequired":true,"valueName":"search_term_string"}}],"inLanguage":"en-US"},{"@type":"Organization","@id":"https:\/\/extremebarcelona.com\/#organization","name":"Extreme Barcelona","url":"https:\/\/extremebarcelona.com\/","logo":{"@type":"ImageObject","inLanguage":"en-US","@id":"https:\/\/extremebarcelona.com\/#\/schema\/logo\/image\/","url":"https:\/\/extremebarcelona.com\/wp-content\/uploads\/2021\/04\/Logo-Extreme-2021.png","contentUrl":"https:\/\/extremebarcelona.com\/wp-content\/uploads\/2021\/04\/Logo-Extreme-2021.png","width":500,"height":500,"caption":"Extreme Barcelona"},"image":{"@id":"https:\/\/extremebarcelona.com\/#\/schema\/logo\/image\/"}},{"@type":"Person","@id":"https:\/\/extremebarcelona.com\/#\/schema\/person\/81a974e7236bd8b5adccfbe8d40191fa","name":"Laura","image":{"@type":"ImageObject","inLanguage":"en-US","@id":"https:\/\/secure.gravatar.com\/avatar\/5018cd24029106e9c7fb70f2ba4cb9359c0900c65fc2af310f0b240b1634ba26?s=96&d=mm&r=g","url":"https:\/\/secure.gravatar.com\/avatar\/5018cd24029106e9c7fb70f2ba4cb9359c0900c65fc2af310f0b240b1634ba26?s=96&d=mm&r=g","contentUrl":"https:\/\/secure.gravatar.com\/avatar\/5018cd24029106e9c7fb70f2ba4cb9359c0900c65fc2af310f0b240b1634ba26?s=96&d=mm&r=g","caption":"Laura"}}]}},"_links":{"self":[{"href":"https:\/\/extremebarcelona.com\/en\/wp-json\/wp\/v2\/posts\/11190","targetHints":{"allow":["GET"]}}],"collection":[{"href":"https:\/\/extremebarcelona.com\/en\/wp-json\/wp\/v2\/posts"}],"about":[{"href":"https:\/\/extremebarcelona.com\/en\/wp-json\/wp\/v2\/types\/post"}],"author":[{"embeddable":true,"href":"https:\/\/extremebarcelona.com\/en\/wp-json\/wp\/v2\/users\/11"}],"replies":[{"embeddable":true,"href":"https:\/\/extremebarcelona.com\/en\/wp-json\/wp\/v2\/comments?post=11190"}],"version-history":[{"count":3,"href":"https:\/\/extremebarcelona.com\/en\/wp-json\/wp\/v2\/posts\/11190\/revisions"}],"predecessor-version":[{"id":11199,"href":"https:\/\/extremebarcelona.com\/en\/wp-json\/wp\/v2\/posts\/11190\/revisions\/11199"}],"wp:featuredmedia":[{"embeddable":true,"href":"https:\/\/extremebarcelona.com\/en\/wp-json\/wp\/v2\/media\/11206"}],"wp:attachment":[{"href":"https:\/\/extremebarcelona.com\/en\/wp-json\/wp\/v2\/media?parent=11190"}],"wp:term":[{"taxonomy":"category","embeddable":true,"href":"https:\/\/extremebarcelona.com\/en\/wp-json\/wp\/v2\/categories?post=11190"},{"taxonomy":"post_tag","embeddable":true,"href":"https:\/\/extremebarcelona.com\/en\/wp-json\/wp\/v2\/tags?post=11190"}],"curies":[{"name":"wp","href":"https:\/\/api.w.org\/{rel}","templated":true}]}}