{"id":938,"date":"2016-04-26T20:30:56","date_gmt":"2016-04-26T20:30:56","guid":{"rendered":"https:\/\/extremebarcelona.com\/ca\/?p=938"},"modified":"2016-04-27T14:07:47","modified_gmt":"2016-04-27T14:07:47","slug":"limaginextreme-barcelona-2016-comptara-amb-un-skatepark-exclusiu-per-a-skaters","status":"publish","type":"post","link":"https:\/\/extremebarcelona.com\/ca\/2016\/04\/26\/limaginextreme-barcelona-2016-comptara-amb-un-skatepark-exclusiu-per-a-skaters\/","title":{"rendered":"L&#8217;IMAGINEXTREME BARCELONA 2016 COMPTAR\u00c0 AMB UN SKATEPARK EXCLUSIU PER A SKATERS"},"content":{"rendered":"<p>L\u2019<strong>imaginExtreme Barcelona presented by Mountain Dew<\/strong> arriba aquest 2016 amb for\u00e7a novetats. Entre els canvis d&#8217;aquesta VII edici\u00f3 destaca un <strong>Skatepark exclusiu per a skate<\/strong>.<\/p>\n<p>Aquest any <strong>a l&#8217;auditori 2 del Parc del F\u00f2rum<\/strong> hi trobareu el nou Skatepark de l&#8217;Extreme. Ser\u00e0 un park <strong>100% streetero<\/strong> que preparar\u00e0 Calif\u00f2rnia Skateparks. Est\u00e0 pensat perqu\u00e8 tots els riders que surtin a patinar-lo puguin gaudir-lo i treure-li el m\u00e0xim suc durant els 45 &#8220;que durar\u00e0 cada ronda.<\/p>\n<p>El parc estar\u00e0 totalment enfocat cap al street, desapareixen les grans rampes dels anys anteriors, per donar pas a un conjunt de <strong>rails<\/strong> i <strong>hubbas<\/strong> coronat per una big section amb un gran <strong>Hubba central<\/strong>. Tots aquests m\u00f2duls creen un conjunt perfecte per a un pat\u00ed m\u00e9s t\u00e8cnic i espectacular.<\/p>\n<p>L&#8217;skatepark de l&#8217;esdeveniment ser\u00e0 l&#8217;escenari de totes les categories de <strong>skateboard PRO<\/strong> (<strong>mascul\u00ed i femen\u00ed<\/strong>) i <strong>Open<\/strong>. All\u00e0 se celebraran totes les sessions d&#8217;entrenaments, aix\u00ed com de les sessions classificat\u00f2ries i la gran final PRO amb els 8 millors riders de l\u2019imaginExtreme Barcelona. Podreu gaudir de tota l&#8217;acci\u00f3 des de les grades integrades de l&#8217;auditori, que tenen una capacitat per a unes 2.500 persones.<\/p>\n<p>Els dies <strong>18 i 19 de juny al Parc del F\u00f2rum<\/strong> ser\u00e0 un cop m\u00e9s l&#8217;escenari d&#8217;un dels festivals d\u2019esports d\u2019acci\u00f3 m\u00e9s rellevants a nivell europeu. I aquest 2016 suposar\u00e0 un gir al voltant de l&#8217;skate perqu\u00e8 sigui una de les competicions m\u00e9s potents del cap de setmana.<\/p>\n","protected":false},"excerpt":{"rendered":"<p>L\u2019imaginExtreme Barcelona presented by Mountain Dew arriba aquest 2016 amb for\u00e7a novetats. Entre els canvis d&#8217;aquesta VII edici\u00f3 destaca un Skatepark exclusiu per a skate. Aquest any a l&#8217;auditori 2 del Parc del F\u00f2rum hi trobareu el nou Skatepark de l&#8217;Extreme. Ser\u00e0 un park 100% streetero que preparar\u00e0 Calif\u00f2rnia Skateparks. Est\u00e0 pensat perqu\u00e8 tots els [&hellip;]<\/p>\n","protected":false},"author":8,"featured_media":0,"comment_status":"open","ping_status":"open","sticky":false,"template":"","format":"standard","meta":{"_et_pb_use_builder":"","_et_pb_old_content":"","_et_gb_content_width":"","footnotes":""},"categories":[],"tags":[],"class_list":["post-938","post","type-post","status-publish","format-standard","hentry"],"yoast_head":"<!-- This site is optimized with the Yoast SEO plugin v27.2 - https:\/\/yoast.com\/product\/yoast-seo-wordpress\/ -->\n<title>L&#039;IMAGINEXTREME BARCELONA 2016 COMPTAR\u00c0 AMB UN SKATEPARK EXCLUSIU PER A SKATERS - Extreme Barcelona<\/title>\n<meta name=\"robots\" content=\"index, follow, max-snippet:-1, max-image-preview:large, max-video-preview:-1\" \/>\n<link rel=\"canonical\" href=\"https:\/\/extremebarcelona.com\/ca\/2016\/04\/26\/limaginextreme-barcelona-2016-comptara-amb-un-skatepark-exclusiu-per-a-skaters\/\" \/>\n<meta property=\"og:locale\" content=\"ca_ES\" \/>\n<meta property=\"og:type\" content=\"article\" \/>\n<meta property=\"og:title\" content=\"L&#039;IMAGINEXTREME BARCELONA 2016 COMPTAR\u00c0 AMB UN SKATEPARK EXCLUSIU PER A SKATERS - Extreme Barcelona\" \/>\n<meta property=\"og:description\" content=\"L\u2019imaginExtreme Barcelona presented by Mountain Dew arriba aquest 2016 amb for\u00e7a novetats. Entre els canvis d&#8217;aquesta VII edici\u00f3 destaca un Skatepark exclusiu per a skate. Aquest any a l&#8217;auditori 2 del Parc del F\u00f2rum hi trobareu el nou Skatepark de l&#8217;Extreme. Ser\u00e0 un park 100% streetero que preparar\u00e0 Calif\u00f2rnia Skateparks. Est\u00e0 pensat perqu\u00e8 tots els [&hellip;]\" \/>\n<meta property=\"og:url\" content=\"https:\/\/extremebarcelona.com\/ca\/2016\/04\/26\/limaginextreme-barcelona-2016-comptara-amb-un-skatepark-exclusiu-per-a-skaters\/\" \/>\n<meta property=\"og:site_name\" content=\"Extreme Barcelona\" \/>\n<meta property=\"article:published_time\" content=\"2016-04-26T20:30:56+00:00\" \/>\n<meta property=\"article:modified_time\" content=\"2016-04-27T14:07:47+00:00\" \/>\n<meta name=\"author\" content=\"UWS\" \/>\n<meta name=\"twitter:card\" content=\"summary_large_image\" \/>\n<meta name=\"twitter:label1\" content=\"Escrit per\" \/>\n\t<meta name=\"twitter:data1\" content=\"UWS\" \/>\n\t<meta name=\"twitter:label2\" content=\"Temps estimat de lectura\" \/>\n\t<meta name=\"twitter:data2\" content=\"1 minut\" \/>\n<script type=\"application\/ld+json\" class=\"yoast-schema-graph\">{\"@context\":\"https:\/\/schema.org\",\"@graph\":[{\"@type\":\"NewsArticle\",\"@id\":\"https:\/\/extremebarcelona.com\/ca\/2016\/04\/26\/limaginextreme-barcelona-2016-comptara-amb-un-skatepark-exclusiu-per-a-skaters\/#article\",\"isPartOf\":{\"@id\":\"https:\/\/extremebarcelona.com\/ca\/2016\/04\/26\/limaginextreme-barcelona-2016-comptara-amb-un-skatepark-exclusiu-per-a-skaters\/\"},\"author\":{\"name\":\"UWS\",\"@id\":\"https:\/\/extremebarcelona.com\/#\/schema\/person\/84bb7d2facd51100910ca1df9186891e\"},\"headline\":\"L&#8217;IMAGINEXTREME BARCELONA 2016 COMPTAR\u00c0 AMB UN SKATEPARK EXCLUSIU PER A SKATERS\",\"datePublished\":\"2016-04-26T20:30:56+00:00\",\"dateModified\":\"2016-04-27T14:07:47+00:00\",\"mainEntityOfPage\":{\"@id\":\"https:\/\/extremebarcelona.com\/ca\/2016\/04\/26\/limaginextreme-barcelona-2016-comptara-amb-un-skatepark-exclusiu-per-a-skaters\/\"},\"wordCount\":266,\"commentCount\":0,\"publisher\":{\"@id\":\"https:\/\/extremebarcelona.com\/#organization\"},\"inLanguage\":\"ca\",\"potentialAction\":[{\"@type\":\"CommentAction\",\"name\":\"Comment\",\"target\":[\"https:\/\/extremebarcelona.com\/ca\/2016\/04\/26\/limaginextreme-barcelona-2016-comptara-amb-un-skatepark-exclusiu-per-a-skaters\/#respond\"]}]},{\"@type\":\"WebPage\",\"@id\":\"https:\/\/extremebarcelona.com\/ca\/2016\/04\/26\/limaginextreme-barcelona-2016-comptara-amb-un-skatepark-exclusiu-per-a-skaters\/\",\"url\":\"https:\/\/extremebarcelona.com\/ca\/2016\/04\/26\/limaginextreme-barcelona-2016-comptara-amb-un-skatepark-exclusiu-per-a-skaters\/\",\"name\":\"L'IMAGINEXTREME BARCELONA 2016 COMPTAR\u00c0 AMB UN SKATEPARK EXCLUSIU PER A SKATERS - Extreme Barcelona\",\"isPartOf\":{\"@id\":\"https:\/\/extremebarcelona.com\/#website\"},\"datePublished\":\"2016-04-26T20:30:56+00:00\",\"dateModified\":\"2016-04-27T14:07:47+00:00\",\"breadcrumb\":{\"@id\":\"https:\/\/extremebarcelona.com\/ca\/2016\/04\/26\/limaginextreme-barcelona-2016-comptara-amb-un-skatepark-exclusiu-per-a-skaters\/#breadcrumb\"},\"inLanguage\":\"ca\",\"potentialAction\":[{\"@type\":\"ReadAction\",\"target\":[\"https:\/\/extremebarcelona.com\/ca\/2016\/04\/26\/limaginextreme-barcelona-2016-comptara-amb-un-skatepark-exclusiu-per-a-skaters\/\"]}]},{\"@type\":\"BreadcrumbList\",\"@id\":\"https:\/\/extremebarcelona.com\/ca\/2016\/04\/26\/limaginextreme-barcelona-2016-comptara-amb-un-skatepark-exclusiu-per-a-skaters\/#breadcrumb\",\"itemListElement\":[{\"@type\":\"ListItem\",\"position\":1,\"name\":\"Portada\",\"item\":\"https:\/\/extremebarcelona.com\/\"},{\"@type\":\"ListItem\",\"position\":2,\"name\":\"L&#8217;IMAGINEXTREME BARCELONA 2016 COMPTAR\u00c0 AMB UN SKATEPARK EXCLUSIU PER A SKATERS\"}]},{\"@type\":\"WebSite\",\"@id\":\"https:\/\/extremebarcelona.com\/#website\",\"url\":\"https:\/\/extremebarcelona.com\/\",\"name\":\"Extreme Barcelona\",\"description\":\"Otro sitio realizado con WordPress\",\"publisher\":{\"@id\":\"https:\/\/extremebarcelona.com\/#organization\"},\"potentialAction\":[{\"@type\":\"SearchAction\",\"target\":{\"@type\":\"EntryPoint\",\"urlTemplate\":\"https:\/\/extremebarcelona.com\/?s={search_term_string}\"},\"query-input\":{\"@type\":\"PropertyValueSpecification\",\"valueRequired\":true,\"valueName\":\"search_term_string\"}}],\"inLanguage\":\"ca\"},{\"@type\":\"Organization\",\"@id\":\"https:\/\/extremebarcelona.com\/#organization\",\"name\":\"Extreme Barcelona\",\"url\":\"https:\/\/extremebarcelona.com\/\",\"logo\":{\"@type\":\"ImageObject\",\"inLanguage\":\"ca\",\"@id\":\"https:\/\/extremebarcelona.com\/#\/schema\/logo\/image\/\",\"url\":\"https:\/\/extremebarcelona.com\/wp-content\/uploads\/2021\/04\/Logo-Extreme-2021.png\",\"contentUrl\":\"https:\/\/extremebarcelona.com\/wp-content\/uploads\/2021\/04\/Logo-Extreme-2021.png\",\"width\":500,\"height\":500,\"caption\":\"Extreme Barcelona\"},\"image\":{\"@id\":\"https:\/\/extremebarcelona.com\/#\/schema\/logo\/image\/\"}},{\"@type\":\"Person\",\"@id\":\"https:\/\/extremebarcelona.com\/#\/schema\/person\/84bb7d2facd51100910ca1df9186891e\",\"name\":\"UWS\",\"image\":{\"@type\":\"ImageObject\",\"inLanguage\":\"ca\",\"@id\":\"https:\/\/secure.gravatar.com\/avatar\/41b930374ee41e318f6457172bd2f6e300b1872879ecb443d692bea8dad136f9?s=96&d=mm&r=g\",\"url\":\"https:\/\/secure.gravatar.com\/avatar\/41b930374ee41e318f6457172bd2f6e300b1872879ecb443d692bea8dad136f9?s=96&d=mm&r=g\",\"contentUrl\":\"https:\/\/secure.gravatar.com\/avatar\/41b930374ee41e318f6457172bd2f6e300b1872879ecb443d692bea8dad136f9?s=96&d=mm&r=g\",\"caption\":\"UWS\"}}]}<\/script>\n<!-- \/ Yoast SEO plugin. -->","yoast_head_json":{"title":"L'IMAGINEXTREME BARCELONA 2016 COMPTAR\u00c0 AMB UN SKATEPARK EXCLUSIU PER A SKATERS - Extreme Barcelona","robots":{"index":"index","follow":"follow","max-snippet":"max-snippet:-1","max-image-preview":"max-image-preview:large","max-video-preview":"max-video-preview:-1"},"canonical":"https:\/\/extremebarcelona.com\/ca\/2016\/04\/26\/limaginextreme-barcelona-2016-comptara-amb-un-skatepark-exclusiu-per-a-skaters\/","og_locale":"ca_ES","og_type":"article","og_title":"L'IMAGINEXTREME BARCELONA 2016 COMPTAR\u00c0 AMB UN SKATEPARK EXCLUSIU PER A SKATERS - Extreme Barcelona","og_description":"L\u2019imaginExtreme Barcelona presented by Mountain Dew arriba aquest 2016 amb for\u00e7a novetats. Entre els canvis d&#8217;aquesta VII edici\u00f3 destaca un Skatepark exclusiu per a skate. Aquest any a l&#8217;auditori 2 del Parc del F\u00f2rum hi trobareu el nou Skatepark de l&#8217;Extreme. Ser\u00e0 un park 100% streetero que preparar\u00e0 Calif\u00f2rnia Skateparks. Est\u00e0 pensat perqu\u00e8 tots els [&hellip;]","og_url":"https:\/\/extremebarcelona.com\/ca\/2016\/04\/26\/limaginextreme-barcelona-2016-comptara-amb-un-skatepark-exclusiu-per-a-skaters\/","og_site_name":"Extreme Barcelona","article_published_time":"2016-04-26T20:30:56+00:00","article_modified_time":"2016-04-27T14:07:47+00:00","author":"UWS","twitter_card":"summary_large_image","twitter_misc":{"Escrit per":"UWS","Temps estimat de lectura":"1 minut"},"schema":{"@context":"https:\/\/schema.org","@graph":[{"@type":"NewsArticle","@id":"https:\/\/extremebarcelona.com\/ca\/2016\/04\/26\/limaginextreme-barcelona-2016-comptara-amb-un-skatepark-exclusiu-per-a-skaters\/#article","isPartOf":{"@id":"https:\/\/extremebarcelona.com\/ca\/2016\/04\/26\/limaginextreme-barcelona-2016-comptara-amb-un-skatepark-exclusiu-per-a-skaters\/"},"author":{"name":"UWS","@id":"https:\/\/extremebarcelona.com\/#\/schema\/person\/84bb7d2facd51100910ca1df9186891e"},"headline":"L&#8217;IMAGINEXTREME BARCELONA 2016 COMPTAR\u00c0 AMB UN SKATEPARK EXCLUSIU PER A SKATERS","datePublished":"2016-04-26T20:30:56+00:00","dateModified":"2016-04-27T14:07:47+00:00","mainEntityOfPage":{"@id":"https:\/\/extremebarcelona.com\/ca\/2016\/04\/26\/limaginextreme-barcelona-2016-comptara-amb-un-skatepark-exclusiu-per-a-skaters\/"},"wordCount":266,"commentCount":0,"publisher":{"@id":"https:\/\/extremebarcelona.com\/#organization"},"inLanguage":"ca","potentialAction":[{"@type":"CommentAction","name":"Comment","target":["https:\/\/extremebarcelona.com\/ca\/2016\/04\/26\/limaginextreme-barcelona-2016-comptara-amb-un-skatepark-exclusiu-per-a-skaters\/#respond"]}]},{"@type":"WebPage","@id":"https:\/\/extremebarcelona.com\/ca\/2016\/04\/26\/limaginextreme-barcelona-2016-comptara-amb-un-skatepark-exclusiu-per-a-skaters\/","url":"https:\/\/extremebarcelona.com\/ca\/2016\/04\/26\/limaginextreme-barcelona-2016-comptara-amb-un-skatepark-exclusiu-per-a-skaters\/","name":"L'IMAGINEXTREME BARCELONA 2016 COMPTAR\u00c0 AMB UN SKATEPARK EXCLUSIU PER A SKATERS - Extreme Barcelona","isPartOf":{"@id":"https:\/\/extremebarcelona.com\/#website"},"datePublished":"2016-04-26T20:30:56+00:00","dateModified":"2016-04-27T14:07:47+00:00","breadcrumb":{"@id":"https:\/\/extremebarcelona.com\/ca\/2016\/04\/26\/limaginextreme-barcelona-2016-comptara-amb-un-skatepark-exclusiu-per-a-skaters\/#breadcrumb"},"inLanguage":"ca","potentialAction":[{"@type":"ReadAction","target":["https:\/\/extremebarcelona.com\/ca\/2016\/04\/26\/limaginextreme-barcelona-2016-comptara-amb-un-skatepark-exclusiu-per-a-skaters\/"]}]},{"@type":"BreadcrumbList","@id":"https:\/\/extremebarcelona.com\/ca\/2016\/04\/26\/limaginextreme-barcelona-2016-comptara-amb-un-skatepark-exclusiu-per-a-skaters\/#breadcrumb","itemListElement":[{"@type":"ListItem","position":1,"name":"Portada","item":"https:\/\/extremebarcelona.com\/"},{"@type":"ListItem","position":2,"name":"L&#8217;IMAGINEXTREME BARCELONA 2016 COMPTAR\u00c0 AMB UN SKATEPARK EXCLUSIU PER A SKATERS"}]},{"@type":"WebSite","@id":"https:\/\/extremebarcelona.com\/#website","url":"https:\/\/extremebarcelona.com\/","name":"Extreme Barcelona","description":"Otro sitio realizado con WordPress","publisher":{"@id":"https:\/\/extremebarcelona.com\/#organization"},"potentialAction":[{"@type":"SearchAction","target":{"@type":"EntryPoint","urlTemplate":"https:\/\/extremebarcelona.com\/?s={search_term_string}"},"query-input":{"@type":"PropertyValueSpecification","valueRequired":true,"valueName":"search_term_string"}}],"inLanguage":"ca"},{"@type":"Organization","@id":"https:\/\/extremebarcelona.com\/#organization","name":"Extreme Barcelona","url":"https:\/\/extremebarcelona.com\/","logo":{"@type":"ImageObject","inLanguage":"ca","@id":"https:\/\/extremebarcelona.com\/#\/schema\/logo\/image\/","url":"https:\/\/extremebarcelona.com\/wp-content\/uploads\/2021\/04\/Logo-Extreme-2021.png","contentUrl":"https:\/\/extremebarcelona.com\/wp-content\/uploads\/2021\/04\/Logo-Extreme-2021.png","width":500,"height":500,"caption":"Extreme Barcelona"},"image":{"@id":"https:\/\/extremebarcelona.com\/#\/schema\/logo\/image\/"}},{"@type":"Person","@id":"https:\/\/extremebarcelona.com\/#\/schema\/person\/84bb7d2facd51100910ca1df9186891e","name":"UWS","image":{"@type":"ImageObject","inLanguage":"ca","@id":"https:\/\/secure.gravatar.com\/avatar\/41b930374ee41e318f6457172bd2f6e300b1872879ecb443d692bea8dad136f9?s=96&d=mm&r=g","url":"https:\/\/secure.gravatar.com\/avatar\/41b930374ee41e318f6457172bd2f6e300b1872879ecb443d692bea8dad136f9?s=96&d=mm&r=g","contentUrl":"https:\/\/secure.gravatar.com\/avatar\/41b930374ee41e318f6457172bd2f6e300b1872879ecb443d692bea8dad136f9?s=96&d=mm&r=g","caption":"UWS"}}]}},"_links":{"self":[{"href":"https:\/\/extremebarcelona.com\/ca\/wp-json\/wp\/v2\/posts\/938","targetHints":{"allow":["GET"]}}],"collection":[{"href":"https:\/\/extremebarcelona.com\/ca\/wp-json\/wp\/v2\/posts"}],"about":[{"href":"https:\/\/extremebarcelona.com\/ca\/wp-json\/wp\/v2\/types\/post"}],"author":[{"embeddable":true,"href":"https:\/\/extremebarcelona.com\/ca\/wp-json\/wp\/v2\/users\/8"}],"replies":[{"embeddable":true,"href":"https:\/\/extremebarcelona.com\/ca\/wp-json\/wp\/v2\/comments?post=938"}],"version-history":[{"count":3,"href":"https:\/\/extremebarcelona.com\/ca\/wp-json\/wp\/v2\/posts\/938\/revisions"}],"predecessor-version":[{"id":1005,"href":"https:\/\/extremebarcelona.com\/ca\/wp-json\/wp\/v2\/posts\/938\/revisions\/1005"}],"wp:attachment":[{"href":"https:\/\/extremebarcelona.com\/ca\/wp-json\/wp\/v2\/media?parent=938"}],"wp:term":[{"taxonomy":"category","embeddable":true,"href":"https:\/\/extremebarcelona.com\/ca\/wp-json\/wp\/v2\/categories?post=938"},{"taxonomy":"post_tag","embeddable":true,"href":"https:\/\/extremebarcelona.com\/ca\/wp-json\/wp\/v2\/tags?post=938"}],"curies":[{"name":"wp","href":"https:\/\/api.w.org\/{rel}","templated":true}]}}