{"id":472,"date":"2016-04-05T12:10:50","date_gmt":"2016-04-05T12:10:50","guid":{"rendered":"https:\/\/extremebarcelona.com\/?p=472&#038;lang=ca"},"modified":"2016-04-19T12:01:23","modified_gmt":"2016-04-19T12:01:23","slug":"el-imaginextreme-barcelona-prepara-su-7a-edicion","status":"publish","type":"post","link":"https:\/\/extremebarcelona.com\/ca\/2016\/04\/05\/el-imaginextreme-barcelona-prepara-su-7a-edicion\/","title":{"rendered":"L&#8217;IMAGINEXTREME BARCELONA PREPARA LA SEVA VII EDICI\u00d3"},"content":{"rendered":"<p>Els action sports han estat al llarg dels darrers anys ben presents a Barcelona i aquest 2016 tornaran a ser el centre d\u2019atenci\u00f3 durant l\u2019<strong>imaginExtreme Barcelona<\/strong>, que es dur\u00e0 a terme els dies <strong>18 i 19 de juny al Parc del F\u00f2rum<\/strong>.<\/p>\n<p>Enguany se celebra la 7a edici\u00f3 de l\u2019imaginExtreme Barcelona que far\u00e0 una gran aposta pels esports de roda petita com s\u00f3n <strong>skateboard<\/strong>, <strong>scooter<\/strong>, <strong>inline<\/strong>, <strong>longboard<\/strong> i tamb\u00e9 el <strong>BMX<\/strong>.<\/p>\n<p>L\u2019imaginExtreme Barcelona compta amb un segell internacional que garanteix als espectadors veure els millors especialistes del m\u00f3n dels diferents esports. La temporada passada <strong>Leticia Bufoni<\/strong>, estrella mundial d\u2019<strong>skate femen\u00ed<\/strong> no es va perdre l\u2019oportunitat de ser a l\u2019esdeveniment barcelon\u00ed dels action sports; en scooter, aquest 2016 l\u2019imaginExtreme Barcelona tornar\u00e0 a ser la seu de la final mundial de la <strong>ISA<\/strong> (International Scooter Association) i, per tant, comptar\u00e0 amb els 50 millors riders del m\u00f3n de l\u2019especialitat.<\/p>\n<p>El festival no ser\u00e0 nom\u00e9s un espectacle sin\u00f3 que tamb\u00e9 ser\u00e0 un espai en qu\u00e8 tots els assistents podran utilitzar els Parks destinats a la pr\u00e0ctica oberta, gaudir de les activitats participatives o veure les \u00faltimes novetats del sector al Market.<\/p>\n<p>Al llarg dels propers mesos s\u2019aniran anunciant les novetats que s\u2019estan preparant per a l\u2019imaginExtreme Barcelona que de ben segur aproparan el festival a tots els fidels seguidors dels action sports, la m\u00fasica, la moda i les tend\u00e8ncies urbanes.<\/p>\n","protected":false},"excerpt":{"rendered":"<p>Los action sports han estado a lo largo de los \u00faltimos a\u00f1os muy presentes en Barcelona y este 2016 volver\u00e1n a ser el centro de atenci\u00f3n durante el imaginExtreme Barcelona, que se llevar\u00e1 a cabo los d\u00edas 18 y 19 de junio en el Parc del F\u00f2rum.<\/p>\n","protected":false},"author":1,"featured_media":0,"comment_status":"open","ping_status":"open","sticky":false,"template":"","format":"standard","meta":{"_et_pb_use_builder":"","_et_pb_old_content":"","_et_gb_content_width":"","footnotes":""},"categories":[],"tags":[],"class_list":["post-472","post","type-post","status-publish","format-standard","hentry"],"yoast_head":"<!-- This site is optimized with the Yoast SEO plugin v27.2 - https:\/\/yoast.com\/product\/yoast-seo-wordpress\/ -->\n<title>L&#039;IMAGINEXTREME BARCELONA PREPARA LA SEVA VII EDICI\u00d3 - Extreme Barcelona<\/title>\n<meta name=\"robots\" content=\"index, follow, max-snippet:-1, max-image-preview:large, max-video-preview:-1\" \/>\n<link rel=\"canonical\" href=\"https:\/\/extremebarcelona.com\/ca\/2016\/04\/05\/el-imaginextreme-barcelona-prepara-su-7a-edicion\/\" \/>\n<meta property=\"og:locale\" content=\"ca_ES\" \/>\n<meta property=\"og:type\" content=\"article\" \/>\n<meta property=\"og:title\" content=\"L&#039;IMAGINEXTREME BARCELONA PREPARA LA SEVA VII EDICI\u00d3 - Extreme Barcelona\" \/>\n<meta property=\"og:description\" content=\"Los action sports han estado a lo largo de los \u00faltimos a\u00f1os muy presentes en Barcelona y este 2016 volver\u00e1n a ser el centro de atenci\u00f3n durante el imaginExtreme Barcelona, que se llevar\u00e1 a cabo los d\u00edas 18 y 19 de junio en el Parc del F\u00f2rum.\" \/>\n<meta property=\"og:url\" content=\"https:\/\/extremebarcelona.com\/ca\/2016\/04\/05\/el-imaginextreme-barcelona-prepara-su-7a-edicion\/\" \/>\n<meta property=\"og:site_name\" content=\"Extreme Barcelona\" \/>\n<meta property=\"article:published_time\" content=\"2016-04-05T12:10:50+00:00\" \/>\n<meta property=\"article:modified_time\" content=\"2016-04-19T12:01:23+00:00\" \/>\n<meta name=\"author\" content=\"empiezapori\" \/>\n<meta name=\"twitter:card\" content=\"summary_large_image\" \/>\n<meta name=\"twitter:label1\" content=\"Escrit per\" \/>\n\t<meta name=\"twitter:data1\" content=\"empiezapori\" \/>\n\t<meta name=\"twitter:label2\" content=\"Temps estimat de lectura\" \/>\n\t<meta name=\"twitter:data2\" content=\"1 minut\" \/>\n<script type=\"application\/ld+json\" class=\"yoast-schema-graph\">{\"@context\":\"https:\/\/schema.org\",\"@graph\":[{\"@type\":\"NewsArticle\",\"@id\":\"https:\/\/extremebarcelona.com\/ca\/2016\/04\/05\/el-imaginextreme-barcelona-prepara-su-7a-edicion\/#article\",\"isPartOf\":{\"@id\":\"https:\/\/extremebarcelona.com\/ca\/2016\/04\/05\/el-imaginextreme-barcelona-prepara-su-7a-edicion\/\"},\"author\":{\"name\":\"empiezapori\",\"@id\":\"https:\/\/extremebarcelona.com\/#\/schema\/person\/2398913d1be5ea2d8b49e51d87537c59\"},\"headline\":\"L&#8217;IMAGINEXTREME BARCELONA PREPARA LA SEVA VII EDICI\u00d3\",\"datePublished\":\"2016-04-05T12:10:50+00:00\",\"dateModified\":\"2016-04-19T12:01:23+00:00\",\"mainEntityOfPage\":{\"@id\":\"https:\/\/extremebarcelona.com\/ca\/2016\/04\/05\/el-imaginextreme-barcelona-prepara-su-7a-edicion\/\"},\"wordCount\":250,\"commentCount\":0,\"publisher\":{\"@id\":\"https:\/\/extremebarcelona.com\/#organization\"},\"inLanguage\":\"ca\",\"potentialAction\":[{\"@type\":\"CommentAction\",\"name\":\"Comment\",\"target\":[\"https:\/\/extremebarcelona.com\/ca\/2016\/04\/05\/el-imaginextreme-barcelona-prepara-su-7a-edicion\/#respond\"]}]},{\"@type\":\"WebPage\",\"@id\":\"https:\/\/extremebarcelona.com\/ca\/2016\/04\/05\/el-imaginextreme-barcelona-prepara-su-7a-edicion\/\",\"url\":\"https:\/\/extremebarcelona.com\/ca\/2016\/04\/05\/el-imaginextreme-barcelona-prepara-su-7a-edicion\/\",\"name\":\"L'IMAGINEXTREME BARCELONA PREPARA LA SEVA VII EDICI\u00d3 - Extreme Barcelona\",\"isPartOf\":{\"@id\":\"https:\/\/extremebarcelona.com\/#website\"},\"datePublished\":\"2016-04-05T12:10:50+00:00\",\"dateModified\":\"2016-04-19T12:01:23+00:00\",\"breadcrumb\":{\"@id\":\"https:\/\/extremebarcelona.com\/ca\/2016\/04\/05\/el-imaginextreme-barcelona-prepara-su-7a-edicion\/#breadcrumb\"},\"inLanguage\":\"ca\",\"potentialAction\":[{\"@type\":\"ReadAction\",\"target\":[\"https:\/\/extremebarcelona.com\/ca\/2016\/04\/05\/el-imaginextreme-barcelona-prepara-su-7a-edicion\/\"]}]},{\"@type\":\"BreadcrumbList\",\"@id\":\"https:\/\/extremebarcelona.com\/ca\/2016\/04\/05\/el-imaginextreme-barcelona-prepara-su-7a-edicion\/#breadcrumb\",\"itemListElement\":[{\"@type\":\"ListItem\",\"position\":1,\"name\":\"Portada\",\"item\":\"https:\/\/extremebarcelona.com\/\"},{\"@type\":\"ListItem\",\"position\":2,\"name\":\"L&#8217;IMAGINEXTREME BARCELONA PREPARA LA SEVA VII EDICI\u00d3\"}]},{\"@type\":\"WebSite\",\"@id\":\"https:\/\/extremebarcelona.com\/#website\",\"url\":\"https:\/\/extremebarcelona.com\/\",\"name\":\"Extreme Barcelona\",\"description\":\"Otro sitio realizado con WordPress\",\"publisher\":{\"@id\":\"https:\/\/extremebarcelona.com\/#organization\"},\"potentialAction\":[{\"@type\":\"SearchAction\",\"target\":{\"@type\":\"EntryPoint\",\"urlTemplate\":\"https:\/\/extremebarcelona.com\/?s={search_term_string}\"},\"query-input\":{\"@type\":\"PropertyValueSpecification\",\"valueRequired\":true,\"valueName\":\"search_term_string\"}}],\"inLanguage\":\"ca\"},{\"@type\":\"Organization\",\"@id\":\"https:\/\/extremebarcelona.com\/#organization\",\"name\":\"Extreme Barcelona\",\"url\":\"https:\/\/extremebarcelona.com\/\",\"logo\":{\"@type\":\"ImageObject\",\"inLanguage\":\"ca\",\"@id\":\"https:\/\/extremebarcelona.com\/#\/schema\/logo\/image\/\",\"url\":\"https:\/\/extremebarcelona.com\/wp-content\/uploads\/2021\/04\/Logo-Extreme-2021.png\",\"contentUrl\":\"https:\/\/extremebarcelona.com\/wp-content\/uploads\/2021\/04\/Logo-Extreme-2021.png\",\"width\":500,\"height\":500,\"caption\":\"Extreme Barcelona\"},\"image\":{\"@id\":\"https:\/\/extremebarcelona.com\/#\/schema\/logo\/image\/\"}},{\"@type\":\"Person\",\"@id\":\"https:\/\/extremebarcelona.com\/#\/schema\/person\/2398913d1be5ea2d8b49e51d87537c59\",\"name\":\"empiezapori\",\"image\":{\"@type\":\"ImageObject\",\"inLanguage\":\"ca\",\"@id\":\"https:\/\/secure.gravatar.com\/avatar\/06822eac34a9a13c7a3823b1fe9799f691895cfb5a841e2a6ae6aea5b0a1c758?s=96&d=mm&r=g\",\"url\":\"https:\/\/secure.gravatar.com\/avatar\/06822eac34a9a13c7a3823b1fe9799f691895cfb5a841e2a6ae6aea5b0a1c758?s=96&d=mm&r=g\",\"contentUrl\":\"https:\/\/secure.gravatar.com\/avatar\/06822eac34a9a13c7a3823b1fe9799f691895cfb5a841e2a6ae6aea5b0a1c758?s=96&d=mm&r=g\",\"caption\":\"empiezapori\"}}]}<\/script>\n<!-- \/ Yoast SEO plugin. -->","yoast_head_json":{"title":"L'IMAGINEXTREME BARCELONA PREPARA LA SEVA VII EDICI\u00d3 - Extreme Barcelona","robots":{"index":"index","follow":"follow","max-snippet":"max-snippet:-1","max-image-preview":"max-image-preview:large","max-video-preview":"max-video-preview:-1"},"canonical":"https:\/\/extremebarcelona.com\/ca\/2016\/04\/05\/el-imaginextreme-barcelona-prepara-su-7a-edicion\/","og_locale":"ca_ES","og_type":"article","og_title":"L'IMAGINEXTREME BARCELONA PREPARA LA SEVA VII EDICI\u00d3 - Extreme Barcelona","og_description":"Los action sports han estado a lo largo de los \u00faltimos a\u00f1os muy presentes en Barcelona y este 2016 volver\u00e1n a ser el centro de atenci\u00f3n durante el imaginExtreme Barcelona, que se llevar\u00e1 a cabo los d\u00edas 18 y 19 de junio en el Parc del F\u00f2rum.","og_url":"https:\/\/extremebarcelona.com\/ca\/2016\/04\/05\/el-imaginextreme-barcelona-prepara-su-7a-edicion\/","og_site_name":"Extreme Barcelona","article_published_time":"2016-04-05T12:10:50+00:00","article_modified_time":"2016-04-19T12:01:23+00:00","author":"empiezapori","twitter_card":"summary_large_image","twitter_misc":{"Escrit per":"empiezapori","Temps estimat de lectura":"1 minut"},"schema":{"@context":"https:\/\/schema.org","@graph":[{"@type":"NewsArticle","@id":"https:\/\/extremebarcelona.com\/ca\/2016\/04\/05\/el-imaginextreme-barcelona-prepara-su-7a-edicion\/#article","isPartOf":{"@id":"https:\/\/extremebarcelona.com\/ca\/2016\/04\/05\/el-imaginextreme-barcelona-prepara-su-7a-edicion\/"},"author":{"name":"empiezapori","@id":"https:\/\/extremebarcelona.com\/#\/schema\/person\/2398913d1be5ea2d8b49e51d87537c59"},"headline":"L&#8217;IMAGINEXTREME BARCELONA PREPARA LA SEVA VII EDICI\u00d3","datePublished":"2016-04-05T12:10:50+00:00","dateModified":"2016-04-19T12:01:23+00:00","mainEntityOfPage":{"@id":"https:\/\/extremebarcelona.com\/ca\/2016\/04\/05\/el-imaginextreme-barcelona-prepara-su-7a-edicion\/"},"wordCount":250,"commentCount":0,"publisher":{"@id":"https:\/\/extremebarcelona.com\/#organization"},"inLanguage":"ca","potentialAction":[{"@type":"CommentAction","name":"Comment","target":["https:\/\/extremebarcelona.com\/ca\/2016\/04\/05\/el-imaginextreme-barcelona-prepara-su-7a-edicion\/#respond"]}]},{"@type":"WebPage","@id":"https:\/\/extremebarcelona.com\/ca\/2016\/04\/05\/el-imaginextreme-barcelona-prepara-su-7a-edicion\/","url":"https:\/\/extremebarcelona.com\/ca\/2016\/04\/05\/el-imaginextreme-barcelona-prepara-su-7a-edicion\/","name":"L'IMAGINEXTREME BARCELONA PREPARA LA SEVA VII EDICI\u00d3 - Extreme Barcelona","isPartOf":{"@id":"https:\/\/extremebarcelona.com\/#website"},"datePublished":"2016-04-05T12:10:50+00:00","dateModified":"2016-04-19T12:01:23+00:00","breadcrumb":{"@id":"https:\/\/extremebarcelona.com\/ca\/2016\/04\/05\/el-imaginextreme-barcelona-prepara-su-7a-edicion\/#breadcrumb"},"inLanguage":"ca","potentialAction":[{"@type":"ReadAction","target":["https:\/\/extremebarcelona.com\/ca\/2016\/04\/05\/el-imaginextreme-barcelona-prepara-su-7a-edicion\/"]}]},{"@type":"BreadcrumbList","@id":"https:\/\/extremebarcelona.com\/ca\/2016\/04\/05\/el-imaginextreme-barcelona-prepara-su-7a-edicion\/#breadcrumb","itemListElement":[{"@type":"ListItem","position":1,"name":"Portada","item":"https:\/\/extremebarcelona.com\/"},{"@type":"ListItem","position":2,"name":"L&#8217;IMAGINEXTREME BARCELONA PREPARA LA SEVA VII EDICI\u00d3"}]},{"@type":"WebSite","@id":"https:\/\/extremebarcelona.com\/#website","url":"https:\/\/extremebarcelona.com\/","name":"Extreme Barcelona","description":"Otro sitio realizado con WordPress","publisher":{"@id":"https:\/\/extremebarcelona.com\/#organization"},"potentialAction":[{"@type":"SearchAction","target":{"@type":"EntryPoint","urlTemplate":"https:\/\/extremebarcelona.com\/?s={search_term_string}"},"query-input":{"@type":"PropertyValueSpecification","valueRequired":true,"valueName":"search_term_string"}}],"inLanguage":"ca"},{"@type":"Organization","@id":"https:\/\/extremebarcelona.com\/#organization","name":"Extreme Barcelona","url":"https:\/\/extremebarcelona.com\/","logo":{"@type":"ImageObject","inLanguage":"ca","@id":"https:\/\/extremebarcelona.com\/#\/schema\/logo\/image\/","url":"https:\/\/extremebarcelona.com\/wp-content\/uploads\/2021\/04\/Logo-Extreme-2021.png","contentUrl":"https:\/\/extremebarcelona.com\/wp-content\/uploads\/2021\/04\/Logo-Extreme-2021.png","width":500,"height":500,"caption":"Extreme Barcelona"},"image":{"@id":"https:\/\/extremebarcelona.com\/#\/schema\/logo\/image\/"}},{"@type":"Person","@id":"https:\/\/extremebarcelona.com\/#\/schema\/person\/2398913d1be5ea2d8b49e51d87537c59","name":"empiezapori","image":{"@type":"ImageObject","inLanguage":"ca","@id":"https:\/\/secure.gravatar.com\/avatar\/06822eac34a9a13c7a3823b1fe9799f691895cfb5a841e2a6ae6aea5b0a1c758?s=96&d=mm&r=g","url":"https:\/\/secure.gravatar.com\/avatar\/06822eac34a9a13c7a3823b1fe9799f691895cfb5a841e2a6ae6aea5b0a1c758?s=96&d=mm&r=g","contentUrl":"https:\/\/secure.gravatar.com\/avatar\/06822eac34a9a13c7a3823b1fe9799f691895cfb5a841e2a6ae6aea5b0a1c758?s=96&d=mm&r=g","caption":"empiezapori"}}]}},"_links":{"self":[{"href":"https:\/\/extremebarcelona.com\/ca\/wp-json\/wp\/v2\/posts\/472","targetHints":{"allow":["GET"]}}],"collection":[{"href":"https:\/\/extremebarcelona.com\/ca\/wp-json\/wp\/v2\/posts"}],"about":[{"href":"https:\/\/extremebarcelona.com\/ca\/wp-json\/wp\/v2\/types\/post"}],"author":[{"embeddable":true,"href":"https:\/\/extremebarcelona.com\/ca\/wp-json\/wp\/v2\/users\/1"}],"replies":[{"embeddable":true,"href":"https:\/\/extremebarcelona.com\/ca\/wp-json\/wp\/v2\/comments?post=472"}],"version-history":[{"count":4,"href":"https:\/\/extremebarcelona.com\/ca\/wp-json\/wp\/v2\/posts\/472\/revisions"}],"predecessor-version":[{"id":903,"href":"https:\/\/extremebarcelona.com\/ca\/wp-json\/wp\/v2\/posts\/472\/revisions\/903"}],"wp:attachment":[{"href":"https:\/\/extremebarcelona.com\/ca\/wp-json\/wp\/v2\/media?parent=472"}],"wp:term":[{"taxonomy":"category","embeddable":true,"href":"https:\/\/extremebarcelona.com\/ca\/wp-json\/wp\/v2\/categories?post=472"},{"taxonomy":"post_tag","embeddable":true,"href":"https:\/\/extremebarcelona.com\/ca\/wp-json\/wp\/v2\/tags?post=472"}],"curies":[{"name":"wp","href":"https:\/\/api.w.org\/{rel}","templated":true}]}}