{"id":468,"date":"2016-04-05T12:11:08","date_gmt":"2016-04-05T12:11:08","guid":{"rendered":"https:\/\/extremebarcelona.com\/?p=468&#038;lang=ca"},"modified":"2016-04-19T11:54:28","modified_gmt":"2016-04-19T11:54:28","slug":"el-imaginextreme-barcelona-apoya-al-3stylebcn","status":"publish","type":"post","link":"https:\/\/extremebarcelona.com\/ca\/2016\/04\/05\/el-imaginextreme-barcelona-apoya-al-3stylebcn\/","title":{"rendered":"L&#8217;IMAGINEXTREME BARCELONA RECOLZA EL 3STYLEBCN"},"content":{"rendered":"<p class=\"p1\"><span class=\"s1\">Una de les principals novetats de l\u2019<strong>imaginExtreme Barcelona 2016<\/strong> \u00e9s la seva col\u00b7laboraci\u00f3 amb el projecte 3STYLEBCN. Es tracta d&#8217;una competici\u00f3 de skate que es duu a terme en els tres skateparks de la ciutat: el de <strong>Les Corts, La Mar Bella <\/strong>i<strong> Les Roquetes.<\/strong><\/span><\/p>\n<p class=\"p1\"><span class=\"s1\">Aquest circuit s&#8217;ha creat gr\u00e0cies als Casals de joves dels diferents districtes, amb el suport del Ajuntament de Barcelona, el Consell de l\u2019Esport Escolar de Barcelona, la Fundaci\u00f3 Convivim Esportivament, els equips d&#8217;educadors socials del carrer (APC) i entitats i equipaments municipals juvenils. <\/span><\/p>\n<p class=\"p1\"><span class=\"s1\">Amb aquesta competici\u00f3 es vol desenvolupar la promoci\u00f3 social dels joves mitjan\u00e7ant l&#8217;esport, aix\u00ed com donar l&#8217;oportunitat als riders locals de demostrar el seu potencial. I per aix\u00f2, 3 guanyadors de les proves podran participar en la categoria OPEN de l\u2019imaginExtreme Barcelona del proper 18 i 19 de juny.<\/span><\/p>\n<p class=\"p1\"><span class=\"s1\">S&#8217;ha establert un format b\u00e0sic de competici\u00f3 que posteriorment s&#8217;adapta a cadascuna de les competicions. A m\u00e9s, es divideix als joves en 3 categories:<\/span><\/p>\n<p class=\"p1\"><span class=\"s1\">&#8211; <span style=\"text-decoration: underline;\">Amateur<\/span>: joves entre 12 i 18 anys amb un nivell baix o intermedi<\/span><\/p>\n<p class=\"p1\"><span class=\"s1\">&#8211; <span style=\"text-decoration: underline;\">Pro<\/span>: per a joves entre 12 i 23 anys amb un nivell alt<\/span><\/p>\n<p class=\"p1\"><span class=\"s1\">&#8211; <span style=\"text-decoration: underline;\">Femenina<\/span><\/span><\/p>\n<p class=\"p1\"><span class=\"s1\"><b>Calendari<\/b><\/span><\/p>\n<p class=\"p1\"><span class=\"s1\"><span style=\"text-decoration: underline;\">Primera parada<\/span>: skatepark dels Corts (12 de mar\u00e7)<\/span><\/p>\n<p class=\"p1\"><span class=\"s1\"><span style=\"text-decoration: underline;\">Segona parada<\/span>: skatepark de la Mar Bella (9 d&#8217;abril)<\/span><\/p>\n<p class=\"p1\"><span class=\"s1\"><span style=\"text-decoration: underline;\">Tercera parada<\/span>: skatepark dels Roquetes (28 de maig)<\/span><\/p>\n<p class=\"p1\"><span class=\"s1\">*Aquest calendari est\u00e0 subjecte a possibles canvis per meteorologia.<\/span><\/p>\n","protected":false},"excerpt":{"rendered":"<p>Una de les principals novetats de l\u2019imaginExtreme Barcelona 2016 \u00e9s la seva col\u00b7laboraci\u00f3 amb el projecte 3STYLEBCN. Es tracta d&#8217;una competici\u00f3 de skate que es duu a terme en els tres skateparks de la ciutat: el de Les Corts, La Mar Bella i Les Roquetes. Aquest circuit s&#8217;ha creat gr\u00e0cies als Casals de joves dels [&hellip;]<\/p>\n","protected":false},"author":1,"featured_media":0,"comment_status":"open","ping_status":"open","sticky":false,"template":"","format":"standard","meta":{"_et_pb_use_builder":"","_et_pb_old_content":"","_et_gb_content_width":"","footnotes":""},"categories":[],"tags":[],"class_list":["post-468","post","type-post","status-publish","format-standard","hentry"],"yoast_head":"<!-- This site is optimized with the Yoast SEO plugin v27.2 - https:\/\/yoast.com\/product\/yoast-seo-wordpress\/ -->\n<title>L&#039;IMAGINEXTREME BARCELONA RECOLZA EL 3STYLEBCN - Extreme Barcelona<\/title>\n<meta name=\"robots\" content=\"index, follow, max-snippet:-1, max-image-preview:large, max-video-preview:-1\" \/>\n<link rel=\"canonical\" href=\"https:\/\/extremebarcelona.com\/ca\/2016\/04\/05\/el-imaginextreme-barcelona-apoya-al-3stylebcn\/\" \/>\n<meta property=\"og:locale\" content=\"ca_ES\" \/>\n<meta property=\"og:type\" content=\"article\" \/>\n<meta property=\"og:title\" content=\"L&#039;IMAGINEXTREME BARCELONA RECOLZA EL 3STYLEBCN - Extreme Barcelona\" \/>\n<meta property=\"og:description\" content=\"Una de les principals novetats de l\u2019imaginExtreme Barcelona 2016 \u00e9s la seva col\u00b7laboraci\u00f3 amb el projecte 3STYLEBCN. Es tracta d&#8217;una competici\u00f3 de skate que es duu a terme en els tres skateparks de la ciutat: el de Les Corts, La Mar Bella i Les Roquetes. Aquest circuit s&#8217;ha creat gr\u00e0cies als Casals de joves dels [&hellip;]\" \/>\n<meta property=\"og:url\" content=\"https:\/\/extremebarcelona.com\/ca\/2016\/04\/05\/el-imaginextreme-barcelona-apoya-al-3stylebcn\/\" \/>\n<meta property=\"og:site_name\" content=\"Extreme Barcelona\" \/>\n<meta property=\"article:published_time\" content=\"2016-04-05T12:11:08+00:00\" \/>\n<meta property=\"article:modified_time\" content=\"2016-04-19T11:54:28+00:00\" \/>\n<meta name=\"author\" content=\"empiezapori\" \/>\n<meta name=\"twitter:card\" content=\"summary_large_image\" \/>\n<meta name=\"twitter:label1\" content=\"Escrit per\" \/>\n\t<meta name=\"twitter:data1\" content=\"empiezapori\" \/>\n\t<meta name=\"twitter:label2\" content=\"Temps estimat de lectura\" \/>\n\t<meta name=\"twitter:data2\" content=\"1 minut\" \/>\n<script type=\"application\/ld+json\" class=\"yoast-schema-graph\">{\"@context\":\"https:\/\/schema.org\",\"@graph\":[{\"@type\":\"NewsArticle\",\"@id\":\"https:\/\/extremebarcelona.com\/ca\/2016\/04\/05\/el-imaginextreme-barcelona-apoya-al-3stylebcn\/#article\",\"isPartOf\":{\"@id\":\"https:\/\/extremebarcelona.com\/ca\/2016\/04\/05\/el-imaginextreme-barcelona-apoya-al-3stylebcn\/\"},\"author\":{\"name\":\"empiezapori\",\"@id\":\"https:\/\/extremebarcelona.com\/#\/schema\/person\/2398913d1be5ea2d8b49e51d87537c59\"},\"headline\":\"L&#8217;IMAGINEXTREME BARCELONA RECOLZA EL 3STYLEBCN\",\"datePublished\":\"2016-04-05T12:11:08+00:00\",\"dateModified\":\"2016-04-19T11:54:28+00:00\",\"mainEntityOfPage\":{\"@id\":\"https:\/\/extremebarcelona.com\/ca\/2016\/04\/05\/el-imaginextreme-barcelona-apoya-al-3stylebcn\/\"},\"wordCount\":236,\"commentCount\":0,\"publisher\":{\"@id\":\"https:\/\/extremebarcelona.com\/#organization\"},\"inLanguage\":\"ca\",\"potentialAction\":[{\"@type\":\"CommentAction\",\"name\":\"Comment\",\"target\":[\"https:\/\/extremebarcelona.com\/ca\/2016\/04\/05\/el-imaginextreme-barcelona-apoya-al-3stylebcn\/#respond\"]}]},{\"@type\":\"WebPage\",\"@id\":\"https:\/\/extremebarcelona.com\/ca\/2016\/04\/05\/el-imaginextreme-barcelona-apoya-al-3stylebcn\/\",\"url\":\"https:\/\/extremebarcelona.com\/ca\/2016\/04\/05\/el-imaginextreme-barcelona-apoya-al-3stylebcn\/\",\"name\":\"L'IMAGINEXTREME BARCELONA RECOLZA EL 3STYLEBCN - Extreme Barcelona\",\"isPartOf\":{\"@id\":\"https:\/\/extremebarcelona.com\/#website\"},\"datePublished\":\"2016-04-05T12:11:08+00:00\",\"dateModified\":\"2016-04-19T11:54:28+00:00\",\"breadcrumb\":{\"@id\":\"https:\/\/extremebarcelona.com\/ca\/2016\/04\/05\/el-imaginextreme-barcelona-apoya-al-3stylebcn\/#breadcrumb\"},\"inLanguage\":\"ca\",\"potentialAction\":[{\"@type\":\"ReadAction\",\"target\":[\"https:\/\/extremebarcelona.com\/ca\/2016\/04\/05\/el-imaginextreme-barcelona-apoya-al-3stylebcn\/\"]}]},{\"@type\":\"BreadcrumbList\",\"@id\":\"https:\/\/extremebarcelona.com\/ca\/2016\/04\/05\/el-imaginextreme-barcelona-apoya-al-3stylebcn\/#breadcrumb\",\"itemListElement\":[{\"@type\":\"ListItem\",\"position\":1,\"name\":\"Portada\",\"item\":\"https:\/\/extremebarcelona.com\/\"},{\"@type\":\"ListItem\",\"position\":2,\"name\":\"L&#8217;IMAGINEXTREME BARCELONA RECOLZA EL 3STYLEBCN\"}]},{\"@type\":\"WebSite\",\"@id\":\"https:\/\/extremebarcelona.com\/#website\",\"url\":\"https:\/\/extremebarcelona.com\/\",\"name\":\"Extreme Barcelona\",\"description\":\"Otro sitio realizado con WordPress\",\"publisher\":{\"@id\":\"https:\/\/extremebarcelona.com\/#organization\"},\"potentialAction\":[{\"@type\":\"SearchAction\",\"target\":{\"@type\":\"EntryPoint\",\"urlTemplate\":\"https:\/\/extremebarcelona.com\/?s={search_term_string}\"},\"query-input\":{\"@type\":\"PropertyValueSpecification\",\"valueRequired\":true,\"valueName\":\"search_term_string\"}}],\"inLanguage\":\"ca\"},{\"@type\":\"Organization\",\"@id\":\"https:\/\/extremebarcelona.com\/#organization\",\"name\":\"Extreme Barcelona\",\"url\":\"https:\/\/extremebarcelona.com\/\",\"logo\":{\"@type\":\"ImageObject\",\"inLanguage\":\"ca\",\"@id\":\"https:\/\/extremebarcelona.com\/#\/schema\/logo\/image\/\",\"url\":\"https:\/\/extremebarcelona.com\/wp-content\/uploads\/2021\/04\/Logo-Extreme-2021.png\",\"contentUrl\":\"https:\/\/extremebarcelona.com\/wp-content\/uploads\/2021\/04\/Logo-Extreme-2021.png\",\"width\":500,\"height\":500,\"caption\":\"Extreme Barcelona\"},\"image\":{\"@id\":\"https:\/\/extremebarcelona.com\/#\/schema\/logo\/image\/\"}},{\"@type\":\"Person\",\"@id\":\"https:\/\/extremebarcelona.com\/#\/schema\/person\/2398913d1be5ea2d8b49e51d87537c59\",\"name\":\"empiezapori\",\"image\":{\"@type\":\"ImageObject\",\"inLanguage\":\"ca\",\"@id\":\"https:\/\/secure.gravatar.com\/avatar\/06822eac34a9a13c7a3823b1fe9799f691895cfb5a841e2a6ae6aea5b0a1c758?s=96&d=mm&r=g\",\"url\":\"https:\/\/secure.gravatar.com\/avatar\/06822eac34a9a13c7a3823b1fe9799f691895cfb5a841e2a6ae6aea5b0a1c758?s=96&d=mm&r=g\",\"contentUrl\":\"https:\/\/secure.gravatar.com\/avatar\/06822eac34a9a13c7a3823b1fe9799f691895cfb5a841e2a6ae6aea5b0a1c758?s=96&d=mm&r=g\",\"caption\":\"empiezapori\"}}]}<\/script>\n<!-- \/ Yoast SEO plugin. -->","yoast_head_json":{"title":"L'IMAGINEXTREME BARCELONA RECOLZA EL 3STYLEBCN - Extreme Barcelona","robots":{"index":"index","follow":"follow","max-snippet":"max-snippet:-1","max-image-preview":"max-image-preview:large","max-video-preview":"max-video-preview:-1"},"canonical":"https:\/\/extremebarcelona.com\/ca\/2016\/04\/05\/el-imaginextreme-barcelona-apoya-al-3stylebcn\/","og_locale":"ca_ES","og_type":"article","og_title":"L'IMAGINEXTREME BARCELONA RECOLZA EL 3STYLEBCN - Extreme Barcelona","og_description":"Una de les principals novetats de l\u2019imaginExtreme Barcelona 2016 \u00e9s la seva col\u00b7laboraci\u00f3 amb el projecte 3STYLEBCN. Es tracta d&#8217;una competici\u00f3 de skate que es duu a terme en els tres skateparks de la ciutat: el de Les Corts, La Mar Bella i Les Roquetes. Aquest circuit s&#8217;ha creat gr\u00e0cies als Casals de joves dels [&hellip;]","og_url":"https:\/\/extremebarcelona.com\/ca\/2016\/04\/05\/el-imaginextreme-barcelona-apoya-al-3stylebcn\/","og_site_name":"Extreme Barcelona","article_published_time":"2016-04-05T12:11:08+00:00","article_modified_time":"2016-04-19T11:54:28+00:00","author":"empiezapori","twitter_card":"summary_large_image","twitter_misc":{"Escrit per":"empiezapori","Temps estimat de lectura":"1 minut"},"schema":{"@context":"https:\/\/schema.org","@graph":[{"@type":"NewsArticle","@id":"https:\/\/extremebarcelona.com\/ca\/2016\/04\/05\/el-imaginextreme-barcelona-apoya-al-3stylebcn\/#article","isPartOf":{"@id":"https:\/\/extremebarcelona.com\/ca\/2016\/04\/05\/el-imaginextreme-barcelona-apoya-al-3stylebcn\/"},"author":{"name":"empiezapori","@id":"https:\/\/extremebarcelona.com\/#\/schema\/person\/2398913d1be5ea2d8b49e51d87537c59"},"headline":"L&#8217;IMAGINEXTREME BARCELONA RECOLZA EL 3STYLEBCN","datePublished":"2016-04-05T12:11:08+00:00","dateModified":"2016-04-19T11:54:28+00:00","mainEntityOfPage":{"@id":"https:\/\/extremebarcelona.com\/ca\/2016\/04\/05\/el-imaginextreme-barcelona-apoya-al-3stylebcn\/"},"wordCount":236,"commentCount":0,"publisher":{"@id":"https:\/\/extremebarcelona.com\/#organization"},"inLanguage":"ca","potentialAction":[{"@type":"CommentAction","name":"Comment","target":["https:\/\/extremebarcelona.com\/ca\/2016\/04\/05\/el-imaginextreme-barcelona-apoya-al-3stylebcn\/#respond"]}]},{"@type":"WebPage","@id":"https:\/\/extremebarcelona.com\/ca\/2016\/04\/05\/el-imaginextreme-barcelona-apoya-al-3stylebcn\/","url":"https:\/\/extremebarcelona.com\/ca\/2016\/04\/05\/el-imaginextreme-barcelona-apoya-al-3stylebcn\/","name":"L'IMAGINEXTREME BARCELONA RECOLZA EL 3STYLEBCN - Extreme Barcelona","isPartOf":{"@id":"https:\/\/extremebarcelona.com\/#website"},"datePublished":"2016-04-05T12:11:08+00:00","dateModified":"2016-04-19T11:54:28+00:00","breadcrumb":{"@id":"https:\/\/extremebarcelona.com\/ca\/2016\/04\/05\/el-imaginextreme-barcelona-apoya-al-3stylebcn\/#breadcrumb"},"inLanguage":"ca","potentialAction":[{"@type":"ReadAction","target":["https:\/\/extremebarcelona.com\/ca\/2016\/04\/05\/el-imaginextreme-barcelona-apoya-al-3stylebcn\/"]}]},{"@type":"BreadcrumbList","@id":"https:\/\/extremebarcelona.com\/ca\/2016\/04\/05\/el-imaginextreme-barcelona-apoya-al-3stylebcn\/#breadcrumb","itemListElement":[{"@type":"ListItem","position":1,"name":"Portada","item":"https:\/\/extremebarcelona.com\/"},{"@type":"ListItem","position":2,"name":"L&#8217;IMAGINEXTREME BARCELONA RECOLZA EL 3STYLEBCN"}]},{"@type":"WebSite","@id":"https:\/\/extremebarcelona.com\/#website","url":"https:\/\/extremebarcelona.com\/","name":"Extreme Barcelona","description":"Otro sitio realizado con WordPress","publisher":{"@id":"https:\/\/extremebarcelona.com\/#organization"},"potentialAction":[{"@type":"SearchAction","target":{"@type":"EntryPoint","urlTemplate":"https:\/\/extremebarcelona.com\/?s={search_term_string}"},"query-input":{"@type":"PropertyValueSpecification","valueRequired":true,"valueName":"search_term_string"}}],"inLanguage":"ca"},{"@type":"Organization","@id":"https:\/\/extremebarcelona.com\/#organization","name":"Extreme Barcelona","url":"https:\/\/extremebarcelona.com\/","logo":{"@type":"ImageObject","inLanguage":"ca","@id":"https:\/\/extremebarcelona.com\/#\/schema\/logo\/image\/","url":"https:\/\/extremebarcelona.com\/wp-content\/uploads\/2021\/04\/Logo-Extreme-2021.png","contentUrl":"https:\/\/extremebarcelona.com\/wp-content\/uploads\/2021\/04\/Logo-Extreme-2021.png","width":500,"height":500,"caption":"Extreme Barcelona"},"image":{"@id":"https:\/\/extremebarcelona.com\/#\/schema\/logo\/image\/"}},{"@type":"Person","@id":"https:\/\/extremebarcelona.com\/#\/schema\/person\/2398913d1be5ea2d8b49e51d87537c59","name":"empiezapori","image":{"@type":"ImageObject","inLanguage":"ca","@id":"https:\/\/secure.gravatar.com\/avatar\/06822eac34a9a13c7a3823b1fe9799f691895cfb5a841e2a6ae6aea5b0a1c758?s=96&d=mm&r=g","url":"https:\/\/secure.gravatar.com\/avatar\/06822eac34a9a13c7a3823b1fe9799f691895cfb5a841e2a6ae6aea5b0a1c758?s=96&d=mm&r=g","contentUrl":"https:\/\/secure.gravatar.com\/avatar\/06822eac34a9a13c7a3823b1fe9799f691895cfb5a841e2a6ae6aea5b0a1c758?s=96&d=mm&r=g","caption":"empiezapori"}}]}},"_links":{"self":[{"href":"https:\/\/extremebarcelona.com\/ca\/wp-json\/wp\/v2\/posts\/468","targetHints":{"allow":["GET"]}}],"collection":[{"href":"https:\/\/extremebarcelona.com\/ca\/wp-json\/wp\/v2\/posts"}],"about":[{"href":"https:\/\/extremebarcelona.com\/ca\/wp-json\/wp\/v2\/types\/post"}],"author":[{"embeddable":true,"href":"https:\/\/extremebarcelona.com\/ca\/wp-json\/wp\/v2\/users\/1"}],"replies":[{"embeddable":true,"href":"https:\/\/extremebarcelona.com\/ca\/wp-json\/wp\/v2\/comments?post=468"}],"version-history":[{"count":4,"href":"https:\/\/extremebarcelona.com\/ca\/wp-json\/wp\/v2\/posts\/468\/revisions"}],"predecessor-version":[{"id":895,"href":"https:\/\/extremebarcelona.com\/ca\/wp-json\/wp\/v2\/posts\/468\/revisions\/895"}],"wp:attachment":[{"href":"https:\/\/extremebarcelona.com\/ca\/wp-json\/wp\/v2\/media?parent=468"}],"wp:term":[{"taxonomy":"category","embeddable":true,"href":"https:\/\/extremebarcelona.com\/ca\/wp-json\/wp\/v2\/categories?post=468"},{"taxonomy":"post_tag","embeddable":true,"href":"https:\/\/extremebarcelona.com\/ca\/wp-json\/wp\/v2\/tags?post=468"}],"curies":[{"name":"wp","href":"https:\/\/api.w.org\/{rel}","templated":true}]}}