{"id":4557,"date":"2018-06-09T11:46:55","date_gmt":"2018-06-09T09:46:55","guid":{"rendered":"https:\/\/extremebarcelona.com\/?p=4557"},"modified":"2018-06-08T11:47:33","modified_gmt":"2018-06-08T09:47:33","slug":"mes-competicio-activitats-imagin-extreme","status":"publish","type":"post","link":"https:\/\/extremebarcelona.com\/ca\/2018\/06\/09\/mes-competicio-activitats-imagin-extreme\/","title":{"rendered":"MOLT M\u00c9S QUE COMPETICI\u00d3: ACTIVITATS PER A TOTS ELS GUSTOS A L&#8217;IMAGIN EXTREME BARCELONA"},"content":{"rendered":"<h4><strong>El festival d\u2019action sports i urban lifestyle ofereix activitats com un Open Park, un cable per provar el wakeboard i la RiftAnalyst Cup d\u2019eSports.<\/strong><\/h4>\n<p>&nbsp;<\/p>\n<p>L\u2019<strong>imaginExtreme Barcelona<\/strong> que es celebra el 16 i 17 de juny al Parc del F\u00f2rum vol seguir oferint-vos noves experi\u00e8ncies i ha organitzat moltes <strong>activitats paral\u00b7leles<\/strong>, a m\u00e9s de les competicions estrictament esportives, per no parar de gaudir. Des de Parks de pr\u00e0ctica oberta i possibilitat de <strong>practicar altres esports<\/strong> fins a m\u00fasica i foodtrucks. A m\u00e9s, aquest any s\u2019ha organitzat una competici\u00f3 d\u2019<strong>eSports<\/strong> i podr\u00e0s jugar a League of Legends en uns ordinadors que tindrem preparats al costat del RiftAnalyst Arena.<\/p>\n<p><strong>Activitats per poder practicar action sports<\/strong><\/p>\n<p>Com en altres edicions, aquest any s\u2019ha creat un <strong>Open Park<\/strong> per a que tots pugueu practicar amb el vostre scooter i BMX en un escenari \u00fanic. Al costat d\u2019aquest park estar\u00e0 el <strong>Kids Scooter Park<\/strong>, un recinte reservat per a que els m\u00e9s petit puguin practicar amb el seu scooter impulsat per <strong>Bestial Wolf<\/strong>. La marca d\u2019scooters local disposar\u00e0 d\u2019un espai al costat on es podr\u00e0 comprar i personalitzar el scooter durant tot el cap de setmana. A m\u00e9s, a la zona de la placa fotovoltaica s\u2019est\u00e0 organitzant una activitat de <strong>longboard<\/strong> per practicar slalom y slides.<\/p>\n<p>&nbsp;<\/p>\n<p><img loading=\"lazy\" decoding=\"async\" class=\"aligncenter size-medium wp-image-4549\" src=\"https:\/\/extremebarcelona.com\/wp-content\/uploads\/2018\/06\/galeria-activitats-2-300x200.jpg\" alt=\"open park imaginextreme\" width=\"300\" height=\"200\" srcset=\"https:\/\/extremebarcelona.com\/wp-content\/uploads\/2018\/06\/galeria-activitats-2-300x200.jpg 300w, https:\/\/extremebarcelona.com\/wp-content\/uploads\/2018\/06\/galeria-activitats-2.jpg 500w\" sizes=\"(max-width: 300px) 100vw, 300px\" \/><\/p>\n<p>&nbsp;<\/p>\n<p>A la zona d\u2019aigua es podr\u00e0 practicar <strong>wakeboard<\/strong> en un dels cables que s\u2019obrir\u00e0 per a que tothom pugui provar aquest esport sense cost al costat d\u2019on competiran els pros. A la mateixa \u00e0rea hi haur\u00e0 un espai dedicat al bany que estar\u00e0 a prop de l\u2019escenari de <strong>Rockzone<\/strong> i una zona per relaxar-se i descansar a l\u2019ombra.<\/p>\n<p>Finalment, a la <strong>Chill Plaza,<\/strong> l\u2019entrada del recinte, es realitzaran diferent activitats d\u2019urban lifestyle com l\u2019<strong>slackline<\/strong>, el p<strong>arkour<\/strong> i la <strong>mini ramp<\/strong> i es podr\u00e0 gaudir d\u2019una zona d\u2019urban art. A m\u00e9s, entre el Central Park i l\u2019Street Park es podr\u00e0 descansar i reposar forces comprant menjar als foodtrucks i actualitzar l\u2019armari al<strong> market<\/strong> amb botigues del sector.<\/p>\n<p><strong>Els eSports arriben a l\u2019imaginExtreme<\/strong><\/p>\n<p>Com ja us vam anunciar, aquest primer any per primer cop s\u2019organitza la <strong>RiftAnalyst Cup<\/strong>, en el marc del Circuit Tempesta. Aquesta primera parada est\u00e0 organitzada per Fluendo, l\u2019empresa desenvolupadora de RiftAnalyst que va crear una eina d\u2019an\u00e0lisis complet de <strong>League of Legends (Lol)<\/strong>. Al costat de la RiftAnalyst Arena tamb\u00e9 hi haur\u00e0 nua zona amb 10 ordinadors per poder jugar al costat dels jugadors que participen en aquesta competici\u00f3.<\/p>\n<p>&nbsp;<\/p>\n<p><img loading=\"lazy\" decoding=\"async\" class=\"aligncenter size-medium wp-image-4548\" src=\"https:\/\/extremebarcelona.com\/wp-content\/uploads\/2018\/06\/galeria-activitats-1-300x200.jpg\" alt=\"RIFTANALYST CUP\" width=\"300\" height=\"200\" srcset=\"https:\/\/extremebarcelona.com\/wp-content\/uploads\/2018\/06\/galeria-activitats-1-300x200.jpg 300w, https:\/\/extremebarcelona.com\/wp-content\/uploads\/2018\/06\/galeria-activitats-1.jpg 500w\" sizes=\"(max-width: 300px) 100vw, 300px\" \/><\/p>\n<p>&nbsp;<\/p>\n<p>L\u2019escenari de la RiftAnalyst Cup estar\u00e0 a l\u2019entrada del recinte de l\u2019imaginExtreme Barcelona i tindr\u00e0 una capacitat per <strong>500 espectadors<\/strong>. En aquesta primera edici\u00f3 es van inscriure 210 equips de 5 persones cadascun per poder participar al torneig online el mes de maig. D\u2019aquest classificatori online surten els 8 equips que viatjaran a la final presencial de Barcelona i es sabr\u00e0 qui son els 3 millors equips de la RiftAnalyst Cup.<\/p>\n<p><a href=\"https:\/\/proticketing.com\/extremebarcelonatickets\/es_ES\/entradas\/evento\/9680\" target=\"_blank\" rel=\"noopener\"><strong>Compra la teva entrada\u00a0<\/strong><\/a>ara per gaudir de l\u2019activitat fren\u00e8tica de l\u2019imaginExtreme Barcelona 2018.<\/p>\n","protected":false},"excerpt":{"rendered":"<p>El festival d\u2019action sports i urban lifestyle ofereix activitats com un Open Park, un cable per provar el wakeboard i la RiftAnalyst Cup d\u2019eSports. &nbsp; L\u2019imaginExtreme Barcelona que es celebra el 16 i 17 de juny al Parc del F\u00f2rum vol seguir oferint-vos noves experi\u00e8ncies i ha organitzat moltes activitats paral\u00b7leles, a m\u00e9s de les [&hellip;]<\/p>\n","protected":false},"author":8,"featured_media":4541,"comment_status":"closed","ping_status":"closed","sticky":false,"template":"","format":"standard","meta":{"_et_pb_use_builder":"","_et_pb_old_content":"","_et_gb_content_width":"","footnotes":""},"categories":[20],"tags":[221,271,93,276,185,273,186,264,272,275,274],"class_list":["post-4557","post","type-post","status-publish","format-standard","has-post-thumbnail","hentry","category-noticies","tag-221","tag-activitats","tag-barcelona-ca","tag-esports","tag-extreme-ca","tag-graffiti","tag-imaginextreme-ca","tag-musica-ca","tag-parkour","tag-slackline","tag-urban-art"],"yoast_head":"<!-- This site is optimized with the Yoast SEO plugin v27.2 - https:\/\/yoast.com\/product\/yoast-seo-wordpress\/ -->\n<title>MOLT M\u00c9S QUE COMPETICI\u00d3: ACTIVITATS A L&#039;IMAGIN EXTREME<\/title>\n<meta name=\"description\" content=\"L\u2019imaginExtreme Barcelona ha organitzat moltes activitats paral\u00b7leles, a m\u00e9s de les competicions estrictament esportives, per no parar de gaudir.\" \/>\n<meta name=\"robots\" content=\"index, follow, max-snippet:-1, max-image-preview:large, max-video-preview:-1\" \/>\n<link rel=\"canonical\" href=\"https:\/\/extremebarcelona.com\/ca\/2018\/06\/09\/mes-competicio-activitats-imagin-extreme\/\" \/>\n<meta property=\"og:locale\" content=\"ca_ES\" \/>\n<meta property=\"og:type\" content=\"article\" \/>\n<meta property=\"og:title\" content=\"MOLT M\u00c9S QUE COMPETICI\u00d3: ACTIVITATS A L&#039;IMAGIN EXTREME\" \/>\n<meta property=\"og:description\" content=\"L\u2019imaginExtreme Barcelona ha organitzat moltes activitats paral\u00b7leles, a m\u00e9s de les competicions estrictament esportives, per no parar de gaudir.\" \/>\n<meta property=\"og:url\" content=\"https:\/\/extremebarcelona.com\/ca\/2018\/06\/09\/mes-competicio-activitats-imagin-extreme\/\" \/>\n<meta property=\"og:site_name\" content=\"Extreme Barcelona\" \/>\n<meta property=\"article:published_time\" content=\"2018-06-09T09:46:55+00:00\" \/>\n<meta property=\"og:image\" content=\"https:\/\/extremebarcelona.com\/wp-content\/uploads\/2018\/06\/portada-activitats.jpg\" \/>\n\t<meta property=\"og:image:width\" content=\"5184\" \/>\n\t<meta property=\"og:image:height\" content=\"3456\" \/>\n\t<meta property=\"og:image:type\" content=\"image\/jpeg\" \/>\n<meta name=\"author\" content=\"UWS\" \/>\n<meta name=\"twitter:card\" content=\"summary_large_image\" \/>\n<meta name=\"twitter:label1\" content=\"Escrit per\" \/>\n\t<meta name=\"twitter:data1\" content=\"UWS\" \/>\n\t<meta name=\"twitter:label2\" content=\"Temps estimat de lectura\" \/>\n\t<meta name=\"twitter:data2\" content=\"3 minuts\" \/>\n<script type=\"application\/ld+json\" class=\"yoast-schema-graph\">{\"@context\":\"https:\/\/schema.org\",\"@graph\":[{\"@type\":\"NewsArticle\",\"@id\":\"https:\/\/extremebarcelona.com\/ca\/2018\/06\/09\/mes-competicio-activitats-imagin-extreme\/#article\",\"isPartOf\":{\"@id\":\"https:\/\/extremebarcelona.com\/ca\/2018\/06\/09\/mes-competicio-activitats-imagin-extreme\/\"},\"author\":{\"name\":\"UWS\",\"@id\":\"https:\/\/extremebarcelona.com\/#\/schema\/person\/84bb7d2facd51100910ca1df9186891e\"},\"headline\":\"MOLT M\u00c9S QUE COMPETICI\u00d3: ACTIVITATS PER A TOTS ELS GUSTOS A L&#8217;IMAGIN EXTREME BARCELONA\",\"datePublished\":\"2018-06-09T09:46:55+00:00\",\"mainEntityOfPage\":{\"@id\":\"https:\/\/extremebarcelona.com\/ca\/2018\/06\/09\/mes-competicio-activitats-imagin-extreme\/\"},\"wordCount\":543,\"publisher\":{\"@id\":\"https:\/\/extremebarcelona.com\/#organization\"},\"image\":{\"@id\":\"https:\/\/extremebarcelona.com\/ca\/2018\/06\/09\/mes-competicio-activitats-imagin-extreme\/#primaryimage\"},\"thumbnailUrl\":\"https:\/\/extremebarcelona.com\/wp-content\/uploads\/2018\/06\/portada-activitats.jpg\",\"keywords\":[\"2018\",\"activitats\",\"barcelona\",\"esports\",\"extreme\",\"graffiti\",\"imaginExtreme\",\"musica\",\"parkour\",\"slackline\",\"urban art\"],\"articleSection\":[\"Noticies\"],\"inLanguage\":\"ca\"},{\"@type\":\"WebPage\",\"@id\":\"https:\/\/extremebarcelona.com\/ca\/2018\/06\/09\/mes-competicio-activitats-imagin-extreme\/\",\"url\":\"https:\/\/extremebarcelona.com\/ca\/2018\/06\/09\/mes-competicio-activitats-imagin-extreme\/\",\"name\":\"MOLT M\u00c9S QUE COMPETICI\u00d3: ACTIVITATS A L'IMAGIN EXTREME\",\"isPartOf\":{\"@id\":\"https:\/\/extremebarcelona.com\/#website\"},\"primaryImageOfPage\":{\"@id\":\"https:\/\/extremebarcelona.com\/ca\/2018\/06\/09\/mes-competicio-activitats-imagin-extreme\/#primaryimage\"},\"image\":{\"@id\":\"https:\/\/extremebarcelona.com\/ca\/2018\/06\/09\/mes-competicio-activitats-imagin-extreme\/#primaryimage\"},\"thumbnailUrl\":\"https:\/\/extremebarcelona.com\/wp-content\/uploads\/2018\/06\/portada-activitats.jpg\",\"datePublished\":\"2018-06-09T09:46:55+00:00\",\"description\":\"L\u2019imaginExtreme Barcelona ha organitzat moltes activitats paral\u00b7leles, a m\u00e9s de les competicions estrictament esportives, per no parar de gaudir.\",\"breadcrumb\":{\"@id\":\"https:\/\/extremebarcelona.com\/ca\/2018\/06\/09\/mes-competicio-activitats-imagin-extreme\/#breadcrumb\"},\"inLanguage\":\"ca\",\"potentialAction\":[{\"@type\":\"ReadAction\",\"target\":[\"https:\/\/extremebarcelona.com\/ca\/2018\/06\/09\/mes-competicio-activitats-imagin-extreme\/\"]}]},{\"@type\":\"ImageObject\",\"inLanguage\":\"ca\",\"@id\":\"https:\/\/extremebarcelona.com\/ca\/2018\/06\/09\/mes-competicio-activitats-imagin-extreme\/#primaryimage\",\"url\":\"https:\/\/extremebarcelona.com\/wp-content\/uploads\/2018\/06\/portada-activitats.jpg\",\"contentUrl\":\"https:\/\/extremebarcelona.com\/wp-content\/uploads\/2018\/06\/portada-activitats.jpg\",\"width\":\"5184\",\"height\":\"3456\",\"caption\":\"activitat parkour imaginExtreme barcelona\"},{\"@type\":\"BreadcrumbList\",\"@id\":\"https:\/\/extremebarcelona.com\/ca\/2018\/06\/09\/mes-competicio-activitats-imagin-extreme\/#breadcrumb\",\"itemListElement\":[{\"@type\":\"ListItem\",\"position\":1,\"name\":\"Portada\",\"item\":\"https:\/\/extremebarcelona.com\/\"},{\"@type\":\"ListItem\",\"position\":2,\"name\":\"MOLT M\u00c9S QUE COMPETICI\u00d3: ACTIVITATS PER A TOTS ELS GUSTOS A L&#8217;IMAGIN EXTREME BARCELONA\"}]},{\"@type\":\"WebSite\",\"@id\":\"https:\/\/extremebarcelona.com\/#website\",\"url\":\"https:\/\/extremebarcelona.com\/\",\"name\":\"Extreme Barcelona\",\"description\":\"Otro sitio realizado con WordPress\",\"publisher\":{\"@id\":\"https:\/\/extremebarcelona.com\/#organization\"},\"potentialAction\":[{\"@type\":\"SearchAction\",\"target\":{\"@type\":\"EntryPoint\",\"urlTemplate\":\"https:\/\/extremebarcelona.com\/?s={search_term_string}\"},\"query-input\":{\"@type\":\"PropertyValueSpecification\",\"valueRequired\":true,\"valueName\":\"search_term_string\"}}],\"inLanguage\":\"ca\"},{\"@type\":\"Organization\",\"@id\":\"https:\/\/extremebarcelona.com\/#organization\",\"name\":\"Extreme Barcelona\",\"url\":\"https:\/\/extremebarcelona.com\/\",\"logo\":{\"@type\":\"ImageObject\",\"inLanguage\":\"ca\",\"@id\":\"https:\/\/extremebarcelona.com\/#\/schema\/logo\/image\/\",\"url\":\"https:\/\/extremebarcelona.com\/wp-content\/uploads\/2021\/04\/Logo-Extreme-2021.png\",\"contentUrl\":\"https:\/\/extremebarcelona.com\/wp-content\/uploads\/2021\/04\/Logo-Extreme-2021.png\",\"width\":500,\"height\":500,\"caption\":\"Extreme Barcelona\"},\"image\":{\"@id\":\"https:\/\/extremebarcelona.com\/#\/schema\/logo\/image\/\"}},{\"@type\":\"Person\",\"@id\":\"https:\/\/extremebarcelona.com\/#\/schema\/person\/84bb7d2facd51100910ca1df9186891e\",\"name\":\"UWS\",\"image\":{\"@type\":\"ImageObject\",\"inLanguage\":\"ca\",\"@id\":\"https:\/\/secure.gravatar.com\/avatar\/41b930374ee41e318f6457172bd2f6e300b1872879ecb443d692bea8dad136f9?s=96&d=mm&r=g\",\"url\":\"https:\/\/secure.gravatar.com\/avatar\/41b930374ee41e318f6457172bd2f6e300b1872879ecb443d692bea8dad136f9?s=96&d=mm&r=g\",\"contentUrl\":\"https:\/\/secure.gravatar.com\/avatar\/41b930374ee41e318f6457172bd2f6e300b1872879ecb443d692bea8dad136f9?s=96&d=mm&r=g\",\"caption\":\"UWS\"}}]}<\/script>\n<!-- \/ Yoast SEO plugin. -->","yoast_head_json":{"title":"MOLT M\u00c9S QUE COMPETICI\u00d3: ACTIVITATS A L'IMAGIN EXTREME","description":"L\u2019imaginExtreme Barcelona ha organitzat moltes activitats paral\u00b7leles, a m\u00e9s de les competicions estrictament esportives, per no parar de gaudir.","robots":{"index":"index","follow":"follow","max-snippet":"max-snippet:-1","max-image-preview":"max-image-preview:large","max-video-preview":"max-video-preview:-1"},"canonical":"https:\/\/extremebarcelona.com\/ca\/2018\/06\/09\/mes-competicio-activitats-imagin-extreme\/","og_locale":"ca_ES","og_type":"article","og_title":"MOLT M\u00c9S QUE COMPETICI\u00d3: ACTIVITATS A L'IMAGIN EXTREME","og_description":"L\u2019imaginExtreme Barcelona ha organitzat moltes activitats paral\u00b7leles, a m\u00e9s de les competicions estrictament esportives, per no parar de gaudir.","og_url":"https:\/\/extremebarcelona.com\/ca\/2018\/06\/09\/mes-competicio-activitats-imagin-extreme\/","og_site_name":"Extreme Barcelona","article_published_time":"2018-06-09T09:46:55+00:00","og_image":[{"width":5184,"height":3456,"url":"https:\/\/extremebarcelona.com\/wp-content\/uploads\/2018\/06\/portada-activitats.jpg","type":"image\/jpeg"}],"author":"UWS","twitter_card":"summary_large_image","twitter_misc":{"Escrit per":"UWS","Temps estimat de lectura":"3 minuts"},"schema":{"@context":"https:\/\/schema.org","@graph":[{"@type":"NewsArticle","@id":"https:\/\/extremebarcelona.com\/ca\/2018\/06\/09\/mes-competicio-activitats-imagin-extreme\/#article","isPartOf":{"@id":"https:\/\/extremebarcelona.com\/ca\/2018\/06\/09\/mes-competicio-activitats-imagin-extreme\/"},"author":{"name":"UWS","@id":"https:\/\/extremebarcelona.com\/#\/schema\/person\/84bb7d2facd51100910ca1df9186891e"},"headline":"MOLT M\u00c9S QUE COMPETICI\u00d3: ACTIVITATS PER A TOTS ELS GUSTOS A L&#8217;IMAGIN EXTREME BARCELONA","datePublished":"2018-06-09T09:46:55+00:00","mainEntityOfPage":{"@id":"https:\/\/extremebarcelona.com\/ca\/2018\/06\/09\/mes-competicio-activitats-imagin-extreme\/"},"wordCount":543,"publisher":{"@id":"https:\/\/extremebarcelona.com\/#organization"},"image":{"@id":"https:\/\/extremebarcelona.com\/ca\/2018\/06\/09\/mes-competicio-activitats-imagin-extreme\/#primaryimage"},"thumbnailUrl":"https:\/\/extremebarcelona.com\/wp-content\/uploads\/2018\/06\/portada-activitats.jpg","keywords":["2018","activitats","barcelona","esports","extreme","graffiti","imaginExtreme","musica","parkour","slackline","urban art"],"articleSection":["Noticies"],"inLanguage":"ca"},{"@type":"WebPage","@id":"https:\/\/extremebarcelona.com\/ca\/2018\/06\/09\/mes-competicio-activitats-imagin-extreme\/","url":"https:\/\/extremebarcelona.com\/ca\/2018\/06\/09\/mes-competicio-activitats-imagin-extreme\/","name":"MOLT M\u00c9S QUE COMPETICI\u00d3: ACTIVITATS A L'IMAGIN EXTREME","isPartOf":{"@id":"https:\/\/extremebarcelona.com\/#website"},"primaryImageOfPage":{"@id":"https:\/\/extremebarcelona.com\/ca\/2018\/06\/09\/mes-competicio-activitats-imagin-extreme\/#primaryimage"},"image":{"@id":"https:\/\/extremebarcelona.com\/ca\/2018\/06\/09\/mes-competicio-activitats-imagin-extreme\/#primaryimage"},"thumbnailUrl":"https:\/\/extremebarcelona.com\/wp-content\/uploads\/2018\/06\/portada-activitats.jpg","datePublished":"2018-06-09T09:46:55+00:00","description":"L\u2019imaginExtreme Barcelona ha organitzat moltes activitats paral\u00b7leles, a m\u00e9s de les competicions estrictament esportives, per no parar de gaudir.","breadcrumb":{"@id":"https:\/\/extremebarcelona.com\/ca\/2018\/06\/09\/mes-competicio-activitats-imagin-extreme\/#breadcrumb"},"inLanguage":"ca","potentialAction":[{"@type":"ReadAction","target":["https:\/\/extremebarcelona.com\/ca\/2018\/06\/09\/mes-competicio-activitats-imagin-extreme\/"]}]},{"@type":"ImageObject","inLanguage":"ca","@id":"https:\/\/extremebarcelona.com\/ca\/2018\/06\/09\/mes-competicio-activitats-imagin-extreme\/#primaryimage","url":"https:\/\/extremebarcelona.com\/wp-content\/uploads\/2018\/06\/portada-activitats.jpg","contentUrl":"https:\/\/extremebarcelona.com\/wp-content\/uploads\/2018\/06\/portada-activitats.jpg","width":"5184","height":"3456","caption":"activitat parkour imaginExtreme barcelona"},{"@type":"BreadcrumbList","@id":"https:\/\/extremebarcelona.com\/ca\/2018\/06\/09\/mes-competicio-activitats-imagin-extreme\/#breadcrumb","itemListElement":[{"@type":"ListItem","position":1,"name":"Portada","item":"https:\/\/extremebarcelona.com\/"},{"@type":"ListItem","position":2,"name":"MOLT M\u00c9S QUE COMPETICI\u00d3: ACTIVITATS PER A TOTS ELS GUSTOS A L&#8217;IMAGIN EXTREME BARCELONA"}]},{"@type":"WebSite","@id":"https:\/\/extremebarcelona.com\/#website","url":"https:\/\/extremebarcelona.com\/","name":"Extreme Barcelona","description":"Otro sitio realizado con WordPress","publisher":{"@id":"https:\/\/extremebarcelona.com\/#organization"},"potentialAction":[{"@type":"SearchAction","target":{"@type":"EntryPoint","urlTemplate":"https:\/\/extremebarcelona.com\/?s={search_term_string}"},"query-input":{"@type":"PropertyValueSpecification","valueRequired":true,"valueName":"search_term_string"}}],"inLanguage":"ca"},{"@type":"Organization","@id":"https:\/\/extremebarcelona.com\/#organization","name":"Extreme Barcelona","url":"https:\/\/extremebarcelona.com\/","logo":{"@type":"ImageObject","inLanguage":"ca","@id":"https:\/\/extremebarcelona.com\/#\/schema\/logo\/image\/","url":"https:\/\/extremebarcelona.com\/wp-content\/uploads\/2021\/04\/Logo-Extreme-2021.png","contentUrl":"https:\/\/extremebarcelona.com\/wp-content\/uploads\/2021\/04\/Logo-Extreme-2021.png","width":500,"height":500,"caption":"Extreme Barcelona"},"image":{"@id":"https:\/\/extremebarcelona.com\/#\/schema\/logo\/image\/"}},{"@type":"Person","@id":"https:\/\/extremebarcelona.com\/#\/schema\/person\/84bb7d2facd51100910ca1df9186891e","name":"UWS","image":{"@type":"ImageObject","inLanguage":"ca","@id":"https:\/\/secure.gravatar.com\/avatar\/41b930374ee41e318f6457172bd2f6e300b1872879ecb443d692bea8dad136f9?s=96&d=mm&r=g","url":"https:\/\/secure.gravatar.com\/avatar\/41b930374ee41e318f6457172bd2f6e300b1872879ecb443d692bea8dad136f9?s=96&d=mm&r=g","contentUrl":"https:\/\/secure.gravatar.com\/avatar\/41b930374ee41e318f6457172bd2f6e300b1872879ecb443d692bea8dad136f9?s=96&d=mm&r=g","caption":"UWS"}}]}},"_links":{"self":[{"href":"https:\/\/extremebarcelona.com\/ca\/wp-json\/wp\/v2\/posts\/4557","targetHints":{"allow":["GET"]}}],"collection":[{"href":"https:\/\/extremebarcelona.com\/ca\/wp-json\/wp\/v2\/posts"}],"about":[{"href":"https:\/\/extremebarcelona.com\/ca\/wp-json\/wp\/v2\/types\/post"}],"author":[{"embeddable":true,"href":"https:\/\/extremebarcelona.com\/ca\/wp-json\/wp\/v2\/users\/8"}],"replies":[{"embeddable":true,"href":"https:\/\/extremebarcelona.com\/ca\/wp-json\/wp\/v2\/comments?post=4557"}],"version-history":[{"count":4,"href":"https:\/\/extremebarcelona.com\/ca\/wp-json\/wp\/v2\/posts\/4557\/revisions"}],"predecessor-version":[{"id":4561,"href":"https:\/\/extremebarcelona.com\/ca\/wp-json\/wp\/v2\/posts\/4557\/revisions\/4561"}],"wp:featuredmedia":[{"embeddable":true,"href":"https:\/\/extremebarcelona.com\/ca\/wp-json\/wp\/v2\/media\/4541"}],"wp:attachment":[{"href":"https:\/\/extremebarcelona.com\/ca\/wp-json\/wp\/v2\/media?parent=4557"}],"wp:term":[{"taxonomy":"category","embeddable":true,"href":"https:\/\/extremebarcelona.com\/ca\/wp-json\/wp\/v2\/categories?post=4557"},{"taxonomy":"post_tag","embeddable":true,"href":"https:\/\/extremebarcelona.com\/ca\/wp-json\/wp\/v2\/tags?post=4557"}],"curies":[{"name":"wp","href":"https:\/\/api.w.org\/{rel}","templated":true}]}}