{"id":4431,"date":"2018-06-04T19:33:19","date_gmt":"2018-06-04T17:33:19","guid":{"rendered":"https:\/\/extremebarcelona.com\/?p=4431"},"modified":"2018-06-04T19:36:10","modified_gmt":"2018-06-04T17:36:10","slug":"les-activitats-i-descomptes-de-imaginbank","status":"publish","type":"post","link":"https:\/\/extremebarcelona.com\/ca\/2018\/06\/04\/les-activitats-i-descomptes-de-imaginbank\/","title":{"rendered":"LES ACTIVITATS I DESCOMPTES D&#8217;IMAGINBANK PER A L&#8217;IMAGIN EXTREME BARCELONA"},"content":{"rendered":"<ul>\n<li>\n<h3><strong>L&#8217;imaginExtreme Barcelona es celebra el proper 16 i 17 de juny al Parc del F\u00f2rum.<\/strong><\/h3>\n<\/li>\n<li>\n<h3><strong>Aquesta edici\u00f3 se celebren 10 anys des de la primera cita de l&#8217;esdeveniment esportiu i per aquest motiu, comptem amb un munt d&#8217;ofertes que no pots deixar escapar.<\/strong><\/h3>\n<\/li>\n<\/ul>\n<p>Per tercer any consecutiu <a href=\"https:\/\/www.imaginbank.com\/domicilia-nomina_es.html?eml=eml:nc-imaginextreme\" target=\"_blank\" rel=\"noopener\"><strong>imaginBank<\/strong><\/a> segueix donant suport a l&#8217;imaginExtreme Barcelona, \u200b\u200bencara que de fet la banca porta darrere del festival molts anys m\u00e9s. Gr\u00e0cies a aquest acord imaginExtreme segueix consolidant-se com esdeveniment d&#8217;action sports de refer\u00e8ncia a Europa i tu pots beneficiar-te d&#8217;ofertes exclusives. A m\u00e9s, gr\u00e0cies a <a href=\"https:\/\/www.imagin.cafe\/?eml=eml:nc-imaginextreme\" target=\"_blank\" rel=\"noopener\">l&#8217;imaginCaf\u00e9<\/a> podr\u00e0s gaudir de promocions exclusives.<\/p>\n<p><strong>Promoci\u00f3 exclusiva per a clients imaginBank<\/strong><\/p>\n<p>Els clients d&#8217;imaginBank que vulguin assistir a l&#8217;imaginExtreme Barcelona 2018 poden aprofitar un <a href=\"https:\/\/proticketing.com\/extremebarcelonatickets\/es_ES\/entradas\/evento\/9680\" target=\"_blank\" rel=\"noopener\"><strong>40% de descompte<\/strong><\/a> en la compra de les seves entrades o abonaments per al festival. Per obtenir aquesta rebaixa nom\u00e9s has d&#8217;introduir el teu n\u00famero de targeta imaginBank perqu\u00e8 se&#8217;t pugui aplicar el descompte un cop compris l&#8217;entrada a la p\u00e0gina web.<\/p>\n<p>Entre totes les persones que comprin l&#8217;entrada amb aquest descompte es sortejar\u00e0 un Huawei HONOR 10. L<strong>a data l\u00edmit per entrar en el sorteig \u00e9s el 15 de juny.<\/strong><\/p>\n<p><strong>500 entrades gratu\u00eftes a imaginCaf\u00e9<\/strong><\/p>\n<p>A m\u00e9s, gr\u00e0cies a imaginBank, el patrocinador oficial del festival d&#8217;action sports, pots anar gratis a l&#8217;imaginExtreme Barcelona 2018. Pots aconseguir una de les<a href=\"https:\/\/www.imagin.cafe\/web\/guest\/agenda\/regalamos-entradas-imaginextreme-barcelona\" target=\"_blank\" rel=\"noopener\"><strong> 500 entrades gratu\u00eftes<\/strong><\/a> que regalen imaginBank i <strong>imaginCaf\u00e9. <\/strong>Ells\u00a0et conviden a gaudir de les activitats de dissabte al Parc del F\u00f2rum. Per aconseguir una de les entrades nom\u00e9s has d&#8217;entrar al web de imaginCaf\u00e9 i registrar-te com <strong>&#8220;imaginer&#8221;<\/strong> o entrar amb el teu usuari i contrasenya. Un cop el tinguis fet, nom\u00e9s haur\u00e0s de sol\u00b7licitar la teva entrada i recollir-la a l&#8217;imaginCafe.<\/p>\n<p><strong>Masterclass de fotografia<\/strong><\/p>\n<p>El proper 14 de juny imaginBank organitza juntament amb l&#8217;imaginExtreme Barcelona una masterclass de fotografia d&#8217;action sports per a 20 persones amb <strong>Miguel Triano i Pol Ace\u00f1a<\/strong>, de 19h a 21h a l&#8217;imaginCaf\u00e9. Durant aquesta sessi\u00f3-col\u00b7loqui els, fot\u00f2grafs d&#8217;esport professional, explicaran les seves experi\u00e8ncies en aquest sector, ensenyaran els seus treballs i es podr\u00e0 preguntar i debatre entre tots per poder millorar els coneixements dels assistents. Si vols ser un dels 20 afortunats, nom\u00e9s has d&#8217;entrar al web de imaginCaf\u00e9 i <a href=\"https:\/\/www.imagin.cafe\/web\/guest\/agenda\/masterclass-fotografia-miguel-triano\" target=\"_blank\" rel=\"noopener\"><strong>registrar-te per l&#8217;activitat<\/strong><\/a>. Per a aix\u00f2 pots identificar-te com a client de imaginBank o registrar-te com imaginer en adquirir la teva entrada.<\/p>\n<p>Tamb\u00e9 pots adquirir la teva<a href=\"https:\/\/proticketing.com\/extremebarcelonatickets\/es_ES\/entradas\/evento\/9680\/session\/558158\/select\" target=\"_blank\" rel=\"noopener\"><strong> entrada COMBO<\/strong><\/a> per gaudir d&#8217;un cap de setmana d&#8217;activitat fren\u00e8tica a l&#8217;imaginExtreme Barcelona, \u200b\u200btenir una nit inoblidable al festival Afterlife de l&#8217;OFF AT FORUM i escollir entre dos models limitats de la marca Northweek fetes exclusivament per a l&#8217;imaginExtreme Barcelona 2018.<\/p>\n","protected":false},"excerpt":{"rendered":"<p>L&#8217;imaginExtreme Barcelona es celebra el proper 16 i 17 de juny al Parc del F\u00f2rum. Aquesta edici\u00f3 se celebren 10 anys des de la primera cita de l&#8217;esdeveniment esportiu i per aquest motiu, comptem amb un munt d&#8217;ofertes que no pots deixar escapar. Per tercer any consecutiu imaginBank segueix donant suport a l&#8217;imaginExtreme Barcelona, \u200b\u200bencara [&hellip;]<\/p>\n","protected":false},"author":8,"featured_media":0,"comment_status":"closed","ping_status":"closed","sticky":false,"template":"","format":"standard","meta":{"_et_pb_use_builder":"","_et_pb_old_content":"","_et_gb_content_width":"","footnotes":""},"categories":[],"tags":[121,47,151],"class_list":["post-4431","post","type-post","status-publish","format-standard","hentry","tag-actio-sports-ca","tag-extreme-barcelona","tag-imagin"],"yoast_head":"<!-- This site is optimized with the Yoast SEO plugin v27.2 - https:\/\/yoast.com\/product\/yoast-seo-wordpress\/ -->\n<title>Els descomptes d&#039;imaginBank per l&#039;imaginExtreme Barcelona 2018<\/title>\n<meta name=\"description\" content=\"Per tercer any consecutiu imaginBank segueix donant suport al imaginExtreme Barcelona, \u200b\u200bencara que de fet la banca porta darrere del festival molts anys m\u00e9s. Gr\u00e0cies a aquest acord imaginExtreme segueix consolidant-se com esdeveniment d&#039;action sports de refer\u00e8ncia a Europa i tu pots beneficiar-te d&#039;ofertes exclusives.\" \/>\n<meta name=\"robots\" content=\"index, follow, max-snippet:-1, max-image-preview:large, max-video-preview:-1\" \/>\n<link rel=\"canonical\" href=\"https:\/\/extremebarcelona.com\/ca\/2018\/06\/04\/les-activitats-i-descomptes-de-imaginbank\/\" \/>\n<meta property=\"og:locale\" content=\"ca_ES\" \/>\n<meta property=\"og:type\" content=\"article\" \/>\n<meta property=\"og:title\" content=\"Els descomptes d&#039;imaginBank per l&#039;imaginExtreme Barcelona 2018\" \/>\n<meta property=\"og:description\" content=\"Per tercer any consecutiu imaginBank segueix donant suport al imaginExtreme Barcelona, \u200b\u200bencara que de fet la banca porta darrere del festival molts anys m\u00e9s. Gr\u00e0cies a aquest acord imaginExtreme segueix consolidant-se com esdeveniment d&#039;action sports de refer\u00e8ncia a Europa i tu pots beneficiar-te d&#039;ofertes exclusives.\" \/>\n<meta property=\"og:url\" content=\"https:\/\/extremebarcelona.com\/ca\/2018\/06\/04\/les-activitats-i-descomptes-de-imaginbank\/\" \/>\n<meta property=\"og:site_name\" content=\"Extreme Barcelona\" \/>\n<meta property=\"article:published_time\" content=\"2018-06-04T17:33:19+00:00\" \/>\n<meta property=\"article:modified_time\" content=\"2018-06-04T17:36:10+00:00\" \/>\n<meta name=\"author\" content=\"UWS\" \/>\n<meta name=\"twitter:card\" content=\"summary_large_image\" \/>\n<meta name=\"twitter:label1\" content=\"Escrit per\" \/>\n\t<meta name=\"twitter:data1\" content=\"UWS\" \/>\n\t<meta name=\"twitter:label2\" content=\"Temps estimat de lectura\" \/>\n\t<meta name=\"twitter:data2\" content=\"2 minuts\" \/>\n<script type=\"application\/ld+json\" class=\"yoast-schema-graph\">{\"@context\":\"https:\/\/schema.org\",\"@graph\":[{\"@type\":\"NewsArticle\",\"@id\":\"https:\/\/extremebarcelona.com\/ca\/2018\/06\/04\/les-activitats-i-descomptes-de-imaginbank\/#article\",\"isPartOf\":{\"@id\":\"https:\/\/extremebarcelona.com\/ca\/2018\/06\/04\/les-activitats-i-descomptes-de-imaginbank\/\"},\"author\":{\"name\":\"UWS\",\"@id\":\"https:\/\/extremebarcelona.com\/#\/schema\/person\/84bb7d2facd51100910ca1df9186891e\"},\"headline\":\"LES ACTIVITATS I DESCOMPTES D&#8217;IMAGINBANK PER A L&#8217;IMAGIN EXTREME BARCELONA\",\"datePublished\":\"2018-06-04T17:33:19+00:00\",\"dateModified\":\"2018-06-04T17:36:10+00:00\",\"mainEntityOfPage\":{\"@id\":\"https:\/\/extremebarcelona.com\/ca\/2018\/06\/04\/les-activitats-i-descomptes-de-imaginbank\/\"},\"wordCount\":485,\"publisher\":{\"@id\":\"https:\/\/extremebarcelona.com\/#organization\"},\"keywords\":[\"actio sports\",\"extreme barcelona\",\"imagin\"],\"inLanguage\":\"ca\"},{\"@type\":\"WebPage\",\"@id\":\"https:\/\/extremebarcelona.com\/ca\/2018\/06\/04\/les-activitats-i-descomptes-de-imaginbank\/\",\"url\":\"https:\/\/extremebarcelona.com\/ca\/2018\/06\/04\/les-activitats-i-descomptes-de-imaginbank\/\",\"name\":\"Els descomptes d'imaginBank per l'imaginExtreme Barcelona 2018\",\"isPartOf\":{\"@id\":\"https:\/\/extremebarcelona.com\/#website\"},\"datePublished\":\"2018-06-04T17:33:19+00:00\",\"dateModified\":\"2018-06-04T17:36:10+00:00\",\"description\":\"Per tercer any consecutiu imaginBank segueix donant suport al imaginExtreme Barcelona, \u200b\u200bencara que de fet la banca porta darrere del festival molts anys m\u00e9s. Gr\u00e0cies a aquest acord imaginExtreme segueix consolidant-se com esdeveniment d'action sports de refer\u00e8ncia a Europa i tu pots beneficiar-te d'ofertes exclusives.\",\"breadcrumb\":{\"@id\":\"https:\/\/extremebarcelona.com\/ca\/2018\/06\/04\/les-activitats-i-descomptes-de-imaginbank\/#breadcrumb\"},\"inLanguage\":\"ca\",\"potentialAction\":[{\"@type\":\"ReadAction\",\"target\":[\"https:\/\/extremebarcelona.com\/ca\/2018\/06\/04\/les-activitats-i-descomptes-de-imaginbank\/\"]}]},{\"@type\":\"BreadcrumbList\",\"@id\":\"https:\/\/extremebarcelona.com\/ca\/2018\/06\/04\/les-activitats-i-descomptes-de-imaginbank\/#breadcrumb\",\"itemListElement\":[{\"@type\":\"ListItem\",\"position\":1,\"name\":\"Portada\",\"item\":\"https:\/\/extremebarcelona.com\/\"},{\"@type\":\"ListItem\",\"position\":2,\"name\":\"LES ACTIVITATS I DESCOMPTES D&#8217;IMAGINBANK PER A L&#8217;IMAGIN EXTREME BARCELONA\"}]},{\"@type\":\"WebSite\",\"@id\":\"https:\/\/extremebarcelona.com\/#website\",\"url\":\"https:\/\/extremebarcelona.com\/\",\"name\":\"Extreme Barcelona\",\"description\":\"Otro sitio realizado con WordPress\",\"publisher\":{\"@id\":\"https:\/\/extremebarcelona.com\/#organization\"},\"potentialAction\":[{\"@type\":\"SearchAction\",\"target\":{\"@type\":\"EntryPoint\",\"urlTemplate\":\"https:\/\/extremebarcelona.com\/?s={search_term_string}\"},\"query-input\":{\"@type\":\"PropertyValueSpecification\",\"valueRequired\":true,\"valueName\":\"search_term_string\"}}],\"inLanguage\":\"ca\"},{\"@type\":\"Organization\",\"@id\":\"https:\/\/extremebarcelona.com\/#organization\",\"name\":\"Extreme Barcelona\",\"url\":\"https:\/\/extremebarcelona.com\/\",\"logo\":{\"@type\":\"ImageObject\",\"inLanguage\":\"ca\",\"@id\":\"https:\/\/extremebarcelona.com\/#\/schema\/logo\/image\/\",\"url\":\"https:\/\/extremebarcelona.com\/wp-content\/uploads\/2021\/04\/Logo-Extreme-2021.png\",\"contentUrl\":\"https:\/\/extremebarcelona.com\/wp-content\/uploads\/2021\/04\/Logo-Extreme-2021.png\",\"width\":500,\"height\":500,\"caption\":\"Extreme Barcelona\"},\"image\":{\"@id\":\"https:\/\/extremebarcelona.com\/#\/schema\/logo\/image\/\"}},{\"@type\":\"Person\",\"@id\":\"https:\/\/extremebarcelona.com\/#\/schema\/person\/84bb7d2facd51100910ca1df9186891e\",\"name\":\"UWS\",\"image\":{\"@type\":\"ImageObject\",\"inLanguage\":\"ca\",\"@id\":\"https:\/\/secure.gravatar.com\/avatar\/41b930374ee41e318f6457172bd2f6e300b1872879ecb443d692bea8dad136f9?s=96&d=mm&r=g\",\"url\":\"https:\/\/secure.gravatar.com\/avatar\/41b930374ee41e318f6457172bd2f6e300b1872879ecb443d692bea8dad136f9?s=96&d=mm&r=g\",\"contentUrl\":\"https:\/\/secure.gravatar.com\/avatar\/41b930374ee41e318f6457172bd2f6e300b1872879ecb443d692bea8dad136f9?s=96&d=mm&r=g\",\"caption\":\"UWS\"}}]}<\/script>\n<!-- \/ Yoast SEO plugin. -->","yoast_head_json":{"title":"Els descomptes d'imaginBank per l'imaginExtreme Barcelona 2018","description":"Per tercer any consecutiu imaginBank segueix donant suport al imaginExtreme Barcelona, \u200b\u200bencara que de fet la banca porta darrere del festival molts anys m\u00e9s. Gr\u00e0cies a aquest acord imaginExtreme segueix consolidant-se com esdeveniment d'action sports de refer\u00e8ncia a Europa i tu pots beneficiar-te d'ofertes exclusives.","robots":{"index":"index","follow":"follow","max-snippet":"max-snippet:-1","max-image-preview":"max-image-preview:large","max-video-preview":"max-video-preview:-1"},"canonical":"https:\/\/extremebarcelona.com\/ca\/2018\/06\/04\/les-activitats-i-descomptes-de-imaginbank\/","og_locale":"ca_ES","og_type":"article","og_title":"Els descomptes d'imaginBank per l'imaginExtreme Barcelona 2018","og_description":"Per tercer any consecutiu imaginBank segueix donant suport al imaginExtreme Barcelona, \u200b\u200bencara que de fet la banca porta darrere del festival molts anys m\u00e9s. Gr\u00e0cies a aquest acord imaginExtreme segueix consolidant-se com esdeveniment d'action sports de refer\u00e8ncia a Europa i tu pots beneficiar-te d'ofertes exclusives.","og_url":"https:\/\/extremebarcelona.com\/ca\/2018\/06\/04\/les-activitats-i-descomptes-de-imaginbank\/","og_site_name":"Extreme Barcelona","article_published_time":"2018-06-04T17:33:19+00:00","article_modified_time":"2018-06-04T17:36:10+00:00","author":"UWS","twitter_card":"summary_large_image","twitter_misc":{"Escrit per":"UWS","Temps estimat de lectura":"2 minuts"},"schema":{"@context":"https:\/\/schema.org","@graph":[{"@type":"NewsArticle","@id":"https:\/\/extremebarcelona.com\/ca\/2018\/06\/04\/les-activitats-i-descomptes-de-imaginbank\/#article","isPartOf":{"@id":"https:\/\/extremebarcelona.com\/ca\/2018\/06\/04\/les-activitats-i-descomptes-de-imaginbank\/"},"author":{"name":"UWS","@id":"https:\/\/extremebarcelona.com\/#\/schema\/person\/84bb7d2facd51100910ca1df9186891e"},"headline":"LES ACTIVITATS I DESCOMPTES D&#8217;IMAGINBANK PER A L&#8217;IMAGIN EXTREME BARCELONA","datePublished":"2018-06-04T17:33:19+00:00","dateModified":"2018-06-04T17:36:10+00:00","mainEntityOfPage":{"@id":"https:\/\/extremebarcelona.com\/ca\/2018\/06\/04\/les-activitats-i-descomptes-de-imaginbank\/"},"wordCount":485,"publisher":{"@id":"https:\/\/extremebarcelona.com\/#organization"},"keywords":["actio sports","extreme barcelona","imagin"],"inLanguage":"ca"},{"@type":"WebPage","@id":"https:\/\/extremebarcelona.com\/ca\/2018\/06\/04\/les-activitats-i-descomptes-de-imaginbank\/","url":"https:\/\/extremebarcelona.com\/ca\/2018\/06\/04\/les-activitats-i-descomptes-de-imaginbank\/","name":"Els descomptes d'imaginBank per l'imaginExtreme Barcelona 2018","isPartOf":{"@id":"https:\/\/extremebarcelona.com\/#website"},"datePublished":"2018-06-04T17:33:19+00:00","dateModified":"2018-06-04T17:36:10+00:00","description":"Per tercer any consecutiu imaginBank segueix donant suport al imaginExtreme Barcelona, \u200b\u200bencara que de fet la banca porta darrere del festival molts anys m\u00e9s. Gr\u00e0cies a aquest acord imaginExtreme segueix consolidant-se com esdeveniment d'action sports de refer\u00e8ncia a Europa i tu pots beneficiar-te d'ofertes exclusives.","breadcrumb":{"@id":"https:\/\/extremebarcelona.com\/ca\/2018\/06\/04\/les-activitats-i-descomptes-de-imaginbank\/#breadcrumb"},"inLanguage":"ca","potentialAction":[{"@type":"ReadAction","target":["https:\/\/extremebarcelona.com\/ca\/2018\/06\/04\/les-activitats-i-descomptes-de-imaginbank\/"]}]},{"@type":"BreadcrumbList","@id":"https:\/\/extremebarcelona.com\/ca\/2018\/06\/04\/les-activitats-i-descomptes-de-imaginbank\/#breadcrumb","itemListElement":[{"@type":"ListItem","position":1,"name":"Portada","item":"https:\/\/extremebarcelona.com\/"},{"@type":"ListItem","position":2,"name":"LES ACTIVITATS I DESCOMPTES D&#8217;IMAGINBANK PER A L&#8217;IMAGIN EXTREME BARCELONA"}]},{"@type":"WebSite","@id":"https:\/\/extremebarcelona.com\/#website","url":"https:\/\/extremebarcelona.com\/","name":"Extreme Barcelona","description":"Otro sitio realizado con WordPress","publisher":{"@id":"https:\/\/extremebarcelona.com\/#organization"},"potentialAction":[{"@type":"SearchAction","target":{"@type":"EntryPoint","urlTemplate":"https:\/\/extremebarcelona.com\/?s={search_term_string}"},"query-input":{"@type":"PropertyValueSpecification","valueRequired":true,"valueName":"search_term_string"}}],"inLanguage":"ca"},{"@type":"Organization","@id":"https:\/\/extremebarcelona.com\/#organization","name":"Extreme Barcelona","url":"https:\/\/extremebarcelona.com\/","logo":{"@type":"ImageObject","inLanguage":"ca","@id":"https:\/\/extremebarcelona.com\/#\/schema\/logo\/image\/","url":"https:\/\/extremebarcelona.com\/wp-content\/uploads\/2021\/04\/Logo-Extreme-2021.png","contentUrl":"https:\/\/extremebarcelona.com\/wp-content\/uploads\/2021\/04\/Logo-Extreme-2021.png","width":500,"height":500,"caption":"Extreme Barcelona"},"image":{"@id":"https:\/\/extremebarcelona.com\/#\/schema\/logo\/image\/"}},{"@type":"Person","@id":"https:\/\/extremebarcelona.com\/#\/schema\/person\/84bb7d2facd51100910ca1df9186891e","name":"UWS","image":{"@type":"ImageObject","inLanguage":"ca","@id":"https:\/\/secure.gravatar.com\/avatar\/41b930374ee41e318f6457172bd2f6e300b1872879ecb443d692bea8dad136f9?s=96&d=mm&r=g","url":"https:\/\/secure.gravatar.com\/avatar\/41b930374ee41e318f6457172bd2f6e300b1872879ecb443d692bea8dad136f9?s=96&d=mm&r=g","contentUrl":"https:\/\/secure.gravatar.com\/avatar\/41b930374ee41e318f6457172bd2f6e300b1872879ecb443d692bea8dad136f9?s=96&d=mm&r=g","caption":"UWS"}}]}},"_links":{"self":[{"href":"https:\/\/extremebarcelona.com\/ca\/wp-json\/wp\/v2\/posts\/4431","targetHints":{"allow":["GET"]}}],"collection":[{"href":"https:\/\/extremebarcelona.com\/ca\/wp-json\/wp\/v2\/posts"}],"about":[{"href":"https:\/\/extremebarcelona.com\/ca\/wp-json\/wp\/v2\/types\/post"}],"author":[{"embeddable":true,"href":"https:\/\/extremebarcelona.com\/ca\/wp-json\/wp\/v2\/users\/8"}],"replies":[{"embeddable":true,"href":"https:\/\/extremebarcelona.com\/ca\/wp-json\/wp\/v2\/comments?post=4431"}],"version-history":[{"count":5,"href":"https:\/\/extremebarcelona.com\/ca\/wp-json\/wp\/v2\/posts\/4431\/revisions"}],"predecessor-version":[{"id":4473,"href":"https:\/\/extremebarcelona.com\/ca\/wp-json\/wp\/v2\/posts\/4431\/revisions\/4473"}],"wp:attachment":[{"href":"https:\/\/extremebarcelona.com\/ca\/wp-json\/wp\/v2\/media?parent=4431"}],"wp:term":[{"taxonomy":"category","embeddable":true,"href":"https:\/\/extremebarcelona.com\/ca\/wp-json\/wp\/v2\/categories?post=4431"},{"taxonomy":"post_tag","embeddable":true,"href":"https:\/\/extremebarcelona.com\/ca\/wp-json\/wp\/v2\/tags?post=4431"}],"curies":[{"name":"wp","href":"https:\/\/api.w.org\/{rel}","templated":true}]}}