{"id":4285,"date":"2018-05-24T12:16:35","date_gmt":"2018-05-24T10:16:35","guid":{"rendered":"https:\/\/extremebarcelona.com\/?p=4285"},"modified":"2018-05-24T12:16:35","modified_gmt":"2018-05-24T10:16:35","slug":"participa-en-el-sorteig-iebphoto","status":"publish","type":"post","link":"https:\/\/extremebarcelona.com\/ca\/2018\/05\/24\/participa-en-el-sorteig-iebphoto\/","title":{"rendered":"IMAGIN EXTREME BARCELONA: PARTICIPA EN EL SORTEIG #IEBPHOTO"},"content":{"rendered":"<h2><strong>El imaginExtreme Barcelona es celebra el proper 16 i 17 de juny al Parc del F\u00f2rum. Estem buscant apassionats dels esports urbans! #iebphoto<\/strong><\/h2>\n<p>Vols convertir-te en fot\u00f2graf professional del imaginExtrem Barcelona per un dia? #iebphoto. Si vols, pots conseguirlo.Com? Nom\u00e9s has de seguir aquests passos:<\/p>\n<ol>\n<li><strong>Compra una entrada<\/strong> per al imaginExtreme Barcelona. Pots aconseguir-la aqu\u00ed: <a href=\"https:\/\/proticketing.com\/extremebarcelonatickets\/es_ES\/entradas\/evento\/9680\" target=\"_blank\" rel=\"noopener\">https:\/\/proticketing.com\/extremebarcelonatickets\/es_ES\/entradas\/evento\/9680<\/a>.<\/li>\n<li>Penja una foto al teu perfil d&#8217;Instagram etiquet\u00e1ndonos (<strong><a href=\"https:\/\/www.instagram.com\/extremebarcelona\/\" target=\"_blank\" rel=\"noopener\">@extremebarcelona<\/a><\/strong>). Les fotos han d&#8217;estar relacionades amb els action sports ..<\/li>\n<li>No ho oblidis, publica la foto amb el hashtag <strong>#iebphoto.<\/strong><\/li>\n<li>Tenir sort i ser l&#8217;escollit entre tots els participants.<\/li>\n<\/ol>\n<p>Entre totes les fotos seleccionarem l&#8217;afortunat el proper dijous 31 de maig. Es publicar\u00e0 el guanyador mitjan\u00e7ant el <strong>post de la foto escollida<\/strong> en les nostres xarxes socials.<\/p>\n<p>Algunes de les fotos que faci el guanyador apareixeran en les xarxes socials del imaginExtreme Barcelona.<\/p>\n<p><strong>Molta sort a tots!<\/strong><\/p>\n<p>Us deixem una mica d&#8217;informaci\u00f3 de l&#8217;esdeveniment per si encara no saps qu\u00e8 \u00e9s el imaginExtreme Barcelona.<\/p>\n<p>Els dies 16 i 17 de juny del 2018, es dur\u00e0 a terme al Parc del F\u00f2rum de Barcelona la propera edici\u00f3 del imaginExtreme Barcelona on es celebrar\u00e0 <strong>el 10\u00e8 aniversari de l&#8217;esdeveniment<\/strong>. Les novetats del 2018 a nivell esportiu seran la incorporaci\u00f3 de dues noves modalitats amb la creaci\u00f3 d&#8217;un <strong>Dirt jump<\/strong>, on es realitzar\u00e0 la competici\u00f3 de BMX i MTB, i l&#8217;obertura de la zona d&#8217;aigua per celebrar el The Battle of Cables de Wakeboard.<\/p>\n<p>L&#8217;emoci\u00f3 estar\u00e0 assegurada durant els dos dies de competici\u00f3 ja que se celebraran finals tant dissabte 16 com el diumenge 17 de juny. Igual que en el 2017, aquest any podrem gaudir de les finals del <strong>Barcelona European Open d&#8217;Skate<\/strong> (BEO) dissabte al Street Park, juntament amb la final de BMX al Dirt jump, la de Inline i Streetboard al Central Park i la de Scooter de Cros.<\/p>\n<p>Els campions de la resta de competicions dels coneixerem el diumenge comen\u00e7ant per la final de la ISA (International Scooter Association). A m\u00e9s, es resoldran per primera vegada les novetats d&#8217;aquest any com el Dirt de MTB, les de Street de BMX, Inline i les <strong>World Street Finals de Scooter i la final de Wakeboard, The Battle of Cables.<\/strong><\/p>\n","protected":false},"excerpt":{"rendered":"<p>El imaginExtreme Barcelona es celebra el proper 16 i 17 de juny al Parc del F\u00f2rum. Estem buscant apassionats dels esports urbans! #iebphoto Vols convertir-te en fot\u00f2graf professional del imaginExtrem Barcelona per un dia? #iebphoto. Si vols, pots conseguirlo.Com? Nom\u00e9s has de seguir aquests passos: Compra una entrada per al imaginExtreme Barcelona. Pots aconseguir-la aqu\u00ed: [&hellip;]<\/p>\n","protected":false},"author":8,"featured_media":0,"comment_status":"closed","ping_status":"closed","sticky":false,"template":"","format":"standard","meta":{"_et_pb_use_builder":"","_et_pb_old_content":"","_et_gb_content_width":"","footnotes":""},"categories":[],"tags":[230,235,47,241,114],"class_list":["post-4285","post","type-post","status-publish","format-standard","hentry","tag-dirt-jump","tag-eua","tag-extreme-barcelona","tag-iebphoto","tag-streetboard-ca"],"yoast_head":"<!-- This site is optimized with the Yoast SEO plugin v27.2 - https:\/\/yoast.com\/product\/yoast-seo-wordpress\/ -->\n<title>Participa al sorteig #iebphoto i converteix-te en fot\u00f2graf professional.<\/title>\n<meta name=\"description\" content=\"El imaginExtreme Barcelona es celebra el proper 16 i 17 de juny al Parc del F\u00f2rum. Estem buscant apassionats dels esports urbans! #iebphoto. Vols convertir-te en fot\u00f2graf professional del imaginExtrem Barcelona per un dia? #iebphoto. Si vols, pots conseguirlo.\u00bfC\u00f3mo? Nom\u00e9s has de seguir aquests passos:\" \/>\n<meta name=\"robots\" content=\"index, follow, max-snippet:-1, max-image-preview:large, max-video-preview:-1\" \/>\n<link rel=\"canonical\" href=\"https:\/\/extremebarcelona.com\/ca\/2018\/05\/24\/participa-en-el-sorteig-iebphoto\/\" \/>\n<meta property=\"og:locale\" content=\"ca_ES\" \/>\n<meta property=\"og:type\" content=\"article\" \/>\n<meta property=\"og:title\" content=\"Participa al sorteig #iebphoto i converteix-te en fot\u00f2graf professional.\" \/>\n<meta property=\"og:description\" content=\"El imaginExtreme Barcelona es celebra el proper 16 i 17 de juny al Parc del F\u00f2rum. Estem buscant apassionats dels esports urbans! #iebphoto. Vols convertir-te en fot\u00f2graf professional del imaginExtrem Barcelona per un dia? #iebphoto. Si vols, pots conseguirlo.\u00bfC\u00f3mo? Nom\u00e9s has de seguir aquests passos:\" \/>\n<meta property=\"og:url\" content=\"https:\/\/extremebarcelona.com\/ca\/2018\/05\/24\/participa-en-el-sorteig-iebphoto\/\" \/>\n<meta property=\"og:site_name\" content=\"Extreme Barcelona\" \/>\n<meta property=\"article:published_time\" content=\"2018-05-24T10:16:35+00:00\" \/>\n<meta name=\"author\" content=\"UWS\" \/>\n<meta name=\"twitter:card\" content=\"summary_large_image\" \/>\n<meta name=\"twitter:label1\" content=\"Escrit per\" \/>\n\t<meta name=\"twitter:data1\" content=\"UWS\" \/>\n\t<meta name=\"twitter:label2\" content=\"Temps estimat de lectura\" \/>\n\t<meta name=\"twitter:data2\" content=\"2 minuts\" \/>\n<script type=\"application\/ld+json\" class=\"yoast-schema-graph\">{\"@context\":\"https:\/\/schema.org\",\"@graph\":[{\"@type\":\"NewsArticle\",\"@id\":\"https:\/\/extremebarcelona.com\/ca\/2018\/05\/24\/participa-en-el-sorteig-iebphoto\/#article\",\"isPartOf\":{\"@id\":\"https:\/\/extremebarcelona.com\/ca\/2018\/05\/24\/participa-en-el-sorteig-iebphoto\/\"},\"author\":{\"name\":\"UWS\",\"@id\":\"https:\/\/extremebarcelona.com\/#\/schema\/person\/84bb7d2facd51100910ca1df9186891e\"},\"headline\":\"IMAGIN EXTREME BARCELONA: PARTICIPA EN EL SORTEIG #IEBPHOTO\",\"datePublished\":\"2018-05-24T10:16:35+00:00\",\"mainEntityOfPage\":{\"@id\":\"https:\/\/extremebarcelona.com\/ca\/2018\/05\/24\/participa-en-el-sorteig-iebphoto\/\"},\"wordCount\":388,\"publisher\":{\"@id\":\"https:\/\/extremebarcelona.com\/#organization\"},\"keywords\":[\"dirt jump\",\"EUA\",\"extreme barcelona\",\"iebphoto\",\"streetboard\"],\"inLanguage\":\"ca\"},{\"@type\":\"WebPage\",\"@id\":\"https:\/\/extremebarcelona.com\/ca\/2018\/05\/24\/participa-en-el-sorteig-iebphoto\/\",\"url\":\"https:\/\/extremebarcelona.com\/ca\/2018\/05\/24\/participa-en-el-sorteig-iebphoto\/\",\"name\":\"Participa al sorteig #iebphoto i converteix-te en fot\u00f2graf professional.\",\"isPartOf\":{\"@id\":\"https:\/\/extremebarcelona.com\/#website\"},\"datePublished\":\"2018-05-24T10:16:35+00:00\",\"description\":\"El imaginExtreme Barcelona es celebra el proper 16 i 17 de juny al Parc del F\u00f2rum. Estem buscant apassionats dels esports urbans! #iebphoto. Vols convertir-te en fot\u00f2graf professional del imaginExtrem Barcelona per un dia? #iebphoto. Si vols, pots conseguirlo.\u00bfC\u00f3mo? Nom\u00e9s has de seguir aquests passos:\",\"breadcrumb\":{\"@id\":\"https:\/\/extremebarcelona.com\/ca\/2018\/05\/24\/participa-en-el-sorteig-iebphoto\/#breadcrumb\"},\"inLanguage\":\"ca\",\"potentialAction\":[{\"@type\":\"ReadAction\",\"target\":[\"https:\/\/extremebarcelona.com\/ca\/2018\/05\/24\/participa-en-el-sorteig-iebphoto\/\"]}]},{\"@type\":\"BreadcrumbList\",\"@id\":\"https:\/\/extremebarcelona.com\/ca\/2018\/05\/24\/participa-en-el-sorteig-iebphoto\/#breadcrumb\",\"itemListElement\":[{\"@type\":\"ListItem\",\"position\":1,\"name\":\"Portada\",\"item\":\"https:\/\/extremebarcelona.com\/\"},{\"@type\":\"ListItem\",\"position\":2,\"name\":\"IMAGIN EXTREME BARCELONA: PARTICIPA EN EL SORTEIG #IEBPHOTO\"}]},{\"@type\":\"WebSite\",\"@id\":\"https:\/\/extremebarcelona.com\/#website\",\"url\":\"https:\/\/extremebarcelona.com\/\",\"name\":\"Extreme Barcelona\",\"description\":\"Otro sitio realizado con WordPress\",\"publisher\":{\"@id\":\"https:\/\/extremebarcelona.com\/#organization\"},\"potentialAction\":[{\"@type\":\"SearchAction\",\"target\":{\"@type\":\"EntryPoint\",\"urlTemplate\":\"https:\/\/extremebarcelona.com\/?s={search_term_string}\"},\"query-input\":{\"@type\":\"PropertyValueSpecification\",\"valueRequired\":true,\"valueName\":\"search_term_string\"}}],\"inLanguage\":\"ca\"},{\"@type\":\"Organization\",\"@id\":\"https:\/\/extremebarcelona.com\/#organization\",\"name\":\"Extreme Barcelona\",\"url\":\"https:\/\/extremebarcelona.com\/\",\"logo\":{\"@type\":\"ImageObject\",\"inLanguage\":\"ca\",\"@id\":\"https:\/\/extremebarcelona.com\/#\/schema\/logo\/image\/\",\"url\":\"https:\/\/extremebarcelona.com\/wp-content\/uploads\/2021\/04\/Logo-Extreme-2021.png\",\"contentUrl\":\"https:\/\/extremebarcelona.com\/wp-content\/uploads\/2021\/04\/Logo-Extreme-2021.png\",\"width\":500,\"height\":500,\"caption\":\"Extreme Barcelona\"},\"image\":{\"@id\":\"https:\/\/extremebarcelona.com\/#\/schema\/logo\/image\/\"}},{\"@type\":\"Person\",\"@id\":\"https:\/\/extremebarcelona.com\/#\/schema\/person\/84bb7d2facd51100910ca1df9186891e\",\"name\":\"UWS\",\"image\":{\"@type\":\"ImageObject\",\"inLanguage\":\"ca\",\"@id\":\"https:\/\/secure.gravatar.com\/avatar\/41b930374ee41e318f6457172bd2f6e300b1872879ecb443d692bea8dad136f9?s=96&d=mm&r=g\",\"url\":\"https:\/\/secure.gravatar.com\/avatar\/41b930374ee41e318f6457172bd2f6e300b1872879ecb443d692bea8dad136f9?s=96&d=mm&r=g\",\"contentUrl\":\"https:\/\/secure.gravatar.com\/avatar\/41b930374ee41e318f6457172bd2f6e300b1872879ecb443d692bea8dad136f9?s=96&d=mm&r=g\",\"caption\":\"UWS\"}}]}<\/script>\n<!-- \/ Yoast SEO plugin. -->","yoast_head_json":{"title":"Participa al sorteig #iebphoto i converteix-te en fot\u00f2graf professional.","description":"El imaginExtreme Barcelona es celebra el proper 16 i 17 de juny al Parc del F\u00f2rum. Estem buscant apassionats dels esports urbans! #iebphoto. Vols convertir-te en fot\u00f2graf professional del imaginExtrem Barcelona per un dia? #iebphoto. Si vols, pots conseguirlo.\u00bfC\u00f3mo? Nom\u00e9s has de seguir aquests passos:","robots":{"index":"index","follow":"follow","max-snippet":"max-snippet:-1","max-image-preview":"max-image-preview:large","max-video-preview":"max-video-preview:-1"},"canonical":"https:\/\/extremebarcelona.com\/ca\/2018\/05\/24\/participa-en-el-sorteig-iebphoto\/","og_locale":"ca_ES","og_type":"article","og_title":"Participa al sorteig #iebphoto i converteix-te en fot\u00f2graf professional.","og_description":"El imaginExtreme Barcelona es celebra el proper 16 i 17 de juny al Parc del F\u00f2rum. Estem buscant apassionats dels esports urbans! #iebphoto. Vols convertir-te en fot\u00f2graf professional del imaginExtrem Barcelona per un dia? #iebphoto. Si vols, pots conseguirlo.\u00bfC\u00f3mo? Nom\u00e9s has de seguir aquests passos:","og_url":"https:\/\/extremebarcelona.com\/ca\/2018\/05\/24\/participa-en-el-sorteig-iebphoto\/","og_site_name":"Extreme Barcelona","article_published_time":"2018-05-24T10:16:35+00:00","author":"UWS","twitter_card":"summary_large_image","twitter_misc":{"Escrit per":"UWS","Temps estimat de lectura":"2 minuts"},"schema":{"@context":"https:\/\/schema.org","@graph":[{"@type":"NewsArticle","@id":"https:\/\/extremebarcelona.com\/ca\/2018\/05\/24\/participa-en-el-sorteig-iebphoto\/#article","isPartOf":{"@id":"https:\/\/extremebarcelona.com\/ca\/2018\/05\/24\/participa-en-el-sorteig-iebphoto\/"},"author":{"name":"UWS","@id":"https:\/\/extremebarcelona.com\/#\/schema\/person\/84bb7d2facd51100910ca1df9186891e"},"headline":"IMAGIN EXTREME BARCELONA: PARTICIPA EN EL SORTEIG #IEBPHOTO","datePublished":"2018-05-24T10:16:35+00:00","mainEntityOfPage":{"@id":"https:\/\/extremebarcelona.com\/ca\/2018\/05\/24\/participa-en-el-sorteig-iebphoto\/"},"wordCount":388,"publisher":{"@id":"https:\/\/extremebarcelona.com\/#organization"},"keywords":["dirt jump","EUA","extreme barcelona","iebphoto","streetboard"],"inLanguage":"ca"},{"@type":"WebPage","@id":"https:\/\/extremebarcelona.com\/ca\/2018\/05\/24\/participa-en-el-sorteig-iebphoto\/","url":"https:\/\/extremebarcelona.com\/ca\/2018\/05\/24\/participa-en-el-sorteig-iebphoto\/","name":"Participa al sorteig #iebphoto i converteix-te en fot\u00f2graf professional.","isPartOf":{"@id":"https:\/\/extremebarcelona.com\/#website"},"datePublished":"2018-05-24T10:16:35+00:00","description":"El imaginExtreme Barcelona es celebra el proper 16 i 17 de juny al Parc del F\u00f2rum. Estem buscant apassionats dels esports urbans! #iebphoto. Vols convertir-te en fot\u00f2graf professional del imaginExtrem Barcelona per un dia? #iebphoto. Si vols, pots conseguirlo.\u00bfC\u00f3mo? Nom\u00e9s has de seguir aquests passos:","breadcrumb":{"@id":"https:\/\/extremebarcelona.com\/ca\/2018\/05\/24\/participa-en-el-sorteig-iebphoto\/#breadcrumb"},"inLanguage":"ca","potentialAction":[{"@type":"ReadAction","target":["https:\/\/extremebarcelona.com\/ca\/2018\/05\/24\/participa-en-el-sorteig-iebphoto\/"]}]},{"@type":"BreadcrumbList","@id":"https:\/\/extremebarcelona.com\/ca\/2018\/05\/24\/participa-en-el-sorteig-iebphoto\/#breadcrumb","itemListElement":[{"@type":"ListItem","position":1,"name":"Portada","item":"https:\/\/extremebarcelona.com\/"},{"@type":"ListItem","position":2,"name":"IMAGIN EXTREME BARCELONA: PARTICIPA EN EL SORTEIG #IEBPHOTO"}]},{"@type":"WebSite","@id":"https:\/\/extremebarcelona.com\/#website","url":"https:\/\/extremebarcelona.com\/","name":"Extreme Barcelona","description":"Otro sitio realizado con WordPress","publisher":{"@id":"https:\/\/extremebarcelona.com\/#organization"},"potentialAction":[{"@type":"SearchAction","target":{"@type":"EntryPoint","urlTemplate":"https:\/\/extremebarcelona.com\/?s={search_term_string}"},"query-input":{"@type":"PropertyValueSpecification","valueRequired":true,"valueName":"search_term_string"}}],"inLanguage":"ca"},{"@type":"Organization","@id":"https:\/\/extremebarcelona.com\/#organization","name":"Extreme Barcelona","url":"https:\/\/extremebarcelona.com\/","logo":{"@type":"ImageObject","inLanguage":"ca","@id":"https:\/\/extremebarcelona.com\/#\/schema\/logo\/image\/","url":"https:\/\/extremebarcelona.com\/wp-content\/uploads\/2021\/04\/Logo-Extreme-2021.png","contentUrl":"https:\/\/extremebarcelona.com\/wp-content\/uploads\/2021\/04\/Logo-Extreme-2021.png","width":500,"height":500,"caption":"Extreme Barcelona"},"image":{"@id":"https:\/\/extremebarcelona.com\/#\/schema\/logo\/image\/"}},{"@type":"Person","@id":"https:\/\/extremebarcelona.com\/#\/schema\/person\/84bb7d2facd51100910ca1df9186891e","name":"UWS","image":{"@type":"ImageObject","inLanguage":"ca","@id":"https:\/\/secure.gravatar.com\/avatar\/41b930374ee41e318f6457172bd2f6e300b1872879ecb443d692bea8dad136f9?s=96&d=mm&r=g","url":"https:\/\/secure.gravatar.com\/avatar\/41b930374ee41e318f6457172bd2f6e300b1872879ecb443d692bea8dad136f9?s=96&d=mm&r=g","contentUrl":"https:\/\/secure.gravatar.com\/avatar\/41b930374ee41e318f6457172bd2f6e300b1872879ecb443d692bea8dad136f9?s=96&d=mm&r=g","caption":"UWS"}}]}},"_links":{"self":[{"href":"https:\/\/extremebarcelona.com\/ca\/wp-json\/wp\/v2\/posts\/4285","targetHints":{"allow":["GET"]}}],"collection":[{"href":"https:\/\/extremebarcelona.com\/ca\/wp-json\/wp\/v2\/posts"}],"about":[{"href":"https:\/\/extremebarcelona.com\/ca\/wp-json\/wp\/v2\/types\/post"}],"author":[{"embeddable":true,"href":"https:\/\/extremebarcelona.com\/ca\/wp-json\/wp\/v2\/users\/8"}],"replies":[{"embeddable":true,"href":"https:\/\/extremebarcelona.com\/ca\/wp-json\/wp\/v2\/comments?post=4285"}],"version-history":[{"count":2,"href":"https:\/\/extremebarcelona.com\/ca\/wp-json\/wp\/v2\/posts\/4285\/revisions"}],"predecessor-version":[{"id":4291,"href":"https:\/\/extremebarcelona.com\/ca\/wp-json\/wp\/v2\/posts\/4285\/revisions\/4291"}],"wp:attachment":[{"href":"https:\/\/extremebarcelona.com\/ca\/wp-json\/wp\/v2\/media?parent=4285"}],"wp:term":[{"taxonomy":"category","embeddable":true,"href":"https:\/\/extremebarcelona.com\/ca\/wp-json\/wp\/v2\/categories?post=4285"},{"taxonomy":"post_tag","embeddable":true,"href":"https:\/\/extremebarcelona.com\/ca\/wp-json\/wp\/v2\/tags?post=4285"}],"curies":[{"name":"wp","href":"https:\/\/api.w.org\/{rel}","templated":true}]}}