{"id":4182,"date":"2018-05-28T17:18:33","date_gmt":"2018-05-28T15:18:33","guid":{"rendered":"https:\/\/extremebarcelona.com\/?p=4182"},"modified":"2018-05-29T10:09:47","modified_gmt":"2018-05-29T08:09:47","slug":"loff-at-forum-i-limagin-extreme-barcelona-2018","status":"publish","type":"post","link":"https:\/\/extremebarcelona.com\/ca\/2018\/05\/28\/loff-at-forum-i-limagin-extreme-barcelona-2018\/","title":{"rendered":"GAUDEIX DE L&#8217;OFF AT FORUM I L&#8217;IMAGIN EXTREME BARCELONA 2018"},"content":{"rendered":"<h2><strong>L\u2019imaginExtreme Barcelona 2018 compartir\u00e0 espai amb un dels festivals de m\u00fasica electr\u00f2nica m\u00e9s importants d\u2019Europa, l\u2019OFF AT FORUM.<\/strong><\/h2>\n<p>L\u2019imaginExtreme Barcelona \u00e9s una de les competicions d\u2019esports urbans m\u00e9s populars d\u2019Europa que es celebra els dies <strong>16 i 17 de juny<\/strong> al Parc del F\u00f2rum. Durant el cap de setmana <strong>podr\u00e0s gaudir del Barcelona European Open<\/strong>, on els millors skaters competiran per endur-se la corona de Barcelona. Tamb\u00e9 trobar\u00e0s les proves de <strong>Dirt BMX i Dirt MTB, Inline, BMX, Streetboard, Scooter, Longboard i Wakeboard<\/strong>, el qual torna amb l\u2019obertura de la zona d\u2019aig\u00fces . A m\u00e9s, podr\u00e0s gaudir d\u2019altres activitats que ofereix el festival: foodtrucks de gastronomia internacional o m\u00fasica en directe.<\/p>\n<p>En aquesta edici\u00f3 en qu\u00e8 se celebren 10 anys, s\u2019ofereix la possibilitat de combinar tota l\u2019activitat del cap de setmana amb un dels millors festivals de m\u00fasica electr\u00f2nica, <strong>l\u2019OFF AT FORUM<\/strong>, que comparteix espai amb l\u2019imaginExtreme Barcelona 2018. L\u2019OFF AT FORUM portar\u00e0 a terme la clausura de la seva 6\u00ba edici\u00f3 el dissabte 16 de juny al Parc del F\u00f2rum. El festival <strong>AFTERLIFE comen\u00e7ar\u00e0 a les 20:00<\/strong> de la m\u00e0 dels italians \u201cTale Of Us\u201d. Karm i Mateo tornen a la ciutat on van comen\u00e7ar far\u00e0 6 anys. El repertori de m\u00fasica electr\u00f2nica el completen Kink (live), Maceo Plex, Mano Le Tough, Recondite (live), Patrice Ba\u00fcmel, Mind Against, R\u00f8dh\u00e5d, Stephan Bodzin (live), Tijana T,\u00a0Marcel Dettmann\u00a0i\u00a0Woo York (live).<\/p>\n<p>Gr\u00e0cies l\u2019imaginExtreme Barcelona pots aconseguir una promoci\u00f3 \u00fanica i a un preu impressionant. Tens l\u2019oportunitat de gaudir de tot el cap de setmana a l\u2019imaginExtreme Barcelona i a m\u00e9s, passar la nit \u00a0l\u2019Off at F\u00f3rum adquirint la teva entrada<strong> \u201cCOMBO\u201d des de 50\u20ac.<\/strong><\/p>\n<p>Per si tot aix\u00f2 fos poc, adquirint la teva entrada \u201cCOMBO\u201d rebr\u00e0s unes <strong>ulleres de sol de la marca Northweek<\/strong> fetes exclusivament per l\u2019imaginExtreme.<\/p>\n<p>Vine a celebrar amb els 10 anys de l\u2019imaginExtreme Barcelona. <a href=\"https:\/\/proticketing.com\/extremebarcelonatickets\/es_ES\/entradas\/evento\/9680\/session\/558158\/select\" target=\"_blank\" rel=\"noopener\"><strong>Compra la teva entrada \u201cCOMBO\u201d aqu\u00ed.<\/strong><\/a><\/p>\n","protected":false},"excerpt":{"rendered":"<p>L\u2019imaginExtreme Barcelona 2018 compartir\u00e0 espai amb un dels festivals de m\u00fasica electr\u00f2nica m\u00e9s importants d\u2019Europa, l\u2019OFF AT FORUM. L\u2019imaginExtreme Barcelona \u00e9s una de les competicions d\u2019esports urbans m\u00e9s populars d\u2019Europa que es celebra els dies 16 i 17 de juny al Parc del F\u00f2rum. Durant el cap de setmana podr\u00e0s gaudir del Barcelona European Open, [&hellip;]<\/p>\n","protected":false},"author":8,"featured_media":4279,"comment_status":"closed","ping_status":"closed","sticky":false,"template":"","format":"standard","meta":{"_et_pb_use_builder":"","_et_pb_old_content":"","_et_gb_content_width":"","footnotes":""},"categories":[20],"tags":[183,93,109,110,198,185,47,186,222,218],"class_list":["post-4182","post","type-post","status-publish","format-standard","has-post-thumbnail","hentry","category-noticies","tag-action-sports-ca","tag-barcelona-ca","tag-bmx-ca","tag-central-park-ca","tag-competicion-ca","tag-extreme-ca","tag-extreme-barcelona","tag-imaginextreme-ca","tag-musica-electronica","tag-off-at-forum"],"yoast_head":"<!-- This site is optimized with the Yoast SEO plugin v27.2 - https:\/\/yoast.com\/product\/yoast-seo-wordpress\/ -->\n<title>Gaudeix de l&#039;Off At Forum i de l&#039;imaginExtrem Barcelona 2018<\/title>\n<meta name=\"description\" content=\"L\u2019imaginExtreme Barcelona 2018 compartir\u00e0 espai amb un dels festivals de m\u00fasica electr\u00f2nica m\u00e9s importants d\u2019Europa: l\u2019Off At Forum. En aquesta edici\u00f3 en qu\u00e8 se celebren 10 anys, s\u2019ofereix la possibilitat de combinar tota l\u2019activitat del cap de setmana amb un dels millors festivals de m\u00fasica electr\u00f2nica.\" \/>\n<meta name=\"robots\" content=\"index, follow, max-snippet:-1, max-image-preview:large, max-video-preview:-1\" \/>\n<link rel=\"canonical\" href=\"https:\/\/extremebarcelona.com\/ca\/2018\/05\/28\/loff-at-forum-i-limagin-extreme-barcelona-2018\/\" \/>\n<meta property=\"og:locale\" content=\"ca_ES\" \/>\n<meta property=\"og:type\" content=\"article\" \/>\n<meta property=\"og:title\" content=\"Gaudeix de l&#039;Off At Forum i de l&#039;imaginExtrem Barcelona 2018\" \/>\n<meta property=\"og:description\" content=\"L\u2019imaginExtreme Barcelona 2018 compartir\u00e0 espai amb un dels festivals de m\u00fasica electr\u00f2nica m\u00e9s importants d\u2019Europa: l\u2019Off At Forum. En aquesta edici\u00f3 en qu\u00e8 se celebren 10 anys, s\u2019ofereix la possibilitat de combinar tota l\u2019activitat del cap de setmana amb un dels millors festivals de m\u00fasica electr\u00f2nica.\" \/>\n<meta property=\"og:url\" content=\"https:\/\/extremebarcelona.com\/ca\/2018\/05\/28\/loff-at-forum-i-limagin-extreme-barcelona-2018\/\" \/>\n<meta property=\"og:site_name\" content=\"Extreme Barcelona\" \/>\n<meta property=\"article:published_time\" content=\"2018-05-28T15:18:33+00:00\" \/>\n<meta property=\"article:modified_time\" content=\"2018-05-29T08:09:47+00:00\" \/>\n<meta property=\"og:image\" content=\"https:\/\/extremebarcelona.com\/wp-content\/uploads\/2018\/05\/portada-9.jpg\" \/>\n\t<meta property=\"og:image:width\" content=\"5184\" \/>\n\t<meta property=\"og:image:height\" content=\"3456\" \/>\n\t<meta property=\"og:image:type\" content=\"image\/jpeg\" \/>\n<meta name=\"author\" content=\"UWS\" \/>\n<meta name=\"twitter:card\" content=\"summary_large_image\" \/>\n<meta name=\"twitter:label1\" content=\"Escrit per\" \/>\n\t<meta name=\"twitter:data1\" content=\"UWS\" \/>\n\t<meta name=\"twitter:label2\" content=\"Temps estimat de lectura\" \/>\n\t<meta name=\"twitter:data2\" content=\"2 minuts\" \/>\n<script type=\"application\/ld+json\" class=\"yoast-schema-graph\">{\"@context\":\"https:\/\/schema.org\",\"@graph\":[{\"@type\":\"NewsArticle\",\"@id\":\"https:\/\/extremebarcelona.com\/ca\/2018\/05\/28\/loff-at-forum-i-limagin-extreme-barcelona-2018\/#article\",\"isPartOf\":{\"@id\":\"https:\/\/extremebarcelona.com\/ca\/2018\/05\/28\/loff-at-forum-i-limagin-extreme-barcelona-2018\/\"},\"author\":{\"name\":\"UWS\",\"@id\":\"https:\/\/extremebarcelona.com\/#\/schema\/person\/84bb7d2facd51100910ca1df9186891e\"},\"headline\":\"GAUDEIX DE L&#8217;OFF AT FORUM I L&#8217;IMAGIN EXTREME BARCELONA 2018\",\"datePublished\":\"2018-05-28T15:18:33+00:00\",\"dateModified\":\"2018-05-29T08:09:47+00:00\",\"mainEntityOfPage\":{\"@id\":\"https:\/\/extremebarcelona.com\/ca\/2018\/05\/28\/loff-at-forum-i-limagin-extreme-barcelona-2018\/\"},\"wordCount\":358,\"publisher\":{\"@id\":\"https:\/\/extremebarcelona.com\/#organization\"},\"image\":{\"@id\":\"https:\/\/extremebarcelona.com\/ca\/2018\/05\/28\/loff-at-forum-i-limagin-extreme-barcelona-2018\/#primaryimage\"},\"thumbnailUrl\":\"https:\/\/extremebarcelona.com\/wp-content\/uploads\/2018\/05\/portada-9.jpg\",\"keywords\":[\"action sports\",\"barcelona\",\"bmx\",\"central park\",\"competici\u00f3n\",\"extreme\",\"extreme barcelona\",\"imaginExtreme\",\"musica electronica\",\"off at forum\"],\"articleSection\":[\"Noticies\"],\"inLanguage\":\"ca\"},{\"@type\":\"WebPage\",\"@id\":\"https:\/\/extremebarcelona.com\/ca\/2018\/05\/28\/loff-at-forum-i-limagin-extreme-barcelona-2018\/\",\"url\":\"https:\/\/extremebarcelona.com\/ca\/2018\/05\/28\/loff-at-forum-i-limagin-extreme-barcelona-2018\/\",\"name\":\"Gaudeix de l'Off At Forum i de l'imaginExtrem Barcelona 2018\",\"isPartOf\":{\"@id\":\"https:\/\/extremebarcelona.com\/#website\"},\"primaryImageOfPage\":{\"@id\":\"https:\/\/extremebarcelona.com\/ca\/2018\/05\/28\/loff-at-forum-i-limagin-extreme-barcelona-2018\/#primaryimage\"},\"image\":{\"@id\":\"https:\/\/extremebarcelona.com\/ca\/2018\/05\/28\/loff-at-forum-i-limagin-extreme-barcelona-2018\/#primaryimage\"},\"thumbnailUrl\":\"https:\/\/extremebarcelona.com\/wp-content\/uploads\/2018\/05\/portada-9.jpg\",\"datePublished\":\"2018-05-28T15:18:33+00:00\",\"dateModified\":\"2018-05-29T08:09:47+00:00\",\"description\":\"L\u2019imaginExtreme Barcelona 2018 compartir\u00e0 espai amb un dels festivals de m\u00fasica electr\u00f2nica m\u00e9s importants d\u2019Europa: l\u2019Off At Forum. En aquesta edici\u00f3 en qu\u00e8 se celebren 10 anys, s\u2019ofereix la possibilitat de combinar tota l\u2019activitat del cap de setmana amb un dels millors festivals de m\u00fasica electr\u00f2nica.\",\"breadcrumb\":{\"@id\":\"https:\/\/extremebarcelona.com\/ca\/2018\/05\/28\/loff-at-forum-i-limagin-extreme-barcelona-2018\/#breadcrumb\"},\"inLanguage\":\"ca\",\"potentialAction\":[{\"@type\":\"ReadAction\",\"target\":[\"https:\/\/extremebarcelona.com\/ca\/2018\/05\/28\/loff-at-forum-i-limagin-extreme-barcelona-2018\/\"]}]},{\"@type\":\"ImageObject\",\"inLanguage\":\"ca\",\"@id\":\"https:\/\/extremebarcelona.com\/ca\/2018\/05\/28\/loff-at-forum-i-limagin-extreme-barcelona-2018\/#primaryimage\",\"url\":\"https:\/\/extremebarcelona.com\/wp-content\/uploads\/2018\/05\/portada-9.jpg\",\"contentUrl\":\"https:\/\/extremebarcelona.com\/wp-content\/uploads\/2018\/05\/portada-9.jpg\",\"width\":\"5184\",\"height\":\"3456\",\"caption\":\"Off at forum y imaginExtrem Barcelona.\"},{\"@type\":\"BreadcrumbList\",\"@id\":\"https:\/\/extremebarcelona.com\/ca\/2018\/05\/28\/loff-at-forum-i-limagin-extreme-barcelona-2018\/#breadcrumb\",\"itemListElement\":[{\"@type\":\"ListItem\",\"position\":1,\"name\":\"Portada\",\"item\":\"https:\/\/extremebarcelona.com\/\"},{\"@type\":\"ListItem\",\"position\":2,\"name\":\"GAUDEIX DE L&#8217;OFF AT FORUM I L&#8217;IMAGIN EXTREME BARCELONA 2018\"}]},{\"@type\":\"WebSite\",\"@id\":\"https:\/\/extremebarcelona.com\/#website\",\"url\":\"https:\/\/extremebarcelona.com\/\",\"name\":\"Extreme Barcelona\",\"description\":\"Otro sitio realizado con WordPress\",\"publisher\":{\"@id\":\"https:\/\/extremebarcelona.com\/#organization\"},\"potentialAction\":[{\"@type\":\"SearchAction\",\"target\":{\"@type\":\"EntryPoint\",\"urlTemplate\":\"https:\/\/extremebarcelona.com\/?s={search_term_string}\"},\"query-input\":{\"@type\":\"PropertyValueSpecification\",\"valueRequired\":true,\"valueName\":\"search_term_string\"}}],\"inLanguage\":\"ca\"},{\"@type\":\"Organization\",\"@id\":\"https:\/\/extremebarcelona.com\/#organization\",\"name\":\"Extreme Barcelona\",\"url\":\"https:\/\/extremebarcelona.com\/\",\"logo\":{\"@type\":\"ImageObject\",\"inLanguage\":\"ca\",\"@id\":\"https:\/\/extremebarcelona.com\/#\/schema\/logo\/image\/\",\"url\":\"https:\/\/extremebarcelona.com\/wp-content\/uploads\/2021\/04\/Logo-Extreme-2021.png\",\"contentUrl\":\"https:\/\/extremebarcelona.com\/wp-content\/uploads\/2021\/04\/Logo-Extreme-2021.png\",\"width\":500,\"height\":500,\"caption\":\"Extreme Barcelona\"},\"image\":{\"@id\":\"https:\/\/extremebarcelona.com\/#\/schema\/logo\/image\/\"}},{\"@type\":\"Person\",\"@id\":\"https:\/\/extremebarcelona.com\/#\/schema\/person\/84bb7d2facd51100910ca1df9186891e\",\"name\":\"UWS\",\"image\":{\"@type\":\"ImageObject\",\"inLanguage\":\"ca\",\"@id\":\"https:\/\/secure.gravatar.com\/avatar\/41b930374ee41e318f6457172bd2f6e300b1872879ecb443d692bea8dad136f9?s=96&d=mm&r=g\",\"url\":\"https:\/\/secure.gravatar.com\/avatar\/41b930374ee41e318f6457172bd2f6e300b1872879ecb443d692bea8dad136f9?s=96&d=mm&r=g\",\"contentUrl\":\"https:\/\/secure.gravatar.com\/avatar\/41b930374ee41e318f6457172bd2f6e300b1872879ecb443d692bea8dad136f9?s=96&d=mm&r=g\",\"caption\":\"UWS\"}}]}<\/script>\n<!-- \/ Yoast SEO plugin. -->","yoast_head_json":{"title":"Gaudeix de l'Off At Forum i de l'imaginExtrem Barcelona 2018","description":"L\u2019imaginExtreme Barcelona 2018 compartir\u00e0 espai amb un dels festivals de m\u00fasica electr\u00f2nica m\u00e9s importants d\u2019Europa: l\u2019Off At Forum. En aquesta edici\u00f3 en qu\u00e8 se celebren 10 anys, s\u2019ofereix la possibilitat de combinar tota l\u2019activitat del cap de setmana amb un dels millors festivals de m\u00fasica electr\u00f2nica.","robots":{"index":"index","follow":"follow","max-snippet":"max-snippet:-1","max-image-preview":"max-image-preview:large","max-video-preview":"max-video-preview:-1"},"canonical":"https:\/\/extremebarcelona.com\/ca\/2018\/05\/28\/loff-at-forum-i-limagin-extreme-barcelona-2018\/","og_locale":"ca_ES","og_type":"article","og_title":"Gaudeix de l'Off At Forum i de l'imaginExtrem Barcelona 2018","og_description":"L\u2019imaginExtreme Barcelona 2018 compartir\u00e0 espai amb un dels festivals de m\u00fasica electr\u00f2nica m\u00e9s importants d\u2019Europa: l\u2019Off At Forum. En aquesta edici\u00f3 en qu\u00e8 se celebren 10 anys, s\u2019ofereix la possibilitat de combinar tota l\u2019activitat del cap de setmana amb un dels millors festivals de m\u00fasica electr\u00f2nica.","og_url":"https:\/\/extremebarcelona.com\/ca\/2018\/05\/28\/loff-at-forum-i-limagin-extreme-barcelona-2018\/","og_site_name":"Extreme Barcelona","article_published_time":"2018-05-28T15:18:33+00:00","article_modified_time":"2018-05-29T08:09:47+00:00","og_image":[{"width":5184,"height":3456,"url":"https:\/\/extremebarcelona.com\/wp-content\/uploads\/2018\/05\/portada-9.jpg","type":"image\/jpeg"}],"author":"UWS","twitter_card":"summary_large_image","twitter_misc":{"Escrit per":"UWS","Temps estimat de lectura":"2 minuts"},"schema":{"@context":"https:\/\/schema.org","@graph":[{"@type":"NewsArticle","@id":"https:\/\/extremebarcelona.com\/ca\/2018\/05\/28\/loff-at-forum-i-limagin-extreme-barcelona-2018\/#article","isPartOf":{"@id":"https:\/\/extremebarcelona.com\/ca\/2018\/05\/28\/loff-at-forum-i-limagin-extreme-barcelona-2018\/"},"author":{"name":"UWS","@id":"https:\/\/extremebarcelona.com\/#\/schema\/person\/84bb7d2facd51100910ca1df9186891e"},"headline":"GAUDEIX DE L&#8217;OFF AT FORUM I L&#8217;IMAGIN EXTREME BARCELONA 2018","datePublished":"2018-05-28T15:18:33+00:00","dateModified":"2018-05-29T08:09:47+00:00","mainEntityOfPage":{"@id":"https:\/\/extremebarcelona.com\/ca\/2018\/05\/28\/loff-at-forum-i-limagin-extreme-barcelona-2018\/"},"wordCount":358,"publisher":{"@id":"https:\/\/extremebarcelona.com\/#organization"},"image":{"@id":"https:\/\/extremebarcelona.com\/ca\/2018\/05\/28\/loff-at-forum-i-limagin-extreme-barcelona-2018\/#primaryimage"},"thumbnailUrl":"https:\/\/extremebarcelona.com\/wp-content\/uploads\/2018\/05\/portada-9.jpg","keywords":["action sports","barcelona","bmx","central park","competici\u00f3n","extreme","extreme barcelona","imaginExtreme","musica electronica","off at forum"],"articleSection":["Noticies"],"inLanguage":"ca"},{"@type":"WebPage","@id":"https:\/\/extremebarcelona.com\/ca\/2018\/05\/28\/loff-at-forum-i-limagin-extreme-barcelona-2018\/","url":"https:\/\/extremebarcelona.com\/ca\/2018\/05\/28\/loff-at-forum-i-limagin-extreme-barcelona-2018\/","name":"Gaudeix de l'Off At Forum i de l'imaginExtrem Barcelona 2018","isPartOf":{"@id":"https:\/\/extremebarcelona.com\/#website"},"primaryImageOfPage":{"@id":"https:\/\/extremebarcelona.com\/ca\/2018\/05\/28\/loff-at-forum-i-limagin-extreme-barcelona-2018\/#primaryimage"},"image":{"@id":"https:\/\/extremebarcelona.com\/ca\/2018\/05\/28\/loff-at-forum-i-limagin-extreme-barcelona-2018\/#primaryimage"},"thumbnailUrl":"https:\/\/extremebarcelona.com\/wp-content\/uploads\/2018\/05\/portada-9.jpg","datePublished":"2018-05-28T15:18:33+00:00","dateModified":"2018-05-29T08:09:47+00:00","description":"L\u2019imaginExtreme Barcelona 2018 compartir\u00e0 espai amb un dels festivals de m\u00fasica electr\u00f2nica m\u00e9s importants d\u2019Europa: l\u2019Off At Forum. En aquesta edici\u00f3 en qu\u00e8 se celebren 10 anys, s\u2019ofereix la possibilitat de combinar tota l\u2019activitat del cap de setmana amb un dels millors festivals de m\u00fasica electr\u00f2nica.","breadcrumb":{"@id":"https:\/\/extremebarcelona.com\/ca\/2018\/05\/28\/loff-at-forum-i-limagin-extreme-barcelona-2018\/#breadcrumb"},"inLanguage":"ca","potentialAction":[{"@type":"ReadAction","target":["https:\/\/extremebarcelona.com\/ca\/2018\/05\/28\/loff-at-forum-i-limagin-extreme-barcelona-2018\/"]}]},{"@type":"ImageObject","inLanguage":"ca","@id":"https:\/\/extremebarcelona.com\/ca\/2018\/05\/28\/loff-at-forum-i-limagin-extreme-barcelona-2018\/#primaryimage","url":"https:\/\/extremebarcelona.com\/wp-content\/uploads\/2018\/05\/portada-9.jpg","contentUrl":"https:\/\/extremebarcelona.com\/wp-content\/uploads\/2018\/05\/portada-9.jpg","width":"5184","height":"3456","caption":"Off at forum y imaginExtrem Barcelona."},{"@type":"BreadcrumbList","@id":"https:\/\/extremebarcelona.com\/ca\/2018\/05\/28\/loff-at-forum-i-limagin-extreme-barcelona-2018\/#breadcrumb","itemListElement":[{"@type":"ListItem","position":1,"name":"Portada","item":"https:\/\/extremebarcelona.com\/"},{"@type":"ListItem","position":2,"name":"GAUDEIX DE L&#8217;OFF AT FORUM I L&#8217;IMAGIN EXTREME BARCELONA 2018"}]},{"@type":"WebSite","@id":"https:\/\/extremebarcelona.com\/#website","url":"https:\/\/extremebarcelona.com\/","name":"Extreme Barcelona","description":"Otro sitio realizado con WordPress","publisher":{"@id":"https:\/\/extremebarcelona.com\/#organization"},"potentialAction":[{"@type":"SearchAction","target":{"@type":"EntryPoint","urlTemplate":"https:\/\/extremebarcelona.com\/?s={search_term_string}"},"query-input":{"@type":"PropertyValueSpecification","valueRequired":true,"valueName":"search_term_string"}}],"inLanguage":"ca"},{"@type":"Organization","@id":"https:\/\/extremebarcelona.com\/#organization","name":"Extreme Barcelona","url":"https:\/\/extremebarcelona.com\/","logo":{"@type":"ImageObject","inLanguage":"ca","@id":"https:\/\/extremebarcelona.com\/#\/schema\/logo\/image\/","url":"https:\/\/extremebarcelona.com\/wp-content\/uploads\/2021\/04\/Logo-Extreme-2021.png","contentUrl":"https:\/\/extremebarcelona.com\/wp-content\/uploads\/2021\/04\/Logo-Extreme-2021.png","width":500,"height":500,"caption":"Extreme Barcelona"},"image":{"@id":"https:\/\/extremebarcelona.com\/#\/schema\/logo\/image\/"}},{"@type":"Person","@id":"https:\/\/extremebarcelona.com\/#\/schema\/person\/84bb7d2facd51100910ca1df9186891e","name":"UWS","image":{"@type":"ImageObject","inLanguage":"ca","@id":"https:\/\/secure.gravatar.com\/avatar\/41b930374ee41e318f6457172bd2f6e300b1872879ecb443d692bea8dad136f9?s=96&d=mm&r=g","url":"https:\/\/secure.gravatar.com\/avatar\/41b930374ee41e318f6457172bd2f6e300b1872879ecb443d692bea8dad136f9?s=96&d=mm&r=g","contentUrl":"https:\/\/secure.gravatar.com\/avatar\/41b930374ee41e318f6457172bd2f6e300b1872879ecb443d692bea8dad136f9?s=96&d=mm&r=g","caption":"UWS"}}]}},"_links":{"self":[{"href":"https:\/\/extremebarcelona.com\/ca\/wp-json\/wp\/v2\/posts\/4182","targetHints":{"allow":["GET"]}}],"collection":[{"href":"https:\/\/extremebarcelona.com\/ca\/wp-json\/wp\/v2\/posts"}],"about":[{"href":"https:\/\/extremebarcelona.com\/ca\/wp-json\/wp\/v2\/types\/post"}],"author":[{"embeddable":true,"href":"https:\/\/extremebarcelona.com\/ca\/wp-json\/wp\/v2\/users\/8"}],"replies":[{"embeddable":true,"href":"https:\/\/extremebarcelona.com\/ca\/wp-json\/wp\/v2\/comments?post=4182"}],"version-history":[{"count":5,"href":"https:\/\/extremebarcelona.com\/ca\/wp-json\/wp\/v2\/posts\/4182\/revisions"}],"predecessor-version":[{"id":4332,"href":"https:\/\/extremebarcelona.com\/ca\/wp-json\/wp\/v2\/posts\/4182\/revisions\/4332"}],"wp:featuredmedia":[{"embeddable":true,"href":"https:\/\/extremebarcelona.com\/ca\/wp-json\/wp\/v2\/media\/4279"}],"wp:attachment":[{"href":"https:\/\/extremebarcelona.com\/ca\/wp-json\/wp\/v2\/media?parent=4182"}],"wp:term":[{"taxonomy":"category","embeddable":true,"href":"https:\/\/extremebarcelona.com\/ca\/wp-json\/wp\/v2\/categories?post=4182"},{"taxonomy":"post_tag","embeddable":true,"href":"https:\/\/extremebarcelona.com\/ca\/wp-json\/wp\/v2\/tags?post=4182"}],"curies":[{"name":"wp","href":"https:\/\/api.w.org\/{rel}","templated":true}]}}