{"id":4016,"date":"2018-05-18T17:05:28","date_gmt":"2018-05-18T15:05:28","guid":{"rendered":"https:\/\/extremebarcelona.com\/?p=4016"},"modified":"2018-05-18T11:07:14","modified_gmt":"2018-05-18T09:07:14","slug":"instalacions-llestes-per-limaginextreme","status":"publish","type":"post","link":"https:\/\/extremebarcelona.com\/ca\/2018\/05\/18\/instalacions-llestes-per-limaginextreme\/","title":{"rendered":"INSTAL\u00b7LACIONS PREPARADES PER L&#8217;IMAGIN EXTREME BARCELONA 2018"},"content":{"rendered":"<h5><strong>Queda poc menys d\u2019un mes per la posada en escena de l&#8217;imaginExtreme Barcelona 2018 que es celebra al Parc del F\u00f2rum el 16 i 17 de juny.<\/strong><\/h5>\n<h5><strong>Podr\u00e0s trobar 21 varietats competitives que es desenvoluparan en els diferents parks del recinte del F\u00f2rum de Barcelona.<\/strong><\/h5>\n<h5><strong>El Central Park, la BEO Park i la Dirt Area seran els escenaris principals.<\/strong><\/h5>\n<p>&nbsp;<\/p>\n<p>A la <strong>Central Park<\/strong> (auditori 1), hi hauran competicions de quatre modalitats diferents: L\u2019Scooter ser\u00e0 el protagonista en aquesta pista, un any m\u00e9s es disputa l\u2019\u00faltima prova de la <strong>Internacional Scooter Association<\/strong>. El pr\u00f2xim campi\u00f3 del m\u00f3n de Scooter sortir\u00e0 a Barcelona. A m\u00e9s, tamb\u00e9 tindrem el MGP Park Battle, qui faci el best trick s\u2019emportar\u00e0 1.500\u20ac junt amb el cintur\u00f3 de campi\u00f3. Al Central Park tamb\u00e9 trobarem proves de <strong>BMX, Inline <\/strong>i <strong>Streetboard<\/strong>.<\/p>\n<p>La pista ha estat creada per Hurricane, la constructora de skateparks de Fise. <strong>El Central Park \u00e9s digne d\u2019un campionat del m\u00f3n<\/strong>. Per aquest motiu, mantenir la velocitat i l\u2019al\u00e7ada dels trucs \u00e9s imprescindible per lluitar per les medalles. A m\u00e9s, aquest any el park \u00e9s m\u00e9s gran que el de l\u2019anterior edici\u00f3:\u00a0<strong>52X30 metres<\/strong>. Alguns dels m\u00f2duls que els riders es trobaran s\u00f3n: un gran <strong>Wallride, Funbox, Spine, Hips, Step Ups i baranes<\/strong>, que aquest any hi haur\u00e0 tres en comptes de dues.<\/p>\n<p>En el <strong>BEO Park<\/strong>, situat a l\u2019auditori 2, trobar\u00e0s les competicions de skateboarding on es disputa el <strong>Barcelona European Open<\/strong>,\u00a0 una de les competicions d\u2019Skate m\u00e9s populars d\u2019Europa. En aquest park, l\u2019Skate ser\u00e0 l\u2019\u00fanic protagonista durant tota la jornada de dissabte.<\/p>\n<p>Diumenge, al BEO Park, es disputaran les proves de <strong>Park Street<\/strong>. En aquesta pista es competir\u00e0 per ser el millor rider d\u2019Inline i BMX d\u2019Street. A m\u00e9s, es disputar\u00e0 la<strong> Scooter World Street Final<\/strong>.<\/p>\n<p>&nbsp;<\/p>\n<div id=\"attachment_4024\" style=\"width: 1034px\" class=\"wp-caption aligncenter\"><img loading=\"lazy\" decoding=\"async\" aria-describedby=\"caption-attachment-4024\" class=\"wp-image-4024 size-large\" src=\"https:\/\/extremebarcelona.com\/wp-content\/uploads\/2018\/05\/beo-park-1024x480.jpg\" alt=\"\" width=\"1024\" height=\"480\" srcset=\"https:\/\/extremebarcelona.com\/wp-content\/uploads\/2018\/05\/beo-park-1024x480.jpg 1024w, https:\/\/extremebarcelona.com\/wp-content\/uploads\/2018\/05\/beo-park-300x141.jpg 300w, https:\/\/extremebarcelona.com\/wp-content\/uploads\/2018\/05\/beo-park-768x360.jpg 768w, https:\/\/extremebarcelona.com\/wp-content\/uploads\/2018\/05\/beo-park-1080x507.jpg 1080w\" sizes=\"(max-width: 1024px) 100vw, 1024px\" \/><p id=\"caption-attachment-4024\" class=\"wp-caption-text\">Aix\u00ed ser\u00e0 el BEO Park a l&#8217;imaginExtrem<\/p><\/div>\n<p>&nbsp;<\/p>\n<p>La pista ha estat constru\u00efda per California Skateparks Europe. L\u2019empresa americana s\u2019ha inspirat en uns m\u00f2duls m\u00e9s petits que pots trobar als carrers de qualsevol ciutat. A m\u00e9s, el park ha guanyat en llargada i amplada <strong>(42X13)<\/strong> respecte al 2017. En el BEO Park podr\u00e0s trobar<strong> handrails, hubbals, un quarter<\/strong> i un<strong> quarter to bank<\/strong> que delimiten la pista.<\/p>\n<p>Aquesta edici\u00f3 \u00e9s especial perqu\u00e8<strong> l\u2019imaginExtreme Barcelona compleix 10 anys<\/strong>. Per aquest motiu, el <strong>Dirt jump<\/strong> ser\u00e0 una de les novetats del festival. El guanyador es decidir\u00e0 segons qui faci el best trick en les modalitats de<strong> BMX <\/strong>i<strong> MTB<\/strong>. El Dirt jump, constru\u00eft per La Poma Bikepark de Premi\u00e0 de Dalt, estar\u00e0 situada a la Dirt Area, entre la Central Park i el Cross Park.<\/p>\n<p>&nbsp;<\/p>\n<div id=\"attachment_4023\" style=\"width: 1034px\" class=\"wp-caption aligncenter\"><img loading=\"lazy\" decoding=\"async\" aria-describedby=\"caption-attachment-4023\" class=\"wp-image-4023 size-large\" src=\"https:\/\/extremebarcelona.com\/wp-content\/uploads\/2018\/05\/dirt-jump-1024x480.jpg\" alt=\"\" width=\"1024\" height=\"480\" srcset=\"https:\/\/extremebarcelona.com\/wp-content\/uploads\/2018\/05\/dirt-jump-1024x480.jpg 1024w, https:\/\/extremebarcelona.com\/wp-content\/uploads\/2018\/05\/dirt-jump-300x141.jpg 300w, https:\/\/extremebarcelona.com\/wp-content\/uploads\/2018\/05\/dirt-jump-768x360.jpg 768w, https:\/\/extremebarcelona.com\/wp-content\/uploads\/2018\/05\/dirt-jump-1080x507.jpg 1080w\" sizes=\"(max-width: 1024px) 100vw, 1024px\" \/><p id=\"caption-attachment-4023\" class=\"wp-caption-text\">Aix\u00ed ser\u00e0 la Dirt Area del imaginExtrem<\/p><\/div>\n<p>&nbsp;<\/p>\n<p>Un dels festivals d&#8217;esports urbans m\u00e9s populars d&#8217;Europa est\u00e0 a punt de comen\u00e7ar. <a href=\"https:\/\/proticketing.com\/extremebarcelonatickets\/es_ES\/entradas\/evento\/9680\" target=\"_blank\" rel=\"noopener\"><strong>Ja tens la teva entrada?<\/strong><\/a><\/p>\n<p>Si ets un rider i vols participar-hi, inscriu-te <a href=\"https:\/\/extremebarcelona.com\/riders-registry\/\" target=\"_blank\" rel=\"noopener\"><strong>aqu\u00ed<\/strong><\/a>.<\/p>\n","protected":false},"excerpt":{"rendered":"<p>Queda poc menys d\u2019un mes per la posada en escena de l&#8217;imaginExtreme Barcelona 2018 que es celebra al Parc del F\u00f2rum el 16 i 17 de juny. Podr\u00e0s trobar 21 varietats competitives que es desenvoluparan en els diferents parks del recinte del F\u00f2rum de Barcelona. El Central Park, la BEO Park i la Dirt Area [&hellip;]<\/p>\n","protected":false},"author":8,"featured_media":4022,"comment_status":"closed","ping_status":"closed","sticky":false,"template":"","format":"standard","meta":{"_et_pb_use_builder":"","_et_pb_old_content":"","_et_gb_content_width":"","footnotes":""},"categories":[20],"tags":[183,44,93,109,110,122,47,112,98,220],"class_list":["post-4016","post","type-post","status-publish","format-standard","has-post-thumbnail","hentry","category-noticies","tag-action-sports-ca","tag-amateur","tag-barcelona-ca","tag-bmx-ca","tag-central-park-ca","tag-championships-ca","tag-extreme-barcelona","tag-scooter-ca","tag-skate-ca","tag-urban"],"yoast_head":"<!-- This site is optimized with the Yoast SEO plugin v27.2 - https:\/\/yoast.com\/product\/yoast-seo-wordpress\/ -->\n<title>INSTAL\u00b7LACIONS LLESTES PER L&#039;IMAGINEXTREME BARCELONA<\/title>\n<meta name=\"description\" content=\"Queda poc menys d\u2019un mes per la posada en escena de l&#039;imaginExtreme Barcelona 2018 que es celebra al Parc del F\u00f2rum el 16 i 17 de juny. Per aquesta edici\u00f3, podr\u00e0s trobar 20 varietats competitives.\" \/>\n<meta name=\"robots\" content=\"index, follow, max-snippet:-1, max-image-preview:large, max-video-preview:-1\" \/>\n<link rel=\"canonical\" href=\"https:\/\/extremebarcelona.com\/ca\/2018\/05\/18\/instalacions-llestes-per-limaginextreme\/\" \/>\n<meta property=\"og:locale\" content=\"ca_ES\" \/>\n<meta property=\"og:type\" content=\"article\" \/>\n<meta property=\"og:title\" content=\"INSTAL\u00b7LACIONS LLESTES PER L&#039;IMAGINEXTREME BARCELONA\" \/>\n<meta property=\"og:description\" content=\"Queda poc menys d\u2019un mes per la posada en escena de l&#039;imaginExtreme Barcelona 2018 que es celebra al Parc del F\u00f2rum el 16 i 17 de juny. Per aquesta edici\u00f3, podr\u00e0s trobar 20 varietats competitives.\" \/>\n<meta property=\"og:url\" content=\"https:\/\/extremebarcelona.com\/ca\/2018\/05\/18\/instalacions-llestes-per-limaginextreme\/\" \/>\n<meta property=\"og:site_name\" content=\"Extreme Barcelona\" \/>\n<meta property=\"article:published_time\" content=\"2018-05-18T15:05:28+00:00\" \/>\n<meta property=\"og:image\" content=\"https:\/\/extremebarcelona.com\/wp-content\/uploads\/2018\/05\/central-park.jpg\" \/>\n\t<meta property=\"og:image:width\" content=\"5184\" \/>\n\t<meta property=\"og:image:height\" content=\"3456\" \/>\n\t<meta property=\"og:image:type\" content=\"image\/jpeg\" \/>\n<meta name=\"author\" content=\"UWS\" \/>\n<meta name=\"twitter:card\" content=\"summary_large_image\" \/>\n<meta name=\"twitter:label1\" content=\"Escrit per\" \/>\n\t<meta name=\"twitter:data1\" content=\"UWS\" \/>\n\t<meta name=\"twitter:label2\" content=\"Temps estimat de lectura\" \/>\n\t<meta name=\"twitter:data2\" content=\"3 minuts\" \/>\n<script type=\"application\/ld+json\" class=\"yoast-schema-graph\">{\"@context\":\"https:\/\/schema.org\",\"@graph\":[{\"@type\":\"NewsArticle\",\"@id\":\"https:\/\/extremebarcelona.com\/ca\/2018\/05\/18\/instalacions-llestes-per-limaginextreme\/#article\",\"isPartOf\":{\"@id\":\"https:\/\/extremebarcelona.com\/ca\/2018\/05\/18\/instalacions-llestes-per-limaginextreme\/\"},\"author\":{\"name\":\"UWS\",\"@id\":\"https:\/\/extremebarcelona.com\/#\/schema\/person\/84bb7d2facd51100910ca1df9186891e\"},\"headline\":\"INSTAL\u00b7LACIONS PREPARADES PER L&#8217;IMAGIN EXTREME BARCELONA 2018\",\"datePublished\":\"2018-05-18T15:05:28+00:00\",\"mainEntityOfPage\":{\"@id\":\"https:\/\/extremebarcelona.com\/ca\/2018\/05\/18\/instalacions-llestes-per-limaginextreme\/\"},\"wordCount\":521,\"publisher\":{\"@id\":\"https:\/\/extremebarcelona.com\/#organization\"},\"image\":{\"@id\":\"https:\/\/extremebarcelona.com\/ca\/2018\/05\/18\/instalacions-llestes-per-limaginextreme\/#primaryimage\"},\"thumbnailUrl\":\"https:\/\/extremebarcelona.com\/wp-content\/uploads\/2018\/05\/central-park.jpg\",\"keywords\":[\"action sports\",\"amateur\",\"barcelona\",\"bmx\",\"central park\",\"championships\",\"extreme barcelona\",\"scooter\",\"skate\",\"urban\"],\"articleSection\":[\"Noticies\"],\"inLanguage\":\"ca\"},{\"@type\":\"WebPage\",\"@id\":\"https:\/\/extremebarcelona.com\/ca\/2018\/05\/18\/instalacions-llestes-per-limaginextreme\/\",\"url\":\"https:\/\/extremebarcelona.com\/ca\/2018\/05\/18\/instalacions-llestes-per-limaginextreme\/\",\"name\":\"INSTAL\u00b7LACIONS LLESTES PER L'IMAGINEXTREME BARCELONA\",\"isPartOf\":{\"@id\":\"https:\/\/extremebarcelona.com\/#website\"},\"primaryImageOfPage\":{\"@id\":\"https:\/\/extremebarcelona.com\/ca\/2018\/05\/18\/instalacions-llestes-per-limaginextreme\/#primaryimage\"},\"image\":{\"@id\":\"https:\/\/extremebarcelona.com\/ca\/2018\/05\/18\/instalacions-llestes-per-limaginextreme\/#primaryimage\"},\"thumbnailUrl\":\"https:\/\/extremebarcelona.com\/wp-content\/uploads\/2018\/05\/central-park.jpg\",\"datePublished\":\"2018-05-18T15:05:28+00:00\",\"description\":\"Queda poc menys d\u2019un mes per la posada en escena de l'imaginExtreme Barcelona 2018 que es celebra al Parc del F\u00f2rum el 16 i 17 de juny. Per aquesta edici\u00f3, podr\u00e0s trobar 20 varietats competitives.\",\"breadcrumb\":{\"@id\":\"https:\/\/extremebarcelona.com\/ca\/2018\/05\/18\/instalacions-llestes-per-limaginextreme\/#breadcrumb\"},\"inLanguage\":\"ca\",\"potentialAction\":[{\"@type\":\"ReadAction\",\"target\":[\"https:\/\/extremebarcelona.com\/ca\/2018\/05\/18\/instalacions-llestes-per-limaginextreme\/\"]}]},{\"@type\":\"ImageObject\",\"inLanguage\":\"ca\",\"@id\":\"https:\/\/extremebarcelona.com\/ca\/2018\/05\/18\/instalacions-llestes-per-limaginextreme\/#primaryimage\",\"url\":\"https:\/\/extremebarcelona.com\/wp-content\/uploads\/2018\/05\/central-park.jpg\",\"contentUrl\":\"https:\/\/extremebarcelona.com\/wp-content\/uploads\/2018\/05\/central-park.jpg\",\"width\":\"5184\",\"height\":\"3456\",\"caption\":\"Aix\u00ed es com ser\u00e1 el Central Park del imaginExtrem Barcelona 2018.\"},{\"@type\":\"BreadcrumbList\",\"@id\":\"https:\/\/extremebarcelona.com\/ca\/2018\/05\/18\/instalacions-llestes-per-limaginextreme\/#breadcrumb\",\"itemListElement\":[{\"@type\":\"ListItem\",\"position\":1,\"name\":\"Portada\",\"item\":\"https:\/\/extremebarcelona.com\/\"},{\"@type\":\"ListItem\",\"position\":2,\"name\":\"INSTAL\u00b7LACIONS PREPARADES PER L&#8217;IMAGIN EXTREME BARCELONA 2018\"}]},{\"@type\":\"WebSite\",\"@id\":\"https:\/\/extremebarcelona.com\/#website\",\"url\":\"https:\/\/extremebarcelona.com\/\",\"name\":\"Extreme Barcelona\",\"description\":\"Otro sitio realizado con WordPress\",\"publisher\":{\"@id\":\"https:\/\/extremebarcelona.com\/#organization\"},\"potentialAction\":[{\"@type\":\"SearchAction\",\"target\":{\"@type\":\"EntryPoint\",\"urlTemplate\":\"https:\/\/extremebarcelona.com\/?s={search_term_string}\"},\"query-input\":{\"@type\":\"PropertyValueSpecification\",\"valueRequired\":true,\"valueName\":\"search_term_string\"}}],\"inLanguage\":\"ca\"},{\"@type\":\"Organization\",\"@id\":\"https:\/\/extremebarcelona.com\/#organization\",\"name\":\"Extreme Barcelona\",\"url\":\"https:\/\/extremebarcelona.com\/\",\"logo\":{\"@type\":\"ImageObject\",\"inLanguage\":\"ca\",\"@id\":\"https:\/\/extremebarcelona.com\/#\/schema\/logo\/image\/\",\"url\":\"https:\/\/extremebarcelona.com\/wp-content\/uploads\/2021\/04\/Logo-Extreme-2021.png\",\"contentUrl\":\"https:\/\/extremebarcelona.com\/wp-content\/uploads\/2021\/04\/Logo-Extreme-2021.png\",\"width\":500,\"height\":500,\"caption\":\"Extreme Barcelona\"},\"image\":{\"@id\":\"https:\/\/extremebarcelona.com\/#\/schema\/logo\/image\/\"}},{\"@type\":\"Person\",\"@id\":\"https:\/\/extremebarcelona.com\/#\/schema\/person\/84bb7d2facd51100910ca1df9186891e\",\"name\":\"UWS\",\"image\":{\"@type\":\"ImageObject\",\"inLanguage\":\"ca\",\"@id\":\"https:\/\/secure.gravatar.com\/avatar\/41b930374ee41e318f6457172bd2f6e300b1872879ecb443d692bea8dad136f9?s=96&d=mm&r=g\",\"url\":\"https:\/\/secure.gravatar.com\/avatar\/41b930374ee41e318f6457172bd2f6e300b1872879ecb443d692bea8dad136f9?s=96&d=mm&r=g\",\"contentUrl\":\"https:\/\/secure.gravatar.com\/avatar\/41b930374ee41e318f6457172bd2f6e300b1872879ecb443d692bea8dad136f9?s=96&d=mm&r=g\",\"caption\":\"UWS\"}}]}<\/script>\n<!-- \/ Yoast SEO plugin. -->","yoast_head_json":{"title":"INSTAL\u00b7LACIONS LLESTES PER L'IMAGINEXTREME BARCELONA","description":"Queda poc menys d\u2019un mes per la posada en escena de l'imaginExtreme Barcelona 2018 que es celebra al Parc del F\u00f2rum el 16 i 17 de juny. Per aquesta edici\u00f3, podr\u00e0s trobar 20 varietats competitives.","robots":{"index":"index","follow":"follow","max-snippet":"max-snippet:-1","max-image-preview":"max-image-preview:large","max-video-preview":"max-video-preview:-1"},"canonical":"https:\/\/extremebarcelona.com\/ca\/2018\/05\/18\/instalacions-llestes-per-limaginextreme\/","og_locale":"ca_ES","og_type":"article","og_title":"INSTAL\u00b7LACIONS LLESTES PER L'IMAGINEXTREME BARCELONA","og_description":"Queda poc menys d\u2019un mes per la posada en escena de l'imaginExtreme Barcelona 2018 que es celebra al Parc del F\u00f2rum el 16 i 17 de juny. Per aquesta edici\u00f3, podr\u00e0s trobar 20 varietats competitives.","og_url":"https:\/\/extremebarcelona.com\/ca\/2018\/05\/18\/instalacions-llestes-per-limaginextreme\/","og_site_name":"Extreme Barcelona","article_published_time":"2018-05-18T15:05:28+00:00","og_image":[{"width":5184,"height":3456,"url":"https:\/\/extremebarcelona.com\/wp-content\/uploads\/2018\/05\/central-park.jpg","type":"image\/jpeg"}],"author":"UWS","twitter_card":"summary_large_image","twitter_misc":{"Escrit per":"UWS","Temps estimat de lectura":"3 minuts"},"schema":{"@context":"https:\/\/schema.org","@graph":[{"@type":"NewsArticle","@id":"https:\/\/extremebarcelona.com\/ca\/2018\/05\/18\/instalacions-llestes-per-limaginextreme\/#article","isPartOf":{"@id":"https:\/\/extremebarcelona.com\/ca\/2018\/05\/18\/instalacions-llestes-per-limaginextreme\/"},"author":{"name":"UWS","@id":"https:\/\/extremebarcelona.com\/#\/schema\/person\/84bb7d2facd51100910ca1df9186891e"},"headline":"INSTAL\u00b7LACIONS PREPARADES PER L&#8217;IMAGIN EXTREME BARCELONA 2018","datePublished":"2018-05-18T15:05:28+00:00","mainEntityOfPage":{"@id":"https:\/\/extremebarcelona.com\/ca\/2018\/05\/18\/instalacions-llestes-per-limaginextreme\/"},"wordCount":521,"publisher":{"@id":"https:\/\/extremebarcelona.com\/#organization"},"image":{"@id":"https:\/\/extremebarcelona.com\/ca\/2018\/05\/18\/instalacions-llestes-per-limaginextreme\/#primaryimage"},"thumbnailUrl":"https:\/\/extremebarcelona.com\/wp-content\/uploads\/2018\/05\/central-park.jpg","keywords":["action sports","amateur","barcelona","bmx","central park","championships","extreme barcelona","scooter","skate","urban"],"articleSection":["Noticies"],"inLanguage":"ca"},{"@type":"WebPage","@id":"https:\/\/extremebarcelona.com\/ca\/2018\/05\/18\/instalacions-llestes-per-limaginextreme\/","url":"https:\/\/extremebarcelona.com\/ca\/2018\/05\/18\/instalacions-llestes-per-limaginextreme\/","name":"INSTAL\u00b7LACIONS LLESTES PER L'IMAGINEXTREME BARCELONA","isPartOf":{"@id":"https:\/\/extremebarcelona.com\/#website"},"primaryImageOfPage":{"@id":"https:\/\/extremebarcelona.com\/ca\/2018\/05\/18\/instalacions-llestes-per-limaginextreme\/#primaryimage"},"image":{"@id":"https:\/\/extremebarcelona.com\/ca\/2018\/05\/18\/instalacions-llestes-per-limaginextreme\/#primaryimage"},"thumbnailUrl":"https:\/\/extremebarcelona.com\/wp-content\/uploads\/2018\/05\/central-park.jpg","datePublished":"2018-05-18T15:05:28+00:00","description":"Queda poc menys d\u2019un mes per la posada en escena de l'imaginExtreme Barcelona 2018 que es celebra al Parc del F\u00f2rum el 16 i 17 de juny. Per aquesta edici\u00f3, podr\u00e0s trobar 20 varietats competitives.","breadcrumb":{"@id":"https:\/\/extremebarcelona.com\/ca\/2018\/05\/18\/instalacions-llestes-per-limaginextreme\/#breadcrumb"},"inLanguage":"ca","potentialAction":[{"@type":"ReadAction","target":["https:\/\/extremebarcelona.com\/ca\/2018\/05\/18\/instalacions-llestes-per-limaginextreme\/"]}]},{"@type":"ImageObject","inLanguage":"ca","@id":"https:\/\/extremebarcelona.com\/ca\/2018\/05\/18\/instalacions-llestes-per-limaginextreme\/#primaryimage","url":"https:\/\/extremebarcelona.com\/wp-content\/uploads\/2018\/05\/central-park.jpg","contentUrl":"https:\/\/extremebarcelona.com\/wp-content\/uploads\/2018\/05\/central-park.jpg","width":"5184","height":"3456","caption":"Aix\u00ed es com ser\u00e1 el Central Park del imaginExtrem Barcelona 2018."},{"@type":"BreadcrumbList","@id":"https:\/\/extremebarcelona.com\/ca\/2018\/05\/18\/instalacions-llestes-per-limaginextreme\/#breadcrumb","itemListElement":[{"@type":"ListItem","position":1,"name":"Portada","item":"https:\/\/extremebarcelona.com\/"},{"@type":"ListItem","position":2,"name":"INSTAL\u00b7LACIONS PREPARADES PER L&#8217;IMAGIN EXTREME BARCELONA 2018"}]},{"@type":"WebSite","@id":"https:\/\/extremebarcelona.com\/#website","url":"https:\/\/extremebarcelona.com\/","name":"Extreme Barcelona","description":"Otro sitio realizado con WordPress","publisher":{"@id":"https:\/\/extremebarcelona.com\/#organization"},"potentialAction":[{"@type":"SearchAction","target":{"@type":"EntryPoint","urlTemplate":"https:\/\/extremebarcelona.com\/?s={search_term_string}"},"query-input":{"@type":"PropertyValueSpecification","valueRequired":true,"valueName":"search_term_string"}}],"inLanguage":"ca"},{"@type":"Organization","@id":"https:\/\/extremebarcelona.com\/#organization","name":"Extreme Barcelona","url":"https:\/\/extremebarcelona.com\/","logo":{"@type":"ImageObject","inLanguage":"ca","@id":"https:\/\/extremebarcelona.com\/#\/schema\/logo\/image\/","url":"https:\/\/extremebarcelona.com\/wp-content\/uploads\/2021\/04\/Logo-Extreme-2021.png","contentUrl":"https:\/\/extremebarcelona.com\/wp-content\/uploads\/2021\/04\/Logo-Extreme-2021.png","width":500,"height":500,"caption":"Extreme Barcelona"},"image":{"@id":"https:\/\/extremebarcelona.com\/#\/schema\/logo\/image\/"}},{"@type":"Person","@id":"https:\/\/extremebarcelona.com\/#\/schema\/person\/84bb7d2facd51100910ca1df9186891e","name":"UWS","image":{"@type":"ImageObject","inLanguage":"ca","@id":"https:\/\/secure.gravatar.com\/avatar\/41b930374ee41e318f6457172bd2f6e300b1872879ecb443d692bea8dad136f9?s=96&d=mm&r=g","url":"https:\/\/secure.gravatar.com\/avatar\/41b930374ee41e318f6457172bd2f6e300b1872879ecb443d692bea8dad136f9?s=96&d=mm&r=g","contentUrl":"https:\/\/secure.gravatar.com\/avatar\/41b930374ee41e318f6457172bd2f6e300b1872879ecb443d692bea8dad136f9?s=96&d=mm&r=g","caption":"UWS"}}]}},"_links":{"self":[{"href":"https:\/\/extremebarcelona.com\/ca\/wp-json\/wp\/v2\/posts\/4016","targetHints":{"allow":["GET"]}}],"collection":[{"href":"https:\/\/extremebarcelona.com\/ca\/wp-json\/wp\/v2\/posts"}],"about":[{"href":"https:\/\/extremebarcelona.com\/ca\/wp-json\/wp\/v2\/types\/post"}],"author":[{"embeddable":true,"href":"https:\/\/extremebarcelona.com\/ca\/wp-json\/wp\/v2\/users\/8"}],"replies":[{"embeddable":true,"href":"https:\/\/extremebarcelona.com\/ca\/wp-json\/wp\/v2\/comments?post=4016"}],"version-history":[{"count":5,"href":"https:\/\/extremebarcelona.com\/ca\/wp-json\/wp\/v2\/posts\/4016\/revisions"}],"predecessor-version":[{"id":4248,"href":"https:\/\/extremebarcelona.com\/ca\/wp-json\/wp\/v2\/posts\/4016\/revisions\/4248"}],"wp:featuredmedia":[{"embeddable":true,"href":"https:\/\/extremebarcelona.com\/ca\/wp-json\/wp\/v2\/media\/4022"}],"wp:attachment":[{"href":"https:\/\/extremebarcelona.com\/ca\/wp-json\/wp\/v2\/media?parent=4016"}],"wp:term":[{"taxonomy":"category","embeddable":true,"href":"https:\/\/extremebarcelona.com\/ca\/wp-json\/wp\/v2\/categories?post=4016"},{"taxonomy":"post_tag","embeddable":true,"href":"https:\/\/extremebarcelona.com\/ca\/wp-json\/wp\/v2\/tags?post=4016"}],"curies":[{"name":"wp","href":"https:\/\/api.w.org\/{rel}","templated":true}]}}