{"id":3420,"date":"2017-06-12T20:50:44","date_gmt":"2017-06-12T20:50:44","guid":{"rendered":"https:\/\/extremebarcelona.com\/?p=3420\/"},"modified":"2017-06-16T20:53:33","modified_gmt":"2017-06-16T20:53:33","slug":"activitats-a-limagin-extreme-barcelona","status":"publish","type":"post","link":"https:\/\/extremebarcelona.com\/ca\/2017\/06\/12\/activitats-a-limagin-extreme-barcelona\/","title":{"rendered":"ACTIVITATS A L&#8217;IMAGIN EXTREME BARCELONA"},"content":{"rendered":"<p>Aquest cap de setmana del 17 i 18 de juny els protagonistes del imaginExtreme Barcelona tamb\u00e9 seran els espectadors que s\u2019apropin al Parc del F\u00f2rum de Barcelona. No tota l\u2019acci\u00f3 estar\u00e0 concentrada en les competicions, sin\u00f3 que hi haur\u00e0 un munt d\u2019activitats perqu\u00e8 tant nens com adults puguin gaudir d\u2019un cap de setmana d\u2019action sports i de la cultura que els acompanya.<\/p>\n<p>Els m\u00e9s petits de la casa podran iniciar-se en l\u2019\u00e0mbit dels esports d\u2019acci\u00f3 gr\u00e0cies al Kids Park del col\u00b7laborador Bestial Wolf. Un minipark amb m\u00f2duls perfectes per a perfeccionar trucs, salts i grinds. L\u2019Open Park tamb\u00e9 estar\u00e0 disponible aquest any perqu\u00e8 tothom qui ho desitgi pugui iniciar-se o perfeccionar-se en les modalitats de skate, scooter o BMX. La novetat d\u2019aquest any \u00e9s la Chill Plaza, una zona on relaxar-se en les zones d\u2019ombra tot veient les competicions en la gran pantalla i amb una \u00e0rea per fer p\u00edcnic. Tamb\u00e9 hi haur\u00e0 botigues del brand village i\u00a0 una zona especial by imaginBank. Per acabar, tal com l\u2019any passat, hi haur\u00e0 el market amb zona de botigues i els food trucks per gaudir de la bona gastronomia.<\/p>\n","protected":false},"excerpt":{"rendered":"<p>Aquest cap de setmana del 17 i 18 de juny els protagonistes del imaginExtreme Barcelona tamb\u00e9 seran els espectadors que s\u2019apropin al Parc del F\u00f2rum de Barcelona. No tota l\u2019acci\u00f3 estar\u00e0 concentrada en les competicions, sin\u00f3 que hi haur\u00e0 un munt d\u2019activitats perqu\u00e8 tant nens com adults puguin gaudir d\u2019un cap de setmana d\u2019action sports [&hellip;]<\/p>\n","protected":false},"author":8,"featured_media":0,"comment_status":"closed","ping_status":"open","sticky":false,"template":"","format":"standard","meta":{"_et_pb_use_builder":"","_et_pb_old_content":"","_et_gb_content_width":"","footnotes":""},"categories":[20],"tags":[],"class_list":["post-3420","post","type-post","status-publish","format-standard","hentry","category-noticies"],"yoast_head":"<!-- This site is optimized with the Yoast SEO plugin v27.2 - https:\/\/yoast.com\/product\/yoast-seo-wordpress\/ -->\n<title>ACTIVITATS A L&#039;IMAGIN EXTREME BARCELONA - Extreme Barcelona<\/title>\n<meta name=\"robots\" content=\"index, follow, max-snippet:-1, max-image-preview:large, max-video-preview:-1\" \/>\n<link rel=\"canonical\" href=\"https:\/\/extremebarcelona.com\/ca\/2017\/06\/12\/activitats-a-limagin-extreme-barcelona\/\" \/>\n<meta property=\"og:locale\" content=\"ca_ES\" \/>\n<meta property=\"og:type\" content=\"article\" \/>\n<meta property=\"og:title\" content=\"ACTIVITATS A L&#039;IMAGIN EXTREME BARCELONA - Extreme Barcelona\" \/>\n<meta property=\"og:description\" content=\"Aquest cap de setmana del 17 i 18 de juny els protagonistes del imaginExtreme Barcelona tamb\u00e9 seran els espectadors que s\u2019apropin al Parc del F\u00f2rum de Barcelona. No tota l\u2019acci\u00f3 estar\u00e0 concentrada en les competicions, sin\u00f3 que hi haur\u00e0 un munt d\u2019activitats perqu\u00e8 tant nens com adults puguin gaudir d\u2019un cap de setmana d\u2019action sports [&hellip;]\" \/>\n<meta property=\"og:url\" content=\"https:\/\/extremebarcelona.com\/ca\/2017\/06\/12\/activitats-a-limagin-extreme-barcelona\/\" \/>\n<meta property=\"og:site_name\" content=\"Extreme Barcelona\" \/>\n<meta property=\"article:published_time\" content=\"2017-06-12T20:50:44+00:00\" \/>\n<meta property=\"article:modified_time\" content=\"2017-06-16T20:53:33+00:00\" \/>\n<meta name=\"author\" content=\"UWS\" \/>\n<meta name=\"twitter:card\" content=\"summary_large_image\" \/>\n<meta name=\"twitter:label1\" content=\"Escrit per\" \/>\n\t<meta name=\"twitter:data1\" content=\"UWS\" \/>\n\t<meta name=\"twitter:label2\" content=\"Temps estimat de lectura\" \/>\n\t<meta name=\"twitter:data2\" content=\"1 minut\" \/>\n<script type=\"application\/ld+json\" class=\"yoast-schema-graph\">{\"@context\":\"https:\/\/schema.org\",\"@graph\":[{\"@type\":\"NewsArticle\",\"@id\":\"https:\/\/extremebarcelona.com\/ca\/2017\/06\/12\/activitats-a-limagin-extreme-barcelona\/#article\",\"isPartOf\":{\"@id\":\"https:\/\/extremebarcelona.com\/ca\/2017\/06\/12\/activitats-a-limagin-extreme-barcelona\/\"},\"author\":{\"name\":\"UWS\",\"@id\":\"https:\/\/extremebarcelona.com\/#\/schema\/person\/84bb7d2facd51100910ca1df9186891e\"},\"headline\":\"ACTIVITATS A L&#8217;IMAGIN EXTREME BARCELONA\",\"datePublished\":\"2017-06-12T20:50:44+00:00\",\"dateModified\":\"2017-06-16T20:53:33+00:00\",\"mainEntityOfPage\":{\"@id\":\"https:\/\/extremebarcelona.com\/ca\/2017\/06\/12\/activitats-a-limagin-extreme-barcelona\/\"},\"wordCount\":208,\"publisher\":{\"@id\":\"https:\/\/extremebarcelona.com\/#organization\"},\"articleSection\":[\"Noticies\"],\"inLanguage\":\"ca\"},{\"@type\":\"WebPage\",\"@id\":\"https:\/\/extremebarcelona.com\/ca\/2017\/06\/12\/activitats-a-limagin-extreme-barcelona\/\",\"url\":\"https:\/\/extremebarcelona.com\/ca\/2017\/06\/12\/activitats-a-limagin-extreme-barcelona\/\",\"name\":\"ACTIVITATS A L'IMAGIN EXTREME BARCELONA - Extreme Barcelona\",\"isPartOf\":{\"@id\":\"https:\/\/extremebarcelona.com\/#website\"},\"datePublished\":\"2017-06-12T20:50:44+00:00\",\"dateModified\":\"2017-06-16T20:53:33+00:00\",\"breadcrumb\":{\"@id\":\"https:\/\/extremebarcelona.com\/ca\/2017\/06\/12\/activitats-a-limagin-extreme-barcelona\/#breadcrumb\"},\"inLanguage\":\"ca\",\"potentialAction\":[{\"@type\":\"ReadAction\",\"target\":[\"https:\/\/extremebarcelona.com\/ca\/2017\/06\/12\/activitats-a-limagin-extreme-barcelona\/\"]}]},{\"@type\":\"BreadcrumbList\",\"@id\":\"https:\/\/extremebarcelona.com\/ca\/2017\/06\/12\/activitats-a-limagin-extreme-barcelona\/#breadcrumb\",\"itemListElement\":[{\"@type\":\"ListItem\",\"position\":1,\"name\":\"Portada\",\"item\":\"https:\/\/extremebarcelona.com\/\"},{\"@type\":\"ListItem\",\"position\":2,\"name\":\"ACTIVITATS A L&#8217;IMAGIN EXTREME BARCELONA\"}]},{\"@type\":\"WebSite\",\"@id\":\"https:\/\/extremebarcelona.com\/#website\",\"url\":\"https:\/\/extremebarcelona.com\/\",\"name\":\"Extreme Barcelona\",\"description\":\"Otro sitio realizado con WordPress\",\"publisher\":{\"@id\":\"https:\/\/extremebarcelona.com\/#organization\"},\"potentialAction\":[{\"@type\":\"SearchAction\",\"target\":{\"@type\":\"EntryPoint\",\"urlTemplate\":\"https:\/\/extremebarcelona.com\/?s={search_term_string}\"},\"query-input\":{\"@type\":\"PropertyValueSpecification\",\"valueRequired\":true,\"valueName\":\"search_term_string\"}}],\"inLanguage\":\"ca\"},{\"@type\":\"Organization\",\"@id\":\"https:\/\/extremebarcelona.com\/#organization\",\"name\":\"Extreme Barcelona\",\"url\":\"https:\/\/extremebarcelona.com\/\",\"logo\":{\"@type\":\"ImageObject\",\"inLanguage\":\"ca\",\"@id\":\"https:\/\/extremebarcelona.com\/#\/schema\/logo\/image\/\",\"url\":\"https:\/\/extremebarcelona.com\/wp-content\/uploads\/2021\/04\/Logo-Extreme-2021.png\",\"contentUrl\":\"https:\/\/extremebarcelona.com\/wp-content\/uploads\/2021\/04\/Logo-Extreme-2021.png\",\"width\":500,\"height\":500,\"caption\":\"Extreme Barcelona\"},\"image\":{\"@id\":\"https:\/\/extremebarcelona.com\/#\/schema\/logo\/image\/\"}},{\"@type\":\"Person\",\"@id\":\"https:\/\/extremebarcelona.com\/#\/schema\/person\/84bb7d2facd51100910ca1df9186891e\",\"name\":\"UWS\",\"image\":{\"@type\":\"ImageObject\",\"inLanguage\":\"ca\",\"@id\":\"https:\/\/secure.gravatar.com\/avatar\/41b930374ee41e318f6457172bd2f6e300b1872879ecb443d692bea8dad136f9?s=96&d=mm&r=g\",\"url\":\"https:\/\/secure.gravatar.com\/avatar\/41b930374ee41e318f6457172bd2f6e300b1872879ecb443d692bea8dad136f9?s=96&d=mm&r=g\",\"contentUrl\":\"https:\/\/secure.gravatar.com\/avatar\/41b930374ee41e318f6457172bd2f6e300b1872879ecb443d692bea8dad136f9?s=96&d=mm&r=g\",\"caption\":\"UWS\"}}]}<\/script>\n<!-- \/ Yoast SEO plugin. -->","yoast_head_json":{"title":"ACTIVITATS A L'IMAGIN EXTREME BARCELONA - Extreme Barcelona","robots":{"index":"index","follow":"follow","max-snippet":"max-snippet:-1","max-image-preview":"max-image-preview:large","max-video-preview":"max-video-preview:-1"},"canonical":"https:\/\/extremebarcelona.com\/ca\/2017\/06\/12\/activitats-a-limagin-extreme-barcelona\/","og_locale":"ca_ES","og_type":"article","og_title":"ACTIVITATS A L'IMAGIN EXTREME BARCELONA - Extreme Barcelona","og_description":"Aquest cap de setmana del 17 i 18 de juny els protagonistes del imaginExtreme Barcelona tamb\u00e9 seran els espectadors que s\u2019apropin al Parc del F\u00f2rum de Barcelona. No tota l\u2019acci\u00f3 estar\u00e0 concentrada en les competicions, sin\u00f3 que hi haur\u00e0 un munt d\u2019activitats perqu\u00e8 tant nens com adults puguin gaudir d\u2019un cap de setmana d\u2019action sports [&hellip;]","og_url":"https:\/\/extremebarcelona.com\/ca\/2017\/06\/12\/activitats-a-limagin-extreme-barcelona\/","og_site_name":"Extreme Barcelona","article_published_time":"2017-06-12T20:50:44+00:00","article_modified_time":"2017-06-16T20:53:33+00:00","author":"UWS","twitter_card":"summary_large_image","twitter_misc":{"Escrit per":"UWS","Temps estimat de lectura":"1 minut"},"schema":{"@context":"https:\/\/schema.org","@graph":[{"@type":"NewsArticle","@id":"https:\/\/extremebarcelona.com\/ca\/2017\/06\/12\/activitats-a-limagin-extreme-barcelona\/#article","isPartOf":{"@id":"https:\/\/extremebarcelona.com\/ca\/2017\/06\/12\/activitats-a-limagin-extreme-barcelona\/"},"author":{"name":"UWS","@id":"https:\/\/extremebarcelona.com\/#\/schema\/person\/84bb7d2facd51100910ca1df9186891e"},"headline":"ACTIVITATS A L&#8217;IMAGIN EXTREME BARCELONA","datePublished":"2017-06-12T20:50:44+00:00","dateModified":"2017-06-16T20:53:33+00:00","mainEntityOfPage":{"@id":"https:\/\/extremebarcelona.com\/ca\/2017\/06\/12\/activitats-a-limagin-extreme-barcelona\/"},"wordCount":208,"publisher":{"@id":"https:\/\/extremebarcelona.com\/#organization"},"articleSection":["Noticies"],"inLanguage":"ca"},{"@type":"WebPage","@id":"https:\/\/extremebarcelona.com\/ca\/2017\/06\/12\/activitats-a-limagin-extreme-barcelona\/","url":"https:\/\/extremebarcelona.com\/ca\/2017\/06\/12\/activitats-a-limagin-extreme-barcelona\/","name":"ACTIVITATS A L'IMAGIN EXTREME BARCELONA - Extreme Barcelona","isPartOf":{"@id":"https:\/\/extremebarcelona.com\/#website"},"datePublished":"2017-06-12T20:50:44+00:00","dateModified":"2017-06-16T20:53:33+00:00","breadcrumb":{"@id":"https:\/\/extremebarcelona.com\/ca\/2017\/06\/12\/activitats-a-limagin-extreme-barcelona\/#breadcrumb"},"inLanguage":"ca","potentialAction":[{"@type":"ReadAction","target":["https:\/\/extremebarcelona.com\/ca\/2017\/06\/12\/activitats-a-limagin-extreme-barcelona\/"]}]},{"@type":"BreadcrumbList","@id":"https:\/\/extremebarcelona.com\/ca\/2017\/06\/12\/activitats-a-limagin-extreme-barcelona\/#breadcrumb","itemListElement":[{"@type":"ListItem","position":1,"name":"Portada","item":"https:\/\/extremebarcelona.com\/"},{"@type":"ListItem","position":2,"name":"ACTIVITATS A L&#8217;IMAGIN EXTREME BARCELONA"}]},{"@type":"WebSite","@id":"https:\/\/extremebarcelona.com\/#website","url":"https:\/\/extremebarcelona.com\/","name":"Extreme Barcelona","description":"Otro sitio realizado con WordPress","publisher":{"@id":"https:\/\/extremebarcelona.com\/#organization"},"potentialAction":[{"@type":"SearchAction","target":{"@type":"EntryPoint","urlTemplate":"https:\/\/extremebarcelona.com\/?s={search_term_string}"},"query-input":{"@type":"PropertyValueSpecification","valueRequired":true,"valueName":"search_term_string"}}],"inLanguage":"ca"},{"@type":"Organization","@id":"https:\/\/extremebarcelona.com\/#organization","name":"Extreme Barcelona","url":"https:\/\/extremebarcelona.com\/","logo":{"@type":"ImageObject","inLanguage":"ca","@id":"https:\/\/extremebarcelona.com\/#\/schema\/logo\/image\/","url":"https:\/\/extremebarcelona.com\/wp-content\/uploads\/2021\/04\/Logo-Extreme-2021.png","contentUrl":"https:\/\/extremebarcelona.com\/wp-content\/uploads\/2021\/04\/Logo-Extreme-2021.png","width":500,"height":500,"caption":"Extreme Barcelona"},"image":{"@id":"https:\/\/extremebarcelona.com\/#\/schema\/logo\/image\/"}},{"@type":"Person","@id":"https:\/\/extremebarcelona.com\/#\/schema\/person\/84bb7d2facd51100910ca1df9186891e","name":"UWS","image":{"@type":"ImageObject","inLanguage":"ca","@id":"https:\/\/secure.gravatar.com\/avatar\/41b930374ee41e318f6457172bd2f6e300b1872879ecb443d692bea8dad136f9?s=96&d=mm&r=g","url":"https:\/\/secure.gravatar.com\/avatar\/41b930374ee41e318f6457172bd2f6e300b1872879ecb443d692bea8dad136f9?s=96&d=mm&r=g","contentUrl":"https:\/\/secure.gravatar.com\/avatar\/41b930374ee41e318f6457172bd2f6e300b1872879ecb443d692bea8dad136f9?s=96&d=mm&r=g","caption":"UWS"}}]}},"_links":{"self":[{"href":"https:\/\/extremebarcelona.com\/ca\/wp-json\/wp\/v2\/posts\/3420","targetHints":{"allow":["GET"]}}],"collection":[{"href":"https:\/\/extremebarcelona.com\/ca\/wp-json\/wp\/v2\/posts"}],"about":[{"href":"https:\/\/extremebarcelona.com\/ca\/wp-json\/wp\/v2\/types\/post"}],"author":[{"embeddable":true,"href":"https:\/\/extremebarcelona.com\/ca\/wp-json\/wp\/v2\/users\/8"}],"replies":[{"embeddable":true,"href":"https:\/\/extremebarcelona.com\/ca\/wp-json\/wp\/v2\/comments?post=3420"}],"version-history":[{"count":1,"href":"https:\/\/extremebarcelona.com\/ca\/wp-json\/wp\/v2\/posts\/3420\/revisions"}],"predecessor-version":[{"id":3424,"href":"https:\/\/extremebarcelona.com\/ca\/wp-json\/wp\/v2\/posts\/3420\/revisions\/3424"}],"wp:attachment":[{"href":"https:\/\/extremebarcelona.com\/ca\/wp-json\/wp\/v2\/media?parent=3420"}],"wp:term":[{"taxonomy":"category","embeddable":true,"href":"https:\/\/extremebarcelona.com\/ca\/wp-json\/wp\/v2\/categories?post=3420"},{"taxonomy":"post_tag","embeddable":true,"href":"https:\/\/extremebarcelona.com\/ca\/wp-json\/wp\/v2\/tags?post=3420"}],"curies":[{"name":"wp","href":"https:\/\/api.w.org\/{rel}","templated":true}]}}