{"id":3401,"date":"2017-06-14T15:04:04","date_gmt":"2017-06-14T15:04:04","guid":{"rendered":"https:\/\/extremebarcelona.com\/?p=3401\/"},"modified":"2017-06-14T15:04:04","modified_gmt":"2017-06-14T15:04:04","slug":"arrenca-la-viii-edicio-de-limagin-extreme-barcelona","status":"publish","type":"post","link":"https:\/\/extremebarcelona.com\/ca\/2017\/06\/14\/arrenca-la-viii-edicio-de-limagin-extreme-barcelona\/","title":{"rendered":"ARRENCA LA VIII EDICI\u00d3 DE L\u2019IMAGIN EXTREME BARCELONA"},"content":{"rendered":"<p><strong>Aquest cap de setmana l\u2019imaginExtreme Barcelona s\u2019instal\u00b7lar\u00e0 al Parc del F\u00f2rum per oferir un gran espectacle d\u2019esports d\u2019acci\u00f3.<\/strong><\/p>\n<p><strong>A banda de la competici\u00f3, el festival tamb\u00e9 inclou zona de pr\u00e0ctica, m\u00fasica, food trucks, market i altres activitats per a dos dies plens d\u2019emoci\u00f3, adrenalina i bon ambient.<\/strong><strong>\u00a0<\/strong><\/p>\n<p><strong>Barcelona,14 de juny 2017.\u00a0 <\/strong><\/p>\n<p>L\u2019<strong>imaginExtreme Barcelona<\/strong>, el festival d\u2019esports d\u2019acci\u00f3 i cultura urbana de Barcelona, celebra enguany la seva vuitena edici\u00f3. Per seguir la tradici\u00f3, s\u2019instal\u00b7lar\u00e0 al <strong>Parc del F\u00f2rum<\/strong> on durant dos dies \u2013 <strong>17 i 18 de juny<\/strong> \u2013 milers de persones s\u2019hi congregaran per gaudir d\u2019una de les competicions d\u2019<strong>esports d\u2019acci\u00f3 <\/strong>m\u00e9s destacades a nivell europeu.<\/p>\n<p>Com cada any, l\u2019<strong>imaginExtreme Barcelona <\/strong>arriba amb <strong>novetats<\/strong> ben interessants i s\u2019han presentat en l\u2019acte que s\u2019ha dut a terme al CaixaForum Centre Cultural de l\u2019Obra Social \u201cla Caixa\u201d de Barcelona. La roda de premsa ha comptat amb la pres\u00e8ncia del comissionat d\u2019esports de l\u2019Ajuntament de Barcelona, el sr. <strong>David Escud\u00e9<\/strong>; del director de l\u2019imaginExtreme Barcelona, el sr. <strong>Jordi Roquer<\/strong>; el director esportiu, <strong>Quim Garcia<\/strong>; i tamb\u00e9 dels esportistes <strong>Ben Thomas<\/strong> i <strong>Diego Cano<\/strong>. A m\u00e9s, tamb\u00e9 hi han assistit representants del patrocinador principal, <strong>imaginBank<\/strong>.<\/p>\n<p><strong>L\u2019imaginExtreme Barcelona continua creixent en la seva 8a edici\u00f3<\/strong><\/p>\n<p><strong>Jordi Roquer<\/strong>, director de <strong>l\u2019imaginExtreme Barcelona<\/strong> ha estat l\u2019encarregat de situar l\u2019esdeveniment en el marc general dels esports d\u2019acci\u00f3. \u201cA<em>quest any arribarem <strong>gaireb\u00e9 als 500 riders<\/strong>, que significa que no deixa de cr\u00e9ixer<\/em>\u201d i a m\u00e9s, \u201c<em>l\u2019imaginExtreme Barcelona \u00e9s un dels festivals europeus amb <strong>m\u00e9s participaci\u00f3 femenina<\/strong><\/em>\u201d, comenta.<\/p>\n<p>Un dels punts clau de la consolidaci\u00f3 de l\u2019imaginExtreme Barcelona \u00e9s que \u201c\u00e9s un <strong>esdeveniment<\/strong> completament <strong>digital<\/strong>, no nom\u00e9s \u00e9s f\u00edsic d\u2019un cap de setmana, ja que dia a dia estem a les xarxes\u201d. Es tracta d\u2019un valor afegit per al festival i tamb\u00e9 per aquells que el segueixen, aix\u00ed com per als patrocinadors. Aquest any, l\u2019imaginExtreme Barcelona tamb\u00e9 \u201ces podr\u00e0 seguir en <strong>streaming<\/strong> a trav\u00e9s de Facebook Live i tamb\u00e9 per televisi\u00f3 mitjan\u00e7ant <strong>Esport3<\/strong>\u201d, a m\u00e9s comptar\u00e0 amb senyal internacional mitjan\u00e7ant IMG.<\/p>\n<p>Aquests detalls i molts altres s\u00f3n els que fan que l\u2019imaginExtreme Barcelona sigui un \u201c<strong><em>esdeveniment<\/em><\/strong><em> <strong>de refer\u00e8ncia<\/strong>, que no nom\u00e9s comunica a <strong>Barcelona<\/strong>, sin\u00f3 a nivell de pa\u00eds, estatal i internacional i aix\u00f2 s\u2019ha aconseguit amb el bon treball de tots.\u201d<\/em><\/p>\n<p>Jordi Roquer ha volgut explicar una de les novetats m\u00e9s destacades de l\u2019imaginExtreme Barcelona 2017. Es tracta d\u2019una acci\u00f3 social creada conjuntament amb el <strong>Consell de l\u2019Esport Escolar de Barcelona<\/strong>: \u201c<em>el <strong>dissabte<\/strong> tots els <strong>escolars de Barcelona<\/strong> de fins a 16 anys podran accedir a l\u2019esdeveniment de forma <strong>gratu\u00efta<\/strong> i els menors de 13 acompanyats d\u2019un adult.\u201d<\/em><\/p>\n<p><strong>Un pas endavant amb uns parks m\u00e9s grans<\/strong><\/p>\n<p>Per la seva banda, el <strong>director esportiu<\/strong> <strong>Quim Garcia<\/strong>, que ha volgut tenir un record per al primer director esportiu que va tenir l\u2019imaginExtreme Barcelona, l\u2019<strong>Israel Planas<\/strong>, qui ens va deixar a principis d\u2019any.<\/p>\n<p>A nivell esportiu ha explicat que aquest \u201c<strong><em>\u00e9s un any diferent, \u00e9s l\u2019any del salt<\/em><\/strong><em>. El Central Park \u2013 instal\u00b7laci\u00f3 multiesportiva \u2013 creix en dimensions i <strong>els riders podran fer trucs molt m\u00e9s espectacular<\/strong>s i per tant el p\u00fablic en podr\u00e0 gaudir encara m\u00e9s<\/em>\u201d. Cal recordar que l\u2019imaginExtreme Barcelona acull la <strong>final mundial d\u2019scooter<\/strong> i tamb\u00e9 creix en la qualitat dels riders de BMX, inline i streetboard.<\/p>\n<p>Pel que fa a l\u2019skate, una de les proves m\u00e9s destacades, enguany comptar\u00e0 amb el <strong>BEO<\/strong> (Barcelona European Open) i en Quim Garcia explica \u201c<em>que serveix per donar els primers passos de cara a <strong>l\u2019skate<\/strong> ol\u00edmpic. S\u2019ha ampliat el park perqu\u00e8 els riders estiguin m\u00e9s c\u00f2modes i aquest conjunt de canvis far\u00e0 que <strong>l\u2019esdeveniment continu\u00ef creixent<\/strong> de forma considerable i que encara m\u00e9s riders vulguin venir a Barcelona.\u201d<\/em> A m\u00e9s, tamb\u00e9 s\u2019ha modificat el format de competici\u00f3 ja que ser\u00e0 <strong>Open<\/strong>, \u00e9s a dir, que qualsevol rider de qualsevol lloc es pot inscriure, tant si \u00e9s <strong>professional<\/strong> com <strong>amateur<\/strong> i tots competiran entre ells per les medalles.<\/p>\n<p>El comissionat d\u2019esports de <strong>l\u2019Ajuntament de Barcelona<\/strong>, el sr. <strong>David Escud\u00e9<\/strong>, ha explicat la seva experi\u00e8ncia de l\u2019any passat en qu\u00e8 va gaudir-ne molt. \u201c<strong><em>Esdeveniments com l\u2019imaginExtreme Barcelona posen la ciutat al centre del m\u00f3<\/em><\/strong><em>n\u201d<\/em> ha anotat. A m\u00e9s, tamb\u00e9 ha volgut tenir unes paraules per al patrocinador principal: \u201c<em>Vull agrair el paper <strong>d\u2019imaginBank<\/strong> perqu\u00e8 sense ells aquests esdeveniments tan grans no serien possible.\u201d<\/em> Escud\u00e9 ha recordat que \u201c\u00c9s un esdeveniment <strong>per a tots els p\u00fablics<\/strong>.<em>\u201d<\/em><\/p>\n<p><strong>Els riders<\/strong><\/p>\n<p><strong>Ben Thomas<\/strong>, segon classificat del Campionat del m\u00f3n d\u2019scooter 2016<strong>:<\/strong> \u201c<em>Aquest any estar\u00e0 tot molt ajustat, venen grans riders. Jo intentar\u00e9 treure la meva millor versi\u00f3, classificar-me per la final i un cop all\u00e0 ja veurem. Em trobo b\u00e9, tinc. L\u2019esdeveniment cada any \u00e9s m\u00e9s gran, amb m\u00e9s competicions, \u00e9s brutal veure com creix, venen m\u00e9s riders i tothom est\u00e0 m\u00e9s involucrat. Estic molt content de tornar un any m\u00e9s a Barcelona.<\/em>\u201d<\/p>\n<p><strong>Diego Cano, <\/strong>skater: \u201c<em>M\u2019agrada perqu\u00e8 aquest any s\u2019ha fet un enfocament diferent a l\u2019skate. Tenim un park per a nosaltres i \u00e9s una bona idea per a potenciar el nostre esport. El park t\u00e9 una mica de tot i aix\u00f2 \u00e9s el que volem els skaters.\u201d<\/em><\/p>\n<p><strong>Esports d\u2019acci\u00f3 per veure i practicar<\/strong><\/p>\n<p>A banda dels riders que competeixen, els protagonistes d\u2019aquest cap de setmana tamb\u00e9 seran els espectadors. Un gran nombre d\u2019activitats estaran disponibles per tothom. L\u2019esdeveniment compta amb una \u00e0mplia zona per a que els nens s\u2019inici\u00efn en els esports d\u2019acci\u00f3, parks perqu\u00e8 els assistents puguin posar en pr\u00e0ctica scooter, skate i BMX.<\/p>\n<p><strong>Lifestyle amb m\u00fasica, food trucks i bon ambient a la Chill Plaza<\/strong><\/p>\n<p>M\u00e9s enll\u00e0 de la competici\u00f3 i la pr\u00e0ctica d\u2019esports d\u2019acci\u00f3 tots els assistents tamb\u00e9 podran gaudir d\u2019un bon cap de setmana en un ambient de ple estiu.<\/p>\n<p>Enguany s\u2019estrena la Chill Plaza, un espai ubicat a la zona d\u2019entrada que comptar\u00e0 amb bar, zona de descans a l\u2019ombra, pantalla per seguir les competicions i un brand village amb la pres\u00e8ncia del patrocinador principal imaginBank. A la zona del street Market, on s\u2019ubicaran les botigues del sector, el festival tamb\u00e9 comptar\u00e0 amb un music stage on hi participaran m\u00e9s d\u2019una vintena de grups i dj que aniran posant m\u00fasica a bon ritme. Tot plegat, per a completar, aquells que ho desitgin podran seure a l\u2019ombra de la zona p\u00edcnic gaudint del menjar variat de les food trucks.<\/p>\n<p><strong>Entrades ja disponibles<\/strong><\/p>\n<p>Les entrades per al 8\u00e8 imaginExtreme Barcelona ja estan disponibles a la p\u00e0gina web www.imaginextremebarcelona.com, amb preus populars des de 12\u20ac, descomptes del 50% per a nens, promocions per a fam\u00edlies i grups d&#8217;amics i a m\u00e9s descomptes especials per als clients d\u2019imaginBank , Family i CaixaBank.<\/p>\n<p><strong>imaginBank, principal patrocinador de l\u2019imaginExtreme Barcelona 2017<\/strong><\/p>\n<p>imaginBank \u00e9s el primer banc mobile only en qu\u00e8 l&#8217;operativa es realitza exclusivament a trav\u00e9s d&#8217;apps per a m\u00f2bils i per a xarxes socials. Suposa un pas endavant en l&#8217;estrat\u00e8gia d&#8217;innovaci\u00f3 de CaixaBank, reconeguda a nivell internacional com una de les entitats l\u00edders en l&#8217;aplicaci\u00f3 de les noves tecnologies als serveis financers.<\/p>\n<p>imaginBank recull l&#8217;experi\u00e8ncia de CaixaBank com a entitat l\u00edder en innovaci\u00f3 tecnol\u00f2gica i en servei al target jove. Per aquest motiu, ofereix el seu suport i d\u00f3na nom a l&#8217;esdeveniment imaginExtreme Barcelona.<\/p>\n<p>El suport de l&#8217;Ajuntament de Barcelona mitjan\u00e7ant l&#8217;Institut Barcelona Esports com a principal col\u00b7laborador i el patrocini de CaixaBank s\u00f3n essencials perqu\u00e8 el imaginExtreme Barcelona hagi aconseguit un gran \u00e8xit i la seva consolidaci\u00f3 en les set edicions anteriors.<\/p>\n\n","protected":false},"excerpt":{"rendered":"<p>Aquest cap de setmana l\u2019imaginExtreme Barcelona s\u2019instal\u00b7lar\u00e0 al Parc del F\u00f2rum per oferir un gran espectacle d\u2019esports d\u2019acci\u00f3. A banda de la competici\u00f3, el festival tamb\u00e9 inclou zona de pr\u00e0ctica, m\u00fasica, food trucks, market i altres activitats per a dos dies plens d\u2019emoci\u00f3, adrenalina i bon ambient.\u00a0 Barcelona,14 de juny 2017.\u00a0 L\u2019imaginExtreme Barcelona, el festival [&hellip;]<\/p>\n","protected":false},"author":8,"featured_media":0,"comment_status":"closed","ping_status":"open","sticky":false,"template":"","format":"standard","meta":{"_et_pb_use_builder":"","_et_pb_old_content":"","_et_gb_content_width":"","footnotes":""},"categories":[],"tags":[],"class_list":["post-3401","post","type-post","status-publish","format-standard","hentry"],"yoast_head":"<!-- This site is optimized with the Yoast SEO plugin v27.2 - https:\/\/yoast.com\/product\/yoast-seo-wordpress\/ -->\n<title>ARRENCA LA VIII EDICI\u00d3 DE L\u2019IMAGIN EXTREME BARCELONA - Extreme Barcelona<\/title>\n<meta name=\"robots\" content=\"index, follow, max-snippet:-1, max-image-preview:large, max-video-preview:-1\" \/>\n<link rel=\"canonical\" href=\"https:\/\/extremebarcelona.com\/ca\/2017\/06\/14\/arrenca-la-viii-edicio-de-limagin-extreme-barcelona\/\" \/>\n<meta property=\"og:locale\" content=\"ca_ES\" \/>\n<meta property=\"og:type\" content=\"article\" \/>\n<meta property=\"og:title\" content=\"ARRENCA LA VIII EDICI\u00d3 DE L\u2019IMAGIN EXTREME BARCELONA - Extreme Barcelona\" \/>\n<meta property=\"og:description\" content=\"Aquest cap de setmana l\u2019imaginExtreme Barcelona s\u2019instal\u00b7lar\u00e0 al Parc del F\u00f2rum per oferir un gran espectacle d\u2019esports d\u2019acci\u00f3. A banda de la competici\u00f3, el festival tamb\u00e9 inclou zona de pr\u00e0ctica, m\u00fasica, food trucks, market i altres activitats per a dos dies plens d\u2019emoci\u00f3, adrenalina i bon ambient.\u00a0 Barcelona,14 de juny 2017.\u00a0 L\u2019imaginExtreme Barcelona, el festival [&hellip;]\" \/>\n<meta property=\"og:url\" content=\"https:\/\/extremebarcelona.com\/ca\/2017\/06\/14\/arrenca-la-viii-edicio-de-limagin-extreme-barcelona\/\" \/>\n<meta property=\"og:site_name\" content=\"Extreme Barcelona\" \/>\n<meta property=\"article:published_time\" content=\"2017-06-14T15:04:04+00:00\" \/>\n<meta name=\"author\" content=\"UWS\" \/>\n<meta name=\"twitter:card\" content=\"summary_large_image\" \/>\n<meta name=\"twitter:label1\" content=\"Escrit per\" \/>\n\t<meta name=\"twitter:data1\" content=\"UWS\" \/>\n\t<meta name=\"twitter:label2\" content=\"Temps estimat de lectura\" \/>\n\t<meta name=\"twitter:data2\" content=\"7 minuts\" \/>\n<script type=\"application\/ld+json\" class=\"yoast-schema-graph\">{\"@context\":\"https:\/\/schema.org\",\"@graph\":[{\"@type\":\"NewsArticle\",\"@id\":\"https:\/\/extremebarcelona.com\/ca\/2017\/06\/14\/arrenca-la-viii-edicio-de-limagin-extreme-barcelona\/#article\",\"isPartOf\":{\"@id\":\"https:\/\/extremebarcelona.com\/ca\/2017\/06\/14\/arrenca-la-viii-edicio-de-limagin-extreme-barcelona\/\"},\"author\":{\"name\":\"UWS\",\"@id\":\"https:\/\/extremebarcelona.com\/#\/schema\/person\/84bb7d2facd51100910ca1df9186891e\"},\"headline\":\"ARRENCA LA VIII EDICI\u00d3 DE L\u2019IMAGIN EXTREME BARCELONA\",\"datePublished\":\"2017-06-14T15:04:04+00:00\",\"mainEntityOfPage\":{\"@id\":\"https:\/\/extremebarcelona.com\/ca\/2017\/06\/14\/arrenca-la-viii-edicio-de-limagin-extreme-barcelona\/\"},\"wordCount\":1370,\"publisher\":{\"@id\":\"https:\/\/extremebarcelona.com\/#organization\"},\"inLanguage\":\"ca\"},{\"@type\":\"WebPage\",\"@id\":\"https:\/\/extremebarcelona.com\/ca\/2017\/06\/14\/arrenca-la-viii-edicio-de-limagin-extreme-barcelona\/\",\"url\":\"https:\/\/extremebarcelona.com\/ca\/2017\/06\/14\/arrenca-la-viii-edicio-de-limagin-extreme-barcelona\/\",\"name\":\"ARRENCA LA VIII EDICI\u00d3 DE L\u2019IMAGIN EXTREME BARCELONA - Extreme Barcelona\",\"isPartOf\":{\"@id\":\"https:\/\/extremebarcelona.com\/#website\"},\"datePublished\":\"2017-06-14T15:04:04+00:00\",\"breadcrumb\":{\"@id\":\"https:\/\/extremebarcelona.com\/ca\/2017\/06\/14\/arrenca-la-viii-edicio-de-limagin-extreme-barcelona\/#breadcrumb\"},\"inLanguage\":\"ca\",\"potentialAction\":[{\"@type\":\"ReadAction\",\"target\":[\"https:\/\/extremebarcelona.com\/ca\/2017\/06\/14\/arrenca-la-viii-edicio-de-limagin-extreme-barcelona\/\"]}]},{\"@type\":\"BreadcrumbList\",\"@id\":\"https:\/\/extremebarcelona.com\/ca\/2017\/06\/14\/arrenca-la-viii-edicio-de-limagin-extreme-barcelona\/#breadcrumb\",\"itemListElement\":[{\"@type\":\"ListItem\",\"position\":1,\"name\":\"Portada\",\"item\":\"https:\/\/extremebarcelona.com\/\"},{\"@type\":\"ListItem\",\"position\":2,\"name\":\"ARRENCA LA VIII EDICI\u00d3 DE L\u2019IMAGIN EXTREME BARCELONA\"}]},{\"@type\":\"WebSite\",\"@id\":\"https:\/\/extremebarcelona.com\/#website\",\"url\":\"https:\/\/extremebarcelona.com\/\",\"name\":\"Extreme Barcelona\",\"description\":\"Otro sitio realizado con WordPress\",\"publisher\":{\"@id\":\"https:\/\/extremebarcelona.com\/#organization\"},\"potentialAction\":[{\"@type\":\"SearchAction\",\"target\":{\"@type\":\"EntryPoint\",\"urlTemplate\":\"https:\/\/extremebarcelona.com\/?s={search_term_string}\"},\"query-input\":{\"@type\":\"PropertyValueSpecification\",\"valueRequired\":true,\"valueName\":\"search_term_string\"}}],\"inLanguage\":\"ca\"},{\"@type\":\"Organization\",\"@id\":\"https:\/\/extremebarcelona.com\/#organization\",\"name\":\"Extreme Barcelona\",\"url\":\"https:\/\/extremebarcelona.com\/\",\"logo\":{\"@type\":\"ImageObject\",\"inLanguage\":\"ca\",\"@id\":\"https:\/\/extremebarcelona.com\/#\/schema\/logo\/image\/\",\"url\":\"https:\/\/extremebarcelona.com\/wp-content\/uploads\/2021\/04\/Logo-Extreme-2021.png\",\"contentUrl\":\"https:\/\/extremebarcelona.com\/wp-content\/uploads\/2021\/04\/Logo-Extreme-2021.png\",\"width\":500,\"height\":500,\"caption\":\"Extreme Barcelona\"},\"image\":{\"@id\":\"https:\/\/extremebarcelona.com\/#\/schema\/logo\/image\/\"}},{\"@type\":\"Person\",\"@id\":\"https:\/\/extremebarcelona.com\/#\/schema\/person\/84bb7d2facd51100910ca1df9186891e\",\"name\":\"UWS\",\"image\":{\"@type\":\"ImageObject\",\"inLanguage\":\"ca\",\"@id\":\"https:\/\/secure.gravatar.com\/avatar\/41b930374ee41e318f6457172bd2f6e300b1872879ecb443d692bea8dad136f9?s=96&d=mm&r=g\",\"url\":\"https:\/\/secure.gravatar.com\/avatar\/41b930374ee41e318f6457172bd2f6e300b1872879ecb443d692bea8dad136f9?s=96&d=mm&r=g\",\"contentUrl\":\"https:\/\/secure.gravatar.com\/avatar\/41b930374ee41e318f6457172bd2f6e300b1872879ecb443d692bea8dad136f9?s=96&d=mm&r=g\",\"caption\":\"UWS\"}}]}<\/script>\n<!-- \/ Yoast SEO plugin. -->","yoast_head_json":{"title":"ARRENCA LA VIII EDICI\u00d3 DE L\u2019IMAGIN EXTREME BARCELONA - Extreme Barcelona","robots":{"index":"index","follow":"follow","max-snippet":"max-snippet:-1","max-image-preview":"max-image-preview:large","max-video-preview":"max-video-preview:-1"},"canonical":"https:\/\/extremebarcelona.com\/ca\/2017\/06\/14\/arrenca-la-viii-edicio-de-limagin-extreme-barcelona\/","og_locale":"ca_ES","og_type":"article","og_title":"ARRENCA LA VIII EDICI\u00d3 DE L\u2019IMAGIN EXTREME BARCELONA - Extreme Barcelona","og_description":"Aquest cap de setmana l\u2019imaginExtreme Barcelona s\u2019instal\u00b7lar\u00e0 al Parc del F\u00f2rum per oferir un gran espectacle d\u2019esports d\u2019acci\u00f3. A banda de la competici\u00f3, el festival tamb\u00e9 inclou zona de pr\u00e0ctica, m\u00fasica, food trucks, market i altres activitats per a dos dies plens d\u2019emoci\u00f3, adrenalina i bon ambient.\u00a0 Barcelona,14 de juny 2017.\u00a0 L\u2019imaginExtreme Barcelona, el festival [&hellip;]","og_url":"https:\/\/extremebarcelona.com\/ca\/2017\/06\/14\/arrenca-la-viii-edicio-de-limagin-extreme-barcelona\/","og_site_name":"Extreme Barcelona","article_published_time":"2017-06-14T15:04:04+00:00","author":"UWS","twitter_card":"summary_large_image","twitter_misc":{"Escrit per":"UWS","Temps estimat de lectura":"7 minuts"},"schema":{"@context":"https:\/\/schema.org","@graph":[{"@type":"NewsArticle","@id":"https:\/\/extremebarcelona.com\/ca\/2017\/06\/14\/arrenca-la-viii-edicio-de-limagin-extreme-barcelona\/#article","isPartOf":{"@id":"https:\/\/extremebarcelona.com\/ca\/2017\/06\/14\/arrenca-la-viii-edicio-de-limagin-extreme-barcelona\/"},"author":{"name":"UWS","@id":"https:\/\/extremebarcelona.com\/#\/schema\/person\/84bb7d2facd51100910ca1df9186891e"},"headline":"ARRENCA LA VIII EDICI\u00d3 DE L\u2019IMAGIN EXTREME BARCELONA","datePublished":"2017-06-14T15:04:04+00:00","mainEntityOfPage":{"@id":"https:\/\/extremebarcelona.com\/ca\/2017\/06\/14\/arrenca-la-viii-edicio-de-limagin-extreme-barcelona\/"},"wordCount":1370,"publisher":{"@id":"https:\/\/extremebarcelona.com\/#organization"},"inLanguage":"ca"},{"@type":"WebPage","@id":"https:\/\/extremebarcelona.com\/ca\/2017\/06\/14\/arrenca-la-viii-edicio-de-limagin-extreme-barcelona\/","url":"https:\/\/extremebarcelona.com\/ca\/2017\/06\/14\/arrenca-la-viii-edicio-de-limagin-extreme-barcelona\/","name":"ARRENCA LA VIII EDICI\u00d3 DE L\u2019IMAGIN EXTREME BARCELONA - Extreme Barcelona","isPartOf":{"@id":"https:\/\/extremebarcelona.com\/#website"},"datePublished":"2017-06-14T15:04:04+00:00","breadcrumb":{"@id":"https:\/\/extremebarcelona.com\/ca\/2017\/06\/14\/arrenca-la-viii-edicio-de-limagin-extreme-barcelona\/#breadcrumb"},"inLanguage":"ca","potentialAction":[{"@type":"ReadAction","target":["https:\/\/extremebarcelona.com\/ca\/2017\/06\/14\/arrenca-la-viii-edicio-de-limagin-extreme-barcelona\/"]}]},{"@type":"BreadcrumbList","@id":"https:\/\/extremebarcelona.com\/ca\/2017\/06\/14\/arrenca-la-viii-edicio-de-limagin-extreme-barcelona\/#breadcrumb","itemListElement":[{"@type":"ListItem","position":1,"name":"Portada","item":"https:\/\/extremebarcelona.com\/"},{"@type":"ListItem","position":2,"name":"ARRENCA LA VIII EDICI\u00d3 DE L\u2019IMAGIN EXTREME BARCELONA"}]},{"@type":"WebSite","@id":"https:\/\/extremebarcelona.com\/#website","url":"https:\/\/extremebarcelona.com\/","name":"Extreme Barcelona","description":"Otro sitio realizado con WordPress","publisher":{"@id":"https:\/\/extremebarcelona.com\/#organization"},"potentialAction":[{"@type":"SearchAction","target":{"@type":"EntryPoint","urlTemplate":"https:\/\/extremebarcelona.com\/?s={search_term_string}"},"query-input":{"@type":"PropertyValueSpecification","valueRequired":true,"valueName":"search_term_string"}}],"inLanguage":"ca"},{"@type":"Organization","@id":"https:\/\/extremebarcelona.com\/#organization","name":"Extreme Barcelona","url":"https:\/\/extremebarcelona.com\/","logo":{"@type":"ImageObject","inLanguage":"ca","@id":"https:\/\/extremebarcelona.com\/#\/schema\/logo\/image\/","url":"https:\/\/extremebarcelona.com\/wp-content\/uploads\/2021\/04\/Logo-Extreme-2021.png","contentUrl":"https:\/\/extremebarcelona.com\/wp-content\/uploads\/2021\/04\/Logo-Extreme-2021.png","width":500,"height":500,"caption":"Extreme Barcelona"},"image":{"@id":"https:\/\/extremebarcelona.com\/#\/schema\/logo\/image\/"}},{"@type":"Person","@id":"https:\/\/extremebarcelona.com\/#\/schema\/person\/84bb7d2facd51100910ca1df9186891e","name":"UWS","image":{"@type":"ImageObject","inLanguage":"ca","@id":"https:\/\/secure.gravatar.com\/avatar\/41b930374ee41e318f6457172bd2f6e300b1872879ecb443d692bea8dad136f9?s=96&d=mm&r=g","url":"https:\/\/secure.gravatar.com\/avatar\/41b930374ee41e318f6457172bd2f6e300b1872879ecb443d692bea8dad136f9?s=96&d=mm&r=g","contentUrl":"https:\/\/secure.gravatar.com\/avatar\/41b930374ee41e318f6457172bd2f6e300b1872879ecb443d692bea8dad136f9?s=96&d=mm&r=g","caption":"UWS"}}]}},"_links":{"self":[{"href":"https:\/\/extremebarcelona.com\/ca\/wp-json\/wp\/v2\/posts\/3401","targetHints":{"allow":["GET"]}}],"collection":[{"href":"https:\/\/extremebarcelona.com\/ca\/wp-json\/wp\/v2\/posts"}],"about":[{"href":"https:\/\/extremebarcelona.com\/ca\/wp-json\/wp\/v2\/types\/post"}],"author":[{"embeddable":true,"href":"https:\/\/extremebarcelona.com\/ca\/wp-json\/wp\/v2\/users\/8"}],"replies":[{"embeddable":true,"href":"https:\/\/extremebarcelona.com\/ca\/wp-json\/wp\/v2\/comments?post=3401"}],"version-history":[{"count":1,"href":"https:\/\/extremebarcelona.com\/ca\/wp-json\/wp\/v2\/posts\/3401\/revisions"}],"predecessor-version":[{"id":3402,"href":"https:\/\/extremebarcelona.com\/ca\/wp-json\/wp\/v2\/posts\/3401\/revisions\/3402"}],"wp:attachment":[{"href":"https:\/\/extremebarcelona.com\/ca\/wp-json\/wp\/v2\/media?parent=3401"}],"wp:term":[{"taxonomy":"category","embeddable":true,"href":"https:\/\/extremebarcelona.com\/ca\/wp-json\/wp\/v2\/categories?post=3401"},{"taxonomy":"post_tag","embeddable":true,"href":"https:\/\/extremebarcelona.com\/ca\/wp-json\/wp\/v2\/tags?post=3401"}],"curies":[{"name":"wp","href":"https:\/\/api.w.org\/{rel}","templated":true}]}}