{"id":3385,"date":"2017-06-14T08:24:47","date_gmt":"2017-06-14T08:24:47","guid":{"rendered":"https:\/\/extremebarcelona.com\/2017\/06\/14\/imaginextreme-barcelona-17-music-stage\/"},"modified":"2017-06-16T10:57:18","modified_gmt":"2017-06-16T10:57:18","slug":"imaginextreme-barcelona-17-music-stage","status":"publish","type":"post","link":"https:\/\/extremebarcelona.com\/ca\/2017\/06\/14\/imaginextreme-barcelona-17-music-stage\/","title":{"rendered":"IMAGINEXTREME BARCELONA &#8217;17 MUSIC STAGE"},"content":{"rendered":"<p>Queden pocs dies perqu\u00e8 comenci l\u2019acci\u00f3 al <strong>Parc del F\u00f2rum de Barcelona<\/strong> i el m\u00f3n dels actions sports es centri en l\u2019<strong>imaginExtreme Barcelona<\/strong>. Riders de molt alt nivell i competicions espectaculars faran que aquest cap de setmana sigui \u00fanic. Per\u00f2 no tota l\u2019acci\u00f3 es centrar\u00e0 en les tres instal\u00b7lacions principals (<strong>Central Park, BEO Park i Cross Track<\/strong>). Tothom podr\u00e0 gaudir del lifestyle que acompanya als esports d\u2019acci\u00f3 gr\u00e0cies al market i a les activitats que hi hauran.<\/p>\n<p>Els <strong>DJ<\/strong>\u2019s jugaran un paper molt important aquest cap de setmana, ja que situats al mig del market no pararan de punxar m\u00fasica en tot el cap de setmana. No us ho podeu perdre!<\/p>\n<p><strong>Jetlax, Paradis, DJ Huex + Felipe, All my frnds, Maluki Mc Jordan, Shocking W + Tropical Disaster, Mirlo + Maas, Supru &amp;amp; Krash, Dolor Garcia, Both Face, Porko and Crie, Blkswn, DJ Brutus, The Warehousers, Josh Calo, Olibr Karl &amp;amp; Viral, Efren Kairos, The Crapulates amb Ricky Ricardo i Moreno Malo, Homiboy, Omnitrack + Nil Kashmir + Mc Primitive, DJ Rona, DJ Lion, El Tornado, Massacre Crew Mazeyes<\/strong><\/p>\n","protected":false},"excerpt":{"rendered":"<p>Queden pocs dies perqu\u00e8 comenci l\u2019acci\u00f3 al Parc del F\u00f2rum de Barcelona i el m\u00f3n dels actions sports es centri en l\u2019imaginExtreme Barcelona. Riders de molt alt nivell i competicions espectaculars faran que aquest cap de setmana sigui \u00fanic. Per\u00f2 no tota l\u2019acci\u00f3 es centrar\u00e0 en les tres instal\u00b7lacions principals (Central Park, BEO Park i [&hellip;]<\/p>\n","protected":false},"author":8,"featured_media":0,"comment_status":"closed","ping_status":"open","sticky":false,"template":"","format":"standard","meta":{"_et_pb_use_builder":"","_et_pb_old_content":"","_et_gb_content_width":"","footnotes":""},"categories":[15],"tags":[41,40,103,100,150],"class_list":["post-3385","post","type-post","status-publish","format-standard","hentry","category-uncategorized-ca","tag-action-sports","tag-barcelona","tag-central-park","tag-extreme","tag-imaginextreme"],"yoast_head":"<!-- This site is optimized with the Yoast SEO plugin v27.2 - https:\/\/yoast.com\/product\/yoast-seo-wordpress\/ -->\n<title>IMAGINEXTREME BARCELONA &#039;17 MUSIC STAGE - Extreme Barcelona<\/title>\n<meta name=\"robots\" content=\"index, follow, max-snippet:-1, max-image-preview:large, max-video-preview:-1\" \/>\n<link rel=\"canonical\" href=\"https:\/\/extremebarcelona.com\/ca\/2017\/06\/14\/imaginextreme-barcelona-17-music-stage\/\" \/>\n<meta property=\"og:locale\" content=\"ca_ES\" \/>\n<meta property=\"og:type\" content=\"article\" \/>\n<meta property=\"og:title\" content=\"IMAGINEXTREME BARCELONA &#039;17 MUSIC STAGE - Extreme Barcelona\" \/>\n<meta property=\"og:description\" content=\"Queden pocs dies perqu\u00e8 comenci l\u2019acci\u00f3 al Parc del F\u00f2rum de Barcelona i el m\u00f3n dels actions sports es centri en l\u2019imaginExtreme Barcelona. Riders de molt alt nivell i competicions espectaculars faran que aquest cap de setmana sigui \u00fanic. Per\u00f2 no tota l\u2019acci\u00f3 es centrar\u00e0 en les tres instal\u00b7lacions principals (Central Park, BEO Park i [&hellip;]\" \/>\n<meta property=\"og:url\" content=\"https:\/\/extremebarcelona.com\/ca\/2017\/06\/14\/imaginextreme-barcelona-17-music-stage\/\" \/>\n<meta property=\"og:site_name\" content=\"Extreme Barcelona\" \/>\n<meta property=\"article:published_time\" content=\"2017-06-14T08:24:47+00:00\" \/>\n<meta property=\"article:modified_time\" content=\"2017-06-16T10:57:18+00:00\" \/>\n<meta name=\"author\" content=\"UWS\" \/>\n<meta name=\"twitter:card\" content=\"summary_large_image\" \/>\n<meta name=\"twitter:label1\" content=\"Escrit per\" \/>\n\t<meta name=\"twitter:data1\" content=\"UWS\" \/>\n\t<meta name=\"twitter:label2\" content=\"Temps estimat de lectura\" \/>\n\t<meta name=\"twitter:data2\" content=\"1 minut\" \/>\n<script type=\"application\/ld+json\" class=\"yoast-schema-graph\">{\"@context\":\"https:\/\/schema.org\",\"@graph\":[{\"@type\":\"NewsArticle\",\"@id\":\"https:\/\/extremebarcelona.com\/ca\/2017\/06\/14\/imaginextreme-barcelona-17-music-stage\/#article\",\"isPartOf\":{\"@id\":\"https:\/\/extremebarcelona.com\/ca\/2017\/06\/14\/imaginextreme-barcelona-17-music-stage\/\"},\"author\":{\"name\":\"UWS\",\"@id\":\"https:\/\/extremebarcelona.com\/#\/schema\/person\/84bb7d2facd51100910ca1df9186891e\"},\"headline\":\"IMAGINEXTREME BARCELONA &#8217;17 MUSIC STAGE\",\"datePublished\":\"2017-06-14T08:24:47+00:00\",\"dateModified\":\"2017-06-16T10:57:18+00:00\",\"mainEntityOfPage\":{\"@id\":\"https:\/\/extremebarcelona.com\/ca\/2017\/06\/14\/imaginextreme-barcelona-17-music-stage\/\"},\"wordCount\":190,\"publisher\":{\"@id\":\"https:\/\/extremebarcelona.com\/#organization\"},\"keywords\":[\"action sports\",\"barcelona\",\"central park\",\"extreme\",\"imaginExtreme\"],\"articleSection\":[\"Uncategorized @ca\"],\"inLanguage\":\"ca\"},{\"@type\":\"WebPage\",\"@id\":\"https:\/\/extremebarcelona.com\/ca\/2017\/06\/14\/imaginextreme-barcelona-17-music-stage\/\",\"url\":\"https:\/\/extremebarcelona.com\/ca\/2017\/06\/14\/imaginextreme-barcelona-17-music-stage\/\",\"name\":\"IMAGINEXTREME BARCELONA '17 MUSIC STAGE - Extreme Barcelona\",\"isPartOf\":{\"@id\":\"https:\/\/extremebarcelona.com\/#website\"},\"datePublished\":\"2017-06-14T08:24:47+00:00\",\"dateModified\":\"2017-06-16T10:57:18+00:00\",\"breadcrumb\":{\"@id\":\"https:\/\/extremebarcelona.com\/ca\/2017\/06\/14\/imaginextreme-barcelona-17-music-stage\/#breadcrumb\"},\"inLanguage\":\"ca\",\"potentialAction\":[{\"@type\":\"ReadAction\",\"target\":[\"https:\/\/extremebarcelona.com\/ca\/2017\/06\/14\/imaginextreme-barcelona-17-music-stage\/\"]}]},{\"@type\":\"BreadcrumbList\",\"@id\":\"https:\/\/extremebarcelona.com\/ca\/2017\/06\/14\/imaginextreme-barcelona-17-music-stage\/#breadcrumb\",\"itemListElement\":[{\"@type\":\"ListItem\",\"position\":1,\"name\":\"Portada\",\"item\":\"https:\/\/extremebarcelona.com\/\"},{\"@type\":\"ListItem\",\"position\":2,\"name\":\"IMAGINEXTREME BARCELONA &#8217;17 MUSIC STAGE\"}]},{\"@type\":\"WebSite\",\"@id\":\"https:\/\/extremebarcelona.com\/#website\",\"url\":\"https:\/\/extremebarcelona.com\/\",\"name\":\"Extreme Barcelona\",\"description\":\"Otro sitio realizado con WordPress\",\"publisher\":{\"@id\":\"https:\/\/extremebarcelona.com\/#organization\"},\"potentialAction\":[{\"@type\":\"SearchAction\",\"target\":{\"@type\":\"EntryPoint\",\"urlTemplate\":\"https:\/\/extremebarcelona.com\/?s={search_term_string}\"},\"query-input\":{\"@type\":\"PropertyValueSpecification\",\"valueRequired\":true,\"valueName\":\"search_term_string\"}}],\"inLanguage\":\"ca\"},{\"@type\":\"Organization\",\"@id\":\"https:\/\/extremebarcelona.com\/#organization\",\"name\":\"Extreme Barcelona\",\"url\":\"https:\/\/extremebarcelona.com\/\",\"logo\":{\"@type\":\"ImageObject\",\"inLanguage\":\"ca\",\"@id\":\"https:\/\/extremebarcelona.com\/#\/schema\/logo\/image\/\",\"url\":\"https:\/\/extremebarcelona.com\/wp-content\/uploads\/2021\/04\/Logo-Extreme-2021.png\",\"contentUrl\":\"https:\/\/extremebarcelona.com\/wp-content\/uploads\/2021\/04\/Logo-Extreme-2021.png\",\"width\":500,\"height\":500,\"caption\":\"Extreme Barcelona\"},\"image\":{\"@id\":\"https:\/\/extremebarcelona.com\/#\/schema\/logo\/image\/\"}},{\"@type\":\"Person\",\"@id\":\"https:\/\/extremebarcelona.com\/#\/schema\/person\/84bb7d2facd51100910ca1df9186891e\",\"name\":\"UWS\",\"image\":{\"@type\":\"ImageObject\",\"inLanguage\":\"ca\",\"@id\":\"https:\/\/secure.gravatar.com\/avatar\/41b930374ee41e318f6457172bd2f6e300b1872879ecb443d692bea8dad136f9?s=96&d=mm&r=g\",\"url\":\"https:\/\/secure.gravatar.com\/avatar\/41b930374ee41e318f6457172bd2f6e300b1872879ecb443d692bea8dad136f9?s=96&d=mm&r=g\",\"contentUrl\":\"https:\/\/secure.gravatar.com\/avatar\/41b930374ee41e318f6457172bd2f6e300b1872879ecb443d692bea8dad136f9?s=96&d=mm&r=g\",\"caption\":\"UWS\"}}]}<\/script>\n<!-- \/ Yoast SEO plugin. -->","yoast_head_json":{"title":"IMAGINEXTREME BARCELONA '17 MUSIC STAGE - Extreme Barcelona","robots":{"index":"index","follow":"follow","max-snippet":"max-snippet:-1","max-image-preview":"max-image-preview:large","max-video-preview":"max-video-preview:-1"},"canonical":"https:\/\/extremebarcelona.com\/ca\/2017\/06\/14\/imaginextreme-barcelona-17-music-stage\/","og_locale":"ca_ES","og_type":"article","og_title":"IMAGINEXTREME BARCELONA '17 MUSIC STAGE - Extreme Barcelona","og_description":"Queden pocs dies perqu\u00e8 comenci l\u2019acci\u00f3 al Parc del F\u00f2rum de Barcelona i el m\u00f3n dels actions sports es centri en l\u2019imaginExtreme Barcelona. Riders de molt alt nivell i competicions espectaculars faran que aquest cap de setmana sigui \u00fanic. Per\u00f2 no tota l\u2019acci\u00f3 es centrar\u00e0 en les tres instal\u00b7lacions principals (Central Park, BEO Park i [&hellip;]","og_url":"https:\/\/extremebarcelona.com\/ca\/2017\/06\/14\/imaginextreme-barcelona-17-music-stage\/","og_site_name":"Extreme Barcelona","article_published_time":"2017-06-14T08:24:47+00:00","article_modified_time":"2017-06-16T10:57:18+00:00","author":"UWS","twitter_card":"summary_large_image","twitter_misc":{"Escrit per":"UWS","Temps estimat de lectura":"1 minut"},"schema":{"@context":"https:\/\/schema.org","@graph":[{"@type":"NewsArticle","@id":"https:\/\/extremebarcelona.com\/ca\/2017\/06\/14\/imaginextreme-barcelona-17-music-stage\/#article","isPartOf":{"@id":"https:\/\/extremebarcelona.com\/ca\/2017\/06\/14\/imaginextreme-barcelona-17-music-stage\/"},"author":{"name":"UWS","@id":"https:\/\/extremebarcelona.com\/#\/schema\/person\/84bb7d2facd51100910ca1df9186891e"},"headline":"IMAGINEXTREME BARCELONA &#8217;17 MUSIC STAGE","datePublished":"2017-06-14T08:24:47+00:00","dateModified":"2017-06-16T10:57:18+00:00","mainEntityOfPage":{"@id":"https:\/\/extremebarcelona.com\/ca\/2017\/06\/14\/imaginextreme-barcelona-17-music-stage\/"},"wordCount":190,"publisher":{"@id":"https:\/\/extremebarcelona.com\/#organization"},"keywords":["action sports","barcelona","central park","extreme","imaginExtreme"],"articleSection":["Uncategorized @ca"],"inLanguage":"ca"},{"@type":"WebPage","@id":"https:\/\/extremebarcelona.com\/ca\/2017\/06\/14\/imaginextreme-barcelona-17-music-stage\/","url":"https:\/\/extremebarcelona.com\/ca\/2017\/06\/14\/imaginextreme-barcelona-17-music-stage\/","name":"IMAGINEXTREME BARCELONA '17 MUSIC STAGE - Extreme Barcelona","isPartOf":{"@id":"https:\/\/extremebarcelona.com\/#website"},"datePublished":"2017-06-14T08:24:47+00:00","dateModified":"2017-06-16T10:57:18+00:00","breadcrumb":{"@id":"https:\/\/extremebarcelona.com\/ca\/2017\/06\/14\/imaginextreme-barcelona-17-music-stage\/#breadcrumb"},"inLanguage":"ca","potentialAction":[{"@type":"ReadAction","target":["https:\/\/extremebarcelona.com\/ca\/2017\/06\/14\/imaginextreme-barcelona-17-music-stage\/"]}]},{"@type":"BreadcrumbList","@id":"https:\/\/extremebarcelona.com\/ca\/2017\/06\/14\/imaginextreme-barcelona-17-music-stage\/#breadcrumb","itemListElement":[{"@type":"ListItem","position":1,"name":"Portada","item":"https:\/\/extremebarcelona.com\/"},{"@type":"ListItem","position":2,"name":"IMAGINEXTREME BARCELONA &#8217;17 MUSIC STAGE"}]},{"@type":"WebSite","@id":"https:\/\/extremebarcelona.com\/#website","url":"https:\/\/extremebarcelona.com\/","name":"Extreme Barcelona","description":"Otro sitio realizado con WordPress","publisher":{"@id":"https:\/\/extremebarcelona.com\/#organization"},"potentialAction":[{"@type":"SearchAction","target":{"@type":"EntryPoint","urlTemplate":"https:\/\/extremebarcelona.com\/?s={search_term_string}"},"query-input":{"@type":"PropertyValueSpecification","valueRequired":true,"valueName":"search_term_string"}}],"inLanguage":"ca"},{"@type":"Organization","@id":"https:\/\/extremebarcelona.com\/#organization","name":"Extreme Barcelona","url":"https:\/\/extremebarcelona.com\/","logo":{"@type":"ImageObject","inLanguage":"ca","@id":"https:\/\/extremebarcelona.com\/#\/schema\/logo\/image\/","url":"https:\/\/extremebarcelona.com\/wp-content\/uploads\/2021\/04\/Logo-Extreme-2021.png","contentUrl":"https:\/\/extremebarcelona.com\/wp-content\/uploads\/2021\/04\/Logo-Extreme-2021.png","width":500,"height":500,"caption":"Extreme Barcelona"},"image":{"@id":"https:\/\/extremebarcelona.com\/#\/schema\/logo\/image\/"}},{"@type":"Person","@id":"https:\/\/extremebarcelona.com\/#\/schema\/person\/84bb7d2facd51100910ca1df9186891e","name":"UWS","image":{"@type":"ImageObject","inLanguage":"ca","@id":"https:\/\/secure.gravatar.com\/avatar\/41b930374ee41e318f6457172bd2f6e300b1872879ecb443d692bea8dad136f9?s=96&d=mm&r=g","url":"https:\/\/secure.gravatar.com\/avatar\/41b930374ee41e318f6457172bd2f6e300b1872879ecb443d692bea8dad136f9?s=96&d=mm&r=g","contentUrl":"https:\/\/secure.gravatar.com\/avatar\/41b930374ee41e318f6457172bd2f6e300b1872879ecb443d692bea8dad136f9?s=96&d=mm&r=g","caption":"UWS"}}]}},"_links":{"self":[{"href":"https:\/\/extremebarcelona.com\/ca\/wp-json\/wp\/v2\/posts\/3385","targetHints":{"allow":["GET"]}}],"collection":[{"href":"https:\/\/extremebarcelona.com\/ca\/wp-json\/wp\/v2\/posts"}],"about":[{"href":"https:\/\/extremebarcelona.com\/ca\/wp-json\/wp\/v2\/types\/post"}],"author":[{"embeddable":true,"href":"https:\/\/extremebarcelona.com\/ca\/wp-json\/wp\/v2\/users\/8"}],"replies":[{"embeddable":true,"href":"https:\/\/extremebarcelona.com\/ca\/wp-json\/wp\/v2\/comments?post=3385"}],"version-history":[{"count":2,"href":"https:\/\/extremebarcelona.com\/ca\/wp-json\/wp\/v2\/posts\/3385\/revisions"}],"predecessor-version":[{"id":3388,"href":"https:\/\/extremebarcelona.com\/ca\/wp-json\/wp\/v2\/posts\/3385\/revisions\/3388"}],"wp:attachment":[{"href":"https:\/\/extremebarcelona.com\/ca\/wp-json\/wp\/v2\/media?parent=3385"}],"wp:term":[{"taxonomy":"category","embeddable":true,"href":"https:\/\/extremebarcelona.com\/ca\/wp-json\/wp\/v2\/categories?post=3385"},{"taxonomy":"post_tag","embeddable":true,"href":"https:\/\/extremebarcelona.com\/ca\/wp-json\/wp\/v2\/tags?post=3385"}],"curies":[{"name":"wp","href":"https:\/\/api.w.org\/{rel}","templated":true}]}}