{"id":3056,"date":"2017-05-24T11:06:21","date_gmt":"2017-05-24T11:06:21","guid":{"rendered":"https:\/\/extremebarcelona.com\/?p=3056\/"},"modified":"2017-05-24T11:06:54","modified_gmt":"2017-05-24T11:06:54","slug":"levent-amb-mes-competicions-femenines-deuropa","status":"publish","type":"post","link":"https:\/\/extremebarcelona.com\/ca\/2017\/05\/24\/levent-amb-mes-competicions-femenines-deuropa\/","title":{"rendered":"L&#8217;EVENT AMB M\u00c9S COMPETICIONS FEMENINES D&#8217;EUROPA"},"content":{"rendered":"<p><span id=\"result_box\" class=\"\" lang=\"ca\"><span title=\"El imaginExtreme Barcelona es el evento de action sports con m\u00e1s modalidades femeninas de toda Europa.\">L<strong>&#8216;<\/strong><\/span><\/span><span id=\"result_box\" class=\"\" lang=\"ca\"><span title=\"El imaginExtreme Barcelona es el evento de action sports con m\u00e1s modalidades femeninas de toda Europa.\"><strong>imaginExtreme Barcelona<\/strong> \u00e9s l&#8217;esdeveniment de action sports amb m\u00e9s <strong>modalitats femenines<\/strong> de tot<strong> Europa<\/strong>. <\/span><span title=\"Esta pr\u00f3xima edici\u00f3n, que se celebrar\u00e1 nuevamente en el Parc del F\u00f2rum los d\u00edas 17 y 18 de junio albergar\u00e1 competiciones femeninas de Skate, BMX, Inline y Longboard. \">Aquesta propera edici\u00f3, que se celebrar\u00e0 novament al <strong>Parc del F\u00f2rum<\/strong> els dies <strong>17 i 18 de juny<\/strong> acollir\u00e0 competicions femenines de <strong>Skate, BMX, Inline i Longboard.<\/strong><\/span><\/span><\/p>\n<p><span title=\"Cuatro competiciones que van a congregar a un gran n\u00famero de profesionales de nivel internacional, y que para este a\u00f1o van a hacer crecer el nivel de la competici\u00f3n substancialmente.\">Quatre competicions que van a congregar un gran nombre de professionals de<strong> nivell internacional<\/strong>, i que per aquest any van a fer cr\u00e9ixer el nivell de la competici\u00f3 substancialment. <\/span><span title=\"No son pocas las ya confirmadas a fecha de hoy para el imaginExtreme Barcelona 2017. \">No s\u00f3n poques les ja confirmades a data d&#8217;avui per al <strong>imaginExtreme Barcelona 2017.<\/strong><\/span><\/p>\n<p><span title=\"En cuanto al BMX repite asistencia la subcampeona de 2016, la rider chilena Katherine Diaz vuelve para tratar de conseguir esa medalla de oro.\">Pel que fa al <strong>BMX<\/strong> repeteix assist\u00e8ncia la subcampiona de 2016, la rider xilena <strong>Katherine Dia<\/strong>z torna per intentar aconseguir aquesta medalla d&#8217;or. <\/span><span title=\"Junto a y no menos importantes, las dos BMXers rusas Elizaveta Posadskikh y Ekaterina Kruglova y la argentina Analia Zacarias intentar\u00e1n pelear por ese metal dorado. \">Al costat de i no menys importants, les dues BMXers russes <strong>Elizaveta Posadskikh i Ekaterina Kruglova<\/strong> i l&#8217;argentina<strong> Analia Zacarias<\/strong> intentaran lluitar per aquest metall daurat.<\/span><\/p>\n<p><span title=\"Inline es una modalidad con fuerte presencias femeniina, y con muchas riders que rebosan talento, cada a\u00f1o lo demuestran en el Central Park y para este 2017 el list\u00f3n sigue muy alto.\"><strong>Inline<\/strong> \u00e9s una modalitat amb forta pres\u00e8ncies femeniina, i amb moltes riders que desborden talent, cada any ho demostren al <strong>Central Park<\/strong> i per aquest 2017 el llist\u00f3 continua molt alt. <\/span><span title=\"La campeona de 2016 Rosie Odonoghue estar\u00e1 de nuevo para defender su t\u00edtulo, acompa\u00f1ada de grandes nombres como: Manon Derrien, Melissa Brown, Javiera Garrido, Mery Mu\u00f1oz y Silvia Tovar entre otras. \">La campiona de 2016 <strong>Rosie Odonoghue<\/strong> estar\u00e0 de nou per defensar el seu t\u00edtol, acompanyada de grans noms com: <strong>Manon Derrien, Melissa Brown, Javiera Garrido, Mery Mu\u00f1oz i Silvia Tovar<\/strong> entre d&#8217;altres.<\/span><\/p>\n<p><span title=\"En la modalidad de Longboard ya tenemos algunos nombres como el de Fiona Torell\u00f3 que hizo podium en 2016, Cristina Sanchez una rider fija en el imaginExtreme Barcelona que no se ha perdido ni una edici\u00f3n, Marta Matamala, Silvia Menendez y Victoria Mowbray ser\u00e1n candidatas al podio\">En la modalitat de <strong>Longboard<\/strong> ja tenim alguns noms com el de <strong>Fiona Torell\u00f3<\/strong> que va fer p\u00f2dium en 2016, <strong>Cristina Sanchez<\/strong> una rider fixa en el <strong>imaginExtreme Barcelona<\/strong> que no s&#8217;ha perdut ni una edici\u00f3, <strong>Marta Matamala, Silvia Menendez i Vict\u00f2ria Mowbray<\/strong> seran altres candidates al podi <\/span><span title=\"de Longboard Cross. \">de L<strong>ongboard Cross.<\/strong><\/span><\/p>\n<p><span title=\"Por \u00faltimo en Skatebord, en el BEO (Barcelona European Open) vamos a contar con la campeona de 2016, la holandesa Candy Jacobs estuvo intratable el a\u00f1o pasado y para esta edici\u00f3n viene muy preparada para defender el t\u00edtulo.\">Finalment en Skatebord, al <strong>BEO (Barcelona European Open)<\/strong> anem a comptar amb la campiona de 2016, l&#8217;holandesa <strong>Candy Jacobs<\/strong> va estar intractable l&#8217;any passat i per aquesta edici\u00f3 ve molt preparada per defensar el t\u00edtol. <\/span><span title=\"Otros nombres como el de Mar Barrera o el de Ligiane Oliveira competir\u00e1n por subir a lo m\u00e1s alto.\">Altres noms com el de<strong> Mar Barrera<\/strong> o el de<strong> Ligiane Oliveira<\/strong> competiran per pujar al m\u00e9s alt.<\/span><\/p>\n<p>&nbsp;<\/p>\n\n\t\t<style type=\"text\/css\">\n\t\t\t#gallery-1 {\n\t\t\t\tmargin: auto;\n\t\t\t}\n\t\t\t#gallery-1 .gallery-item {\n\t\t\t\tfloat: left;\n\t\t\t\tmargin-top: 10px;\n\t\t\t\ttext-align: center;\n\t\t\t\twidth: 25%;\n\t\t\t}\n\t\t\t#gallery-1 img {\n\t\t\t\tborder: 2px solid #cfcfcf;\n\t\t\t}\n\t\t\t#gallery-1 .gallery-caption {\n\t\t\t\tmargin-left: 0;\n\t\t\t}\n\t\t\t\/* see gallery_shortcode() in wp-includes\/media.php *\/\n\t\t<\/style>\n\t\t<div id='gallery-1' class='gallery galleryid-3056 gallery-columns-4 gallery-size-medium'><dl class='gallery-item'>\n\t\t\t<dt class='gallery-icon landscape'>\n\t\t\t\t<a href='https:\/\/extremebarcelona.com\/ca\/_mg_9468extremedomingo_trn\/'><img loading=\"lazy\" decoding=\"async\" width=\"300\" height=\"200\" src=\"https:\/\/extremebarcelona.com\/wp-content\/uploads\/2017\/05\/MG_9468ExtremeDOMINGO_TRN-300x200.jpg\" class=\"attachment-medium size-medium\" alt=\"\" srcset=\"https:\/\/extremebarcelona.com\/wp-content\/uploads\/2017\/05\/MG_9468ExtremeDOMINGO_TRN-300x200.jpg 300w, https:\/\/extremebarcelona.com\/wp-content\/uploads\/2017\/05\/MG_9468ExtremeDOMINGO_TRN-768x512.jpg 768w, https:\/\/extremebarcelona.com\/wp-content\/uploads\/2017\/05\/MG_9468ExtremeDOMINGO_TRN-1024x683.jpg 1024w, https:\/\/extremebarcelona.com\/wp-content\/uploads\/2017\/05\/MG_9468ExtremeDOMINGO_TRN-1080x720.jpg 1080w\" sizes=\"(max-width: 300px) 100vw, 300px\" \/><\/a>\n\t\t\t<\/dt><\/dl><dl class='gallery-item'>\n\t\t\t<dt class='gallery-icon landscape'>\n\t\t\t\t<a href='https:\/\/extremebarcelona.com\/ca\/lv_190616_bcnext_0223\/'><img loading=\"lazy\" decoding=\"async\" width=\"300\" height=\"200\" src=\"https:\/\/extremebarcelona.com\/wp-content\/uploads\/2017\/05\/LV_190616_BCNEXT_0223-300x200.jpg\" class=\"attachment-medium size-medium\" alt=\"\" srcset=\"https:\/\/extremebarcelona.com\/wp-content\/uploads\/2017\/05\/LV_190616_BCNEXT_0223-300x200.jpg 300w, https:\/\/extremebarcelona.com\/wp-content\/uploads\/2017\/05\/LV_190616_BCNEXT_0223-768x512.jpg 768w, https:\/\/extremebarcelona.com\/wp-content\/uploads\/2017\/05\/LV_190616_BCNEXT_0223-1024x683.jpg 1024w, https:\/\/extremebarcelona.com\/wp-content\/uploads\/2017\/05\/LV_190616_BCNEXT_0223-1080x720.jpg 1080w\" sizes=\"(max-width: 300px) 100vw, 300px\" \/><\/a>\n\t\t\t<\/dt><\/dl><dl class='gallery-item'>\n\t\t\t<dt class='gallery-icon landscape'>\n\t\t\t\t<a href='https:\/\/extremebarcelona.com\/ca\/_tph9533_extremedomingo_sito\/'><img loading=\"lazy\" decoding=\"async\" width=\"300\" height=\"200\" src=\"https:\/\/extremebarcelona.com\/wp-content\/uploads\/2017\/05\/TPH9533_EXTREMEDOMINGO_SITO-300x200.jpg\" class=\"attachment-medium size-medium\" alt=\"\" srcset=\"https:\/\/extremebarcelona.com\/wp-content\/uploads\/2017\/05\/TPH9533_EXTREMEDOMINGO_SITO-300x200.jpg 300w, https:\/\/extremebarcelona.com\/wp-content\/uploads\/2017\/05\/TPH9533_EXTREMEDOMINGO_SITO-768x512.jpg 768w, https:\/\/extremebarcelona.com\/wp-content\/uploads\/2017\/05\/TPH9533_EXTREMEDOMINGO_SITO-1024x683.jpg 1024w, https:\/\/extremebarcelona.com\/wp-content\/uploads\/2017\/05\/TPH9533_EXTREMEDOMINGO_SITO-1080x720.jpg 1080w\" sizes=\"(max-width: 300px) 100vw, 300px\" \/><\/a>\n\t\t\t<\/dt><\/dl>\n\t\t\t<br style='clear: both' \/>\n\t\t<\/div>\n\n<p>&nbsp;<\/p>\n","protected":false},"excerpt":{"rendered":"<p>L&#8216;imaginExtreme Barcelona \u00e9s l&#8217;esdeveniment de action sports amb m\u00e9s modalitats femenines de tot Europa. Aquesta propera edici\u00f3, que se celebrar\u00e0 novament al Parc del F\u00f2rum els dies 17 i 18 de juny acollir\u00e0 competicions femenines de Skate, BMX, Inline i Longboard. Quatre competicions que van a congregar un gran nombre de professionals de nivell internacional, [&hellip;]<\/p>\n","protected":false},"author":8,"featured_media":0,"comment_status":"closed","ping_status":"open","sticky":false,"template":"","format":"standard","meta":{"_et_pb_use_builder":"","_et_pb_old_content":"","_et_gb_content_width":"","footnotes":""},"categories":[20],"tags":[205,203,204,206,207,201,202,208],"class_list":["post-3056","post","type-post","status-publish","format-standard","hentry","category-noticies","tag-femenina-ca","tag-femenina","tag-modalidad","tag-modalidad-ca","tag-wmn-ca","tag-wmn","tag-women","tag-women-ca"],"yoast_head":"<!-- This site is optimized with the Yoast SEO plugin v27.2 - https:\/\/yoast.com\/product\/yoast-seo-wordpress\/ -->\n<title>L&#039;EVENT AMB M\u00c9S COMPETICIONS FEMENINES D&#039;EUROPA - Extreme Barcelona<\/title>\n<meta name=\"robots\" content=\"index, follow, max-snippet:-1, max-image-preview:large, max-video-preview:-1\" \/>\n<link rel=\"canonical\" href=\"https:\/\/extremebarcelona.com\/ca\/2017\/05\/24\/levent-amb-mes-competicions-femenines-deuropa\/\" \/>\n<meta property=\"og:locale\" content=\"ca_ES\" \/>\n<meta property=\"og:type\" content=\"article\" \/>\n<meta property=\"og:title\" content=\"L&#039;EVENT AMB M\u00c9S COMPETICIONS FEMENINES D&#039;EUROPA - Extreme Barcelona\" \/>\n<meta property=\"og:description\" content=\"L&#8216;imaginExtreme Barcelona \u00e9s l&#8217;esdeveniment de action sports amb m\u00e9s modalitats femenines de tot Europa. Aquesta propera edici\u00f3, que se celebrar\u00e0 novament al Parc del F\u00f2rum els dies 17 i 18 de juny acollir\u00e0 competicions femenines de Skate, BMX, Inline i Longboard. Quatre competicions que van a congregar un gran nombre de professionals de nivell internacional, [&hellip;]\" \/>\n<meta property=\"og:url\" content=\"https:\/\/extremebarcelona.com\/ca\/2017\/05\/24\/levent-amb-mes-competicions-femenines-deuropa\/\" \/>\n<meta property=\"og:site_name\" content=\"Extreme Barcelona\" \/>\n<meta property=\"article:published_time\" content=\"2017-05-24T11:06:21+00:00\" \/>\n<meta property=\"article:modified_time\" content=\"2017-05-24T11:06:54+00:00\" \/>\n<meta property=\"og:image\" content=\"https:\/\/extremebarcelona.com\/wp-content\/uploads\/2017\/05\/MG_9468ExtremeDOMINGO_TRN-300x200.jpg\" \/>\n<meta name=\"author\" content=\"UWS\" \/>\n<meta name=\"twitter:card\" content=\"summary_large_image\" \/>\n<meta name=\"twitter:label1\" content=\"Escrit per\" \/>\n\t<meta name=\"twitter:data1\" content=\"UWS\" \/>\n\t<meta name=\"twitter:label2\" content=\"Temps estimat de lectura\" \/>\n\t<meta name=\"twitter:data2\" content=\"2 minuts\" \/>\n<script type=\"application\/ld+json\" class=\"yoast-schema-graph\">{\"@context\":\"https:\/\/schema.org\",\"@graph\":[{\"@type\":\"NewsArticle\",\"@id\":\"https:\/\/extremebarcelona.com\/ca\/2017\/05\/24\/levent-amb-mes-competicions-femenines-deuropa\/#article\",\"isPartOf\":{\"@id\":\"https:\/\/extremebarcelona.com\/ca\/2017\/05\/24\/levent-amb-mes-competicions-femenines-deuropa\/\"},\"author\":{\"name\":\"UWS\",\"@id\":\"https:\/\/extremebarcelona.com\/#\/schema\/person\/84bb7d2facd51100910ca1df9186891e\"},\"headline\":\"L&#8217;EVENT AMB M\u00c9S COMPETICIONS FEMENINES D&#8217;EUROPA\",\"datePublished\":\"2017-05-24T11:06:21+00:00\",\"dateModified\":\"2017-05-24T11:06:54+00:00\",\"mainEntityOfPage\":{\"@id\":\"https:\/\/extremebarcelona.com\/ca\/2017\/05\/24\/levent-amb-mes-competicions-femenines-deuropa\/\"},\"wordCount\":329,\"publisher\":{\"@id\":\"https:\/\/extremebarcelona.com\/#organization\"},\"keywords\":[\"femenina\",\"femenina\",\"modalidad\",\"modalidad\",\"wmn\",\"wmn\",\"women\",\"women\"],\"articleSection\":[\"Noticies\"],\"inLanguage\":\"ca\"},{\"@type\":\"WebPage\",\"@id\":\"https:\/\/extremebarcelona.com\/ca\/2017\/05\/24\/levent-amb-mes-competicions-femenines-deuropa\/\",\"url\":\"https:\/\/extremebarcelona.com\/ca\/2017\/05\/24\/levent-amb-mes-competicions-femenines-deuropa\/\",\"name\":\"L'EVENT AMB M\u00c9S COMPETICIONS FEMENINES D'EUROPA - Extreme Barcelona\",\"isPartOf\":{\"@id\":\"https:\/\/extremebarcelona.com\/#website\"},\"datePublished\":\"2017-05-24T11:06:21+00:00\",\"dateModified\":\"2017-05-24T11:06:54+00:00\",\"breadcrumb\":{\"@id\":\"https:\/\/extremebarcelona.com\/ca\/2017\/05\/24\/levent-amb-mes-competicions-femenines-deuropa\/#breadcrumb\"},\"inLanguage\":\"ca\",\"potentialAction\":[{\"@type\":\"ReadAction\",\"target\":[\"https:\/\/extremebarcelona.com\/ca\/2017\/05\/24\/levent-amb-mes-competicions-femenines-deuropa\/\"]}]},{\"@type\":\"BreadcrumbList\",\"@id\":\"https:\/\/extremebarcelona.com\/ca\/2017\/05\/24\/levent-amb-mes-competicions-femenines-deuropa\/#breadcrumb\",\"itemListElement\":[{\"@type\":\"ListItem\",\"position\":1,\"name\":\"Portada\",\"item\":\"https:\/\/extremebarcelona.com\/\"},{\"@type\":\"ListItem\",\"position\":2,\"name\":\"L&#8217;EVENT AMB M\u00c9S COMPETICIONS FEMENINES D&#8217;EUROPA\"}]},{\"@type\":\"WebSite\",\"@id\":\"https:\/\/extremebarcelona.com\/#website\",\"url\":\"https:\/\/extremebarcelona.com\/\",\"name\":\"Extreme Barcelona\",\"description\":\"Otro sitio realizado con WordPress\",\"publisher\":{\"@id\":\"https:\/\/extremebarcelona.com\/#organization\"},\"potentialAction\":[{\"@type\":\"SearchAction\",\"target\":{\"@type\":\"EntryPoint\",\"urlTemplate\":\"https:\/\/extremebarcelona.com\/?s={search_term_string}\"},\"query-input\":{\"@type\":\"PropertyValueSpecification\",\"valueRequired\":true,\"valueName\":\"search_term_string\"}}],\"inLanguage\":\"ca\"},{\"@type\":\"Organization\",\"@id\":\"https:\/\/extremebarcelona.com\/#organization\",\"name\":\"Extreme Barcelona\",\"url\":\"https:\/\/extremebarcelona.com\/\",\"logo\":{\"@type\":\"ImageObject\",\"inLanguage\":\"ca\",\"@id\":\"https:\/\/extremebarcelona.com\/#\/schema\/logo\/image\/\",\"url\":\"https:\/\/extremebarcelona.com\/wp-content\/uploads\/2021\/04\/Logo-Extreme-2021.png\",\"contentUrl\":\"https:\/\/extremebarcelona.com\/wp-content\/uploads\/2021\/04\/Logo-Extreme-2021.png\",\"width\":500,\"height\":500,\"caption\":\"Extreme Barcelona\"},\"image\":{\"@id\":\"https:\/\/extremebarcelona.com\/#\/schema\/logo\/image\/\"}},{\"@type\":\"Person\",\"@id\":\"https:\/\/extremebarcelona.com\/#\/schema\/person\/84bb7d2facd51100910ca1df9186891e\",\"name\":\"UWS\",\"image\":{\"@type\":\"ImageObject\",\"inLanguage\":\"ca\",\"@id\":\"https:\/\/secure.gravatar.com\/avatar\/41b930374ee41e318f6457172bd2f6e300b1872879ecb443d692bea8dad136f9?s=96&d=mm&r=g\",\"url\":\"https:\/\/secure.gravatar.com\/avatar\/41b930374ee41e318f6457172bd2f6e300b1872879ecb443d692bea8dad136f9?s=96&d=mm&r=g\",\"contentUrl\":\"https:\/\/secure.gravatar.com\/avatar\/41b930374ee41e318f6457172bd2f6e300b1872879ecb443d692bea8dad136f9?s=96&d=mm&r=g\",\"caption\":\"UWS\"}}]}<\/script>\n<!-- \/ Yoast SEO plugin. -->","yoast_head_json":{"title":"L'EVENT AMB M\u00c9S COMPETICIONS FEMENINES D'EUROPA - Extreme Barcelona","robots":{"index":"index","follow":"follow","max-snippet":"max-snippet:-1","max-image-preview":"max-image-preview:large","max-video-preview":"max-video-preview:-1"},"canonical":"https:\/\/extremebarcelona.com\/ca\/2017\/05\/24\/levent-amb-mes-competicions-femenines-deuropa\/","og_locale":"ca_ES","og_type":"article","og_title":"L'EVENT AMB M\u00c9S COMPETICIONS FEMENINES D'EUROPA - Extreme Barcelona","og_description":"L&#8216;imaginExtreme Barcelona \u00e9s l&#8217;esdeveniment de action sports amb m\u00e9s modalitats femenines de tot Europa. Aquesta propera edici\u00f3, que se celebrar\u00e0 novament al Parc del F\u00f2rum els dies 17 i 18 de juny acollir\u00e0 competicions femenines de Skate, BMX, Inline i Longboard. Quatre competicions que van a congregar un gran nombre de professionals de nivell internacional, [&hellip;]","og_url":"https:\/\/extremebarcelona.com\/ca\/2017\/05\/24\/levent-amb-mes-competicions-femenines-deuropa\/","og_site_name":"Extreme Barcelona","article_published_time":"2017-05-24T11:06:21+00:00","article_modified_time":"2017-05-24T11:06:54+00:00","og_image":[{"url":"https:\/\/extremebarcelona.com\/wp-content\/uploads\/2017\/05\/MG_9468ExtremeDOMINGO_TRN-300x200.jpg","type":"","width":"","height":""}],"author":"UWS","twitter_card":"summary_large_image","twitter_misc":{"Escrit per":"UWS","Temps estimat de lectura":"2 minuts"},"schema":{"@context":"https:\/\/schema.org","@graph":[{"@type":"NewsArticle","@id":"https:\/\/extremebarcelona.com\/ca\/2017\/05\/24\/levent-amb-mes-competicions-femenines-deuropa\/#article","isPartOf":{"@id":"https:\/\/extremebarcelona.com\/ca\/2017\/05\/24\/levent-amb-mes-competicions-femenines-deuropa\/"},"author":{"name":"UWS","@id":"https:\/\/extremebarcelona.com\/#\/schema\/person\/84bb7d2facd51100910ca1df9186891e"},"headline":"L&#8217;EVENT AMB M\u00c9S COMPETICIONS FEMENINES D&#8217;EUROPA","datePublished":"2017-05-24T11:06:21+00:00","dateModified":"2017-05-24T11:06:54+00:00","mainEntityOfPage":{"@id":"https:\/\/extremebarcelona.com\/ca\/2017\/05\/24\/levent-amb-mes-competicions-femenines-deuropa\/"},"wordCount":329,"publisher":{"@id":"https:\/\/extremebarcelona.com\/#organization"},"keywords":["femenina","femenina","modalidad","modalidad","wmn","wmn","women","women"],"articleSection":["Noticies"],"inLanguage":"ca"},{"@type":"WebPage","@id":"https:\/\/extremebarcelona.com\/ca\/2017\/05\/24\/levent-amb-mes-competicions-femenines-deuropa\/","url":"https:\/\/extremebarcelona.com\/ca\/2017\/05\/24\/levent-amb-mes-competicions-femenines-deuropa\/","name":"L'EVENT AMB M\u00c9S COMPETICIONS FEMENINES D'EUROPA - Extreme Barcelona","isPartOf":{"@id":"https:\/\/extremebarcelona.com\/#website"},"datePublished":"2017-05-24T11:06:21+00:00","dateModified":"2017-05-24T11:06:54+00:00","breadcrumb":{"@id":"https:\/\/extremebarcelona.com\/ca\/2017\/05\/24\/levent-amb-mes-competicions-femenines-deuropa\/#breadcrumb"},"inLanguage":"ca","potentialAction":[{"@type":"ReadAction","target":["https:\/\/extremebarcelona.com\/ca\/2017\/05\/24\/levent-amb-mes-competicions-femenines-deuropa\/"]}]},{"@type":"BreadcrumbList","@id":"https:\/\/extremebarcelona.com\/ca\/2017\/05\/24\/levent-amb-mes-competicions-femenines-deuropa\/#breadcrumb","itemListElement":[{"@type":"ListItem","position":1,"name":"Portada","item":"https:\/\/extremebarcelona.com\/"},{"@type":"ListItem","position":2,"name":"L&#8217;EVENT AMB M\u00c9S COMPETICIONS FEMENINES D&#8217;EUROPA"}]},{"@type":"WebSite","@id":"https:\/\/extremebarcelona.com\/#website","url":"https:\/\/extremebarcelona.com\/","name":"Extreme Barcelona","description":"Otro sitio realizado con WordPress","publisher":{"@id":"https:\/\/extremebarcelona.com\/#organization"},"potentialAction":[{"@type":"SearchAction","target":{"@type":"EntryPoint","urlTemplate":"https:\/\/extremebarcelona.com\/?s={search_term_string}"},"query-input":{"@type":"PropertyValueSpecification","valueRequired":true,"valueName":"search_term_string"}}],"inLanguage":"ca"},{"@type":"Organization","@id":"https:\/\/extremebarcelona.com\/#organization","name":"Extreme Barcelona","url":"https:\/\/extremebarcelona.com\/","logo":{"@type":"ImageObject","inLanguage":"ca","@id":"https:\/\/extremebarcelona.com\/#\/schema\/logo\/image\/","url":"https:\/\/extremebarcelona.com\/wp-content\/uploads\/2021\/04\/Logo-Extreme-2021.png","contentUrl":"https:\/\/extremebarcelona.com\/wp-content\/uploads\/2021\/04\/Logo-Extreme-2021.png","width":500,"height":500,"caption":"Extreme Barcelona"},"image":{"@id":"https:\/\/extremebarcelona.com\/#\/schema\/logo\/image\/"}},{"@type":"Person","@id":"https:\/\/extremebarcelona.com\/#\/schema\/person\/84bb7d2facd51100910ca1df9186891e","name":"UWS","image":{"@type":"ImageObject","inLanguage":"ca","@id":"https:\/\/secure.gravatar.com\/avatar\/41b930374ee41e318f6457172bd2f6e300b1872879ecb443d692bea8dad136f9?s=96&d=mm&r=g","url":"https:\/\/secure.gravatar.com\/avatar\/41b930374ee41e318f6457172bd2f6e300b1872879ecb443d692bea8dad136f9?s=96&d=mm&r=g","contentUrl":"https:\/\/secure.gravatar.com\/avatar\/41b930374ee41e318f6457172bd2f6e300b1872879ecb443d692bea8dad136f9?s=96&d=mm&r=g","caption":"UWS"}}]}},"_links":{"self":[{"href":"https:\/\/extremebarcelona.com\/ca\/wp-json\/wp\/v2\/posts\/3056","targetHints":{"allow":["GET"]}}],"collection":[{"href":"https:\/\/extremebarcelona.com\/ca\/wp-json\/wp\/v2\/posts"}],"about":[{"href":"https:\/\/extremebarcelona.com\/ca\/wp-json\/wp\/v2\/types\/post"}],"author":[{"embeddable":true,"href":"https:\/\/extremebarcelona.com\/ca\/wp-json\/wp\/v2\/users\/8"}],"replies":[{"embeddable":true,"href":"https:\/\/extremebarcelona.com\/ca\/wp-json\/wp\/v2\/comments?post=3056"}],"version-history":[{"count":2,"href":"https:\/\/extremebarcelona.com\/ca\/wp-json\/wp\/v2\/posts\/3056\/revisions"}],"predecessor-version":[{"id":3063,"href":"https:\/\/extremebarcelona.com\/ca\/wp-json\/wp\/v2\/posts\/3056\/revisions\/3063"}],"wp:attachment":[{"href":"https:\/\/extremebarcelona.com\/ca\/wp-json\/wp\/v2\/media?parent=3056"}],"wp:term":[{"taxonomy":"category","embeddable":true,"href":"https:\/\/extremebarcelona.com\/ca\/wp-json\/wp\/v2\/categories?post=3056"},{"taxonomy":"post_tag","embeddable":true,"href":"https:\/\/extremebarcelona.com\/ca\/wp-json\/wp\/v2\/tags?post=3056"}],"curies":[{"name":"wp","href":"https:\/\/api.w.org\/{rel}","templated":true}]}}