{"id":29191,"date":"2026-09-04T22:45:02","date_gmt":"2026-09-04T20:45:02","guid":{"rendered":"https:\/\/extremebarcelona.com\/2026\/09\/04\/extreme-barcelona-parc-del-forum\/"},"modified":"2026-09-04T23:50:22","modified_gmt":"2026-09-04T21:50:22","slug":"extreme-barcelona-parc-del-forum","status":"publish","type":"post","link":"https:\/\/extremebarcelona.com\/ca\/2026\/09\/04\/extreme-barcelona-parc-del-forum\/","title":{"rendered":"L&#8217;Extreme Barcelona enc\u00e9n motors al F\u00f2rum en la seva 18a edici\u00f3"},"content":{"rendered":"<p>[et_pb_section fb_built=\u00bb1&#8243; admin_label=\u00bbSecci\u00f3n\u00bb _builder_version=\u00bb4.23.1&#8243; _module_preset=\u00bbdefault\u00bb global_colors_info=\u00bb{}\u00bb][et_pb_row _builder_version=\u00bb4.23.1&#8243; _module_preset=\u00bbdefault\u00bb global_colors_info=\u00bb{}\u00bb][et_pb_column type=\u00bb4_4&#8243; _builder_version=\u00bb4.23.1&#8243; _module_preset=\u00bbdefault\u00bb global_colors_info=\u00bb{}\u00bb][et_pb_image src=\u00bbhttps:\/\/extremebarcelona.com\/wp-content\/uploads\/2025\/08\/@raimonrg_EXT-BCN26_PARK-men-QUALIS-24.jpeg\u00bb alt=\u00bbCampeonato de Espa\u00f1a de Breaking\u00bb title_text=\u00bb@raimonrg_EXT BCN26_PARK men QUALIS-24&#8243; _builder_version=\u00bb4.27.7&#8243; _module_preset=\u00bbdefault\u00bb global_colors_info=\u00bb{}\u00bb][\/et_pb_image][et_pb_text admin_label=\u00bbsubtitulos\u00bb _builder_version=\u00bb4.27.7&#8243; _module_preset=\u00bbdefault\u00bb hover_enabled=\u00bb0&#8243; global_colors_info=\u00bb{}\u00bb sticky_enabled=\u00bb0&#8243;]<\/p>\n<ul>\n<li>Prop de 1.000 esportistes omplen el recinte en un cap de setmana ple de competici\u00f3 d&#8217;alt nivell, m\u00fasica i cultura urbana amb entrada lliure.<\/li>\n<\/ul>\n<p>[\/et_pb_text][et_pb_text _builder_version=\u00bb4.27.7&#8243; _module_preset=\u00bbdefault\u00bb hover_enabled=\u00bb0&#8243; global_colors_info=\u00bb{}\u00bb sticky_enabled=\u00bb0&#8243;]<\/p>\n<p>El Parc del F\u00f2rum ha donat el tret de sortida a la <strong>18a edici\u00f3 de l&#8217;Extreme Barcelona<\/strong>, reunint prop de <strong>1.000 esportistes<\/strong> en una de les grans cites de la temporada d&#8217;esports urbans. L&#8217;esdeveniment fa aquest any un important salt de categoria en BMX Park (<i data-path-to-node=\"5\" data-index-in-node=\"253\">UCI Hors Class<\/i>), recupera la competici\u00f3 femenina de <i data-path-to-node=\"5\" data-index-in-node=\"305\">Scooter<\/i> i incorpora la <i data-path-to-node=\"5\" data-index-in-node=\"328\">Synkro Race<\/i>, compartint escenari grans referents internacionals amb promeses locals com Valentina Krauel o l&#8217;ol\u00edmpica Daniela Terol.<\/p>\n<p>[\/et_pb_text][\/et_pb_column][\/et_pb_row][et_pb_row _builder_version=\u00bb4.25.0&#8243; _module_preset=\u00bbdefault\u00bb global_colors_info=\u00bb{}\u00bb][et_pb_column type=\u00bb4_4&#8243; _builder_version=\u00bb4.25.0&#8243; _module_preset=\u00bbdefault\u00bb global_colors_info=\u00bb{}\u00bb][et_pb_image src=\u00bbhttps:\/\/extremebarcelona.com\/wp-content\/uploads\/2025\/08\/D730B895-0CA0-42CA-B35B-405ECD846962.jpg\u00bb alt=\u00bbVictoria Shoes\u00bb title_text=\u00bbD730B895-0CA0-42CA-B35B-405ECD846962&#8243; _builder_version=\u00bb4.27.7&#8243; _module_preset=\u00bbdefault\u00bb global_colors_info=\u00bb{}\u00bb][\/et_pb_image][et_pb_text _builder_version=\u00bb4.27.7&#8243; _module_preset=\u00bbdefault\u00bb hover_enabled=\u00bb0&#8243; global_colors_info=\u00bb{}\u00bb sticky_enabled=\u00bb0&#8243;]<\/p>\n<p>Les primeres rondes classificat\u00f2ries ja han deixat veure l&#8217;alt nivell de la competici\u00f3. En<strong> <i data-path-to-node=\"7\" data-index-in-node=\"91\">BMX Park<\/i><\/strong>, el brit\u00e0nic <strong>Dylan Hessey<\/strong> va aconseguir la millor puntuaci\u00f3 del dia amb 82,32 punts, aconseguint el pas a semifinals per davant de <strong>Kieran Reilly<\/strong> i <strong>Jordan Clark<\/strong>. Per la seva banda, la pla\u00e7a de <i data-path-to-node=\"7\" data-index-in-node=\"292\">Skate Street<\/i> va estar dominada de l&#8217;argent\u00ed <strong>Mat\u00edas Dell Olio<\/strong>, que va avan\u00e7ar primer a les semifinals de dissabte amb 71,02 punts, seguit de prop per <strong>Danny Le\u00f3n i Juan Pablo G\u00f3mez. <\/strong><\/p>\n<p>[\/et_pb_text][et_pb_image src=\u00bbhttps:\/\/extremebarcelona.com\/wp-content\/uploads\/2026\/09\/DSC1351-2-scaled.jpeg\u00bb title_text=\u00bb_DSC1351 2&#8243; _builder_version=\u00bb4.27.7&#8243; _module_preset=\u00bbdefault\u00bb global_colors_info=\u00bb{}\u00bb][\/et_pb_image][et_pb_text _builder_version=\u00bb4.27.7&#8243; _module_preset=\u00bbdefault\u00bb hover_enabled=\u00bb0&#8243; global_colors_info=\u00bb{}\u00bb sticky_enabled=\u00bb0&#8243;]<\/p>\n<p>En acabar les classificat\u00f2ries de <i data-path-to-node=\"7\" data-index-in-node=\"506\">skate<\/i> s&#8217;ha jugat el <strong><i data-path-to-node=\"7\" data-index-in-node=\"526\">Best Trick<\/i><\/strong> amb els millors del dia i els que ahir van guanyar aquesta pla\u00e7a al <i data-path-to-node=\"7\" data-index-in-node=\"605\">Cash4Tricks<\/i> de Pla\u00e7a Universitat, enduent-se el millor truc <strong>Nacho Lima.<\/strong><\/p>\n<p>[\/et_pb_text][\/et_pb_column][\/et_pb_row][et_pb_row _builder_version=\u00bb4.25.2&#8243; _module_preset=\u00bbdefault\u00bb global_colors_info=\u00bb{}\u00bb][et_pb_column type=\u00bb4_4&#8243; _builder_version=\u00bb4.25.2&#8243; _module_preset=\u00bbdefault\u00bb global_colors_info=\u00bb{}\u00bb][et_pb_text _builder_version=\u00bb4.27.7&#8243; _module_preset=\u00bbdefault\u00bb hover_enabled=\u00bb0&#8243; global_colors_info=\u00bb{}\u00bb sticky_enabled=\u00bb0&#8243;]<\/p>\n<p>M\u00e9s enll\u00e0 de l&#8217;espectacle a les pistes, el festival mant\u00e9 la seva aposta per la m\u00fasica i l&#8217;oci urb\u00e0 amb actuacions en directe d&#8217;artistes com Lildami, Juls, Giadda &amp; Sankki o Ceaxe. La jornada de dissabte encarar\u00e0 les semifinals i cites tan esperades com la <strong><i data-path-to-node=\"9\" data-index-in-node=\"257\">BMX Night Jam<\/i><\/strong>, abans de donar pas diumenge a les grans finals de <strong><i data-path-to-node=\"9\" data-index-in-node=\"322\">Skateboarding<\/i>, <i data-path-to-node=\"9\" data-index-in-node=\"337\">Scootering<\/i>, <i data-path-to-node=\"9\" data-index-in-node=\"349\">BMX<\/i>, <i data-path-to-node=\"9\" data-index-in-node=\"354\">Streetboard<\/i>, <i data-path-to-node=\"9\" data-index-in-node=\"367\">Breaking<\/i> i Basquetbol 3&#215;3.<\/strong><\/p>\n<p>[\/et_pb_text][\/et_pb_column][\/et_pb_row][\/et_pb_section]<\/p>\n","protected":false},"excerpt":{"rendered":"<p>Sigue de cerca el Extreme Barcelona: resultados, clasificaciones y todo el espect\u00e1culo de BMX, Skate y cultura urbana en el Parc del F\u00f2rum.<\/p>\n","protected":false},"author":8,"featured_media":29177,"comment_status":"closed","ping_status":"closed","sticky":false,"template":"","format":"standard","meta":{"_et_pb_use_builder":"on","_et_pb_old_content":"","_et_gb_content_width":"","footnotes":""},"categories":[20],"tags":[1061,93,630,402,1062,1063,841,700,1064,756,98,139,160],"class_list":["post-29191","post","type-post","status-publish","format-standard","has-post-thumbnail","hentry","category-noticies","tag-baile","tag-barcelona-ca","tag-breakdance-ca","tag-breaking-ca","tag-campeonato","tag-cataluna","tag-espana-ca","tag-extremebarcelona-ca","tag-febd","tag-footwear-ca","tag-skate-ca","tag-skateboard","tag-skateboarding-ca"],"yoast_head":"<!-- This site is optimized with the Yoast SEO plugin v28.2 - https:\/\/yoast.com\/product\/yoast-seo-wordpress\/ -->\n<title>El Campeonato de Catalu\u00f1a de Breaking volver\u00e1 a celebrarse en el Extreme Barcelona<\/title>\n<meta name=\"description\" content=\"Sigue de cerca el Extreme Barcelona: resultados, clasificaciones y todo el espect\u00e1culo de BMX, Skate y cultura urbana en el Parc del F\u00f2rum.\" \/>\n<meta name=\"robots\" content=\"index, follow, max-snippet:-1, max-image-preview:large, max-video-preview:-1\" \/>\n<link rel=\"canonical\" href=\"https:\/\/extremebarcelona.com\/en\/2026\/09\/04\/extreme-barcelona-parc-del-forum\/\" \/>\n<meta property=\"og:locale\" content=\"ca_ES\" \/>\n<meta property=\"og:type\" content=\"article\" \/>\n<meta property=\"og:title\" content=\"El Campeonato de Catalu\u00f1a de Breaking volver\u00e1 a celebrarse en el Extreme Barcelona\" \/>\n<meta property=\"og:description\" content=\"Sigue de cerca el Extreme Barcelona: resultados, clasificaciones y todo el espect\u00e1culo de BMX, Skate y cultura urbana en el Parc del F\u00f2rum.\" \/>\n<meta property=\"og:url\" content=\"https:\/\/extremebarcelona.com\/en\/2026\/09\/04\/extreme-barcelona-parc-del-forum\/\" \/>\n<meta property=\"og:site_name\" content=\"Extreme Barcelona\" \/>\n<meta property=\"article:published_time\" content=\"2026-09-04T20:45:02+00:00\" \/>\n<meta property=\"article:modified_time\" content=\"2026-09-04T21:50:22+00:00\" \/>\n<meta property=\"og:image\" content=\"https:\/\/extremebarcelona.com\/wp-content\/uploads\/2025\/08\/DSC8432-scaled.jpeg\" \/>\n\t<meta property=\"og:image:width\" content=\"2560\" \/>\n\t<meta property=\"og:image:height\" content=\"1707\" \/>\n\t<meta property=\"og:image:type\" content=\"image\/jpeg\" \/>\n<meta name=\"author\" content=\"UWS\" \/>\n<meta name=\"twitter:card\" content=\"summary_large_image\" \/>\n<meta name=\"twitter:label1\" content=\"Escrit per\" \/>\n\t<meta name=\"twitter:data1\" content=\"UWS\" \/>\n\t<meta name=\"twitter:label2\" content=\"Temps estimat de lectura\" \/>\n\t<meta name=\"twitter:data2\" content=\"3 minuts\" \/>\n<script type=\"application\/ld+json\" class=\"yoast-schema-graph\">{\"@context\":\"https:\\\/\\\/schema.org\",\"@graph\":[{\"@type\":\"NewsArticle\",\"@id\":\"https:\\\/\\\/extremebarcelona.com\\\/en\\\/2026\\\/09\\\/04\\\/extreme-barcelona-parc-del-forum\\\/#article\",\"isPartOf\":{\"@id\":\"https:\\\/\\\/extremebarcelona.com\\\/en\\\/2026\\\/09\\\/04\\\/extreme-barcelona-parc-del-forum\\\/\"},\"author\":{\"name\":\"UWS\",\"@id\":\"https:\\\/\\\/extremebarcelona.com\\\/#\\\/schema\\\/person\\\/84bb7d2facd51100910ca1df9186891e\"},\"headline\":\"L&#8217;Extreme Barcelona enc\u00e9n motors al F\u00f2rum en la seva 18a edici\u00f3\",\"datePublished\":\"2026-09-04T20:45:02+00:00\",\"dateModified\":\"2026-09-04T21:50:22+00:00\",\"mainEntityOfPage\":{\"@id\":\"https:\\\/\\\/extremebarcelona.com\\\/en\\\/2026\\\/09\\\/04\\\/extreme-barcelona-parc-del-forum\\\/\"},\"wordCount\":626,\"publisher\":{\"@id\":\"https:\\\/\\\/extremebarcelona.com\\\/#organization\"},\"image\":{\"@id\":\"https:\\\/\\\/extremebarcelona.com\\\/en\\\/2026\\\/09\\\/04\\\/extreme-barcelona-parc-del-forum\\\/#primaryimage\"},\"thumbnailUrl\":\"https:\\\/\\\/extremebarcelona.com\\\/wp-content\\\/uploads\\\/2025\\\/08\\\/DSC8432-scaled.jpeg\",\"keywords\":[\"baile\",\"barcelona\",\"breakdance\",\"breaking\",\"campeonato\",\"catalu\u00f1a\",\"espa\u00f1a\",\"extremebarcelona\",\"febd\",\"footwear\",\"skate\",\"skateboard\",\"skateboarding\"],\"articleSection\":[\"Noticies\"],\"inLanguage\":\"ca\"},{\"@type\":\"WebPage\",\"@id\":\"https:\\\/\\\/extremebarcelona.com\\\/en\\\/2026\\\/09\\\/04\\\/extreme-barcelona-parc-del-forum\\\/\",\"url\":\"https:\\\/\\\/extremebarcelona.com\\\/en\\\/2026\\\/09\\\/04\\\/extreme-barcelona-parc-del-forum\\\/\",\"name\":\"El Campeonato de Catalu\u00f1a de Breaking volver\u00e1 a celebrarse en el Extreme Barcelona\",\"isPartOf\":{\"@id\":\"https:\\\/\\\/extremebarcelona.com\\\/#website\"},\"primaryImageOfPage\":{\"@id\":\"https:\\\/\\\/extremebarcelona.com\\\/en\\\/2026\\\/09\\\/04\\\/extreme-barcelona-parc-del-forum\\\/#primaryimage\"},\"image\":{\"@id\":\"https:\\\/\\\/extremebarcelona.com\\\/en\\\/2026\\\/09\\\/04\\\/extreme-barcelona-parc-del-forum\\\/#primaryimage\"},\"thumbnailUrl\":\"https:\\\/\\\/extremebarcelona.com\\\/wp-content\\\/uploads\\\/2025\\\/08\\\/DSC8432-scaled.jpeg\",\"datePublished\":\"2026-09-04T20:45:02+00:00\",\"dateModified\":\"2026-09-04T21:50:22+00:00\",\"description\":\"Sigue de cerca el Extreme Barcelona: resultados, clasificaciones y todo el espect\u00e1culo de BMX, Skate y cultura urbana en el Parc del F\u00f2rum.\",\"breadcrumb\":{\"@id\":\"https:\\\/\\\/extremebarcelona.com\\\/en\\\/2026\\\/09\\\/04\\\/extreme-barcelona-parc-del-forum\\\/#breadcrumb\"},\"inLanguage\":\"ca\",\"potentialAction\":[{\"@type\":\"ReadAction\",\"target\":[\"https:\\\/\\\/extremebarcelona.com\\\/en\\\/2026\\\/09\\\/04\\\/extreme-barcelona-parc-del-forum\\\/\"]}]},{\"@type\":\"ImageObject\",\"inLanguage\":\"ca\",\"@id\":\"https:\\\/\\\/extremebarcelona.com\\\/en\\\/2026\\\/09\\\/04\\\/extreme-barcelona-parc-del-forum\\\/#primaryimage\",\"url\":\"https:\\\/\\\/extremebarcelona.com\\\/wp-content\\\/uploads\\\/2025\\\/08\\\/DSC8432-scaled.jpeg\",\"contentUrl\":\"https:\\\/\\\/extremebarcelona.com\\\/wp-content\\\/uploads\\\/2025\\\/08\\\/DSC8432-scaled.jpeg\",\"width\":2560,\"height\":1707},{\"@type\":\"BreadcrumbList\",\"@id\":\"https:\\\/\\\/extremebarcelona.com\\\/en\\\/2026\\\/09\\\/04\\\/extreme-barcelona-parc-del-forum\\\/#breadcrumb\",\"itemListElement\":[{\"@type\":\"ListItem\",\"position\":1,\"name\":\"Portada\",\"item\":\"https:\\\/\\\/extremebarcelona.com\\\/\"},{\"@type\":\"ListItem\",\"position\":2,\"name\":\"L&#8217;Extreme Barcelona enc\u00e9n motors al F\u00f2rum en la seva 18a edici\u00f3\"}]},{\"@type\":\"WebSite\",\"@id\":\"https:\\\/\\\/extremebarcelona.com\\\/#website\",\"url\":\"https:\\\/\\\/extremebarcelona.com\\\/\",\"name\":\"Extreme Barcelona\",\"description\":\"Otro sitio realizado con WordPress\",\"publisher\":{\"@id\":\"https:\\\/\\\/extremebarcelona.com\\\/#organization\"},\"potentialAction\":[{\"@type\":\"SearchAction\",\"target\":{\"@type\":\"EntryPoint\",\"urlTemplate\":\"https:\\\/\\\/extremebarcelona.com\\\/?s={search_term_string}\"},\"query-input\":{\"@type\":\"PropertyValueSpecification\",\"valueRequired\":true,\"valueName\":\"search_term_string\"}}],\"inLanguage\":\"ca\"},{\"@type\":\"Organization\",\"@id\":\"https:\\\/\\\/extremebarcelona.com\\\/#organization\",\"name\":\"Extreme Barcelona\",\"url\":\"https:\\\/\\\/extremebarcelona.com\\\/\",\"logo\":{\"@type\":\"ImageObject\",\"inLanguage\":\"ca\",\"@id\":\"https:\\\/\\\/extremebarcelona.com\\\/#\\\/schema\\\/logo\\\/image\\\/\",\"url\":\"https:\\\/\\\/extremebarcelona.com\\\/wp-content\\\/uploads\\\/2021\\\/04\\\/Logo-Extreme-2021.png\",\"contentUrl\":\"https:\\\/\\\/extremebarcelona.com\\\/wp-content\\\/uploads\\\/2021\\\/04\\\/Logo-Extreme-2021.png\",\"width\":500,\"height\":500,\"caption\":\"Extreme Barcelona\"},\"image\":{\"@id\":\"https:\\\/\\\/extremebarcelona.com\\\/#\\\/schema\\\/logo\\\/image\\\/\"}},{\"@type\":\"Person\",\"@id\":\"https:\\\/\\\/extremebarcelona.com\\\/#\\\/schema\\\/person\\\/84bb7d2facd51100910ca1df9186891e\",\"name\":\"UWS\",\"image\":{\"@type\":\"ImageObject\",\"inLanguage\":\"ca\",\"@id\":\"https:\\\/\\\/secure.gravatar.com\\\/avatar\\\/41b930374ee41e318f6457172bd2f6e300b1872879ecb443d692bea8dad136f9?s=96&d=mm&r=g\",\"url\":\"https:\\\/\\\/secure.gravatar.com\\\/avatar\\\/41b930374ee41e318f6457172bd2f6e300b1872879ecb443d692bea8dad136f9?s=96&d=mm&r=g\",\"contentUrl\":\"https:\\\/\\\/secure.gravatar.com\\\/avatar\\\/41b930374ee41e318f6457172bd2f6e300b1872879ecb443d692bea8dad136f9?s=96&d=mm&r=g\",\"caption\":\"UWS\"}}]}<\/script>\n<!-- \/ Yoast SEO plugin. -->","yoast_head_json":{"title":"El Campeonato de Catalu\u00f1a de Breaking volver\u00e1 a celebrarse en el Extreme Barcelona","description":"Sigue de cerca el Extreme Barcelona: resultados, clasificaciones y todo el espect\u00e1culo de BMX, Skate y cultura urbana en el Parc del F\u00f2rum.","robots":{"index":"index","follow":"follow","max-snippet":"max-snippet:-1","max-image-preview":"max-image-preview:large","max-video-preview":"max-video-preview:-1"},"canonical":"https:\/\/extremebarcelona.com\/en\/2026\/09\/04\/extreme-barcelona-parc-del-forum\/","og_locale":"ca_ES","og_type":"article","og_title":"El Campeonato de Catalu\u00f1a de Breaking volver\u00e1 a celebrarse en el Extreme Barcelona","og_description":"Sigue de cerca el Extreme Barcelona: resultados, clasificaciones y todo el espect\u00e1culo de BMX, Skate y cultura urbana en el Parc del F\u00f2rum.","og_url":"https:\/\/extremebarcelona.com\/en\/2026\/09\/04\/extreme-barcelona-parc-del-forum\/","og_site_name":"Extreme Barcelona","article_published_time":"2026-09-04T20:45:02+00:00","article_modified_time":"2026-09-04T21:50:22+00:00","og_image":[{"width":2560,"height":1707,"url":"https:\/\/extremebarcelona.com\/wp-content\/uploads\/2025\/08\/DSC8432-scaled.jpeg","type":"image\/jpeg"}],"author":"UWS","twitter_card":"summary_large_image","twitter_misc":{"Escrit per":"UWS","Temps estimat de lectura":"3 minuts"},"schema":{"@context":"https:\/\/schema.org","@graph":[{"@type":"NewsArticle","@id":"https:\/\/extremebarcelona.com\/en\/2026\/09\/04\/extreme-barcelona-parc-del-forum\/#article","isPartOf":{"@id":"https:\/\/extremebarcelona.com\/en\/2026\/09\/04\/extreme-barcelona-parc-del-forum\/"},"author":{"name":"UWS","@id":"https:\/\/extremebarcelona.com\/#\/schema\/person\/84bb7d2facd51100910ca1df9186891e"},"headline":"L&#8217;Extreme Barcelona enc\u00e9n motors al F\u00f2rum en la seva 18a edici\u00f3","datePublished":"2026-09-04T20:45:02+00:00","dateModified":"2026-09-04T21:50:22+00:00","mainEntityOfPage":{"@id":"https:\/\/extremebarcelona.com\/en\/2026\/09\/04\/extreme-barcelona-parc-del-forum\/"},"wordCount":626,"publisher":{"@id":"https:\/\/extremebarcelona.com\/#organization"},"image":{"@id":"https:\/\/extremebarcelona.com\/en\/2026\/09\/04\/extreme-barcelona-parc-del-forum\/#primaryimage"},"thumbnailUrl":"https:\/\/extremebarcelona.com\/wp-content\/uploads\/2025\/08\/DSC8432-scaled.jpeg","keywords":["baile","barcelona","breakdance","breaking","campeonato","catalu\u00f1a","espa\u00f1a","extremebarcelona","febd","footwear","skate","skateboard","skateboarding"],"articleSection":["Noticies"],"inLanguage":"ca"},{"@type":"WebPage","@id":"https:\/\/extremebarcelona.com\/en\/2026\/09\/04\/extreme-barcelona-parc-del-forum\/","url":"https:\/\/extremebarcelona.com\/en\/2026\/09\/04\/extreme-barcelona-parc-del-forum\/","name":"El Campeonato de Catalu\u00f1a de Breaking volver\u00e1 a celebrarse en el Extreme Barcelona","isPartOf":{"@id":"https:\/\/extremebarcelona.com\/#website"},"primaryImageOfPage":{"@id":"https:\/\/extremebarcelona.com\/en\/2026\/09\/04\/extreme-barcelona-parc-del-forum\/#primaryimage"},"image":{"@id":"https:\/\/extremebarcelona.com\/en\/2026\/09\/04\/extreme-barcelona-parc-del-forum\/#primaryimage"},"thumbnailUrl":"https:\/\/extremebarcelona.com\/wp-content\/uploads\/2025\/08\/DSC8432-scaled.jpeg","datePublished":"2026-09-04T20:45:02+00:00","dateModified":"2026-09-04T21:50:22+00:00","description":"Sigue de cerca el Extreme Barcelona: resultados, clasificaciones y todo el espect\u00e1culo de BMX, Skate y cultura urbana en el Parc del F\u00f2rum.","breadcrumb":{"@id":"https:\/\/extremebarcelona.com\/en\/2026\/09\/04\/extreme-barcelona-parc-del-forum\/#breadcrumb"},"inLanguage":"ca","potentialAction":[{"@type":"ReadAction","target":["https:\/\/extremebarcelona.com\/en\/2026\/09\/04\/extreme-barcelona-parc-del-forum\/"]}]},{"@type":"ImageObject","inLanguage":"ca","@id":"https:\/\/extremebarcelona.com\/en\/2026\/09\/04\/extreme-barcelona-parc-del-forum\/#primaryimage","url":"https:\/\/extremebarcelona.com\/wp-content\/uploads\/2025\/08\/DSC8432-scaled.jpeg","contentUrl":"https:\/\/extremebarcelona.com\/wp-content\/uploads\/2025\/08\/DSC8432-scaled.jpeg","width":2560,"height":1707},{"@type":"BreadcrumbList","@id":"https:\/\/extremebarcelona.com\/en\/2026\/09\/04\/extreme-barcelona-parc-del-forum\/#breadcrumb","itemListElement":[{"@type":"ListItem","position":1,"name":"Portada","item":"https:\/\/extremebarcelona.com\/"},{"@type":"ListItem","position":2,"name":"L&#8217;Extreme Barcelona enc\u00e9n motors al F\u00f2rum en la seva 18a edici\u00f3"}]},{"@type":"WebSite","@id":"https:\/\/extremebarcelona.com\/#website","url":"https:\/\/extremebarcelona.com\/","name":"Extreme Barcelona","description":"Otro sitio realizado con WordPress","publisher":{"@id":"https:\/\/extremebarcelona.com\/#organization"},"potentialAction":[{"@type":"SearchAction","target":{"@type":"EntryPoint","urlTemplate":"https:\/\/extremebarcelona.com\/?s={search_term_string}"},"query-input":{"@type":"PropertyValueSpecification","valueRequired":true,"valueName":"search_term_string"}}],"inLanguage":"ca"},{"@type":"Organization","@id":"https:\/\/extremebarcelona.com\/#organization","name":"Extreme Barcelona","url":"https:\/\/extremebarcelona.com\/","logo":{"@type":"ImageObject","inLanguage":"ca","@id":"https:\/\/extremebarcelona.com\/#\/schema\/logo\/image\/","url":"https:\/\/extremebarcelona.com\/wp-content\/uploads\/2021\/04\/Logo-Extreme-2021.png","contentUrl":"https:\/\/extremebarcelona.com\/wp-content\/uploads\/2021\/04\/Logo-Extreme-2021.png","width":500,"height":500,"caption":"Extreme Barcelona"},"image":{"@id":"https:\/\/extremebarcelona.com\/#\/schema\/logo\/image\/"}},{"@type":"Person","@id":"https:\/\/extremebarcelona.com\/#\/schema\/person\/84bb7d2facd51100910ca1df9186891e","name":"UWS","image":{"@type":"ImageObject","inLanguage":"ca","@id":"https:\/\/secure.gravatar.com\/avatar\/41b930374ee41e318f6457172bd2f6e300b1872879ecb443d692bea8dad136f9?s=96&d=mm&r=g","url":"https:\/\/secure.gravatar.com\/avatar\/41b930374ee41e318f6457172bd2f6e300b1872879ecb443d692bea8dad136f9?s=96&d=mm&r=g","contentUrl":"https:\/\/secure.gravatar.com\/avatar\/41b930374ee41e318f6457172bd2f6e300b1872879ecb443d692bea8dad136f9?s=96&d=mm&r=g","caption":"UWS"}}]}},"_links":{"self":[{"href":"https:\/\/extremebarcelona.com\/ca\/wp-json\/wp\/v2\/posts\/29191","targetHints":{"allow":["GET"]}}],"collection":[{"href":"https:\/\/extremebarcelona.com\/ca\/wp-json\/wp\/v2\/posts"}],"about":[{"href":"https:\/\/extremebarcelona.com\/ca\/wp-json\/wp\/v2\/types\/post"}],"author":[{"embeddable":true,"href":"https:\/\/extremebarcelona.com\/ca\/wp-json\/wp\/v2\/users\/8"}],"replies":[{"embeddable":true,"href":"https:\/\/extremebarcelona.com\/ca\/wp-json\/wp\/v2\/comments?post=29191"}],"version-history":[{"count":2,"href":"https:\/\/extremebarcelona.com\/ca\/wp-json\/wp\/v2\/posts\/29191\/revisions"}],"predecessor-version":[{"id":29195,"href":"https:\/\/extremebarcelona.com\/ca\/wp-json\/wp\/v2\/posts\/29191\/revisions\/29195"}],"wp:featuredmedia":[{"embeddable":true,"href":"https:\/\/extremebarcelona.com\/ca\/wp-json\/wp\/v2\/media\/29177"}],"wp:attachment":[{"href":"https:\/\/extremebarcelona.com\/ca\/wp-json\/wp\/v2\/media?parent=29191"}],"wp:term":[{"taxonomy":"category","embeddable":true,"href":"https:\/\/extremebarcelona.com\/ca\/wp-json\/wp\/v2\/categories?post=29191"},{"taxonomy":"post_tag","embeddable":true,"href":"https:\/\/extremebarcelona.com\/ca\/wp-json\/wp\/v2\/tags?post=29191"}],"curies":[{"name":"wp","href":"https:\/\/api.w.org\/{rel}","templated":true}]}}