{"id":29139,"date":"2026-09-03T14:46:50","date_gmt":"2026-09-03T12:46:50","guid":{"rendered":"https:\/\/extremebarcelona.com\/2026\/09\/03\/extreme-barcelona-2026-parc-del-forum\/"},"modified":"2026-09-03T14:53:21","modified_gmt":"2026-09-03T12:53:21","slug":"extreme-barcelona-2026-parc-del-forum","status":"publish","type":"post","link":"https:\/\/extremebarcelona.com\/ca\/2026\/09\/03\/extreme-barcelona-2026-parc-del-forum\/","title":{"rendered":"L&#8217;Extreme Barcelona reuneix l&#8217;elit mundial dels esports urbans al Parc del F\u00f2rum"},"content":{"rendered":"<p>[et_pb_section fb_built=\u00bb1&#8243; admin_label=\u00bbsection\u00bb _builder_version=\u00bb4.16&#8243; global_colors_info=\u00bb{}\u00bb][et_pb_row admin_label=\u00bbrow\u00bb _builder_version=\u00bb4.16&#8243; background_size=\u00bbinitial\u00bb background_position=\u00bbtop_left\u00bb background_repeat=\u00bbrepeat\u00bb global_colors_info=\u00bb{}\u00bb][et_pb_column type=\u00bb4_4&#8243; _builder_version=\u00bb4.16&#8243; custom_padding=\u00bb|||\u00bb global_colors_info=\u00bb{}\u00bb custom_padding__hover=\u00bb|||\u00bb][et_pb_text admin_label=\u00bbText\u00bb _builder_version=\u00bb4.27.7&#8243; background_size=\u00bbinitial\u00bb background_position=\u00bbtop_left\u00bb background_repeat=\u00bbrepeat\u00bb hover_enabled=\u00bb0&#8243; global_colors_info=\u00bb{}\u00bb sticky_enabled=\u00bb0&#8243;]<\/p>\n<ul>\n<li style=\"font-weight: 400;\">\n<ul>\n<li aria-level=\"1\">\n<ul>\n<li aria-level=\"1\"><b>El Parc del F\u00f2rum ha acollit avui la presentaci\u00f3 oficial de la 18\u00ba aniversario de l&#8217;Extreme Barcelona, que del 4 al 6 de setembre reunir\u00e0 m\u00e9s de 1.000 atletes i algunes de les grans figures internacionals dels esports urbans.<\/b><\/li>\n<\/ul>\n<ul>\n<li aria-level=\"1\"><b>Jordan Clark, campi\u00f3 d&#8217;Europa de BMX; Daniela Terol, ol\u00edmpica a Par\u00eds 2024 i campiona de l&#8217;Extreme Barcelona 2023; Emily Gibson, campiona nacional d&#8217;Austr\u00e0lia d&#8217;Scootering, i Loren Garc\u00eda, responsable esportiu de Synkro Race, han participat en l&#8217;acte juntament amb representants institucionals i de l&#8217;organitzaci\u00f3.<\/b><\/li>\n<\/ul>\n<ul>\n<li aria-level=\"1\"><b>L&#8217;edici\u00f3 2026 amplia l&#8217;experi\u00e8ncia m\u00e9s enll\u00e0 de la competici\u00f3 amb novetats com Synkro Race i una programaci\u00f3 de m\u00fasica, art, gastronomia, oci i cultura urbana durant tot el cap de setmana.<\/b><\/li>\n<\/ul>\n<\/li>\n<\/ul>\n<\/li>\n<\/ul>\n<p>[\/et_pb_text][et_pb_image src=\u00bbhttps:\/\/extremebarcelona.com\/wp-content\/uploads\/2026\/09\/@raimonrg_EXT-BCN26_RDP-16.jpg\u00bb title_text=\u00bb@raimonrg_EXT BCN26_RDP-16&#8243; _builder_version=\u00bb4.27.7&#8243; _module_preset=\u00bbdefault\u00bb hover_enabled=\u00bb0&#8243; global_colors_info=\u00bb{}\u00bb sticky_enabled=\u00bb0&#8243;][\/et_pb_image][et_pb_text _builder_version=\u00bb4.27.7&#8243; _module_preset=\u00bbdefault\u00bb hover_enabled=\u00bb0&#8243; global_colors_info=\u00bb{}\u00bb sticky_enabled=\u00bb0&#8243;]<\/p>\n<p><span style=\"font-weight: 400;\">L&#8217;Extreme Barcelona ha celebrat dijous 3 de setembre al Parc del F\u00f2rum la presentaci\u00f3 oficial del seu 18\u00e8 aniversari, que donar\u00e0 el tret de sortida dem\u00e0 i convertir\u00e0 Barcelona, fins diumenge, en un dels grans epicentres internacionals dels esports i la cultura urbana. Del 4 al 6 de setembre, l&#8217;esdeveniment reunir\u00e0 m\u00e9s de 1.000 atletes i algunes de les grans figures internacionals del BMX, skateboarding, scootering, breaking, b\u00e0squet 3&#215;3 i altres disciplines urbanes.<\/span><\/p>\n<p><span style=\"font-weight: 400;\">La presentaci\u00f3, celebrada al Central Park de l&#8217;Extreme Barcelona, ha comptat amb la participaci\u00f3 de David Escud\u00e9, regidor d&#8217;Esports de l&#8217;Ajuntament de Barcelona; Abel Garc\u00eda, secretari general del Departament d&#8217;Esports de la Generalitat de Catalunya; V\u00edctor Casanovas, director d&#8217;Urban World Series; i esportistes de talla internacional com Jordan Clark, actual campi\u00f3 d&#8217;Europa de BMX Freestyle; Daniela Terol, ol\u00edmpica a Par\u00eds 2024 i campiona de l&#8217;Extreme Barcelona 2023; Emily Gibson, una de les referents internacionals de l&#8217;Scootering; i Lorenzo Garc\u00eda, responsable esportiu de Synkro Race.<\/span><\/p>\n<p><span style=\"font-weight: 400;\">Durant tres dies, els m\u00e9s de 18.000 m\u00b2 del Parc del F\u00f2rum acolliran una de les programacions m\u00e9s completes de la hist\u00f2ria de l&#8217;esdeveniment, amb competicions internacionals, quatre disciplines ol\u00edmpiques i novetats com Synkro Race, la competici\u00f3 de fitness h\u00edbrid per parelles que debuta aquest any a l&#8217;Extreme Barcelona.<\/span><\/p>\n<p><span style=\"font-weight: 400;\">L&#8217;esport continuar\u00e0 sent el gran protagonista, per\u00f2 aquest 18\u00e8 aniversari amplia tamb\u00e9 la proposta de m\u00fasica, art, gastronomia, oci i cultura urbana, convertint el Parc del F\u00f2rum en un espai per viure l&#8217;Ext<\/span><span style=\"font-weight: 400;\">reme durant tot el dia. L&#8217;acc\u00e9s general al festival ser\u00e0 gratu\u00eft durant els tres dies.<\/span><\/p>\n<p><b>David Escud\u00e9<\/b><span style=\"font-weight: 400;\">, regidor d&#8217;Esports de l&#8217;Ajuntament de Barcelona, ha destacat que \u201ctorna a la nostra ciutat un dels esdeveniments esportius m\u00e9s espectaculars del nostre calendari. Des de dem\u00e0 i fins diumenge, Barcelona es converteix en el centre dels esports urbans amb l&#8217;Extreme i tothom tindr\u00e0 la seva oportunitat de gaudir-lo al m\u00e0xim perqu\u00e8 les entrades s\u00f3n gratu\u00eftes. Acosteu-vos al Parc del F\u00f2rum aquest cap de setmana i gaudiu amb aquesta competici\u00f3 que \u00e9s pura adrenalina i emoci\u00f3\u201d.<\/span><\/p>\n<p><span style=\"font-weight: 400;\">Per la seva banda, <\/span><b>V\u00edctor Casanovas<\/b><span style=\"font-weight: 400;\">, director d&#8217;Urban World Series, ha volgut remarcar la rellev\u00e0ncia dels esportistes en l&#8217;esdeveniment: \u201cL\u2019Extreme Barcelona existeix pels atletes i pel p\u00fablic. El nostre comprom\u00eds \u00e9s continuar evolucionant cada any per oferir un espectacle de primer nivell i unes instal\u00b7lacions impecables, on els esportistes puguin demostrar tot el seu talent i competir al m\u00e0xim nivell\u00bb. Ha destacat les novetats de el b\u00e0squet FIBA 3&#215;3 i la Synkro Race on hi ha 400 inscrits la majoria populars. Per altra banda, amb un acord amb Concept Club i International Sports Broadcasting (ISB) l\u2019esdeveniment augmenta l\u2019oferta de cultura i es distribuir\u00e0 per TV a 36 pa\u00efsos.<\/span><\/p>\n<p><span style=\"font-weight: 400;\">La presentaci\u00f3 tamb\u00e9 ha reunit alguns dels grans noms que competiran aquest cap de setmana al Parc del F\u00f2rum. Entre ells, <\/span><b>Jordan Clark<\/b><span style=\"font-weight: 400;\">, que torna a la capital catalana com a flamant campi\u00f3 d&#8217;Europa de BMX Freestyle i amb una relaci\u00f3 molt especial amb l&#8217;Extreme Barcelona: \u201cM\u2019encanta Barcelona. Aqu\u00ed he aconseguit set medalles d\u2019or, sis en scootering i una en BMX, i tornar-hi sempre \u00e9s molt especial. La connexi\u00f3 amb la gent, l\u2019energia de la ciutat i l\u2019ambient de l\u2019Extreme fan que competir aqu\u00ed sigui una experi\u00e8ncia \u00fanica al m\u00f3n. Arribo amb moltes ganes de tornar-ho a donar tot\u201d.<\/span><\/p>\n<p><span style=\"font-weight: 400;\">Una de les skaters amb m\u00e9s present i futur, la catalana <\/span><b>Daniela Terol<\/b><span style=\"font-weight: 400;\">, campiona de l&#8217;Extreme Barcelona 2023 i ol\u00edmpica a Par\u00eds 2024, ha remarcat que \u201cCada any venen m\u00e9s noies a competir a l\u2019Extreme Barcelona i el nivell no deixa de cr\u00e9ixer. \u00c9s una gran not\u00edcia per a l\u2019skate femen\u00ed i una motivaci\u00f3 extra per continuar progressant. Arribo amb moltes ganes, preparada per donar el m\u00e0xim i lluitar per repetir la vict\u00f2ria del 2023 ja que l\u2019any passat estava lesionada i no vaig competir\u201d.<\/span><\/p>\n<p><span style=\"font-weight: 400;\">A m\u00e9s, despr\u00e9s de tres anys, la modalitat femenina d&#8217;Scootering torna a l&#8217;esdeveniment amb candidates a les medalles arribades d&#8217;arreu del m\u00f3n. Entre elles, l&#8217;australiana <\/span><b>Emily Gibson<\/b><span style=\"font-weight: 400;\">: \u201cBarcelona \u00e9s un escenari incre\u00efble per competir. La meva darrera estada a la ciutat vaig aconseguir la cinquena posici\u00f3 i torno amb m\u00e9s experi\u00e8ncia, m\u00e9s confian\u00e7a i un objectiu clar: lluitar per arribar al primer lloc\u201d.<\/span><\/p>\n<p><b>Abel Garc\u00eda<\/b><span style=\"font-weight: 400;\">, secretari general del Departament d&#8217;Esports de la Generalitat de Catalunya, ha afirmat que coneixia l\u2019esdeveniment \u201cdes de fa molts anys i la feina que hi ha al darrera, i confirmo que estem en el millor indret del m\u00f3n per a que passi un esdeveniment esportiu com aquest amb el binomi Cat-Bcn que ara mateix est\u00e0 associat de manera ineludible a l&#8217;esport on som l\u00edders. Treballem colze a colze amb l&#8217;Ajuntament i amb l&#8217;organitzaci\u00f3 per tal que la ciutat ho gaudeixi i al mateix temps es fomentem l&#8217;esport\u201d.<\/span><\/p>\n<p><span style=\"font-weight: 400;\">Entre les novetats d&#8217;aquest any destaca tamb\u00e9 l&#8217;arribada de Synkro Race, una competici\u00f3 h\u00edbrida per parelles que combina running, resist\u00e8ncia i exercicis de fitness funcional, en qu\u00e8 la coordinaci\u00f3, l&#8217;estrat\u00e8gia i el treball en equip s\u00f3n claus. <\/span><b>Lorenzo Garc\u00eda<\/b><span style=\"font-weight: 400;\">, responsable esportiu de Synkro Race, ha explicat: \u201c\u00c9s la primera vegada que participem a l\u2019Extreme Barcelona i ens fa molta il\u00b7lusi\u00f3 formar part d\u2019un esdeveniment d\u2019aquesta dimensi\u00f3. El gran diferencial de Synkro Race \u00e9s la sincronitzaci\u00f3: no n\u2019hi ha prou amb estar fort o c\u00f3rrer r\u00e0pid, la comunicaci\u00f3, l\u2019estrat\u00e8gia i el treball en equip poden marcar la difer\u00e8ncia. A m\u00e9s, hem creat una cursa exigent per\u00f2 accessible, perqu\u00e8 tothom, independentment del seu nivell, pugui viure l\u2019experi\u00e8ncia\u201d.<\/span><\/p>\n<p><b>Tres dies d&#8217;esport, m\u00fasica i cultura urbana al Parc del F\u00f2rum<\/b><\/p>\n<p><span style=\"font-weight: 400;\">La competici\u00f3 esportiva conviur\u00e0 amb una <\/span><b>renovada programaci\u00f3 de m\u00fasica, art, gastronomia, oci i experi\u00e8ncies,<\/b><span style=\"font-weight: 400;\"> amb DJs, actuacions, dansa, art urb\u00e0, market, tallers i diferents activitats repartides pel recinte i gestionades per<\/span><b> Concept Club<\/b><span style=\"font-weight: 400;\">. Una proposta que amplia tot el que passa al voltant de les pistes i refor\u00e7a l&#8217;Extreme Barcelona com un punt de trobada de l&#8217;esport i la cultura urbana.<\/span><\/p>\n<p><span style=\"font-weight: 400;\">Amb <\/span><b>acc\u00e9s general gratu\u00eft,<\/b><span style=\"font-weight: 400;\"> el Parc del F\u00f2rum tornar\u00e0 a convertir-se aquest cap de setmana en un espai obert a esportistes, aficionats, joves, fam\u00edlies i visitants per viure durant tres dies l&#8217;esport, la cultura i l&#8217;entreteniment urb\u00e0.<\/span><b><br \/><\/b><\/p>\n<p>&nbsp;<\/p>\n<p>[\/et_pb_text][\/et_pb_column][\/et_pb_row][\/et_pb_section]<\/p>\n","protected":false},"excerpt":{"rendered":"<p>El 18\u00e8 aniversari de l&#8217;Extreme Barcelona reuneix m\u00e9s de 1.000 atletes internacionals al Parc del F\u00f2rum del 4 al 6 de setembre. L&#8217;esdeveniment d&#8217;esports i cultura urbana ofereix tres dies de competici\u00f3 de BMX, skateboarding, scootering i la novetat de Synkro Race amb acc\u00e9s gratu\u00eft per a tot el p\u00fablic.<\/p>\n","protected":false},"author":15,"featured_media":29133,"comment_status":"closed","ping_status":"closed","sticky":false,"template":"","format":"standard","meta":{"_et_pb_use_builder":"on","_et_pb_old_content":"<ul>\r\n \t<li style=\"font-weight: 400;\" aria-level=\"1\"><span style=\"font-weight: 400;\">El festival reunir\u00e1 a m\u00e1s de 500 deportistas de m\u00e1s de 40 pa\u00edses, contar\u00e1 con cuatro disciplinas ol\u00edmpicas y volver\u00e1 a convertir Barcelona en el epicentro internacional de los deportes urbanos.<\/span><\/li>\r\n<\/ul>\r\n<b>Barcelona, 13 de julio de 2026.<\/b><span style=\"font-weight: 400;\"> El <\/span><b>Extreme Barcelona<\/b><span style=\"font-weight: 400;\"> ha presentado hoy la imagen oficial, el v\u00eddeo de la nueva edici\u00f3n y el programa deportivo del <\/span><b>Extreme Barcelona 2026<\/b><span style=\"font-weight: 400;\">, que celebrar\u00e1 su <\/span><b>18.\u00ba aniversario<\/b><span style=\"font-weight: 400;\"> consolidado como uno de los grandes festivales europeos de deportes urbanos. El evento reunir\u00e1 a <\/span><b>m\u00e1s de 500 deportistas procedentes de m\u00e1s de 40 pa\u00edses<\/b><span style=\"font-weight: 400;\">, ofrecer\u00e1 <\/span><b>11 disciplinas deportivas<\/b><span style=\"font-weight: 400;\"> y volver\u00e1 a situar Barcelona como uno de los principales escenarios internacionales de la cultura y el deporte urbano.<\/span>\r\n\r\n<img class=\"aligncenter size-large wp-image-28038\" src=\"https:\/\/extremebarcelona.com\/wp-content\/uploads\/2026\/07\/CARTELL-06-819x1024.jpg\" alt=\"Extreme Barcelona 2026\" width=\"819\" height=\"1024\" \/>\r\n\r\n<span style=\"font-weight: 400;\">El programa deportivo de esta edici\u00f3n refuerza la evoluci\u00f3n del festival con una propuesta m\u00e1s amplia y diversa que combina competiciones internacionales, disciplinas ol\u00edmpicas y nuevas tendencias del deporte urbano. En total, el Extreme Barcelona reunir\u00e1 <\/span><b>cerca de 30 competiciones con categor\u00edas masculinas, femeninas y mixtas<\/b><span style=\"font-weight: 400;\">, reafirmando su compromiso con una programaci\u00f3n cada vez m\u00e1s diversa e inclusiva.<\/span>\r\n\r\n<span style=\"font-weight: 400;\">Entre las disciplinas que formar\u00e1n parte del programa destacan <\/span><b>cuatro deportes ol\u00edmpicos<\/b><span style=\"font-weight: 400;\">: <\/span><b>BMX Freestyle<\/b><span style=\"font-weight: 400;\">, <\/span><b>Skateboarding<\/b><span style=\"font-weight: 400;\">, <\/span><b>Breaking<\/b><span style=\"font-weight: 400;\"> y <\/span><b>Basket 3x3<\/b><span style=\"font-weight: 400;\">, que compartir\u00e1n protagonismo con otras modalidades del festival como <\/span><b>Scootering<\/b><span style=\"font-weight: 400;\">, <\/span><b>Para BMX Street<\/b><span style=\"font-weight: 400;\">, <\/span><b>Street Football<\/b><span style=\"font-weight: 400;\"> y <\/span><b>Synkro Race<\/b><span style=\"font-weight: 400;\">, configurando una de las propuestas deportivas m\u00e1s completas de la historia del evento.<\/span>\r\n\r\n<span style=\"font-weight: 400;\">Un a\u00f1o m\u00e1s, la <\/span><b>explanada del Parc del F\u00f2rum<\/b><span style=\"font-weight: 400;\"> volver\u00e1 a convertirse en el gran escenario del Extreme Barcelona. Durante tres d\u00edas, los m\u00e1s de <\/span><b>18.000 m\u00b2<\/b><span style=\"font-weight: 400;\"> del recinto aco\u00bager\u00e1n competiciones deportivas internacionales junto con una amplia oferta de ocio y experiencias para todos los p\u00fablicos, con zona market de cifra r\u00e9cord de expositores, food trucks, actividades de cultura urbana, talleres y espacios donde los asistentes podr\u00e1n experimentar de primera mano algunas de las disciplinas presentes en el festival.<\/span>\r\n\r\n<span style=\"font-weight: 400;\">\u201cEl Ayuntamiento de Barcelona ha apoyado al Extreme Barcelona desde sus inicios y, por eso, este a\u00f1o estamos muy orgullosos de celebrar su 18.\u00ba aniversario. Nuestra ciudad sabe hacer las cosas de una manera diferente y el Extreme es un excelente ejemplo de ello. Desde el principio, hemos apostado no solo por acoger la competici\u00f3n, sino tambi\u00e9n por crear infraestructuras para los deportes urbanos y programas espec\u00edficos desde los que hemos visto nacer a estrellas como Daniela Terol, entre otras. Durante estos 18 a\u00f1os hemos incorporado nuevas disciplinas con el objetivo de que el p\u00fablico familiar pueda conocer y vivir deportes diferentes de forma totalmente gratuita\", ha recordado el concejal de Deportes del Ayuntamiento de Barcelona, <\/span><b>David Escud\u00e9<\/b><span style=\"font-weight: 400;\">.<\/span>\r\n\r\n<span style=\"font-weight: 400;\">El director del <\/span><b>Extreme Barcelona<\/b><span style=\"font-weight: 400;\">, <\/span><b>V\u00edctor Casanovas<\/b><span style=\"font-weight: 400;\">, ha afirmado que \"alcanzar el 18.\u00ba aniversario demuestra la consolidaci\u00f3n de un proyecto que ha sabido evolucionar al ritmo de los deportes urbanos y adaptarse a las nuevas tendencias sin perder su esencia. Este a\u00f1o damos un nuevo impulso al festival con cuatro nuevas disciplinas y un programa deportivo m\u00e1s ambicioso que nunca. Nuestro objetivo es seguir creciendo y superar la cifra de espectadores de 2025, consolidando el Extreme Barcelona como uno de los grandes eventos europeos de los deportes urbanos. Volveremos a transformar los m\u00e1s de 18.000 m\u00b2 del Parc del F\u00f2rum en un gran espacio de deporte, cultura urbana y entretenimiento, pensado para que familias, aficionados y visitantes vivan una experiencia \u00fanica. Porque, m\u00e1s all\u00e1 de la competici\u00f3n, el verdadero protagonista del Extreme Barcelona siempre es el p\u00fablico\u201d.\u00a0<\/span>\r\n\r\n<span style=\"font-weight: 400;\">La presentaci\u00f3n ha contado tambi\u00e9n con la participaci\u00f3n de <\/span><b>Sander Waare<\/b><span style=\"font-weight: 400;\">, director de la <\/span><b>Fundaci\u00f3 Cruyff<\/b><span style=\"font-weight: 400;\">.\u00a0<\/span>\r\n\r\n<span style=\"font-weight: 400;\">Con un programa deportivo reforzado, nuevas disciplinas y una creciente dimensi\u00f3n internacional, el Extreme Barcelona 2026 afronta una nueva edici\u00f3n con el objetivo de seguir consolid\u00e1ndose como uno de los festivales de deportes urbanos de referencia en Europa y superar los registros de participaci\u00f3n y asistencia de p\u00fablico alcanzados en ediciones anteriores.<\/span>","_et_gb_content_width":"","footnotes":""},"categories":[20],"tags":[975,944,93,109,976,185,152,112,98,220],"class_list":["post-29139","post","type-post","status-publish","format-standard","has-post-thumbnail","hentry","category-noticies","tag-975","tag-944","tag-barcelona-ca","tag-bmx-ca","tag-bnx","tag-extreme-ca","tag-forum","tag-scooter-ca","tag-skate-ca","tag-urban"],"yoast_head":"<!-- This site is optimized with the Yoast SEO plugin v28.2 - https:\/\/yoast.com\/product\/yoast-seo-wordpress\/ -->\n<title>L&#039;Extreme Barcelona reuneix l&#039;elit mundial dels esports urbans al Parc del F\u00f2rum - Extreme Barcelona<\/title>\n<meta name=\"description\" content=\"L&#039;Extreme Barcelona celebra el seu 18\u00e8 aniversari del 4 al 6 de setembre al Parc del F\u00f2rum amb m\u00e9s de 1.000 atletes de BMX, skate i Synkro Race. Entrada gratu\u00efta.\" \/>\n<meta name=\"robots\" content=\"index, follow, max-snippet:-1, max-image-preview:large, max-video-preview:-1\" \/>\n<link rel=\"canonical\" href=\"https:\/\/extremebarcelona.com\/en\/2026\/09\/03\/extreme-barcelona-2026-parc-del-forum\/\" \/>\n<meta property=\"og:locale\" content=\"ca_ES\" \/>\n<meta property=\"og:type\" content=\"article\" \/>\n<meta property=\"og:title\" content=\"L&#039;Extreme Barcelona reuneix l&#039;elit mundial dels esports urbans al Parc del F\u00f2rum - Extreme Barcelona\" \/>\n<meta property=\"og:description\" content=\"L&#039;Extreme Barcelona celebra el seu 18\u00e8 aniversari del 4 al 6 de setembre al Parc del F\u00f2rum amb m\u00e9s de 1.000 atletes de BMX, skate i Synkro Race. Entrada gratu\u00efta.\" \/>\n<meta property=\"og:url\" content=\"https:\/\/extremebarcelona.com\/en\/2026\/09\/03\/extreme-barcelona-2026-parc-del-forum\/\" \/>\n<meta property=\"og:site_name\" content=\"Extreme Barcelona\" \/>\n<meta property=\"article:published_time\" content=\"2026-09-03T12:46:50+00:00\" \/>\n<meta property=\"article:modified_time\" content=\"2026-09-03T12:53:21+00:00\" \/>\n<meta property=\"og:image\" content=\"https:\/\/extremebarcelona.com\/wp-content\/uploads\/2026\/09\/@raimonrg_EXT-BCN26_RDP-1024x683.jpg\" \/>\n\t<meta property=\"og:image:width\" content=\"1024\" \/>\n\t<meta property=\"og:image:height\" content=\"683\" \/>\n\t<meta property=\"og:image:type\" content=\"image\/jpeg\" \/>\n<meta name=\"author\" content=\"Cristian Dedeu Van den Berg\" \/>\n<meta name=\"twitter:card\" content=\"summary_large_image\" \/>\n<meta name=\"twitter:label1\" content=\"Escrit per\" \/>\n\t<meta name=\"twitter:data1\" content=\"Cristian Dedeu Van den Berg\" \/>\n\t<meta name=\"twitter:label2\" content=\"Temps estimat de lectura\" \/>\n\t<meta name=\"twitter:data2\" content=\"7 minuts\" \/>\n<script type=\"application\/ld+json\" class=\"yoast-schema-graph\">{\"@context\":\"https:\\\/\\\/schema.org\",\"@graph\":[{\"@type\":\"NewsArticle\",\"@id\":\"https:\\\/\\\/extremebarcelona.com\\\/en\\\/2026\\\/09\\\/03\\\/extreme-barcelona-2026-parc-del-forum\\\/#article\",\"isPartOf\":{\"@id\":\"https:\\\/\\\/extremebarcelona.com\\\/en\\\/2026\\\/09\\\/03\\\/extreme-barcelona-2026-parc-del-forum\\\/\"},\"author\":{\"name\":\"Cristian Dedeu Van den Berg\",\"@id\":\"https:\\\/\\\/extremebarcelona.com\\\/#\\\/schema\\\/person\\\/0ab8e57dd9880fb0b11f077d9f23c4aa\"},\"headline\":\"L&#8217;Extreme Barcelona reuneix l&#8217;elit mundial dels esports urbans al Parc del F\u00f2rum\",\"datePublished\":\"2026-09-03T12:46:50+00:00\",\"dateModified\":\"2026-09-03T12:53:21+00:00\",\"mainEntityOfPage\":{\"@id\":\"https:\\\/\\\/extremebarcelona.com\\\/en\\\/2026\\\/09\\\/03\\\/extreme-barcelona-2026-parc-del-forum\\\/\"},\"wordCount\":1395,\"publisher\":{\"@id\":\"https:\\\/\\\/extremebarcelona.com\\\/#organization\"},\"image\":{\"@id\":\"https:\\\/\\\/extremebarcelona.com\\\/en\\\/2026\\\/09\\\/03\\\/extreme-barcelona-2026-parc-del-forum\\\/#primaryimage\"},\"thumbnailUrl\":\"https:\\\/\\\/extremebarcelona.com\\\/wp-content\\\/uploads\\\/2026\\\/09\\\/@raimonrg_EXT-BCN26_RDP.jpg\",\"keywords\":[\"18\",\"2026\",\"barcelona\",\"bmx\",\"bnx\",\"extreme\",\"forum\",\"scooter\",\"skate\",\"urban\"],\"articleSection\":[\"Noticies\"],\"inLanguage\":\"ca\"},{\"@type\":\"WebPage\",\"@id\":\"https:\\\/\\\/extremebarcelona.com\\\/en\\\/2026\\\/09\\\/03\\\/extreme-barcelona-2026-parc-del-forum\\\/\",\"url\":\"https:\\\/\\\/extremebarcelona.com\\\/en\\\/2026\\\/09\\\/03\\\/extreme-barcelona-2026-parc-del-forum\\\/\",\"name\":\"L'Extreme Barcelona reuneix l'elit mundial dels esports urbans al Parc del F\u00f2rum - Extreme Barcelona\",\"isPartOf\":{\"@id\":\"https:\\\/\\\/extremebarcelona.com\\\/#website\"},\"primaryImageOfPage\":{\"@id\":\"https:\\\/\\\/extremebarcelona.com\\\/en\\\/2026\\\/09\\\/03\\\/extreme-barcelona-2026-parc-del-forum\\\/#primaryimage\"},\"image\":{\"@id\":\"https:\\\/\\\/extremebarcelona.com\\\/en\\\/2026\\\/09\\\/03\\\/extreme-barcelona-2026-parc-del-forum\\\/#primaryimage\"},\"thumbnailUrl\":\"https:\\\/\\\/extremebarcelona.com\\\/wp-content\\\/uploads\\\/2026\\\/09\\\/@raimonrg_EXT-BCN26_RDP.jpg\",\"datePublished\":\"2026-09-03T12:46:50+00:00\",\"dateModified\":\"2026-09-03T12:53:21+00:00\",\"description\":\"L'Extreme Barcelona celebra el seu 18\u00e8 aniversari del 4 al 6 de setembre al Parc del F\u00f2rum amb m\u00e9s de 1.000 atletes de BMX, skate i Synkro Race. Entrada gratu\u00efta.\",\"breadcrumb\":{\"@id\":\"https:\\\/\\\/extremebarcelona.com\\\/en\\\/2026\\\/09\\\/03\\\/extreme-barcelona-2026-parc-del-forum\\\/#breadcrumb\"},\"inLanguage\":\"ca\",\"potentialAction\":[{\"@type\":\"ReadAction\",\"target\":[\"https:\\\/\\\/extremebarcelona.com\\\/en\\\/2026\\\/09\\\/03\\\/extreme-barcelona-2026-parc-del-forum\\\/\"]}]},{\"@type\":\"ImageObject\",\"inLanguage\":\"ca\",\"@id\":\"https:\\\/\\\/extremebarcelona.com\\\/en\\\/2026\\\/09\\\/03\\\/extreme-barcelona-2026-parc-del-forum\\\/#primaryimage\",\"url\":\"https:\\\/\\\/extremebarcelona.com\\\/wp-content\\\/uploads\\\/2026\\\/09\\\/@raimonrg_EXT-BCN26_RDP.jpg\",\"contentUrl\":\"https:\\\/\\\/extremebarcelona.com\\\/wp-content\\\/uploads\\\/2026\\\/09\\\/@raimonrg_EXT-BCN26_RDP.jpg\",\"width\":2560,\"height\":1707},{\"@type\":\"BreadcrumbList\",\"@id\":\"https:\\\/\\\/extremebarcelona.com\\\/en\\\/2026\\\/09\\\/03\\\/extreme-barcelona-2026-parc-del-forum\\\/#breadcrumb\",\"itemListElement\":[{\"@type\":\"ListItem\",\"position\":1,\"name\":\"Portada\",\"item\":\"https:\\\/\\\/extremebarcelona.com\\\/\"},{\"@type\":\"ListItem\",\"position\":2,\"name\":\"L&#8217;Extreme Barcelona reuneix l&#8217;elit mundial dels esports urbans al Parc del F\u00f2rum\"}]},{\"@type\":\"WebSite\",\"@id\":\"https:\\\/\\\/extremebarcelona.com\\\/#website\",\"url\":\"https:\\\/\\\/extremebarcelona.com\\\/\",\"name\":\"Extreme Barcelona\",\"description\":\"Otro sitio realizado con WordPress\",\"publisher\":{\"@id\":\"https:\\\/\\\/extremebarcelona.com\\\/#organization\"},\"potentialAction\":[{\"@type\":\"SearchAction\",\"target\":{\"@type\":\"EntryPoint\",\"urlTemplate\":\"https:\\\/\\\/extremebarcelona.com\\\/?s={search_term_string}\"},\"query-input\":{\"@type\":\"PropertyValueSpecification\",\"valueRequired\":true,\"valueName\":\"search_term_string\"}}],\"inLanguage\":\"ca\"},{\"@type\":\"Organization\",\"@id\":\"https:\\\/\\\/extremebarcelona.com\\\/#organization\",\"name\":\"Extreme Barcelona\",\"url\":\"https:\\\/\\\/extremebarcelona.com\\\/\",\"logo\":{\"@type\":\"ImageObject\",\"inLanguage\":\"ca\",\"@id\":\"https:\\\/\\\/extremebarcelona.com\\\/#\\\/schema\\\/logo\\\/image\\\/\",\"url\":\"https:\\\/\\\/extremebarcelona.com\\\/wp-content\\\/uploads\\\/2021\\\/04\\\/Logo-Extreme-2021.png\",\"contentUrl\":\"https:\\\/\\\/extremebarcelona.com\\\/wp-content\\\/uploads\\\/2021\\\/04\\\/Logo-Extreme-2021.png\",\"width\":500,\"height\":500,\"caption\":\"Extreme Barcelona\"},\"image\":{\"@id\":\"https:\\\/\\\/extremebarcelona.com\\\/#\\\/schema\\\/logo\\\/image\\\/\"}},{\"@type\":\"Person\",\"@id\":\"https:\\\/\\\/extremebarcelona.com\\\/#\\\/schema\\\/person\\\/0ab8e57dd9880fb0b11f077d9f23c4aa\",\"name\":\"Cristian Dedeu Van den Berg\",\"image\":{\"@type\":\"ImageObject\",\"inLanguage\":\"ca\",\"@id\":\"https:\\\/\\\/secure.gravatar.com\\\/avatar\\\/41e68b85b7fa9f2110fbebcd69e21f89425478ca6e1e8701732accd271a6b866?s=96&d=mm&r=g\",\"url\":\"https:\\\/\\\/secure.gravatar.com\\\/avatar\\\/41e68b85b7fa9f2110fbebcd69e21f89425478ca6e1e8701732accd271a6b866?s=96&d=mm&r=g\",\"contentUrl\":\"https:\\\/\\\/secure.gravatar.com\\\/avatar\\\/41e68b85b7fa9f2110fbebcd69e21f89425478ca6e1e8701732accd271a6b866?s=96&d=mm&r=g\",\"caption\":\"Cristian Dedeu Van den Berg\"}}]}<\/script>\n<!-- \/ Yoast SEO plugin. -->","yoast_head_json":{"title":"L'Extreme Barcelona reuneix l'elit mundial dels esports urbans al Parc del F\u00f2rum - Extreme Barcelona","description":"L'Extreme Barcelona celebra el seu 18\u00e8 aniversari del 4 al 6 de setembre al Parc del F\u00f2rum amb m\u00e9s de 1.000 atletes de BMX, skate i Synkro Race. Entrada gratu\u00efta.","robots":{"index":"index","follow":"follow","max-snippet":"max-snippet:-1","max-image-preview":"max-image-preview:large","max-video-preview":"max-video-preview:-1"},"canonical":"https:\/\/extremebarcelona.com\/en\/2026\/09\/03\/extreme-barcelona-2026-parc-del-forum\/","og_locale":"ca_ES","og_type":"article","og_title":"L'Extreme Barcelona reuneix l'elit mundial dels esports urbans al Parc del F\u00f2rum - Extreme Barcelona","og_description":"L'Extreme Barcelona celebra el seu 18\u00e8 aniversari del 4 al 6 de setembre al Parc del F\u00f2rum amb m\u00e9s de 1.000 atletes de BMX, skate i Synkro Race. Entrada gratu\u00efta.","og_url":"https:\/\/extremebarcelona.com\/en\/2026\/09\/03\/extreme-barcelona-2026-parc-del-forum\/","og_site_name":"Extreme Barcelona","article_published_time":"2026-09-03T12:46:50+00:00","article_modified_time":"2026-09-03T12:53:21+00:00","og_image":[{"width":1024,"height":683,"url":"https:\/\/extremebarcelona.com\/wp-content\/uploads\/2026\/09\/@raimonrg_EXT-BCN26_RDP-1024x683.jpg","type":"image\/jpeg"}],"author":"Cristian Dedeu Van den Berg","twitter_card":"summary_large_image","twitter_misc":{"Escrit per":"Cristian Dedeu Van den Berg","Temps estimat de lectura":"7 minuts"},"schema":{"@context":"https:\/\/schema.org","@graph":[{"@type":"NewsArticle","@id":"https:\/\/extremebarcelona.com\/en\/2026\/09\/03\/extreme-barcelona-2026-parc-del-forum\/#article","isPartOf":{"@id":"https:\/\/extremebarcelona.com\/en\/2026\/09\/03\/extreme-barcelona-2026-parc-del-forum\/"},"author":{"name":"Cristian Dedeu Van den Berg","@id":"https:\/\/extremebarcelona.com\/#\/schema\/person\/0ab8e57dd9880fb0b11f077d9f23c4aa"},"headline":"L&#8217;Extreme Barcelona reuneix l&#8217;elit mundial dels esports urbans al Parc del F\u00f2rum","datePublished":"2026-09-03T12:46:50+00:00","dateModified":"2026-09-03T12:53:21+00:00","mainEntityOfPage":{"@id":"https:\/\/extremebarcelona.com\/en\/2026\/09\/03\/extreme-barcelona-2026-parc-del-forum\/"},"wordCount":1395,"publisher":{"@id":"https:\/\/extremebarcelona.com\/#organization"},"image":{"@id":"https:\/\/extremebarcelona.com\/en\/2026\/09\/03\/extreme-barcelona-2026-parc-del-forum\/#primaryimage"},"thumbnailUrl":"https:\/\/extremebarcelona.com\/wp-content\/uploads\/2026\/09\/@raimonrg_EXT-BCN26_RDP.jpg","keywords":["18","2026","barcelona","bmx","bnx","extreme","forum","scooter","skate","urban"],"articleSection":["Noticies"],"inLanguage":"ca"},{"@type":"WebPage","@id":"https:\/\/extremebarcelona.com\/en\/2026\/09\/03\/extreme-barcelona-2026-parc-del-forum\/","url":"https:\/\/extremebarcelona.com\/en\/2026\/09\/03\/extreme-barcelona-2026-parc-del-forum\/","name":"L'Extreme Barcelona reuneix l'elit mundial dels esports urbans al Parc del F\u00f2rum - Extreme Barcelona","isPartOf":{"@id":"https:\/\/extremebarcelona.com\/#website"},"primaryImageOfPage":{"@id":"https:\/\/extremebarcelona.com\/en\/2026\/09\/03\/extreme-barcelona-2026-parc-del-forum\/#primaryimage"},"image":{"@id":"https:\/\/extremebarcelona.com\/en\/2026\/09\/03\/extreme-barcelona-2026-parc-del-forum\/#primaryimage"},"thumbnailUrl":"https:\/\/extremebarcelona.com\/wp-content\/uploads\/2026\/09\/@raimonrg_EXT-BCN26_RDP.jpg","datePublished":"2026-09-03T12:46:50+00:00","dateModified":"2026-09-03T12:53:21+00:00","description":"L'Extreme Barcelona celebra el seu 18\u00e8 aniversari del 4 al 6 de setembre al Parc del F\u00f2rum amb m\u00e9s de 1.000 atletes de BMX, skate i Synkro Race. Entrada gratu\u00efta.","breadcrumb":{"@id":"https:\/\/extremebarcelona.com\/en\/2026\/09\/03\/extreme-barcelona-2026-parc-del-forum\/#breadcrumb"},"inLanguage":"ca","potentialAction":[{"@type":"ReadAction","target":["https:\/\/extremebarcelona.com\/en\/2026\/09\/03\/extreme-barcelona-2026-parc-del-forum\/"]}]},{"@type":"ImageObject","inLanguage":"ca","@id":"https:\/\/extremebarcelona.com\/en\/2026\/09\/03\/extreme-barcelona-2026-parc-del-forum\/#primaryimage","url":"https:\/\/extremebarcelona.com\/wp-content\/uploads\/2026\/09\/@raimonrg_EXT-BCN26_RDP.jpg","contentUrl":"https:\/\/extremebarcelona.com\/wp-content\/uploads\/2026\/09\/@raimonrg_EXT-BCN26_RDP.jpg","width":2560,"height":1707},{"@type":"BreadcrumbList","@id":"https:\/\/extremebarcelona.com\/en\/2026\/09\/03\/extreme-barcelona-2026-parc-del-forum\/#breadcrumb","itemListElement":[{"@type":"ListItem","position":1,"name":"Portada","item":"https:\/\/extremebarcelona.com\/"},{"@type":"ListItem","position":2,"name":"L&#8217;Extreme Barcelona reuneix l&#8217;elit mundial dels esports urbans al Parc del F\u00f2rum"}]},{"@type":"WebSite","@id":"https:\/\/extremebarcelona.com\/#website","url":"https:\/\/extremebarcelona.com\/","name":"Extreme Barcelona","description":"Otro sitio realizado con WordPress","publisher":{"@id":"https:\/\/extremebarcelona.com\/#organization"},"potentialAction":[{"@type":"SearchAction","target":{"@type":"EntryPoint","urlTemplate":"https:\/\/extremebarcelona.com\/?s={search_term_string}"},"query-input":{"@type":"PropertyValueSpecification","valueRequired":true,"valueName":"search_term_string"}}],"inLanguage":"ca"},{"@type":"Organization","@id":"https:\/\/extremebarcelona.com\/#organization","name":"Extreme Barcelona","url":"https:\/\/extremebarcelona.com\/","logo":{"@type":"ImageObject","inLanguage":"ca","@id":"https:\/\/extremebarcelona.com\/#\/schema\/logo\/image\/","url":"https:\/\/extremebarcelona.com\/wp-content\/uploads\/2021\/04\/Logo-Extreme-2021.png","contentUrl":"https:\/\/extremebarcelona.com\/wp-content\/uploads\/2021\/04\/Logo-Extreme-2021.png","width":500,"height":500,"caption":"Extreme Barcelona"},"image":{"@id":"https:\/\/extremebarcelona.com\/#\/schema\/logo\/image\/"}},{"@type":"Person","@id":"https:\/\/extremebarcelona.com\/#\/schema\/person\/0ab8e57dd9880fb0b11f077d9f23c4aa","name":"Cristian Dedeu Van den Berg","image":{"@type":"ImageObject","inLanguage":"ca","@id":"https:\/\/secure.gravatar.com\/avatar\/41e68b85b7fa9f2110fbebcd69e21f89425478ca6e1e8701732accd271a6b866?s=96&d=mm&r=g","url":"https:\/\/secure.gravatar.com\/avatar\/41e68b85b7fa9f2110fbebcd69e21f89425478ca6e1e8701732accd271a6b866?s=96&d=mm&r=g","contentUrl":"https:\/\/secure.gravatar.com\/avatar\/41e68b85b7fa9f2110fbebcd69e21f89425478ca6e1e8701732accd271a6b866?s=96&d=mm&r=g","caption":"Cristian Dedeu Van den Berg"}}]}},"_links":{"self":[{"href":"https:\/\/extremebarcelona.com\/ca\/wp-json\/wp\/v2\/posts\/29139","targetHints":{"allow":["GET"]}}],"collection":[{"href":"https:\/\/extremebarcelona.com\/ca\/wp-json\/wp\/v2\/posts"}],"about":[{"href":"https:\/\/extremebarcelona.com\/ca\/wp-json\/wp\/v2\/types\/post"}],"author":[{"embeddable":true,"href":"https:\/\/extremebarcelona.com\/ca\/wp-json\/wp\/v2\/users\/15"}],"replies":[{"embeddable":true,"href":"https:\/\/extremebarcelona.com\/ca\/wp-json\/wp\/v2\/comments?post=29139"}],"version-history":[{"count":2,"href":"https:\/\/extremebarcelona.com\/ca\/wp-json\/wp\/v2\/posts\/29139\/revisions"}],"predecessor-version":[{"id":29143,"href":"https:\/\/extremebarcelona.com\/ca\/wp-json\/wp\/v2\/posts\/29139\/revisions\/29143"}],"wp:featuredmedia":[{"embeddable":true,"href":"https:\/\/extremebarcelona.com\/ca\/wp-json\/wp\/v2\/media\/29133"}],"wp:attachment":[{"href":"https:\/\/extremebarcelona.com\/ca\/wp-json\/wp\/v2\/media?parent=29139"}],"wp:term":[{"taxonomy":"category","embeddable":true,"href":"https:\/\/extremebarcelona.com\/ca\/wp-json\/wp\/v2\/categories?post=29139"},{"taxonomy":"post_tag","embeddable":true,"href":"https:\/\/extremebarcelona.com\/ca\/wp-json\/wp\/v2\/tags?post=29139"}],"curies":[{"name":"wp","href":"https:\/\/api.w.org\/{rel}","templated":true}]}}