{"id":29040,"date":"2026-09-01T17:58:49","date_gmt":"2026-09-01T15:58:49","guid":{"rendered":"https:\/\/extremebarcelona.com\/2026\/09\/01\/breaking-extreme-barcelona-18-aniversario\/"},"modified":"2026-09-02T10:15:50","modified_gmt":"2026-09-02T08:15:50","slug":"breaking-extreme-barcelona-18-aniversario","status":"publish","type":"post","link":"https:\/\/extremebarcelona.com\/ca\/2026\/09\/01\/breaking-extreme-barcelona-18-aniversario\/","title":{"rendered":"El Breaking retumba en el 18 aniversario del Extreme Barcelona: \u00a1ritmo, batallas y cultura urbana en el Parc del F\u00f2rum!"},"content":{"rendered":"<p>[et_pb_section fb_built=\u00bb1&#8243; admin_label=\u00bbsection\u00bb _builder_version=\u00bb4.16&#8243; global_colors_info=\u00bb{}\u00bb][et_pb_row admin_label=\u00bbrow\u00bb _builder_version=\u00bb4.16&#8243; background_size=\u00bbinitial\u00bb background_position=\u00bbtop_left\u00bb background_repeat=\u00bbrepeat\u00bb global_colors_info=\u00bb{}\u00bb][et_pb_column type=\u00bb4_4&#8243; _builder_version=\u00bb4.16&#8243; custom_padding=\u00bb|||\u00bb global_colors_info=\u00bb{}\u00bb custom_padding__hover=\u00bb|||\u00bb][et_pb_text admin_label=\u00bbText\u00bb _builder_version=\u00bb4.27.7&#8243; background_size=\u00bbinitial\u00bb background_position=\u00bbtop_left\u00bb background_repeat=\u00bbrepeat\u00bb global_colors_info=\u00bb{}\u00bb]<\/p>\n<ul>\n<li>\n<p><span style=\"font-weight: 400;\">El pulso de la calle vuelve a apoderarse del litoral barcelon\u00e9s. Un a\u00f1o m\u00e1s, el Extreme Barcelona se reafirma como una de las citas de deportes urbanos m\u00e1s emblem\u00e1ticas y grandes de Europa, reuniendo a las grandes figuras del <\/span><i><span style=\"font-weight: 400;\">skateboard<\/span><\/i><span style=\"font-weight: 400;\">, <\/span><i><span style=\"font-weight: 400;\">scooter<\/span><\/i><span style=\"font-weight: 400;\">, <\/span><i><span style=\"font-weight: 400;\">basket 3\u00d73<\/span><\/i><span style=\"font-weight: 400;\">, BMX, <\/span><i><span style=\"font-weight: 400;\">streetboard<\/span><\/i><span style=\"font-weight: 400;\">, <\/span><i><span style=\"font-weight: 400;\">quad skates<\/span><\/i><span style=\"font-weight: 400;\"> y el <\/span><i><span style=\"font-weight: 400;\">breaking<\/span><\/i><span style=\"font-weight: 400;\">.<\/span><\/p>\n<\/li>\n<\/ul>\n<p>[\/et_pb_text][et_pb_image src=\u00bbhttps:\/\/extremebarcelona.com\/wp-content\/uploads\/2026\/09\/BREAKINGEB18.png\u00bb alt=\u00bbJarritos Extreme Barcelona\u00bb title_text=\u00bbBREAKINGEB18&#8243; _builder_version=\u00bb4.27.7&#8243; _module_preset=\u00bbdefault\u00bb global_colors_info=\u00bb{}\u00bb][\/et_pb_image][et_pb_text admin_label=\u00bbText\u00bb _builder_version=\u00bb4.27.7&#8243; background_size=\u00bbinitial\u00bb background_position=\u00bbtop_left\u00bb background_repeat=\u00bbrepeat\u00bb global_colors_info=\u00bb{}\u00bb]<\/p>\n<p><b>El Breaking retumba en el 18 aniversario del Extreme Barcelona: \u00a1ritmo, batallas y cultura urbana en el Parc del F\u00f2rum!<\/b><\/p>\n<p><span style=\"font-weight: 400;\">El pulso de la calle vuelve a apoderarse del litoral barcelon\u00e9s. Un a\u00f1o m\u00e1s, el Extreme Barcelona se reafirma como una de las citas de deportes urbanos m\u00e1s emblem\u00e1ticas y grandes de Europa, reuniendo a las grandes figuras del <\/span><i><span style=\"font-weight: 400;\">skateboard<\/span><\/i><span style=\"font-weight: 400;\">, <\/span><i><span style=\"font-weight: 400;\">scooter<\/span><\/i><span style=\"font-weight: 400;\">, <\/span><i><span style=\"font-weight: 400;\">basket 3\u00d73<\/span><\/i><span style=\"font-weight: 400;\">, BMX, <\/span><i><span style=\"font-weight: 400;\">streetboard<\/span><\/i><span style=\"font-weight: 400;\">, <\/span><i><span style=\"font-weight: 400;\">quad skates<\/span><\/i><span style=\"font-weight: 400;\"> y el <\/span><i><span style=\"font-weight: 400;\">breaking<\/span><\/i><span style=\"font-weight: 400;\">.<\/span><\/p>\n<p><span style=\"font-weight: 400;\">Nacido en las comunidades afroamericanas del Bronx y Brooklyn en la d\u00e9cada de 1970 como pilar fundamental de la cultura <\/span><i><span style=\"font-weight: 400;\">hip hop<\/span><\/i><span style=\"font-weight: 400;\"> \u2014junto al grafiti, el rap y el <\/span><i><span style=\"font-weight: 400;\">djing<\/span><\/i><span style=\"font-weight: 400;\">\u2014, el <\/span><i><span style=\"font-weight: 400;\">breaking<\/span><\/i><span style=\"font-weight: 400;\"> ha vivido una evoluci\u00f3n imparable que alcanz\u00f3 su cima al debutar como disciplina ol\u00edmpica en Par\u00eds 2024. Manteniendo vivo ese impulso, el Urban Stage del Parc del F\u00f2rum se convertir\u00e1 en el escenario principal para celebrar esta modalidad que no deja de crecer.<\/span><\/p>\n<p><span style=\"font-weight: 400;\">Esta edici\u00f3n del 18 aniversario contar\u00e1 con una alianza especial entre Breaking Mind de BARCELONA y KRUMP TEAM MALLORCA<\/span><span style=\"font-weight: 400;\">, garantizando un espect\u00e1culo de alto nivel y mucho talento emergente.<\/span><\/p>\n<p><b>Informaci\u00f3n clave del evento<\/b><\/p>\n<ul>\n<li style=\"font-weight: 400;\" aria-level=\"1\"><b>Fecha:<\/b><span style=\"font-weight: 400;\"> 6 de septiembre de 2026<\/span><\/li>\n<li style=\"font-weight: 400;\" aria-level=\"1\"><b>Lugar:<\/b><span style=\"font-weight: 400;\"> Urban Stage \u2013 Parc del F\u00f2rum, Barcelona<\/span><\/li>\n<\/ul>\n<p><b>Formatos de competici\u00f3n<\/b><\/p>\n<ul>\n<li style=\"font-weight: 400;\" aria-level=\"1\"><b>1 vs 1 Breaking:<\/b><span style=\"font-weight: 400;\"> El cl\u00e1sico cara a cara de t\u00e9cnica, estilo y musicalidad, con premios en met\u00e1lico.<\/span><\/li>\n<li style=\"font-weight: 400;\" aria-level=\"1\"><b>1 vs 1 Krump vs Todos los Estilos:<\/b><span style=\"font-weight: 400;\"> Un choque de disciplinas donde la expresividad y la fuerza no tienen l\u00edmites. Premio por confirmar valorado en 1.000\u20ac.<\/span><\/li>\n<\/ul>\n<p><span style=\"font-weight: 400;\">Las <a href=\"https:\/\/extremebarcelona.com\/ca\/sports\/breaking\/\" target=\"_blank\" rel=\"noopener\">inscripciones<\/a> ya est\u00e1n disponibles para participar en las distintas batallas del cartel:<\/span><\/p>\n<ul>\n<li style=\"font-weight: 400;\" aria-level=\"1\"><b>HIPHOP A LA VENA:<\/b><span style=\"font-weight: 400;\"> 2 vs 2 Open Breaking<\/span><\/li>\n<li style=\"font-weight: 400;\" aria-level=\"1\"><b>KRUMP VS EVERYTHING:<\/b><span style=\"font-weight: 400;\"> 1 vs 1<\/span><\/li>\n<li style=\"font-weight: 400;\" aria-level=\"1\"><b>BARCELONA BREAKING BATTLE U18:<\/b><span style=\"font-weight: 400;\"> 1 vs 1 (categor\u00eda menor de 18 a\u00f1os)<\/span><\/li>\n<\/ul>\n<p><span style=\"font-weight: 400;\">Prepara tus mejores movimientos, ajusta tu <\/span><i><span style=\"font-weight: 400;\">flow<\/span><\/i><span style=\"font-weight: 400;\"> y forma parte de una jornada inolvidable de cultura urbana. \u00a1Nos vemos en el urban stage del Parc del F\u00f2rum!<\/span><\/p>\n<p>Estas son todas las marcas y colectivos que hacen posible este proyecto:<\/p>\n<p>[\/et_pb_text][et_pb_image src=\u00bbhttps:\/\/extremebarcelona.com\/wp-content\/uploads\/2026\/09\/LOGOSBREAKING.png\u00bb alt=\u00bbJarritos Extreme Barcelona\u00bb title_text=\u00bbLOGOSBREAKING\u00bb _builder_version=\u00bb4.27.7&#8243; _module_preset=\u00bbdefault\u00bb global_colors_info=\u00bb{}\u00bb][\/et_pb_image][\/et_pb_column][\/et_pb_row][\/et_pb_section]<\/p>\n","protected":false},"excerpt":{"rendered":"<p>El Breaking llena de ritmo y batallas el 18\u00ba aniversario del Extreme Barcelona en el Parc del F\u00f2rum. Descubre las categor\u00edas, formatos de competici\u00f3n y c\u00f3mo inscribirte.<\/p>\n","protected":false},"author":15,"featured_media":29028,"comment_status":"closed","ping_status":"closed","sticky":false,"template":"","format":"standard","meta":{"_et_pb_use_builder":"on","_et_pb_old_content":"<ul>\r\n \t<li><span style=\"font-weight: 400;\">Extreme Barcelona sigue sumando aliados para su edici\u00f3n de 2026, en la que celebrar\u00e1 su 18.\u00ba aniversario. Este a\u00f1o se incorpora <\/span><b>imagin<\/b><span style=\"font-weight: 400;\"> como <\/span><i><span style=\"font-weight: 400;\">Official Banking Partner<\/span><\/i><span style=\"font-weight: 400;\">, una alianza que refuerza la apuesta de la plataforma por la cultura y los deportes urbanos, conectando directamente con las nuevas generaciones.<\/span>\r\n\r\n<span style=\"font-weight: 400;\">Impulsada por CaixaBank, imagin es una plataforma de banca m\u00f3vil y servicios digitales dise\u00f1ada para el p\u00fablico joven. Ambas marcas comparten una misma filosof\u00eda a la hora de entender el deporte, el ocio, la creatividad y las experiencias compartidas.<\/span>\r\n\r\n<span style=\"font-weight: 400;\">Su presencia en el Parc del F\u00f2rum ir\u00e1 mucho m\u00e1s all\u00e1 de un simple espacio publicitario. Durante los cuatro d\u00edas del festival, los asistentes podr\u00e1n participar en una activaci\u00f3n creativa para personalizar su propia <\/span><i><span style=\"font-weight: 400;\">tote bag<\/span><\/i><span style=\"font-weight: 400;\"> exclusiva de imagin. Utilizando diferentes dise\u00f1os y parches, cada persona crear\u00e1 una pieza \u00fanica al momento mediantela t\u00e9cnica del planchado t\u00e9rmico.<\/span>\r\n\r\n<span style=\"font-weight: 400;\">El espacio contar\u00e1 tambi\u00e9n con una zona <\/span><i><span style=\"font-weight: 400;\">chill out<\/span><\/i><span style=\"font-weight: 400;\"> para descansar entre competiciones, conciertos y actividades, adem\u00e1s de un punto de carga para dispositivos electr\u00f3nicos, ideal para que el p\u00fablico siga exprimiendo el festival sin preocuparse por la bater\u00eda.<\/span><\/li>\r\n<\/ul>\r\n<blockquote class=\"instagram-media\" data-instgrm-captioned data-instgrm-permalink=\"https:\/\/www.instagram.com\/p\/DbIaBErlfm0\/?utm_source=ig_embed&utm_campaign=loading\" data-instgrm-version=\"14\" style=\" background:#FFF; border:0; border-radius:3px; box-shadow:0 0 1px 0 rgba(0,0,0,0.5),0 1px 10px 0 rgba(0,0,0,0.15); margin: 1px; max-width:540px; min-width:326px; padding:0; width:99.375%; width:-webkit-calc(100% - 2px); width:calc(100% - 2px);\"><div style=\"padding:16px;\"> <a href=\"https:\/\/www.instagram.com\/p\/DbIaBErlfm0\/?utm_source=ig_embed&utm_campaign=loading\" style=\" background:#FFFFFF; line-height:0; padding:0 0; text-align:center; text-decoration:none; width:100%;\" target=\"_blank\"> <div style=\" display: flex; flex-direction: row; align-items: center;\"> <div style=\"background-color: #F4F4F4; border-radius: 50%; flex-grow: 0; height: 40px; margin-right: 14px; width: 40px;\"><\/div> <div style=\"display: flex; flex-direction: column; flex-grow: 1; justify-content: center;\"> <div style=\" background-color: #F4F4F4; border-radius: 4px; flex-grow: 0; height: 14px; margin-bottom: 6px; width: 100px;\"><\/div> <div style=\" background-color: #F4F4F4; border-radius: 4px; flex-grow: 0; height: 14px; width: 60px;\"><\/div><\/div><\/div><div style=\"padding: 19% 0;\"><\/div> <div style=\"display:block; height:50px; margin:0 auto 12px; width:50px;\"><svg width=\"50px\" height=\"50px\" viewBox=\"0 0 60 60\" version=\"1.1\" xmlns=\"https:\/\/www.w3.org\/2000\/svg\" xmlns:xlink=\"https:\/\/www.w3.org\/1999\/xlink\"><g stroke=\"none\" stroke-width=\"1\" fill=\"none\" fill-rule=\"evenodd\"><g transform=\"translate(-511.000000, -20.000000)\" fill=\"#000000\"><g><path d=\"M556.869,30.41 C554.814,30.41 553.148,32.076 553.148,34.131 C553.148,36.186 554.814,37.852 556.869,37.852 C558.924,37.852 560.59,36.186 560.59,34.131 C560.59,32.076 558.924,30.41 556.869,30.41 M541,60.657 C535.114,60.657 530.342,55.887 530.342,50 C530.342,44.114 535.114,39.342 541,39.342 C546.887,39.342 551.658,44.114 551.658,50 C551.658,55.887 546.887,60.657 541,60.657 M541,33.886 C532.1,33.886 524.886,41.1 524.886,50 C524.886,58.899 532.1,66.113 541,66.113 C549.9,66.113 557.115,58.899 557.115,50 C557.115,41.1 549.9,33.886 541,33.886 M565.378,62.101 C565.244,65.022 564.756,66.606 564.346,67.663 C563.803,69.06 563.154,70.057 562.106,71.106 C561.058,72.155 560.06,72.803 558.662,73.347 C557.607,73.757 556.021,74.244 553.102,74.378 C549.944,74.521 548.997,74.552 541,74.552 C533.003,74.552 532.056,74.521 528.898,74.378 C525.979,74.244 524.393,73.757 523.338,73.347 C521.94,72.803 520.942,72.155 519.894,71.106 C518.846,70.057 518.197,69.06 517.654,67.663 C517.244,66.606 516.755,65.022 516.623,62.101 C516.479,58.943 516.448,57.996 516.448,50 C516.448,42.003 516.479,41.056 516.623,37.899 C516.755,34.978 517.244,33.391 517.654,32.338 C518.197,30.938 518.846,29.942 519.894,28.894 C520.942,27.846 521.94,27.196 523.338,26.654 C524.393,26.244 525.979,25.756 528.898,25.623 C532.057,25.479 533.004,25.448 541,25.448 C548.997,25.448 549.943,25.479 553.102,25.623 C556.021,25.756 557.607,26.244 558.662,26.654 C560.06,27.196 561.058,27.846 562.106,28.894 C563.154,29.942 563.803,30.938 564.346,32.338 C564.756,33.391 565.244,34.978 565.378,37.899 C565.522,41.056 565.552,42.003 565.552,50 C565.552,57.996 565.522,58.943 565.378,62.101 M570.82,37.631 C570.674,34.438 570.167,32.258 569.425,30.349 C568.659,28.377 567.633,26.702 565.965,25.035 C564.297,23.368 562.623,22.342 560.652,21.575 C558.743,20.834 556.562,20.326 553.369,20.18 C550.169,20.033 549.148,20 541,20 C532.853,20 531.831,20.033 528.631,20.18 C525.438,20.326 523.257,20.834 521.349,21.575 C519.376,22.342 517.703,23.368 516.035,25.035 C514.368,26.702 513.342,28.377 512.574,30.349 C511.834,32.258 511.326,34.438 511.181,37.631 C511.035,40.831 511,41.851 511,50 C511,58.147 511.035,59.17 511.181,62.369 C511.326,65.562 511.834,67.743 512.574,69.651 C513.342,71.625 514.368,73.296 516.035,74.965 C517.703,76.634 519.376,77.658 521.349,78.425 C523.257,79.167 525.438,79.673 528.631,79.82 C531.831,79.965 532.853,80.001 541,80.001 C549.148,80.001 550.169,79.965 553.369,79.82 C556.562,79.673 558.743,79.167 560.652,78.425 C562.623,77.658 564.297,76.634 565.965,74.965 C567.633,73.296 568.659,71.625 569.425,69.651 C570.167,67.743 570.674,65.562 570.82,62.369 C570.966,59.17 571,58.147 571,50 C571,41.851 570.966,40.831 570.82,37.631\"><\/path><\/g><\/g><\/g><\/svg><\/div><div style=\"padding-top: 8px;\"> <div style=\" color:#3897f0; font-family:Arial,sans-serif; font-size:14px; font-style:normal; font-weight:550; line-height:18px;\">Ver esta publicaci\u00f3n en Instagram<\/div><\/div><div style=\"padding: 12.5% 0;\"><\/div> <div style=\"display: flex; flex-direction: row; margin-bottom: 14px; align-items: center;\"><div> <div style=\"background-color: #F4F4F4; border-radius: 50%; height: 12.5px; width: 12.5px; transform: translateX(0px) translateY(7px);\"><\/div> <div style=\"background-color: #F4F4F4; height: 12.5px; transform: rotate(-45deg) translateX(3px) translateY(1px); width: 12.5px; flex-grow: 0; margin-right: 14px; margin-left: 2px;\"><\/div> <div style=\"background-color: #F4F4F4; border-radius: 50%; height: 12.5px; width: 12.5px; transform: translateX(9px) translateY(-18px);\"><\/div><\/div><div style=\"margin-left: 8px;\"> <div style=\" background-color: #F4F4F4; border-radius: 50%; flex-grow: 0; height: 20px; width: 20px;\"><\/div> <div style=\" width: 0; height: 0; border-top: 2px solid transparent; border-left: 6px solid #f4f4f4; border-bottom: 2px solid transparent; transform: translateX(16px) translateY(-4px) rotate(30deg)\"><\/div><\/div><div style=\"margin-left: auto;\"> <div style=\" width: 0px; border-top: 8px solid #F4F4F4; border-right: 8px solid transparent; transform: translateY(16px);\"><\/div> <div style=\" background-color: #F4F4F4; flex-grow: 0; height: 12px; width: 16px; transform: translateY(-4px);\"><\/div> <div style=\" width: 0; height: 0; border-top: 8px solid #F4F4F4; border-left: 8px solid transparent; transform: translateY(-4px) translateX(8px);\"><\/div><\/div><\/div> <div style=\"display: flex; flex-direction: column; flex-grow: 1; justify-content: center; margin-bottom: 24px;\"> <div style=\" background-color: #F4F4F4; border-radius: 4px; flex-grow: 0; height: 14px; margin-bottom: 6px; width: 224px;\"><\/div> <div style=\" background-color: #F4F4F4; border-radius: 4px; flex-grow: 0; height: 14px; width: 144px;\"><\/div><\/div><\/a><p style=\" color:#c9c8cd; font-family:Arial,sans-serif; font-size:14px; line-height:17px; margin-bottom:0; margin-top:8px; overflow:hidden; padding:8px 0 7px; text-align:center; text-overflow:ellipsis; white-space:nowrap;\"><a href=\"https:\/\/www.instagram.com\/p\/DbIaBErlfm0\/?utm_source=ig_embed&utm_campaign=loading\" style=\" color:#c9c8cd; font-family:Arial,sans-serif; font-size:14px; font-style:normal; font-weight:normal; line-height:17px; text-decoration:none;\" target=\"_blank\">Una publicaci\u00f3n compartida de imagin (@imagin)<\/a><\/p><\/div><\/blockquote>\r\n<script async src=\"\/\/www.instagram.com\/embed.js\"><\/script>\r\n<h3><b>Sorteo Extreme Barcelona-Xperience by imagin<\/b><\/h3>\r\n<span style=\"font-weight: 400;\">Como parte de esta colaboraci\u00f3n, se activar\u00e1 la <\/span><b>Extreme Barcelona-Xperience by imagin<\/b><span style=\"font-weight: 400;\">. Este sorteo permitir\u00e1 a ocho personas vivir el festival desde dentro con una experiencia <\/span><i><span style=\"font-weight: 400;\">top<\/span><\/i><span style=\"font-weight: 400;\">: pase VIP a la zona exclusiva del Central Park (con las mejores vistas de las competiciones), <\/span><i><span style=\"font-weight: 400;\">snacks<\/span><\/i><span style=\"font-weight: 400;\">, bebidas, zona de descanso y un pack de <\/span><i><span style=\"font-weight: 400;\">merchandising<\/span><\/i><span style=\"font-weight: 400;\"> oficial.<\/span>\r\n\r\n<span style=\"font-weight: 400;\">Con esta incorporaci\u00f3n, Extreme Barcelona contin\u00faa enriqueciendo la experiencia del p\u00fablico m\u00e1s all\u00e1 de la competici\u00f3n, sumando nuevos espacios, servicios y propuestas que consolidan el festival como una cita cultural y deportiva imprescindible.<\/span>\r\n\r\n<img class=\"aligncenter size-large wp-image-28291\" src=\"https:\/\/extremebarcelona.com\/wp-content\/uploads\/2026\/07\/55076502110_484005192d_o-1-1024x683.jpg\" alt=\"imagin Extreme Barcelona\" width=\"1024\" height=\"683\" \/>\r\n\r\n\u00a0\r\n\r\n\u00a0","_et_gb_content_width":"","footnotes":""},"categories":[15],"tags":[944,93,700,899,98,160,1059,220],"class_list":["post-29040","post","type-post","status-publish","format-standard","has-post-thumbnail","hentry","category-uncategorized-ca","tag-944","tag-barcelona-ca","tag-extremebarcelona-ca","tag-paint-ca","tag-skate-ca","tag-skateboarding-ca","tag-skatepro","tag-urban"],"yoast_head":"<!-- This site is optimized with the Yoast SEO plugin v28.2 - https:\/\/yoast.com\/product\/yoast-seo-wordpress\/ -->\n<title>El Breaking retumba en el 18 aniversario del Extreme Barcelona: \u00a1ritmo, batallas y cultura urbana en el Parc del F\u00f2rum! - Extreme Barcelona<\/title>\n<meta name=\"description\" content=\"Disfruta del Breaking en el 18\u00ba aniversario del Extreme Barcelona. Batallas 1vs1, Krump y cultura urbana el 6 de septiembre en el Parc del F\u00f2rum.\" \/>\n<meta name=\"robots\" content=\"index, follow, max-snippet:-1, max-image-preview:large, max-video-preview:-1\" \/>\n<link rel=\"canonical\" href=\"https:\/\/extremebarcelona.com\/ca\/2026\/09\/01\/breaking-extreme-barcelona-18-aniversario\/\" \/>\n<meta property=\"og:locale\" content=\"ca_ES\" \/>\n<meta property=\"og:type\" content=\"article\" \/>\n<meta property=\"og:title\" content=\"El Breaking retumba en el 18 aniversario del Extreme Barcelona: \u00a1ritmo, batallas y cultura urbana en el Parc del F\u00f2rum! - Extreme Barcelona\" \/>\n<meta property=\"og:description\" content=\"Disfruta del Breaking en el 18\u00ba aniversario del Extreme Barcelona. Batallas 1vs1, Krump y cultura urbana el 6 de septiembre en el Parc del F\u00f2rum.\" \/>\n<meta property=\"og:url\" content=\"https:\/\/extremebarcelona.com\/ca\/2026\/09\/01\/breaking-extreme-barcelona-18-aniversario\/\" \/>\n<meta property=\"og:site_name\" content=\"Extreme Barcelona\" \/>\n<meta property=\"article:published_time\" content=\"2026-09-01T15:58:49+00:00\" \/>\n<meta property=\"article:modified_time\" content=\"2026-09-02T08:15:50+00:00\" \/>\n<meta property=\"og:image\" content=\"https:\/\/extremebarcelona.com\/wp-content\/uploads\/2026\/09\/15.09.2023-PRESI-Y-JUECES-EXTREME-JPG-27-1-scaled.jpg\" \/>\n\t<meta property=\"og:image:width\" content=\"2560\" \/>\n\t<meta property=\"og:image:height\" content=\"1707\" \/>\n\t<meta property=\"og:image:type\" content=\"image\/jpeg\" \/>\n<meta name=\"author\" content=\"Cristian Dedeu Van den Berg\" \/>\n<meta name=\"twitter:card\" content=\"summary_large_image\" \/>\n<meta name=\"twitter:label1\" content=\"Escrit per\" \/>\n\t<meta name=\"twitter:data1\" content=\"Cristian Dedeu Van den Berg\" \/>\n\t<meta name=\"twitter:label2\" content=\"Temps estimat de lectura\" \/>\n\t<meta name=\"twitter:data2\" content=\"3 minuts\" \/>\n<script type=\"application\/ld+json\" class=\"yoast-schema-graph\">{\"@context\":\"https:\\\/\\\/schema.org\",\"@graph\":[{\"@type\":\"NewsArticle\",\"@id\":\"https:\\\/\\\/extremebarcelona.com\\\/ca\\\/2026\\\/09\\\/01\\\/breaking-extreme-barcelona-18-aniversario\\\/#article\",\"isPartOf\":{\"@id\":\"https:\\\/\\\/extremebarcelona.com\\\/ca\\\/2026\\\/09\\\/01\\\/breaking-extreme-barcelona-18-aniversario\\\/\"},\"author\":{\"name\":\"Cristian Dedeu Van den Berg\",\"@id\":\"https:\\\/\\\/extremebarcelona.com\\\/#\\\/schema\\\/person\\\/0ab8e57dd9880fb0b11f077d9f23c4aa\"},\"headline\":\"El Breaking retumba en el 18 aniversario del Extreme Barcelona: \u00a1ritmo, batallas y cultura urbana en el Parc del F\u00f2rum!\",\"datePublished\":\"2026-09-01T15:58:49+00:00\",\"dateModified\":\"2026-09-02T08:15:50+00:00\",\"mainEntityOfPage\":{\"@id\":\"https:\\\/\\\/extremebarcelona.com\\\/ca\\\/2026\\\/09\\\/01\\\/breaking-extreme-barcelona-18-aniversario\\\/\"},\"wordCount\":560,\"publisher\":{\"@id\":\"https:\\\/\\\/extremebarcelona.com\\\/#organization\"},\"image\":{\"@id\":\"https:\\\/\\\/extremebarcelona.com\\\/ca\\\/2026\\\/09\\\/01\\\/breaking-extreme-barcelona-18-aniversario\\\/#primaryimage\"},\"thumbnailUrl\":\"https:\\\/\\\/extremebarcelona.com\\\/wp-content\\\/uploads\\\/2026\\\/09\\\/15.09.2023-PRESI-Y-JUECES-EXTREME-JPG-27-1-scaled.jpg\",\"keywords\":[\"2026\",\"barcelona\",\"extremebarcelona\",\"paint\",\"skate\",\"skateboarding\",\"skatepro\",\"urban\"],\"articleSection\":[\"Uncategorized @ca\"],\"inLanguage\":\"ca\"},{\"@type\":\"WebPage\",\"@id\":\"https:\\\/\\\/extremebarcelona.com\\\/ca\\\/2026\\\/09\\\/01\\\/breaking-extreme-barcelona-18-aniversario\\\/\",\"url\":\"https:\\\/\\\/extremebarcelona.com\\\/ca\\\/2026\\\/09\\\/01\\\/breaking-extreme-barcelona-18-aniversario\\\/\",\"name\":\"El Breaking retumba en el 18 aniversario del Extreme Barcelona: \u00a1ritmo, batallas y cultura urbana en el Parc del F\u00f2rum! - Extreme Barcelona\",\"isPartOf\":{\"@id\":\"https:\\\/\\\/extremebarcelona.com\\\/#website\"},\"primaryImageOfPage\":{\"@id\":\"https:\\\/\\\/extremebarcelona.com\\\/ca\\\/2026\\\/09\\\/01\\\/breaking-extreme-barcelona-18-aniversario\\\/#primaryimage\"},\"image\":{\"@id\":\"https:\\\/\\\/extremebarcelona.com\\\/ca\\\/2026\\\/09\\\/01\\\/breaking-extreme-barcelona-18-aniversario\\\/#primaryimage\"},\"thumbnailUrl\":\"https:\\\/\\\/extremebarcelona.com\\\/wp-content\\\/uploads\\\/2026\\\/09\\\/15.09.2023-PRESI-Y-JUECES-EXTREME-JPG-27-1-scaled.jpg\",\"datePublished\":\"2026-09-01T15:58:49+00:00\",\"dateModified\":\"2026-09-02T08:15:50+00:00\",\"description\":\"Disfruta del Breaking en el 18\u00ba aniversario del Extreme Barcelona. Batallas 1vs1, Krump y cultura urbana el 6 de septiembre en el Parc del F\u00f2rum.\",\"breadcrumb\":{\"@id\":\"https:\\\/\\\/extremebarcelona.com\\\/ca\\\/2026\\\/09\\\/01\\\/breaking-extreme-barcelona-18-aniversario\\\/#breadcrumb\"},\"inLanguage\":\"ca\",\"potentialAction\":[{\"@type\":\"ReadAction\",\"target\":[\"https:\\\/\\\/extremebarcelona.com\\\/ca\\\/2026\\\/09\\\/01\\\/breaking-extreme-barcelona-18-aniversario\\\/\"]}]},{\"@type\":\"ImageObject\",\"inLanguage\":\"ca\",\"@id\":\"https:\\\/\\\/extremebarcelona.com\\\/ca\\\/2026\\\/09\\\/01\\\/breaking-extreme-barcelona-18-aniversario\\\/#primaryimage\",\"url\":\"https:\\\/\\\/extremebarcelona.com\\\/wp-content\\\/uploads\\\/2026\\\/09\\\/15.09.2023-PRESI-Y-JUECES-EXTREME-JPG-27-1-scaled.jpg\",\"contentUrl\":\"https:\\\/\\\/extremebarcelona.com\\\/wp-content\\\/uploads\\\/2026\\\/09\\\/15.09.2023-PRESI-Y-JUECES-EXTREME-JPG-27-1-scaled.jpg\",\"width\":2560,\"height\":1707},{\"@type\":\"BreadcrumbList\",\"@id\":\"https:\\\/\\\/extremebarcelona.com\\\/ca\\\/2026\\\/09\\\/01\\\/breaking-extreme-barcelona-18-aniversario\\\/#breadcrumb\",\"itemListElement\":[{\"@type\":\"ListItem\",\"position\":1,\"name\":\"Portada\",\"item\":\"https:\\\/\\\/extremebarcelona.com\\\/\"},{\"@type\":\"ListItem\",\"position\":2,\"name\":\"El Breaking retumba en el 18 aniversario del Extreme Barcelona: \u00a1ritmo, batallas y cultura urbana en el Parc del F\u00f2rum!\"}]},{\"@type\":\"WebSite\",\"@id\":\"https:\\\/\\\/extremebarcelona.com\\\/#website\",\"url\":\"https:\\\/\\\/extremebarcelona.com\\\/\",\"name\":\"Extreme Barcelona\",\"description\":\"Otro sitio realizado con WordPress\",\"publisher\":{\"@id\":\"https:\\\/\\\/extremebarcelona.com\\\/#organization\"},\"potentialAction\":[{\"@type\":\"SearchAction\",\"target\":{\"@type\":\"EntryPoint\",\"urlTemplate\":\"https:\\\/\\\/extremebarcelona.com\\\/?s={search_term_string}\"},\"query-input\":{\"@type\":\"PropertyValueSpecification\",\"valueRequired\":true,\"valueName\":\"search_term_string\"}}],\"inLanguage\":\"ca\"},{\"@type\":\"Organization\",\"@id\":\"https:\\\/\\\/extremebarcelona.com\\\/#organization\",\"name\":\"Extreme Barcelona\",\"url\":\"https:\\\/\\\/extremebarcelona.com\\\/\",\"logo\":{\"@type\":\"ImageObject\",\"inLanguage\":\"ca\",\"@id\":\"https:\\\/\\\/extremebarcelona.com\\\/#\\\/schema\\\/logo\\\/image\\\/\",\"url\":\"https:\\\/\\\/extremebarcelona.com\\\/wp-content\\\/uploads\\\/2021\\\/04\\\/Logo-Extreme-2021.png\",\"contentUrl\":\"https:\\\/\\\/extremebarcelona.com\\\/wp-content\\\/uploads\\\/2021\\\/04\\\/Logo-Extreme-2021.png\",\"width\":500,\"height\":500,\"caption\":\"Extreme Barcelona\"},\"image\":{\"@id\":\"https:\\\/\\\/extremebarcelona.com\\\/#\\\/schema\\\/logo\\\/image\\\/\"}},{\"@type\":\"Person\",\"@id\":\"https:\\\/\\\/extremebarcelona.com\\\/#\\\/schema\\\/person\\\/0ab8e57dd9880fb0b11f077d9f23c4aa\",\"name\":\"Cristian Dedeu Van den Berg\",\"image\":{\"@type\":\"ImageObject\",\"inLanguage\":\"ca\",\"@id\":\"https:\\\/\\\/secure.gravatar.com\\\/avatar\\\/41e68b85b7fa9f2110fbebcd69e21f89425478ca6e1e8701732accd271a6b866?s=96&d=mm&r=g\",\"url\":\"https:\\\/\\\/secure.gravatar.com\\\/avatar\\\/41e68b85b7fa9f2110fbebcd69e21f89425478ca6e1e8701732accd271a6b866?s=96&d=mm&r=g\",\"contentUrl\":\"https:\\\/\\\/secure.gravatar.com\\\/avatar\\\/41e68b85b7fa9f2110fbebcd69e21f89425478ca6e1e8701732accd271a6b866?s=96&d=mm&r=g\",\"caption\":\"Cristian Dedeu Van den Berg\"}}]}<\/script>\n<!-- \/ Yoast SEO plugin. -->","yoast_head_json":{"title":"El Breaking retumba en el 18 aniversario del Extreme Barcelona: \u00a1ritmo, batallas y cultura urbana en el Parc del F\u00f2rum! - Extreme Barcelona","description":"Disfruta del Breaking en el 18\u00ba aniversario del Extreme Barcelona. Batallas 1vs1, Krump y cultura urbana el 6 de septiembre en el Parc del F\u00f2rum.","robots":{"index":"index","follow":"follow","max-snippet":"max-snippet:-1","max-image-preview":"max-image-preview:large","max-video-preview":"max-video-preview:-1"},"canonical":"https:\/\/extremebarcelona.com\/ca\/2026\/09\/01\/breaking-extreme-barcelona-18-aniversario\/","og_locale":"ca_ES","og_type":"article","og_title":"El Breaking retumba en el 18 aniversario del Extreme Barcelona: \u00a1ritmo, batallas y cultura urbana en el Parc del F\u00f2rum! - Extreme Barcelona","og_description":"Disfruta del Breaking en el 18\u00ba aniversario del Extreme Barcelona. Batallas 1vs1, Krump y cultura urbana el 6 de septiembre en el Parc del F\u00f2rum.","og_url":"https:\/\/extremebarcelona.com\/ca\/2026\/09\/01\/breaking-extreme-barcelona-18-aniversario\/","og_site_name":"Extreme Barcelona","article_published_time":"2026-09-01T15:58:49+00:00","article_modified_time":"2026-09-02T08:15:50+00:00","og_image":[{"width":2560,"height":1707,"url":"https:\/\/extremebarcelona.com\/wp-content\/uploads\/2026\/09\/15.09.2023-PRESI-Y-JUECES-EXTREME-JPG-27-1-scaled.jpg","type":"image\/jpeg"}],"author":"Cristian Dedeu Van den Berg","twitter_card":"summary_large_image","twitter_misc":{"Escrit per":"Cristian Dedeu Van den Berg","Temps estimat de lectura":"3 minuts"},"schema":{"@context":"https:\/\/schema.org","@graph":[{"@type":"NewsArticle","@id":"https:\/\/extremebarcelona.com\/ca\/2026\/09\/01\/breaking-extreme-barcelona-18-aniversario\/#article","isPartOf":{"@id":"https:\/\/extremebarcelona.com\/ca\/2026\/09\/01\/breaking-extreme-barcelona-18-aniversario\/"},"author":{"name":"Cristian Dedeu Van den Berg","@id":"https:\/\/extremebarcelona.com\/#\/schema\/person\/0ab8e57dd9880fb0b11f077d9f23c4aa"},"headline":"El Breaking retumba en el 18 aniversario del Extreme Barcelona: \u00a1ritmo, batallas y cultura urbana en el Parc del F\u00f2rum!","datePublished":"2026-09-01T15:58:49+00:00","dateModified":"2026-09-02T08:15:50+00:00","mainEntityOfPage":{"@id":"https:\/\/extremebarcelona.com\/ca\/2026\/09\/01\/breaking-extreme-barcelona-18-aniversario\/"},"wordCount":560,"publisher":{"@id":"https:\/\/extremebarcelona.com\/#organization"},"image":{"@id":"https:\/\/extremebarcelona.com\/ca\/2026\/09\/01\/breaking-extreme-barcelona-18-aniversario\/#primaryimage"},"thumbnailUrl":"https:\/\/extremebarcelona.com\/wp-content\/uploads\/2026\/09\/15.09.2023-PRESI-Y-JUECES-EXTREME-JPG-27-1-scaled.jpg","keywords":["2026","barcelona","extremebarcelona","paint","skate","skateboarding","skatepro","urban"],"articleSection":["Uncategorized @ca"],"inLanguage":"ca"},{"@type":"WebPage","@id":"https:\/\/extremebarcelona.com\/ca\/2026\/09\/01\/breaking-extreme-barcelona-18-aniversario\/","url":"https:\/\/extremebarcelona.com\/ca\/2026\/09\/01\/breaking-extreme-barcelona-18-aniversario\/","name":"El Breaking retumba en el 18 aniversario del Extreme Barcelona: \u00a1ritmo, batallas y cultura urbana en el Parc del F\u00f2rum! - Extreme Barcelona","isPartOf":{"@id":"https:\/\/extremebarcelona.com\/#website"},"primaryImageOfPage":{"@id":"https:\/\/extremebarcelona.com\/ca\/2026\/09\/01\/breaking-extreme-barcelona-18-aniversario\/#primaryimage"},"image":{"@id":"https:\/\/extremebarcelona.com\/ca\/2026\/09\/01\/breaking-extreme-barcelona-18-aniversario\/#primaryimage"},"thumbnailUrl":"https:\/\/extremebarcelona.com\/wp-content\/uploads\/2026\/09\/15.09.2023-PRESI-Y-JUECES-EXTREME-JPG-27-1-scaled.jpg","datePublished":"2026-09-01T15:58:49+00:00","dateModified":"2026-09-02T08:15:50+00:00","description":"Disfruta del Breaking en el 18\u00ba aniversario del Extreme Barcelona. Batallas 1vs1, Krump y cultura urbana el 6 de septiembre en el Parc del F\u00f2rum.","breadcrumb":{"@id":"https:\/\/extremebarcelona.com\/ca\/2026\/09\/01\/breaking-extreme-barcelona-18-aniversario\/#breadcrumb"},"inLanguage":"ca","potentialAction":[{"@type":"ReadAction","target":["https:\/\/extremebarcelona.com\/ca\/2026\/09\/01\/breaking-extreme-barcelona-18-aniversario\/"]}]},{"@type":"ImageObject","inLanguage":"ca","@id":"https:\/\/extremebarcelona.com\/ca\/2026\/09\/01\/breaking-extreme-barcelona-18-aniversario\/#primaryimage","url":"https:\/\/extremebarcelona.com\/wp-content\/uploads\/2026\/09\/15.09.2023-PRESI-Y-JUECES-EXTREME-JPG-27-1-scaled.jpg","contentUrl":"https:\/\/extremebarcelona.com\/wp-content\/uploads\/2026\/09\/15.09.2023-PRESI-Y-JUECES-EXTREME-JPG-27-1-scaled.jpg","width":2560,"height":1707},{"@type":"BreadcrumbList","@id":"https:\/\/extremebarcelona.com\/ca\/2026\/09\/01\/breaking-extreme-barcelona-18-aniversario\/#breadcrumb","itemListElement":[{"@type":"ListItem","position":1,"name":"Portada","item":"https:\/\/extremebarcelona.com\/"},{"@type":"ListItem","position":2,"name":"El Breaking retumba en el 18 aniversario del Extreme Barcelona: \u00a1ritmo, batallas y cultura urbana en el Parc del F\u00f2rum!"}]},{"@type":"WebSite","@id":"https:\/\/extremebarcelona.com\/#website","url":"https:\/\/extremebarcelona.com\/","name":"Extreme Barcelona","description":"Otro sitio realizado con WordPress","publisher":{"@id":"https:\/\/extremebarcelona.com\/#organization"},"potentialAction":[{"@type":"SearchAction","target":{"@type":"EntryPoint","urlTemplate":"https:\/\/extremebarcelona.com\/?s={search_term_string}"},"query-input":{"@type":"PropertyValueSpecification","valueRequired":true,"valueName":"search_term_string"}}],"inLanguage":"ca"},{"@type":"Organization","@id":"https:\/\/extremebarcelona.com\/#organization","name":"Extreme Barcelona","url":"https:\/\/extremebarcelona.com\/","logo":{"@type":"ImageObject","inLanguage":"ca","@id":"https:\/\/extremebarcelona.com\/#\/schema\/logo\/image\/","url":"https:\/\/extremebarcelona.com\/wp-content\/uploads\/2021\/04\/Logo-Extreme-2021.png","contentUrl":"https:\/\/extremebarcelona.com\/wp-content\/uploads\/2021\/04\/Logo-Extreme-2021.png","width":500,"height":500,"caption":"Extreme Barcelona"},"image":{"@id":"https:\/\/extremebarcelona.com\/#\/schema\/logo\/image\/"}},{"@type":"Person","@id":"https:\/\/extremebarcelona.com\/#\/schema\/person\/0ab8e57dd9880fb0b11f077d9f23c4aa","name":"Cristian Dedeu Van den Berg","image":{"@type":"ImageObject","inLanguage":"ca","@id":"https:\/\/secure.gravatar.com\/avatar\/41e68b85b7fa9f2110fbebcd69e21f89425478ca6e1e8701732accd271a6b866?s=96&d=mm&r=g","url":"https:\/\/secure.gravatar.com\/avatar\/41e68b85b7fa9f2110fbebcd69e21f89425478ca6e1e8701732accd271a6b866?s=96&d=mm&r=g","contentUrl":"https:\/\/secure.gravatar.com\/avatar\/41e68b85b7fa9f2110fbebcd69e21f89425478ca6e1e8701732accd271a6b866?s=96&d=mm&r=g","caption":"Cristian Dedeu Van den Berg"}}]}},"_links":{"self":[{"href":"https:\/\/extremebarcelona.com\/ca\/wp-json\/wp\/v2\/posts\/29040","targetHints":{"allow":["GET"]}}],"collection":[{"href":"https:\/\/extremebarcelona.com\/ca\/wp-json\/wp\/v2\/posts"}],"about":[{"href":"https:\/\/extremebarcelona.com\/ca\/wp-json\/wp\/v2\/types\/post"}],"author":[{"embeddable":true,"href":"https:\/\/extremebarcelona.com\/ca\/wp-json\/wp\/v2\/users\/15"}],"replies":[{"embeddable":true,"href":"https:\/\/extremebarcelona.com\/ca\/wp-json\/wp\/v2\/comments?post=29040"}],"version-history":[{"count":1,"href":"https:\/\/extremebarcelona.com\/ca\/wp-json\/wp\/v2\/posts\/29040\/revisions"}],"predecessor-version":[{"id":29042,"href":"https:\/\/extremebarcelona.com\/ca\/wp-json\/wp\/v2\/posts\/29040\/revisions\/29042"}],"wp:featuredmedia":[{"embeddable":true,"href":"https:\/\/extremebarcelona.com\/ca\/wp-json\/wp\/v2\/media\/29028"}],"wp:attachment":[{"href":"https:\/\/extremebarcelona.com\/ca\/wp-json\/wp\/v2\/media?parent=29040"}],"wp:term":[{"taxonomy":"category","embeddable":true,"href":"https:\/\/extremebarcelona.com\/ca\/wp-json\/wp\/v2\/categories?post=29040"},{"taxonomy":"post_tag","embeddable":true,"href":"https:\/\/extremebarcelona.com\/ca\/wp-json\/wp\/v2\/tags?post=29040"}],"curies":[{"name":"wp","href":"https:\/\/api.w.org\/{rel}","templated":true}]}}