{"id":25715,"date":"2025-07-23T14:08:32","date_gmt":"2025-07-23T12:08:32","guid":{"rendered":"https:\/\/extremebarcelona.com\/?p=25715"},"modified":"2025-08-13T15:41:27","modified_gmt":"2025-08-13T13:41:27","slug":"entradas-vip-extreme-barcelona-2025","status":"publish","type":"post","link":"https:\/\/extremebarcelona.com\/ca\/2025\/07\/23\/entradas-vip-extreme-barcelona-2025\/","title":{"rendered":"Gaudeix al m\u00e0xim de l&#8217;Extreme Barcelona amb les teves entrades VIP"},"content":{"rendered":"<p>[et_pb_section fb_built=&#8221;1&#8243; _builder_version=&#8221;4.18.0&#8243; _module_preset=&#8221;default&#8221; custom_padding=&#8221;0px|||||&#8221; global_colors_info=&#8221;{}&#8221;][et_pb_row _builder_version=&#8221;4.18.0&#8243; _module_preset=&#8221;default&#8221; global_colors_info=&#8221;{}&#8221;][et_pb_column type=&#8221;4_4&#8243; _builder_version=&#8221;4.18.0&#8243; _module_preset=&#8221;default&#8221; global_colors_info=&#8221;{}&#8221;][et_pb_image src=&#8221;https:\/\/extremebarcelona.com\/wp-content\/uploads\/2025\/07\/ENTRADAS-VIP_1080x1350px.jpeg&#8221; title_text=&#8221;ENTRADAS VIP_1080x1350px&#8221; _builder_version=&#8221;4.27.4&#8243; _module_preset=&#8221;default&#8221; global_colors_info=&#8221;{}&#8221;][\/et_pb_image][et_pb_text _builder_version=&#8221;4.27.4&#8243; _module_preset=&#8221;default&#8221; custom_padding=&#8221;||0px|||&#8221; global_colors_info=&#8221;{}&#8221;]<\/p>\n<ul>\n<li><strong>Un any m\u00e9s, l&#8217;Extreme Barcelona comptar\u00e0 amb una zona reservada amb tots els serveis i privilegis per viure una experi\u00e8ncia 100% VIP.<\/strong><\/li>\n<\/ul>\n<p data-start=\"175\" data-end=\"663\">La 17a edici\u00f3 de l&#8217;Extreme Barcelona se celebrar\u00e0 del 5 al 7 de setembre, un esdeveniment que reuneix els millors esports urbans i que s\u2019ha consolidat com a referent internacional. Un any m\u00e9s, l\u2019entrada al Parc del F\u00f2rum ser\u00e0 completament gratu\u00efta, per\u00f2 per a aquells que vulguin gaudir de l\u2019esdeveniment amb m\u00e9s comoditat i exclusivitat, estar\u00e0 disponible una zona VIP amb acc\u00e9s preferent a les millors vistes de les competicions del Central Park (Auditori 1), a m\u00e9s d\u2019un espai reservat.<\/p>\n<p data-start=\"665\" data-end=\"1090\">Aquesta zona privilegiada est\u00e0 estrat\u00e8gicament situada en una posici\u00f3 elevada, que ofereix una perspectiva immillorable de l\u2019espectacle. Des d\u2019all\u00e0, podr\u00e0s veure els millors riders internacionals de BMX i Scooter desplegar el seu talent en la lluita per la medalla, aix\u00ed com relaxar-te en una zona chill out equipada amb taules, seients i para-sols, mentre gaudeixes de l\u2019Open Bar amb snacks i begudes durant tota la jornada.<\/p>\n<p data-start=\"1092\" data-end=\"1254\">La millor manera de viure l\u2019Extreme Barcelona: amb ombra, una beguda a la m\u00e0 i una vista inigualable de les competicions m\u00e9s espectaculars de dissabte i diumenge.<\/p>\n<p>[\/et_pb_text][et_pb_button button_url=&#8221;https:\/\/www.eventbrite.com\/e\/extreme-barcelona-vip-experience-tickets-1510592415579?aff=oddtdtcreator&#8221; url_new_window=&#8221;on&#8221; button_text=&#8221;Comprala aqu\u00ed&#8221; button_alignment=&#8221;center&#8221; _builder_version=&#8221;4.27.4&#8243; _module_preset=&#8221;default&#8221; global_colors_info=&#8221;{}&#8221;][\/et_pb_button][\/et_pb_column][\/et_pb_row][et_pb_row column_structure=&#8221;1_2,1_2&#8243; _builder_version=&#8221;4.21.0&#8243; _module_preset=&#8221;default&#8221; global_colors_info=&#8221;{}&#8221;][et_pb_column type=&#8221;1_2&#8243; _builder_version=&#8221;4.21.0&#8243; _module_preset=&#8221;default&#8221; global_colors_info=&#8221;{}&#8221;][et_pb_image src=&#8221;https:\/\/extremebarcelona.com\/wp-content\/uploads\/2023\/07\/1-scaled.jpg&#8221; title_text=&#8221;1&#8243; align=&#8221;center&#8221; _builder_version=&#8221;4.27.4&#8243; _module_preset=&#8221;default&#8221; global_colors_info=&#8221;{}&#8221;][\/et_pb_image][\/et_pb_column][et_pb_column type=&#8221;1_2&#8243; _builder_version=&#8221;4.21.0&#8243; _module_preset=&#8221;default&#8221; global_colors_info=&#8221;{}&#8221;][et_pb_image src=&#8221;https:\/\/extremebarcelona.com\/wp-content\/uploads\/2023\/07\/2-scaled.jpg&#8221; title_text=&#8221;2&#8243; align=&#8221;center&#8221; _builder_version=&#8221;4.27.4&#8243; _module_preset=&#8221;default&#8221; global_colors_info=&#8221;{}&#8221;][\/et_pb_image][\/et_pb_column][\/et_pb_row][\/et_pb_section]<\/p>\n","protected":false},"excerpt":{"rendered":"<p>Un any m\u00e9s, l&#8217;Extreme Barcelona comptar\u00e0 amb una \u00e0rea reservada amb tots els serveis i privilegis per a una experi\u00e8ncia premium.<\/p>\n","protected":false},"author":8,"featured_media":25700,"comment_status":"closed","ping_status":"closed","sticky":false,"template":"","format":"standard","meta":{"_et_pb_use_builder":"on","_et_pb_old_content":"","_et_gb_content_width":"","footnotes":""},"categories":[20],"tags":[722,846,327,847],"class_list":["post-25715","post","type-post","status-publish","format-standard","has-post-thumbnail","hentry","category-noticies","tag-bcn-ca","tag-extreme-bacelona-ca","tag-urban-sports-ca","tag-vip-ca"],"yoast_head":"<!-- This site is optimized with the Yoast SEO plugin v27.2 - https:\/\/yoast.com\/product\/yoast-seo-wordpress\/ -->\n<title>Entradas VIP para el Extreme Barcelona 2025<\/title>\n<meta name=\"description\" content=\"Un any m\u00e9s, l&#039;Extreme Barcelona comptar\u00e0 amb una \u00e0rea reservada amb tots els serveis i privilegis per a una experi\u00e8ncia premium.\" \/>\n<meta name=\"robots\" content=\"index, follow, max-snippet:-1, max-image-preview:large, max-video-preview:-1\" \/>\n<link rel=\"canonical\" href=\"https:\/\/extremebarcelona.com\/ca\/2025\/07\/23\/entradas-vip-extreme-barcelona-2025\/\" \/>\n<meta property=\"og:locale\" content=\"ca_ES\" \/>\n<meta property=\"og:type\" content=\"article\" \/>\n<meta property=\"og:title\" content=\"Entradas VIP para el Extreme Barcelona 2025\" \/>\n<meta property=\"og:description\" content=\"Un any m\u00e9s, l&#039;Extreme Barcelona comptar\u00e0 amb una \u00e0rea reservada amb tots els serveis i privilegis per a una experi\u00e8ncia premium.\" \/>\n<meta property=\"og:url\" content=\"https:\/\/extremebarcelona.com\/ca\/2025\/07\/23\/entradas-vip-extreme-barcelona-2025\/\" \/>\n<meta property=\"og:site_name\" content=\"Extreme Barcelona\" \/>\n<meta property=\"article:published_time\" content=\"2025-07-23T12:08:32+00:00\" \/>\n<meta property=\"article:modified_time\" content=\"2025-08-13T13:41:27+00:00\" \/>\n<meta property=\"og:image\" content=\"https:\/\/extremebarcelona.com\/wp-content\/uploads\/2025\/07\/ENTRADAS-VIP_2160x1080px.jpeg\" \/>\n\t<meta property=\"og:image:width\" content=\"2160\" \/>\n\t<meta property=\"og:image:height\" content=\"1080\" \/>\n\t<meta property=\"og:image:type\" content=\"image\/jpeg\" \/>\n<meta name=\"author\" content=\"UWS\" \/>\n<meta name=\"twitter:card\" content=\"summary_large_image\" \/>\n<meta name=\"twitter:label1\" content=\"Escrit per\" \/>\n\t<meta name=\"twitter:data1\" content=\"UWS\" \/>\n\t<meta name=\"twitter:label2\" content=\"Temps estimat de lectura\" \/>\n\t<meta name=\"twitter:data2\" content=\"2 minuts\" \/>\n<script type=\"application\/ld+json\" class=\"yoast-schema-graph\">{\"@context\":\"https:\/\/schema.org\",\"@graph\":[{\"@type\":\"NewsArticle\",\"@id\":\"https:\/\/extremebarcelona.com\/ca\/2025\/07\/23\/entradas-vip-extreme-barcelona-2025\/#article\",\"isPartOf\":{\"@id\":\"https:\/\/extremebarcelona.com\/ca\/2025\/07\/23\/entradas-vip-extreme-barcelona-2025\/\"},\"author\":{\"name\":\"UWS\",\"@id\":\"https:\/\/extremebarcelona.com\/#\/schema\/person\/84bb7d2facd51100910ca1df9186891e\"},\"headline\":\"Gaudeix al m\u00e0xim de l&#8217;Extreme Barcelona amb les teves entrades VIP\",\"datePublished\":\"2025-07-23T12:08:32+00:00\",\"dateModified\":\"2025-08-13T13:41:27+00:00\",\"mainEntityOfPage\":{\"@id\":\"https:\/\/extremebarcelona.com\/ca\/2025\/07\/23\/entradas-vip-extreme-barcelona-2025\/\"},\"wordCount\":453,\"publisher\":{\"@id\":\"https:\/\/extremebarcelona.com\/#organization\"},\"image\":{\"@id\":\"https:\/\/extremebarcelona.com\/ca\/2025\/07\/23\/entradas-vip-extreme-barcelona-2025\/#primaryimage\"},\"thumbnailUrl\":\"https:\/\/extremebarcelona.com\/wp-content\/uploads\/2025\/07\/ENTRADAS-VIP_2160x1080px.jpeg\",\"keywords\":[\"bcn\",\"EXTREME BACELONA\",\"urban sports\",\"vip\"],\"articleSection\":[\"Noticies\"],\"inLanguage\":\"ca\"},{\"@type\":\"WebPage\",\"@id\":\"https:\/\/extremebarcelona.com\/ca\/2025\/07\/23\/entradas-vip-extreme-barcelona-2025\/\",\"url\":\"https:\/\/extremebarcelona.com\/ca\/2025\/07\/23\/entradas-vip-extreme-barcelona-2025\/\",\"name\":\"Entradas VIP para el Extreme Barcelona 2025\",\"isPartOf\":{\"@id\":\"https:\/\/extremebarcelona.com\/#website\"},\"primaryImageOfPage\":{\"@id\":\"https:\/\/extremebarcelona.com\/ca\/2025\/07\/23\/entradas-vip-extreme-barcelona-2025\/#primaryimage\"},\"image\":{\"@id\":\"https:\/\/extremebarcelona.com\/ca\/2025\/07\/23\/entradas-vip-extreme-barcelona-2025\/#primaryimage\"},\"thumbnailUrl\":\"https:\/\/extremebarcelona.com\/wp-content\/uploads\/2025\/07\/ENTRADAS-VIP_2160x1080px.jpeg\",\"datePublished\":\"2025-07-23T12:08:32+00:00\",\"dateModified\":\"2025-08-13T13:41:27+00:00\",\"description\":\"Un any m\u00e9s, l'Extreme Barcelona comptar\u00e0 amb una \u00e0rea reservada amb tots els serveis i privilegis per a una experi\u00e8ncia premium.\",\"breadcrumb\":{\"@id\":\"https:\/\/extremebarcelona.com\/ca\/2025\/07\/23\/entradas-vip-extreme-barcelona-2025\/#breadcrumb\"},\"inLanguage\":\"ca\",\"potentialAction\":[{\"@type\":\"ReadAction\",\"target\":[\"https:\/\/extremebarcelona.com\/ca\/2025\/07\/23\/entradas-vip-extreme-barcelona-2025\/\"]}]},{\"@type\":\"ImageObject\",\"inLanguage\":\"ca\",\"@id\":\"https:\/\/extremebarcelona.com\/ca\/2025\/07\/23\/entradas-vip-extreme-barcelona-2025\/#primaryimage\",\"url\":\"https:\/\/extremebarcelona.com\/wp-content\/uploads\/2025\/07\/ENTRADAS-VIP_2160x1080px.jpeg\",\"contentUrl\":\"https:\/\/extremebarcelona.com\/wp-content\/uploads\/2025\/07\/ENTRADAS-VIP_2160x1080px.jpeg\",\"width\":2160,\"height\":1080},{\"@type\":\"BreadcrumbList\",\"@id\":\"https:\/\/extremebarcelona.com\/ca\/2025\/07\/23\/entradas-vip-extreme-barcelona-2025\/#breadcrumb\",\"itemListElement\":[{\"@type\":\"ListItem\",\"position\":1,\"name\":\"Portada\",\"item\":\"https:\/\/extremebarcelona.com\/\"},{\"@type\":\"ListItem\",\"position\":2,\"name\":\"Gaudeix al m\u00e0xim de l&#8217;Extreme Barcelona amb les teves entrades VIP\"}]},{\"@type\":\"WebSite\",\"@id\":\"https:\/\/extremebarcelona.com\/#website\",\"url\":\"https:\/\/extremebarcelona.com\/\",\"name\":\"Extreme Barcelona\",\"description\":\"Otro sitio realizado con WordPress\",\"publisher\":{\"@id\":\"https:\/\/extremebarcelona.com\/#organization\"},\"potentialAction\":[{\"@type\":\"SearchAction\",\"target\":{\"@type\":\"EntryPoint\",\"urlTemplate\":\"https:\/\/extremebarcelona.com\/?s={search_term_string}\"},\"query-input\":{\"@type\":\"PropertyValueSpecification\",\"valueRequired\":true,\"valueName\":\"search_term_string\"}}],\"inLanguage\":\"ca\"},{\"@type\":\"Organization\",\"@id\":\"https:\/\/extremebarcelona.com\/#organization\",\"name\":\"Extreme Barcelona\",\"url\":\"https:\/\/extremebarcelona.com\/\",\"logo\":{\"@type\":\"ImageObject\",\"inLanguage\":\"ca\",\"@id\":\"https:\/\/extremebarcelona.com\/#\/schema\/logo\/image\/\",\"url\":\"https:\/\/extremebarcelona.com\/wp-content\/uploads\/2021\/04\/Logo-Extreme-2021.png\",\"contentUrl\":\"https:\/\/extremebarcelona.com\/wp-content\/uploads\/2021\/04\/Logo-Extreme-2021.png\",\"width\":500,\"height\":500,\"caption\":\"Extreme Barcelona\"},\"image\":{\"@id\":\"https:\/\/extremebarcelona.com\/#\/schema\/logo\/image\/\"}},{\"@type\":\"Person\",\"@id\":\"https:\/\/extremebarcelona.com\/#\/schema\/person\/84bb7d2facd51100910ca1df9186891e\",\"name\":\"UWS\",\"image\":{\"@type\":\"ImageObject\",\"inLanguage\":\"ca\",\"@id\":\"https:\/\/secure.gravatar.com\/avatar\/41b930374ee41e318f6457172bd2f6e300b1872879ecb443d692bea8dad136f9?s=96&d=mm&r=g\",\"url\":\"https:\/\/secure.gravatar.com\/avatar\/41b930374ee41e318f6457172bd2f6e300b1872879ecb443d692bea8dad136f9?s=96&d=mm&r=g\",\"contentUrl\":\"https:\/\/secure.gravatar.com\/avatar\/41b930374ee41e318f6457172bd2f6e300b1872879ecb443d692bea8dad136f9?s=96&d=mm&r=g\",\"caption\":\"UWS\"}}]}<\/script>\n<!-- \/ Yoast SEO plugin. -->","yoast_head_json":{"title":"Entradas VIP para el Extreme Barcelona 2025","description":"Un any m\u00e9s, l'Extreme Barcelona comptar\u00e0 amb una \u00e0rea reservada amb tots els serveis i privilegis per a una experi\u00e8ncia premium.","robots":{"index":"index","follow":"follow","max-snippet":"max-snippet:-1","max-image-preview":"max-image-preview:large","max-video-preview":"max-video-preview:-1"},"canonical":"https:\/\/extremebarcelona.com\/ca\/2025\/07\/23\/entradas-vip-extreme-barcelona-2025\/","og_locale":"ca_ES","og_type":"article","og_title":"Entradas VIP para el Extreme Barcelona 2025","og_description":"Un any m\u00e9s, l'Extreme Barcelona comptar\u00e0 amb una \u00e0rea reservada amb tots els serveis i privilegis per a una experi\u00e8ncia premium.","og_url":"https:\/\/extremebarcelona.com\/ca\/2025\/07\/23\/entradas-vip-extreme-barcelona-2025\/","og_site_name":"Extreme Barcelona","article_published_time":"2025-07-23T12:08:32+00:00","article_modified_time":"2025-08-13T13:41:27+00:00","og_image":[{"width":2160,"height":1080,"url":"https:\/\/extremebarcelona.com\/wp-content\/uploads\/2025\/07\/ENTRADAS-VIP_2160x1080px.jpeg","type":"image\/jpeg"}],"author":"UWS","twitter_card":"summary_large_image","twitter_misc":{"Escrit per":"UWS","Temps estimat de lectura":"2 minuts"},"schema":{"@context":"https:\/\/schema.org","@graph":[{"@type":"NewsArticle","@id":"https:\/\/extremebarcelona.com\/ca\/2025\/07\/23\/entradas-vip-extreme-barcelona-2025\/#article","isPartOf":{"@id":"https:\/\/extremebarcelona.com\/ca\/2025\/07\/23\/entradas-vip-extreme-barcelona-2025\/"},"author":{"name":"UWS","@id":"https:\/\/extremebarcelona.com\/#\/schema\/person\/84bb7d2facd51100910ca1df9186891e"},"headline":"Gaudeix al m\u00e0xim de l&#8217;Extreme Barcelona amb les teves entrades VIP","datePublished":"2025-07-23T12:08:32+00:00","dateModified":"2025-08-13T13:41:27+00:00","mainEntityOfPage":{"@id":"https:\/\/extremebarcelona.com\/ca\/2025\/07\/23\/entradas-vip-extreme-barcelona-2025\/"},"wordCount":453,"publisher":{"@id":"https:\/\/extremebarcelona.com\/#organization"},"image":{"@id":"https:\/\/extremebarcelona.com\/ca\/2025\/07\/23\/entradas-vip-extreme-barcelona-2025\/#primaryimage"},"thumbnailUrl":"https:\/\/extremebarcelona.com\/wp-content\/uploads\/2025\/07\/ENTRADAS-VIP_2160x1080px.jpeg","keywords":["bcn","EXTREME BACELONA","urban sports","vip"],"articleSection":["Noticies"],"inLanguage":"ca"},{"@type":"WebPage","@id":"https:\/\/extremebarcelona.com\/ca\/2025\/07\/23\/entradas-vip-extreme-barcelona-2025\/","url":"https:\/\/extremebarcelona.com\/ca\/2025\/07\/23\/entradas-vip-extreme-barcelona-2025\/","name":"Entradas VIP para el Extreme Barcelona 2025","isPartOf":{"@id":"https:\/\/extremebarcelona.com\/#website"},"primaryImageOfPage":{"@id":"https:\/\/extremebarcelona.com\/ca\/2025\/07\/23\/entradas-vip-extreme-barcelona-2025\/#primaryimage"},"image":{"@id":"https:\/\/extremebarcelona.com\/ca\/2025\/07\/23\/entradas-vip-extreme-barcelona-2025\/#primaryimage"},"thumbnailUrl":"https:\/\/extremebarcelona.com\/wp-content\/uploads\/2025\/07\/ENTRADAS-VIP_2160x1080px.jpeg","datePublished":"2025-07-23T12:08:32+00:00","dateModified":"2025-08-13T13:41:27+00:00","description":"Un any m\u00e9s, l'Extreme Barcelona comptar\u00e0 amb una \u00e0rea reservada amb tots els serveis i privilegis per a una experi\u00e8ncia premium.","breadcrumb":{"@id":"https:\/\/extremebarcelona.com\/ca\/2025\/07\/23\/entradas-vip-extreme-barcelona-2025\/#breadcrumb"},"inLanguage":"ca","potentialAction":[{"@type":"ReadAction","target":["https:\/\/extremebarcelona.com\/ca\/2025\/07\/23\/entradas-vip-extreme-barcelona-2025\/"]}]},{"@type":"ImageObject","inLanguage":"ca","@id":"https:\/\/extremebarcelona.com\/ca\/2025\/07\/23\/entradas-vip-extreme-barcelona-2025\/#primaryimage","url":"https:\/\/extremebarcelona.com\/wp-content\/uploads\/2025\/07\/ENTRADAS-VIP_2160x1080px.jpeg","contentUrl":"https:\/\/extremebarcelona.com\/wp-content\/uploads\/2025\/07\/ENTRADAS-VIP_2160x1080px.jpeg","width":2160,"height":1080},{"@type":"BreadcrumbList","@id":"https:\/\/extremebarcelona.com\/ca\/2025\/07\/23\/entradas-vip-extreme-barcelona-2025\/#breadcrumb","itemListElement":[{"@type":"ListItem","position":1,"name":"Portada","item":"https:\/\/extremebarcelona.com\/"},{"@type":"ListItem","position":2,"name":"Gaudeix al m\u00e0xim de l&#8217;Extreme Barcelona amb les teves entrades VIP"}]},{"@type":"WebSite","@id":"https:\/\/extremebarcelona.com\/#website","url":"https:\/\/extremebarcelona.com\/","name":"Extreme Barcelona","description":"Otro sitio realizado con WordPress","publisher":{"@id":"https:\/\/extremebarcelona.com\/#organization"},"potentialAction":[{"@type":"SearchAction","target":{"@type":"EntryPoint","urlTemplate":"https:\/\/extremebarcelona.com\/?s={search_term_string}"},"query-input":{"@type":"PropertyValueSpecification","valueRequired":true,"valueName":"search_term_string"}}],"inLanguage":"ca"},{"@type":"Organization","@id":"https:\/\/extremebarcelona.com\/#organization","name":"Extreme Barcelona","url":"https:\/\/extremebarcelona.com\/","logo":{"@type":"ImageObject","inLanguage":"ca","@id":"https:\/\/extremebarcelona.com\/#\/schema\/logo\/image\/","url":"https:\/\/extremebarcelona.com\/wp-content\/uploads\/2021\/04\/Logo-Extreme-2021.png","contentUrl":"https:\/\/extremebarcelona.com\/wp-content\/uploads\/2021\/04\/Logo-Extreme-2021.png","width":500,"height":500,"caption":"Extreme Barcelona"},"image":{"@id":"https:\/\/extremebarcelona.com\/#\/schema\/logo\/image\/"}},{"@type":"Person","@id":"https:\/\/extremebarcelona.com\/#\/schema\/person\/84bb7d2facd51100910ca1df9186891e","name":"UWS","image":{"@type":"ImageObject","inLanguage":"ca","@id":"https:\/\/secure.gravatar.com\/avatar\/41b930374ee41e318f6457172bd2f6e300b1872879ecb443d692bea8dad136f9?s=96&d=mm&r=g","url":"https:\/\/secure.gravatar.com\/avatar\/41b930374ee41e318f6457172bd2f6e300b1872879ecb443d692bea8dad136f9?s=96&d=mm&r=g","contentUrl":"https:\/\/secure.gravatar.com\/avatar\/41b930374ee41e318f6457172bd2f6e300b1872879ecb443d692bea8dad136f9?s=96&d=mm&r=g","caption":"UWS"}}]}},"_links":{"self":[{"href":"https:\/\/extremebarcelona.com\/ca\/wp-json\/wp\/v2\/posts\/25715","targetHints":{"allow":["GET"]}}],"collection":[{"href":"https:\/\/extremebarcelona.com\/ca\/wp-json\/wp\/v2\/posts"}],"about":[{"href":"https:\/\/extremebarcelona.com\/ca\/wp-json\/wp\/v2\/types\/post"}],"author":[{"embeddable":true,"href":"https:\/\/extremebarcelona.com\/ca\/wp-json\/wp\/v2\/users\/8"}],"replies":[{"embeddable":true,"href":"https:\/\/extremebarcelona.com\/ca\/wp-json\/wp\/v2\/comments?post=25715"}],"version-history":[{"count":5,"href":"https:\/\/extremebarcelona.com\/ca\/wp-json\/wp\/v2\/posts\/25715\/revisions"}],"predecessor-version":[{"id":25979,"href":"https:\/\/extremebarcelona.com\/ca\/wp-json\/wp\/v2\/posts\/25715\/revisions\/25979"}],"wp:featuredmedia":[{"embeddable":true,"href":"https:\/\/extremebarcelona.com\/ca\/wp-json\/wp\/v2\/media\/25700"}],"wp:attachment":[{"href":"https:\/\/extremebarcelona.com\/ca\/wp-json\/wp\/v2\/media?parent=25715"}],"wp:term":[{"taxonomy":"category","embeddable":true,"href":"https:\/\/extremebarcelona.com\/ca\/wp-json\/wp\/v2\/categories?post=25715"},{"taxonomy":"post_tag","embeddable":true,"href":"https:\/\/extremebarcelona.com\/ca\/wp-json\/wp\/v2\/tags?post=25715"}],"curies":[{"name":"wp","href":"https:\/\/api.w.org\/{rel}","templated":true}]}}