{"id":23019,"date":"2024-08-22T11:49:43","date_gmt":"2024-08-22T09:49:43","guid":{"rendered":"https:\/\/extremebarcelona.com\/2024\/08\/22\/extremebarcelona2024-victoriashoes\/"},"modified":"2024-08-22T12:22:20","modified_gmt":"2024-08-22T10:22:20","slug":"extremebarcelona2024-victoriashoes","status":"publish","type":"post","link":"https:\/\/extremebarcelona.com\/ca\/2024\/08\/22\/extremebarcelona2024-victoriashoes\/","title":{"rendered":"Victoria Shoes s&#8217;uneix a l&#8217;Extreme Barcelona com Official Footwear Partner"},"content":{"rendered":"<p>[et_pb_section fb_built=&#8221;1&#8243; admin_label=&#8221;Secci\u00f3n&#8221; _builder_version=&#8221;4.23.1&#8243; _module_preset=&#8221;default&#8221; global_colors_info=&#8221;{}&#8221;][et_pb_row column_structure=&#8221;1_2,1_2&#8243; _builder_version=&#8221;4.25.2&#8243; _module_preset=&#8221;default&#8221; global_colors_info=&#8221;{}&#8221;][et_pb_column type=&#8221;1_2&#8243; _builder_version=&#8221;4.25.2&#8243; _module_preset=&#8221;default&#8221; global_colors_info=&#8221;{}&#8221;][et_pb_image src=&#8221;https:\/\/extremebarcelona.com\/wp-content\/uploads\/2024\/07\/AW24_1985_8806102Marino02-scaled.jpg&#8221; alt=&#8221;Victoria Shoes&#8221; title_text=&#8221;AW24_1985_8806102Marino02&#8243; _builder_version=&#8221;4.25.2&#8243; _module_preset=&#8221;default&#8221; global_colors_info=&#8221;{}&#8221;][\/et_pb_image][\/et_pb_column][et_pb_column type=&#8221;1_2&#8243; _builder_version=&#8221;4.25.2&#8243; _module_preset=&#8221;default&#8221; global_colors_info=&#8221;{}&#8221;][et_pb_image src=&#8221;https:\/\/extremebarcelona.com\/wp-content\/uploads\/2024\/07\/AW24_1985_8806101Kaki02-scaled.jpg&#8221; alt=&#8221;Victoria Shoes&#8221; title_text=&#8221;AW24_1985_8806101Kaki02&#8243; _builder_version=&#8221;4.25.2&#8243; _module_preset=&#8221;default&#8221; global_colors_info=&#8221;{}&#8221;][\/et_pb_image][\/et_pb_column][\/et_pb_row][et_pb_row _builder_version=&#8221;4.23.1&#8243; _module_preset=&#8221;default&#8221; global_colors_info=&#8221;{}&#8221;][et_pb_column type=&#8221;4_4&#8243; _builder_version=&#8221;4.23.1&#8243; _module_preset=&#8221;default&#8221; global_colors_info=&#8221;{}&#8221;][et_pb_text admin_label=&#8221;subtitulos&#8221; _builder_version=&#8221;4.25.2&#8243; _module_preset=&#8221;default&#8221; hover_enabled=&#8221;0&#8243; global_colors_info=&#8221;{}&#8221; sticky_enabled=&#8221;0&#8243;]<\/p>\n<ul>\n<li><b>Victoria Shoes es converteix en Patrocinador Oficial i Offical Footwear Partner d\u00b4Extreme Barcelona.<\/b><\/li>\n<li><strong>La marca espanyola de cal\u00e7at tindr\u00e0 un estand al Market de l&#8217;Extreme Barcelona amb exhibicions, Pumptrack per al p\u00fablic i tot l&#8217;staff de l&#8217;esdeveniment gaudir\u00e0 de les sabatilles amb la famosa &#8220;V&#8221;.<\/strong><\/li>\n<\/ul>\n<p>[\/et_pb_text][et_pb_text _builder_version=&#8221;4.25.2&#8243; _module_preset=&#8221;default&#8221; global_colors_info=&#8221;{}&#8221;]<\/p>\n<p>Extreme Barcelona, \u200b\u200bel festival d&#8217;esports urbans m\u00e9s emblem\u00e0tic de la ciutat comtal, celebra la 16a edici\u00f3 amb una altra gran novetat: la incorporaci\u00f3 del <strong><a href=\"https:\/\/www.instagram.com\/p\/C-97RrxoklY\/?hl=es\">Victoria Shoes<\/a> <\/strong>com a <strong>Patrocinador Oficial i Official Footwear Partner<\/strong> de l&#8217;esdeveniment.<\/p>\n<p>Durant tres dies, Barcelona i el Parc del F\u00f2rum es transformaran en el protagonista absolut dels Urban Sports: Skate, BMX, Scooter, Breaking, Surf Skate, Basket 3&#215;3 i Freestyle Trampoline.<\/p>\n<p><strong>Una marca \u00fanica<\/strong><\/p>\n<p>El 1915, en un petit poble de La Rioja, al nord d&#8217;Espanya, Gregorio va tenir la idea de crear una sabatilla a la qual va posar el nom del seu primer amor, la seva dona Vict\u00f2ria.<\/p>\n<p>A l&#8217;afany per millorar les tradicionals espardenyes que es produ\u00efen a l&#8217;\u00e8poca amb una sola de goma, es va incorporar la recent inventada t\u00e8cnica del vulcanitzat als anys 50. Va ser llavors quan va n\u00e9ixer la m\u00edtica sabatilla Vict\u00f2ria de lona, \u200b\u200bque als anys 80 va arribar convertir-se en el s\u00edmbol de tota una generaci\u00f3.<\/p>\n<p>La \u201cV\u201d de vict\u00f2ria ha estat present a les nostres sabatilles des de gaireb\u00e9 l&#8217;inici de la nostra hist\u00f2ria, el registre m\u00e9s antic que conservem \u00e9s del 1977. El 1985 vam registrar la nostra \u201cV\u201d signatura bicolor, gaireb\u00e9 40 anys despr\u00e9s, li vam rendir homenatge amb una col\u00b7lecci\u00f3 de sneakers d&#8217;esperit retro inspirats en els nostres models de la d\u00e8cada dels 80.<\/p>\n<p>[\/et_pb_text][\/et_pb_column][\/et_pb_row][et_pb_row column_structure=&#8221;1_2,1_2&#8243; _builder_version=&#8221;4.25.0&#8243; _module_preset=&#8221;default&#8221; global_colors_info=&#8221;{}&#8221;][et_pb_column type=&#8221;1_2&#8243; _builder_version=&#8221;4.25.0&#8243; _module_preset=&#8221;default&#8221; global_colors_info=&#8221;{}&#8221;][et_pb_image src=&#8221;https:\/\/extremebarcelona.com\/wp-content\/uploads\/2024\/07\/v1985.png&#8221; alt=&#8221;Victoria Shoes&#8221; title_text=&#8221;v1985&#8243; _builder_version=&#8221;4.25.2&#8243; _module_preset=&#8221;default&#8221; global_colors_info=&#8221;{}&#8221;][\/et_pb_image][\/et_pb_column][et_pb_column type=&#8221;1_2&#8243; _builder_version=&#8221;4.25.0&#8243; _module_preset=&#8221;default&#8221; global_colors_info=&#8221;{}&#8221;][et_pb_image src=&#8221;https:\/\/extremebarcelona.com\/wp-content\/uploads\/2024\/07\/v-shoes.png&#8221; alt=&#8221;Victoria Shoes&#8221; title_text=&#8221;v shoes&#8221; _builder_version=&#8221;4.25.2&#8243; _module_preset=&#8221;default&#8221; global_colors_info=&#8221;{}&#8221;][\/et_pb_image][\/et_pb_column][\/et_pb_row][et_pb_row _builder_version=&#8221;4.25.2&#8243; _module_preset=&#8221;default&#8221; global_colors_info=&#8221;{}&#8221;][et_pb_column type=&#8221;4_4&#8243; _builder_version=&#8221;4.25.2&#8243; _module_preset=&#8221;default&#8221; global_colors_info=&#8221;{}&#8221;][et_pb_text _builder_version=&#8221;4.25.2&#8243; _module_preset=&#8221;default&#8221; global_colors_info=&#8221;{}&#8221;]<\/p>\n<p><strong>Un esdeveniment per a tota la fam\u00edlia<\/strong><\/p>\n<p>Extreme Barcelona \u00e9s un esdeveniment gratu\u00eft i obert a tot el p\u00fablic i l&#8217;entrada al Parc del F\u00f2rum \u00e9s lliure, fet que converteix aquest festival en una oportunitat \u00fanica per gaudir d&#8217;un cap de setmana ple d&#8217;adrenalina, m\u00fasica i espectacle per a tota la fam\u00edlia .<\/p>\n<p>Aquest any comptar\u00e0 amb competicions internacionals de Skate i Scootering, Prova C1 Mundial de BMX, Campionat d&#8217;Espanya de Breaking i BMX, Campionat del m\u00f3n de Freestyle Trampoline, skate parks oberts al p\u00fablic, Market, Foodtrucks i molt m\u00e9s!<\/p>\n<p><strong>Apunta la data: del 13 al 15 de setembre al Parc del F\u00f2rum.<\/strong> Viu l&#8217;emoci\u00f3 dels esports urbans a la 16a edici\u00f3 de l&#8217;Extreme Barcelona i prepara&#8217;t per passar un cap de setmana memorable.<\/p>\n<p>\u200b<\/p>\n<p>[\/et_pb_text][et_pb_image src=&#8221;https:\/\/extremebarcelona.com\/wp-content\/uploads\/2024\/07\/@raimonrg_ExtremeBCN23_BMXPark-Final_-2-scaled.jpg&#8221; alt=&#8221;Victoria Shoes&#8221; title_text=&#8221;@raimonrg_ExtremeBCN23_BMXPark Final_-2&#8243; _builder_version=&#8221;4.25.2&#8243; _module_preset=&#8221;default&#8221; global_colors_info=&#8221;{}&#8221;][\/et_pb_image][\/et_pb_column][\/et_pb_row][\/et_pb_section]<\/p>\n","protected":false},"excerpt":{"rendered":"<p>La marca espanyola de cal\u00e7at, Victoria, es converteix en Patrocinador Oficial i Official Footwear Partner de l&#8217;Extreme Barcelona 2024.<\/p>\n","protected":false},"author":8,"featured_media":22691,"comment_status":"closed","ping_status":"closed","sticky":false,"template":"","format":"standard","meta":{"_et_pb_use_builder":"on","_et_pb_old_content":"","_et_gb_content_width":"","footnotes":""},"categories":[20],"tags":[93,109,402,700,756,112,757,98,139,160,758],"class_list":["post-23019","post","type-post","status-publish","format-standard","has-post-thumbnail","hentry","category-noticies","tag-barcelona-ca","tag-bmx-ca","tag-breaking-ca","tag-extremebarcelona-ca","tag-footwear-ca","tag-scooter-ca","tag-shoes-ca","tag-skate-ca","tag-skateboard","tag-skateboarding-ca","tag-victoria-ca"],"yoast_head":"<!-- This site is optimized with the Yoast SEO plugin v27.2 - https:\/\/yoast.com\/product\/yoast-seo-wordpress\/ -->\n<title>Victoria Shoes, Patrocinador Oficial de l&#039;Extreme Barcelona<\/title>\n<meta name=\"description\" content=\"La marca espanyola de cal\u00e7at es converteix en Patrocinador Oficial i Official Footwear Partner de l&#039;Extreme Barcelona 2024.\" \/>\n<meta name=\"robots\" content=\"index, follow, max-snippet:-1, max-image-preview:large, max-video-preview:-1\" \/>\n<link rel=\"canonical\" href=\"https:\/\/extremebarcelona.com\/en\/2024\/08\/22\/extremebarcelona2024-victoriashoes\/\" \/>\n<meta property=\"og:locale\" content=\"ca_ES\" \/>\n<meta property=\"og:type\" content=\"article\" \/>\n<meta property=\"og:title\" content=\"Victoria Shoes, Patrocinador Oficial de l&#039;Extreme Barcelona\" \/>\n<meta property=\"og:description\" content=\"La marca espanyola de cal\u00e7at es converteix en Patrocinador Oficial i Official Footwear Partner de l&#039;Extreme Barcelona 2024.\" \/>\n<meta property=\"og:url\" content=\"https:\/\/extremebarcelona.com\/en\/2024\/08\/22\/extremebarcelona2024-victoriashoes\/\" \/>\n<meta property=\"og:site_name\" content=\"Extreme Barcelona\" \/>\n<meta property=\"article:published_time\" content=\"2024-08-22T09:49:43+00:00\" \/>\n<meta property=\"article:modified_time\" content=\"2024-08-22T10:22:20+00:00\" \/>\n<meta property=\"og:image\" content=\"http:\/\/extremebarcelona.com\/wp-content\/uploads\/2024\/07\/Snapinsta.app_442443822_17925828947883208_6333824557262324297_n_1080-e1724314780883.jpg\" \/>\n\t<meta property=\"og:image:width\" content=\"1080\" \/>\n\t<meta property=\"og:image:height\" content=\"1350\" \/>\n\t<meta property=\"og:image:type\" content=\"image\/jpeg\" \/>\n<meta name=\"author\" content=\"UWS\" \/>\n<meta name=\"twitter:card\" content=\"summary_large_image\" \/>\n<meta name=\"twitter:label1\" content=\"Escrit per\" \/>\n\t<meta name=\"twitter:data1\" content=\"UWS\" \/>\n\t<meta name=\"twitter:label2\" content=\"Temps estimat de lectura\" \/>\n\t<meta name=\"twitter:data2\" content=\"4 minuts\" \/>\n<script type=\"application\/ld+json\" class=\"yoast-schema-graph\">{\"@context\":\"https:\/\/schema.org\",\"@graph\":[{\"@type\":\"NewsArticle\",\"@id\":\"https:\/\/extremebarcelona.com\/en\/2024\/08\/22\/extremebarcelona2024-victoriashoes\/#article\",\"isPartOf\":{\"@id\":\"https:\/\/extremebarcelona.com\/en\/2024\/08\/22\/extremebarcelona2024-victoriashoes\/\"},\"author\":{\"name\":\"UWS\",\"@id\":\"https:\/\/extremebarcelona.com\/#\/schema\/person\/84bb7d2facd51100910ca1df9186891e\"},\"headline\":\"Victoria Shoes s&#8217;uneix a l&#8217;Extreme Barcelona com Official Footwear Partner\",\"datePublished\":\"2024-08-22T09:49:43+00:00\",\"dateModified\":\"2024-08-22T10:22:20+00:00\",\"mainEntityOfPage\":{\"@id\":\"https:\/\/extremebarcelona.com\/en\/2024\/08\/22\/extremebarcelona2024-victoriashoes\/\"},\"wordCount\":812,\"publisher\":{\"@id\":\"https:\/\/extremebarcelona.com\/#organization\"},\"image\":{\"@id\":\"https:\/\/extremebarcelona.com\/en\/2024\/08\/22\/extremebarcelona2024-victoriashoes\/#primaryimage\"},\"thumbnailUrl\":\"https:\/\/extremebarcelona.com\/wp-content\/uploads\/2024\/07\/Snapinsta.app_442443822_17925828947883208_6333824557262324297_n_1080-e1724314780883.jpg\",\"keywords\":[\"barcelona\",\"bmx\",\"breaking\",\"extremebarcelona\",\"footwear\",\"scooter\",\"shoes\",\"skate\",\"skateboard\",\"skateboarding\",\"victoria\"],\"articleSection\":[\"Noticies\"],\"inLanguage\":\"ca\"},{\"@type\":\"WebPage\",\"@id\":\"https:\/\/extremebarcelona.com\/en\/2024\/08\/22\/extremebarcelona2024-victoriashoes\/\",\"url\":\"https:\/\/extremebarcelona.com\/en\/2024\/08\/22\/extremebarcelona2024-victoriashoes\/\",\"name\":\"Victoria Shoes, Patrocinador Oficial de l'Extreme Barcelona\",\"isPartOf\":{\"@id\":\"https:\/\/extremebarcelona.com\/#website\"},\"primaryImageOfPage\":{\"@id\":\"https:\/\/extremebarcelona.com\/en\/2024\/08\/22\/extremebarcelona2024-victoriashoes\/#primaryimage\"},\"image\":{\"@id\":\"https:\/\/extremebarcelona.com\/en\/2024\/08\/22\/extremebarcelona2024-victoriashoes\/#primaryimage\"},\"thumbnailUrl\":\"https:\/\/extremebarcelona.com\/wp-content\/uploads\/2024\/07\/Snapinsta.app_442443822_17925828947883208_6333824557262324297_n_1080-e1724314780883.jpg\",\"datePublished\":\"2024-08-22T09:49:43+00:00\",\"dateModified\":\"2024-08-22T10:22:20+00:00\",\"description\":\"La marca espanyola de cal\u00e7at es converteix en Patrocinador Oficial i Official Footwear Partner de l'Extreme Barcelona 2024.\",\"breadcrumb\":{\"@id\":\"https:\/\/extremebarcelona.com\/en\/2024\/08\/22\/extremebarcelona2024-victoriashoes\/#breadcrumb\"},\"inLanguage\":\"ca\",\"potentialAction\":[{\"@type\":\"ReadAction\",\"target\":[\"https:\/\/extremebarcelona.com\/en\/2024\/08\/22\/extremebarcelona2024-victoriashoes\/\"]}]},{\"@type\":\"ImageObject\",\"inLanguage\":\"ca\",\"@id\":\"https:\/\/extremebarcelona.com\/en\/2024\/08\/22\/extremebarcelona2024-victoriashoes\/#primaryimage\",\"url\":\"https:\/\/extremebarcelona.com\/wp-content\/uploads\/2024\/07\/Snapinsta.app_442443822_17925828947883208_6333824557262324297_n_1080-e1724314780883.jpg\",\"contentUrl\":\"https:\/\/extremebarcelona.com\/wp-content\/uploads\/2024\/07\/Snapinsta.app_442443822_17925828947883208_6333824557262324297_n_1080-e1724314780883.jpg\",\"width\":1080,\"height\":1350,\"caption\":\"https:\/\/www.instagram.com\/p\/C7Yxk0dsQvE\/?img_index=1\"},{\"@type\":\"BreadcrumbList\",\"@id\":\"https:\/\/extremebarcelona.com\/en\/2024\/08\/22\/extremebarcelona2024-victoriashoes\/#breadcrumb\",\"itemListElement\":[{\"@type\":\"ListItem\",\"position\":1,\"name\":\"Portada\",\"item\":\"https:\/\/extremebarcelona.com\/\"},{\"@type\":\"ListItem\",\"position\":2,\"name\":\"Victoria Shoes s&#8217;uneix a l&#8217;Extreme Barcelona com Official Footwear Partner\"}]},{\"@type\":\"WebSite\",\"@id\":\"https:\/\/extremebarcelona.com\/#website\",\"url\":\"https:\/\/extremebarcelona.com\/\",\"name\":\"Extreme Barcelona\",\"description\":\"Otro sitio realizado con WordPress\",\"publisher\":{\"@id\":\"https:\/\/extremebarcelona.com\/#organization\"},\"potentialAction\":[{\"@type\":\"SearchAction\",\"target\":{\"@type\":\"EntryPoint\",\"urlTemplate\":\"https:\/\/extremebarcelona.com\/?s={search_term_string}\"},\"query-input\":{\"@type\":\"PropertyValueSpecification\",\"valueRequired\":true,\"valueName\":\"search_term_string\"}}],\"inLanguage\":\"ca\"},{\"@type\":\"Organization\",\"@id\":\"https:\/\/extremebarcelona.com\/#organization\",\"name\":\"Extreme Barcelona\",\"url\":\"https:\/\/extremebarcelona.com\/\",\"logo\":{\"@type\":\"ImageObject\",\"inLanguage\":\"ca\",\"@id\":\"https:\/\/extremebarcelona.com\/#\/schema\/logo\/image\/\",\"url\":\"https:\/\/extremebarcelona.com\/wp-content\/uploads\/2021\/04\/Logo-Extreme-2021.png\",\"contentUrl\":\"https:\/\/extremebarcelona.com\/wp-content\/uploads\/2021\/04\/Logo-Extreme-2021.png\",\"width\":500,\"height\":500,\"caption\":\"Extreme Barcelona\"},\"image\":{\"@id\":\"https:\/\/extremebarcelona.com\/#\/schema\/logo\/image\/\"}},{\"@type\":\"Person\",\"@id\":\"https:\/\/extremebarcelona.com\/#\/schema\/person\/84bb7d2facd51100910ca1df9186891e\",\"name\":\"UWS\",\"image\":{\"@type\":\"ImageObject\",\"inLanguage\":\"ca\",\"@id\":\"https:\/\/secure.gravatar.com\/avatar\/41b930374ee41e318f6457172bd2f6e300b1872879ecb443d692bea8dad136f9?s=96&d=mm&r=g\",\"url\":\"https:\/\/secure.gravatar.com\/avatar\/41b930374ee41e318f6457172bd2f6e300b1872879ecb443d692bea8dad136f9?s=96&d=mm&r=g\",\"contentUrl\":\"https:\/\/secure.gravatar.com\/avatar\/41b930374ee41e318f6457172bd2f6e300b1872879ecb443d692bea8dad136f9?s=96&d=mm&r=g\",\"caption\":\"UWS\"}}]}<\/script>\n<!-- \/ Yoast SEO plugin. -->","yoast_head_json":{"title":"Victoria Shoes, Patrocinador Oficial de l'Extreme Barcelona","description":"La marca espanyola de cal\u00e7at es converteix en Patrocinador Oficial i Official Footwear Partner de l'Extreme Barcelona 2024.","robots":{"index":"index","follow":"follow","max-snippet":"max-snippet:-1","max-image-preview":"max-image-preview:large","max-video-preview":"max-video-preview:-1"},"canonical":"https:\/\/extremebarcelona.com\/en\/2024\/08\/22\/extremebarcelona2024-victoriashoes\/","og_locale":"ca_ES","og_type":"article","og_title":"Victoria Shoes, Patrocinador Oficial de l'Extreme Barcelona","og_description":"La marca espanyola de cal\u00e7at es converteix en Patrocinador Oficial i Official Footwear Partner de l'Extreme Barcelona 2024.","og_url":"https:\/\/extremebarcelona.com\/en\/2024\/08\/22\/extremebarcelona2024-victoriashoes\/","og_site_name":"Extreme Barcelona","article_published_time":"2024-08-22T09:49:43+00:00","article_modified_time":"2024-08-22T10:22:20+00:00","og_image":[{"width":1080,"height":1350,"url":"http:\/\/extremebarcelona.com\/wp-content\/uploads\/2024\/07\/Snapinsta.app_442443822_17925828947883208_6333824557262324297_n_1080-e1724314780883.jpg","type":"image\/jpeg"}],"author":"UWS","twitter_card":"summary_large_image","twitter_misc":{"Escrit per":"UWS","Temps estimat de lectura":"4 minuts"},"schema":{"@context":"https:\/\/schema.org","@graph":[{"@type":"NewsArticle","@id":"https:\/\/extremebarcelona.com\/en\/2024\/08\/22\/extremebarcelona2024-victoriashoes\/#article","isPartOf":{"@id":"https:\/\/extremebarcelona.com\/en\/2024\/08\/22\/extremebarcelona2024-victoriashoes\/"},"author":{"name":"UWS","@id":"https:\/\/extremebarcelona.com\/#\/schema\/person\/84bb7d2facd51100910ca1df9186891e"},"headline":"Victoria Shoes s&#8217;uneix a l&#8217;Extreme Barcelona com Official Footwear Partner","datePublished":"2024-08-22T09:49:43+00:00","dateModified":"2024-08-22T10:22:20+00:00","mainEntityOfPage":{"@id":"https:\/\/extremebarcelona.com\/en\/2024\/08\/22\/extremebarcelona2024-victoriashoes\/"},"wordCount":812,"publisher":{"@id":"https:\/\/extremebarcelona.com\/#organization"},"image":{"@id":"https:\/\/extremebarcelona.com\/en\/2024\/08\/22\/extremebarcelona2024-victoriashoes\/#primaryimage"},"thumbnailUrl":"https:\/\/extremebarcelona.com\/wp-content\/uploads\/2024\/07\/Snapinsta.app_442443822_17925828947883208_6333824557262324297_n_1080-e1724314780883.jpg","keywords":["barcelona","bmx","breaking","extremebarcelona","footwear","scooter","shoes","skate","skateboard","skateboarding","victoria"],"articleSection":["Noticies"],"inLanguage":"ca"},{"@type":"WebPage","@id":"https:\/\/extremebarcelona.com\/en\/2024\/08\/22\/extremebarcelona2024-victoriashoes\/","url":"https:\/\/extremebarcelona.com\/en\/2024\/08\/22\/extremebarcelona2024-victoriashoes\/","name":"Victoria Shoes, Patrocinador Oficial de l'Extreme Barcelona","isPartOf":{"@id":"https:\/\/extremebarcelona.com\/#website"},"primaryImageOfPage":{"@id":"https:\/\/extremebarcelona.com\/en\/2024\/08\/22\/extremebarcelona2024-victoriashoes\/#primaryimage"},"image":{"@id":"https:\/\/extremebarcelona.com\/en\/2024\/08\/22\/extremebarcelona2024-victoriashoes\/#primaryimage"},"thumbnailUrl":"https:\/\/extremebarcelona.com\/wp-content\/uploads\/2024\/07\/Snapinsta.app_442443822_17925828947883208_6333824557262324297_n_1080-e1724314780883.jpg","datePublished":"2024-08-22T09:49:43+00:00","dateModified":"2024-08-22T10:22:20+00:00","description":"La marca espanyola de cal\u00e7at es converteix en Patrocinador Oficial i Official Footwear Partner de l'Extreme Barcelona 2024.","breadcrumb":{"@id":"https:\/\/extremebarcelona.com\/en\/2024\/08\/22\/extremebarcelona2024-victoriashoes\/#breadcrumb"},"inLanguage":"ca","potentialAction":[{"@type":"ReadAction","target":["https:\/\/extremebarcelona.com\/en\/2024\/08\/22\/extremebarcelona2024-victoriashoes\/"]}]},{"@type":"ImageObject","inLanguage":"ca","@id":"https:\/\/extremebarcelona.com\/en\/2024\/08\/22\/extremebarcelona2024-victoriashoes\/#primaryimage","url":"https:\/\/extremebarcelona.com\/wp-content\/uploads\/2024\/07\/Snapinsta.app_442443822_17925828947883208_6333824557262324297_n_1080-e1724314780883.jpg","contentUrl":"https:\/\/extremebarcelona.com\/wp-content\/uploads\/2024\/07\/Snapinsta.app_442443822_17925828947883208_6333824557262324297_n_1080-e1724314780883.jpg","width":1080,"height":1350,"caption":"https:\/\/www.instagram.com\/p\/C7Yxk0dsQvE\/?img_index=1"},{"@type":"BreadcrumbList","@id":"https:\/\/extremebarcelona.com\/en\/2024\/08\/22\/extremebarcelona2024-victoriashoes\/#breadcrumb","itemListElement":[{"@type":"ListItem","position":1,"name":"Portada","item":"https:\/\/extremebarcelona.com\/"},{"@type":"ListItem","position":2,"name":"Victoria Shoes s&#8217;uneix a l&#8217;Extreme Barcelona com Official Footwear Partner"}]},{"@type":"WebSite","@id":"https:\/\/extremebarcelona.com\/#website","url":"https:\/\/extremebarcelona.com\/","name":"Extreme Barcelona","description":"Otro sitio realizado con WordPress","publisher":{"@id":"https:\/\/extremebarcelona.com\/#organization"},"potentialAction":[{"@type":"SearchAction","target":{"@type":"EntryPoint","urlTemplate":"https:\/\/extremebarcelona.com\/?s={search_term_string}"},"query-input":{"@type":"PropertyValueSpecification","valueRequired":true,"valueName":"search_term_string"}}],"inLanguage":"ca"},{"@type":"Organization","@id":"https:\/\/extremebarcelona.com\/#organization","name":"Extreme Barcelona","url":"https:\/\/extremebarcelona.com\/","logo":{"@type":"ImageObject","inLanguage":"ca","@id":"https:\/\/extremebarcelona.com\/#\/schema\/logo\/image\/","url":"https:\/\/extremebarcelona.com\/wp-content\/uploads\/2021\/04\/Logo-Extreme-2021.png","contentUrl":"https:\/\/extremebarcelona.com\/wp-content\/uploads\/2021\/04\/Logo-Extreme-2021.png","width":500,"height":500,"caption":"Extreme Barcelona"},"image":{"@id":"https:\/\/extremebarcelona.com\/#\/schema\/logo\/image\/"}},{"@type":"Person","@id":"https:\/\/extremebarcelona.com\/#\/schema\/person\/84bb7d2facd51100910ca1df9186891e","name":"UWS","image":{"@type":"ImageObject","inLanguage":"ca","@id":"https:\/\/secure.gravatar.com\/avatar\/41b930374ee41e318f6457172bd2f6e300b1872879ecb443d692bea8dad136f9?s=96&d=mm&r=g","url":"https:\/\/secure.gravatar.com\/avatar\/41b930374ee41e318f6457172bd2f6e300b1872879ecb443d692bea8dad136f9?s=96&d=mm&r=g","contentUrl":"https:\/\/secure.gravatar.com\/avatar\/41b930374ee41e318f6457172bd2f6e300b1872879ecb443d692bea8dad136f9?s=96&d=mm&r=g","caption":"UWS"}}]}},"_links":{"self":[{"href":"https:\/\/extremebarcelona.com\/ca\/wp-json\/wp\/v2\/posts\/23019","targetHints":{"allow":["GET"]}}],"collection":[{"href":"https:\/\/extremebarcelona.com\/ca\/wp-json\/wp\/v2\/posts"}],"about":[{"href":"https:\/\/extremebarcelona.com\/ca\/wp-json\/wp\/v2\/types\/post"}],"author":[{"embeddable":true,"href":"https:\/\/extremebarcelona.com\/ca\/wp-json\/wp\/v2\/users\/8"}],"replies":[{"embeddable":true,"href":"https:\/\/extremebarcelona.com\/ca\/wp-json\/wp\/v2\/comments?post=23019"}],"version-history":[{"count":3,"href":"https:\/\/extremebarcelona.com\/ca\/wp-json\/wp\/v2\/posts\/23019\/revisions"}],"predecessor-version":[{"id":23030,"href":"https:\/\/extremebarcelona.com\/ca\/wp-json\/wp\/v2\/posts\/23019\/revisions\/23030"}],"wp:featuredmedia":[{"embeddable":true,"href":"https:\/\/extremebarcelona.com\/ca\/wp-json\/wp\/v2\/media\/22691"}],"wp:attachment":[{"href":"https:\/\/extremebarcelona.com\/ca\/wp-json\/wp\/v2\/media?parent=23019"}],"wp:term":[{"taxonomy":"category","embeddable":true,"href":"https:\/\/extremebarcelona.com\/ca\/wp-json\/wp\/v2\/categories?post=23019"},{"taxonomy":"post_tag","embeddable":true,"href":"https:\/\/extremebarcelona.com\/ca\/wp-json\/wp\/v2\/tags?post=23019"}],"curies":[{"name":"wp","href":"https:\/\/api.w.org\/{rel}","templated":true}]}}