{"id":22904,"date":"2024-08-19T11:03:31","date_gmt":"2024-08-19T09:03:31","guid":{"rendered":"https:\/\/extremebarcelona.com\/2024\/08\/19\/extremebarcelona2024-mascotte\/"},"modified":"2024-08-19T13:07:02","modified_gmt":"2024-08-19T11:07:02","slug":"extremebarcelona2024-mascotte","status":"publish","type":"post","link":"https:\/\/extremebarcelona.com\/ca\/2024\/08\/19\/extremebarcelona2024-mascotte\/","title":{"rendered":"Mascotte s&#8217;uneix al Extreme Barcelona com a Col\u00b7laborador Oficial"},"content":{"rendered":"<p>[et_pb_section fb_built=&#8221;1&#8243; admin_label=&#8221;Secci\u00f3n&#8221; _builder_version=&#8221;4.23.1&#8243; _module_preset=&#8221;default&#8221; global_colors_info=&#8221;{}&#8221;][et_pb_row _builder_version=&#8221;4.23.1&#8243; _module_preset=&#8221;default&#8221; global_colors_info=&#8221;{}&#8221;][et_pb_column type=&#8221;4_4&#8243; _builder_version=&#8221;4.23.1&#8243; _module_preset=&#8221;default&#8221; global_colors_info=&#8221;{}&#8221;][et_pb_image src=&#8221;https:\/\/extremebarcelona.com\/wp-content\/uploads\/2024\/08\/rosameininger_mascotte_skateboard-4159-scaled.jpg&#8221; alt=&#8221;Mascotte&#8221; title_text=&#8221;rosameininger_mascotte_skateboard-4159&#8243; _builder_version=&#8221;4.25.2&#8243; _module_preset=&#8221;default&#8221; global_colors_info=&#8221;{}&#8221;][\/et_pb_image][et_pb_text admin_label=&#8221;subtitulos&#8221; _builder_version=&#8221;4.25.2&#8243; _module_preset=&#8221;default&#8221; hover_enabled=&#8221;0&#8243; global_colors_info=&#8221;{}&#8221; sticky_enabled=&#8221;0&#8243;]<\/p>\n<ul>\n<li style=\"font-weight: 400;\" aria-level=\"1\">Mascotte \u00e9s Col\u00b7laborador Oficial de l&#8217;Extreme Barcelona 2024, l&#8217;esdeveniment d&#8217;Urban Sports d&#8217;Urban World Series.<\/li>\n<li style=\"font-weight: 400;\" aria-level=\"1\">La marca holandesa de paper de liar s&#8217;uneix a la comunitat dels esports urbans i un dels esdeveniments referents a nivell internacional.<\/li>\n<\/ul>\n<p>[\/et_pb_text][et_pb_text _builder_version=&#8221;4.25.2&#8243; _module_preset=&#8221;default&#8221; hover_enabled=&#8221;0&#8243; global_colors_info=&#8221;{}&#8221; sticky_enabled=&#8221;0&#8243;]<\/p>\n<p><strong>Extreme Barcelona<\/strong>, \u200b\u200b\u200b\u200bun dels festivals d&#8217;esports urbans m\u00e9s emblem\u00e0tics d&#8217;Europa, va celebrar la seva 16a edici\u00f3 amb una altra gran novetat: la incorporaci\u00f3 de Mascotte com a Col\u00b7laborador Oficial de l&#8217;esdeveniment.<\/p>\n<p>Durant tres dies, Barcelona i el Parc del F\u00f2rum seran els protagonistes absoluts dels Esports Urbans: Skate, BMX, Scooter, Breaking, Surf Skate, B\u00e0squet 3\u00d73 i Freestyle Trampol\u00ed. Tamb\u00e9 t\u00e9 Market, Food Trucks i infinitat d&#8217;activitats per a tots els p\u00fablics.<\/p>\n<p>[\/et_pb_text][\/et_pb_column][\/et_pb_row][et_pb_row column_structure=&#8221;1_2,1_2&#8243; _builder_version=&#8221;4.25.0&#8243; _module_preset=&#8221;default&#8221; global_colors_info=&#8221;{}&#8221;][et_pb_column type=&#8221;1_2&#8243; _builder_version=&#8221;4.25.0&#8243; _module_preset=&#8221;default&#8221; global_colors_info=&#8221;{}&#8221;][et_pb_image src=&#8221;https:\/\/extremebarcelona.com\/wp-content\/uploads\/2024\/08\/T7A1539-scaled.jpg&#8221; alt=&#8221;Mascotte&#8221; title_text=&#8221;_T7A1539&#8243; _builder_version=&#8221;4.25.2&#8243; _module_preset=&#8221;default&#8221; width=&#8221;75%&#8221; max_width=&#8221;75%&#8221; global_colors_info=&#8221;{}&#8221;][\/et_pb_image][\/et_pb_column][et_pb_column type=&#8221;1_2&#8243; _builder_version=&#8221;4.25.0&#8243; _module_preset=&#8221;default&#8221; global_colors_info=&#8221;{}&#8221;][et_pb_image src=&#8221;https:\/\/extremebarcelona.com\/wp-content\/uploads\/2024\/08\/T7A1431-scaled.jpg&#8221; alt=&#8221;Mascotte&#8221; title_text=&#8221;_T7A1431&#8243; _builder_version=&#8221;4.25.2&#8243; _module_preset=&#8221;default&#8221; global_colors_info=&#8221;{}&#8221;][\/et_pb_image][\/et_pb_column][\/et_pb_row][\/et_pb_section][et_pb_section fb_built=&#8221;1&#8243; _builder_version=&#8221;4.25.2&#8243; _module_preset=&#8221;default&#8221; global_colors_info=&#8221;{}&#8221;][et_pb_row _builder_version=&#8221;4.25.2&#8243; _module_preset=&#8221;default&#8221; global_colors_info=&#8221;{}&#8221;][et_pb_column type=&#8221;4_4&#8243; _builder_version=&#8221;4.25.2&#8243; _module_preset=&#8221;default&#8221; global_colors_info=&#8221;{}&#8221;][et_pb_text _builder_version=&#8221;4.25.2&#8243; _module_preset=&#8221;default&#8221; hover_enabled=&#8221;0&#8243; global_colors_info=&#8221;{}&#8221; sticky_enabled=&#8221;0&#8243;]<\/p>\n<p><strong>Una marca amb un sol objecte: \u201cfer els papers de liar perfectes\u201d.<\/strong><\/p>\n<p>Mascotte \u00e9s una empresa holandesa coneguda per un \u00fanic objectiu: crear el paper de fumar perfecte i centrar-se en el plaer \u00f2ptim per als consumidors conscients.\u00a0<\/p>\n<p>Despr\u00e9s de 160 anys, ha perfeccionat l&#8217;art de fer paper. Coneixen el paper de liar millor que ning\u00fa. <em>&#8220;Els nostres productes representen la millor qualitat i la millor experi\u00e8ncia de fumar.&#8221;<\/em> Pots veure-ho en els seus paper que cremen m\u00e9s lentament i envasos m\u00e9s magn\u00e8tics, fins en el m\u00e9s m\u00ednim detall.\u00a0<\/p>\n<p>Mascotte estar\u00e0 present a la Street Plaza de l&#8217;esdeveniment durant les competicions de Skateboarding i BMX Street. Tamb\u00e9 trobareu un estand al Market, amb una gran varietat de productes i articles exclusius, classes i sorpreses per a tot el p\u00fablic d&#8217;Extreme Barcelona.<\/p>\n<p>[\/et_pb_text][et_pb_image src=&#8221;https:\/\/extremebarcelona.com\/wp-content\/uploads\/2024\/08\/BMX-street-domingo-2.jpg&#8221; alt=&#8221;Mascotte&#8221; title_text=&#8221;BMX street domingo-2&#8243; _builder_version=&#8221;4.25.2&#8243; _module_preset=&#8221;default&#8221; global_colors_info=&#8221;{}&#8221;][\/et_pb_image][et_pb_text _builder_version=&#8221;4.25.2&#8243; _module_preset=&#8221;default&#8221; hover_enabled=&#8221;0&#8243; global_colors_info=&#8221;{}&#8221; sticky_enabled=&#8221;0&#8243;]<\/p>\n<p><strong>Un esdeveniment per a tota la fam\u00edlia<\/strong><\/p>\n<p>Extreme Barcelona \u00e9s un esdeveniment gratu\u00eft i obert a tot el p\u00fablic. L&#8217;entrada al Parc del F\u00f2rum \u00e9s gratu\u00efta, una oportunitat \u00fanica per gaudir d&#8217;un cap de setmana ple d&#8217;adrenalina, m\u00fasica i entreteniment per a tota la fam\u00edlia.<\/p>\n<p>Aquest any compta amb competicions internacionals de Skate i Scootering, Campionat del M\u00f3n de BMX, Campionat d&#8217;Espanya de Breaking i BMX, Campionat del M\u00f3n de Trampol\u00ed Freestyle, skate parks i altres experi\u00e8ncies per tots els p\u00fablics, Market, Foodtrucks i molt m\u00e9s!<\/p>\n<p>Apuntad la fecha: del 13 al 15 de setembre al Parc del F\u00f2rum amb entrada gratu\u00efta i tota l&#8217;emoci\u00f3 de l&#8217;esport urb\u00e0 a la 16a edici\u00f3 d&#8217;Extreme Barcelona.<\/p>\n<p>Prepareu-vos per passar el final de la setmana en llibertat.<\/p>\n<p>[\/et_pb_text][\/et_pb_column][\/et_pb_row][\/et_pb_section]<\/p>\n","protected":false},"excerpt":{"rendered":"<p>Mascotte \u00e9s Col\u00b7laborador Oficial de l&#8217;Extreme Barcelona 2024, l&#8217;esdeveniment d&#8217;Urban Sports d&#8217;Urban World Series. La marca holandesa de paper de liar s&#8217;uneix a la comunitat dels esports urbans i un dels esdeveniments referents a nivell internacional. Extreme Barcelona, \u200b\u200b\u200b\u200bun dels festivals d&#8217;esports urbans m\u00e9s emblem\u00e0tics d&#8217;Europa, va celebrar la seva 16a edici\u00f3 amb una altra [&hellip;]<\/p>\n","protected":false},"author":8,"featured_media":22884,"comment_status":"closed","ping_status":"closed","sticky":false,"template":"","format":"standard","meta":{"_et_pb_use_builder":"on","_et_pb_old_content":"","_et_gb_content_width":"","footnotes":""},"categories":[20],"tags":[93,745,700,746,747,98,139,160,748,749],"class_list":["post-22904","post","type-post","status-publish","format-standard","has-post-thumbnail","hentry","category-noticies","tag-barcelona-ca","tag-cariuma-ca","tag-extremebarcelona-ca","tag-liga-ca","tag-nacional-ca","tag-skate-ca","tag-skateboard","tag-skateboarding-ca","tag-surf-ca","tag-yow-ca"],"yoast_head":"<!-- This site is optimized with the Yoast SEO plugin v27.2 - https:\/\/yoast.com\/product\/yoast-seo-wordpress\/ -->\n<title>Mascotte s&#039;uneix a l&#039;Extreme Barcelona com Col\u00b7.laborador Oficial<\/title>\n<meta name=\"description\" content=\"Mascotte s&#039;uneix a l&#039;Extreme Barcelona 2024 com a Col\u00b7.laborador Oficial, l&#039;esdeveniment d&#039;esports urbans d&#039;Urban World Series.\" \/>\n<meta name=\"robots\" content=\"index, follow, max-snippet:-1, max-image-preview:large, max-video-preview:-1\" \/>\n<link rel=\"canonical\" href=\"https:\/\/extremebarcelona.com\/en\/2024\/08\/19\/extremebarcelona2024-mascotte\/\" \/>\n<meta property=\"og:locale\" content=\"ca_ES\" \/>\n<meta property=\"og:type\" content=\"article\" \/>\n<meta property=\"og:title\" content=\"Mascotte s&#039;uneix a l&#039;Extreme Barcelona com Col\u00b7.laborador Oficial\" \/>\n<meta property=\"og:description\" content=\"Mascotte s&#039;uneix a l&#039;Extreme Barcelona 2024 com a Col\u00b7.laborador Oficial, l&#039;esdeveniment d&#039;esports urbans d&#039;Urban World Series.\" \/>\n<meta property=\"og:url\" content=\"https:\/\/extremebarcelona.com\/en\/2024\/08\/19\/extremebarcelona2024-mascotte\/\" \/>\n<meta property=\"og:site_name\" content=\"Extreme Barcelona\" \/>\n<meta property=\"article:published_time\" content=\"2024-08-19T09:03:31+00:00\" \/>\n<meta property=\"article:modified_time\" content=\"2024-08-19T11:07:02+00:00\" \/>\n<meta property=\"og:image\" content=\"http:\/\/extremebarcelona.com\/wp-content\/uploads\/2024\/08\/rosameininger_mascotte_skateboard-4159-scaled.jpg\" \/>\n\t<meta property=\"og:image:width\" content=\"2560\" \/>\n\t<meta property=\"og:image:height\" content=\"1707\" \/>\n\t<meta property=\"og:image:type\" content=\"image\/jpeg\" \/>\n<meta name=\"author\" content=\"UWS\" \/>\n<meta name=\"twitter:card\" content=\"summary_large_image\" \/>\n<meta name=\"twitter:label1\" content=\"Escrit per\" \/>\n\t<meta name=\"twitter:data1\" content=\"UWS\" \/>\n\t<meta name=\"twitter:label2\" content=\"Temps estimat de lectura\" \/>\n\t<meta name=\"twitter:data2\" content=\"4 minuts\" \/>\n<script type=\"application\/ld+json\" class=\"yoast-schema-graph\">{\"@context\":\"https:\/\/schema.org\",\"@graph\":[{\"@type\":\"NewsArticle\",\"@id\":\"https:\/\/extremebarcelona.com\/en\/2024\/08\/19\/extremebarcelona2024-mascotte\/#article\",\"isPartOf\":{\"@id\":\"https:\/\/extremebarcelona.com\/en\/2024\/08\/19\/extremebarcelona2024-mascotte\/\"},\"author\":{\"name\":\"UWS\",\"@id\":\"https:\/\/extremebarcelona.com\/#\/schema\/person\/84bb7d2facd51100910ca1df9186891e\"},\"headline\":\"Mascotte s&#8217;uneix al Extreme Barcelona com a Col\u00b7laborador Oficial\",\"datePublished\":\"2024-08-19T09:03:31+00:00\",\"dateModified\":\"2024-08-19T11:07:02+00:00\",\"mainEntityOfPage\":{\"@id\":\"https:\/\/extremebarcelona.com\/en\/2024\/08\/19\/extremebarcelona2024-mascotte\/\"},\"wordCount\":755,\"publisher\":{\"@id\":\"https:\/\/extremebarcelona.com\/#organization\"},\"image\":{\"@id\":\"https:\/\/extremebarcelona.com\/en\/2024\/08\/19\/extremebarcelona2024-mascotte\/#primaryimage\"},\"thumbnailUrl\":\"https:\/\/extremebarcelona.com\/wp-content\/uploads\/2024\/08\/rosameininger_mascotte_skateboard-4159-scaled.jpg\",\"keywords\":[\"barcelona\",\"cariuma\",\"extremebarcelona\",\"liga\",\"nacional\",\"skate\",\"skateboard\",\"skateboarding\",\"surf\",\"yow\"],\"articleSection\":[\"Noticies\"],\"inLanguage\":\"ca\"},{\"@type\":\"WebPage\",\"@id\":\"https:\/\/extremebarcelona.com\/en\/2024\/08\/19\/extremebarcelona2024-mascotte\/\",\"url\":\"https:\/\/extremebarcelona.com\/en\/2024\/08\/19\/extremebarcelona2024-mascotte\/\",\"name\":\"Mascotte s'uneix a l'Extreme Barcelona com Col\u00b7.laborador Oficial\",\"isPartOf\":{\"@id\":\"https:\/\/extremebarcelona.com\/#website\"},\"primaryImageOfPage\":{\"@id\":\"https:\/\/extremebarcelona.com\/en\/2024\/08\/19\/extremebarcelona2024-mascotte\/#primaryimage\"},\"image\":{\"@id\":\"https:\/\/extremebarcelona.com\/en\/2024\/08\/19\/extremebarcelona2024-mascotte\/#primaryimage\"},\"thumbnailUrl\":\"https:\/\/extremebarcelona.com\/wp-content\/uploads\/2024\/08\/rosameininger_mascotte_skateboard-4159-scaled.jpg\",\"datePublished\":\"2024-08-19T09:03:31+00:00\",\"dateModified\":\"2024-08-19T11:07:02+00:00\",\"description\":\"Mascotte s'uneix a l'Extreme Barcelona 2024 com a Col\u00b7.laborador Oficial, l'esdeveniment d'esports urbans d'Urban World Series.\",\"breadcrumb\":{\"@id\":\"https:\/\/extremebarcelona.com\/en\/2024\/08\/19\/extremebarcelona2024-mascotte\/#breadcrumb\"},\"inLanguage\":\"ca\",\"potentialAction\":[{\"@type\":\"ReadAction\",\"target\":[\"https:\/\/extremebarcelona.com\/en\/2024\/08\/19\/extremebarcelona2024-mascotte\/\"]}]},{\"@type\":\"ImageObject\",\"inLanguage\":\"ca\",\"@id\":\"https:\/\/extremebarcelona.com\/en\/2024\/08\/19\/extremebarcelona2024-mascotte\/#primaryimage\",\"url\":\"https:\/\/extremebarcelona.com\/wp-content\/uploads\/2024\/08\/rosameininger_mascotte_skateboard-4159-scaled.jpg\",\"contentUrl\":\"https:\/\/extremebarcelona.com\/wp-content\/uploads\/2024\/08\/rosameininger_mascotte_skateboard-4159-scaled.jpg\",\"width\":2560,\"height\":1707,\"caption\":\"Mascotte\"},{\"@type\":\"BreadcrumbList\",\"@id\":\"https:\/\/extremebarcelona.com\/en\/2024\/08\/19\/extremebarcelona2024-mascotte\/#breadcrumb\",\"itemListElement\":[{\"@type\":\"ListItem\",\"position\":1,\"name\":\"Portada\",\"item\":\"https:\/\/extremebarcelona.com\/\"},{\"@type\":\"ListItem\",\"position\":2,\"name\":\"Mascotte s&#8217;uneix al Extreme Barcelona com a Col\u00b7laborador Oficial\"}]},{\"@type\":\"WebSite\",\"@id\":\"https:\/\/extremebarcelona.com\/#website\",\"url\":\"https:\/\/extremebarcelona.com\/\",\"name\":\"Extreme Barcelona\",\"description\":\"Otro sitio realizado con WordPress\",\"publisher\":{\"@id\":\"https:\/\/extremebarcelona.com\/#organization\"},\"potentialAction\":[{\"@type\":\"SearchAction\",\"target\":{\"@type\":\"EntryPoint\",\"urlTemplate\":\"https:\/\/extremebarcelona.com\/?s={search_term_string}\"},\"query-input\":{\"@type\":\"PropertyValueSpecification\",\"valueRequired\":true,\"valueName\":\"search_term_string\"}}],\"inLanguage\":\"ca\"},{\"@type\":\"Organization\",\"@id\":\"https:\/\/extremebarcelona.com\/#organization\",\"name\":\"Extreme Barcelona\",\"url\":\"https:\/\/extremebarcelona.com\/\",\"logo\":{\"@type\":\"ImageObject\",\"inLanguage\":\"ca\",\"@id\":\"https:\/\/extremebarcelona.com\/#\/schema\/logo\/image\/\",\"url\":\"https:\/\/extremebarcelona.com\/wp-content\/uploads\/2021\/04\/Logo-Extreme-2021.png\",\"contentUrl\":\"https:\/\/extremebarcelona.com\/wp-content\/uploads\/2021\/04\/Logo-Extreme-2021.png\",\"width\":500,\"height\":500,\"caption\":\"Extreme Barcelona\"},\"image\":{\"@id\":\"https:\/\/extremebarcelona.com\/#\/schema\/logo\/image\/\"}},{\"@type\":\"Person\",\"@id\":\"https:\/\/extremebarcelona.com\/#\/schema\/person\/84bb7d2facd51100910ca1df9186891e\",\"name\":\"UWS\",\"image\":{\"@type\":\"ImageObject\",\"inLanguage\":\"ca\",\"@id\":\"https:\/\/secure.gravatar.com\/avatar\/41b930374ee41e318f6457172bd2f6e300b1872879ecb443d692bea8dad136f9?s=96&d=mm&r=g\",\"url\":\"https:\/\/secure.gravatar.com\/avatar\/41b930374ee41e318f6457172bd2f6e300b1872879ecb443d692bea8dad136f9?s=96&d=mm&r=g\",\"contentUrl\":\"https:\/\/secure.gravatar.com\/avatar\/41b930374ee41e318f6457172bd2f6e300b1872879ecb443d692bea8dad136f9?s=96&d=mm&r=g\",\"caption\":\"UWS\"}}]}<\/script>\n<!-- \/ Yoast SEO plugin. -->","yoast_head_json":{"title":"Mascotte s'uneix a l'Extreme Barcelona com Col\u00b7.laborador Oficial","description":"Mascotte s'uneix a l'Extreme Barcelona 2024 com a Col\u00b7.laborador Oficial, l'esdeveniment d'esports urbans d'Urban World Series.","robots":{"index":"index","follow":"follow","max-snippet":"max-snippet:-1","max-image-preview":"max-image-preview:large","max-video-preview":"max-video-preview:-1"},"canonical":"https:\/\/extremebarcelona.com\/en\/2024\/08\/19\/extremebarcelona2024-mascotte\/","og_locale":"ca_ES","og_type":"article","og_title":"Mascotte s'uneix a l'Extreme Barcelona com Col\u00b7.laborador Oficial","og_description":"Mascotte s'uneix a l'Extreme Barcelona 2024 com a Col\u00b7.laborador Oficial, l'esdeveniment d'esports urbans d'Urban World Series.","og_url":"https:\/\/extremebarcelona.com\/en\/2024\/08\/19\/extremebarcelona2024-mascotte\/","og_site_name":"Extreme Barcelona","article_published_time":"2024-08-19T09:03:31+00:00","article_modified_time":"2024-08-19T11:07:02+00:00","og_image":[{"width":2560,"height":1707,"url":"http:\/\/extremebarcelona.com\/wp-content\/uploads\/2024\/08\/rosameininger_mascotte_skateboard-4159-scaled.jpg","type":"image\/jpeg"}],"author":"UWS","twitter_card":"summary_large_image","twitter_misc":{"Escrit per":"UWS","Temps estimat de lectura":"4 minuts"},"schema":{"@context":"https:\/\/schema.org","@graph":[{"@type":"NewsArticle","@id":"https:\/\/extremebarcelona.com\/en\/2024\/08\/19\/extremebarcelona2024-mascotte\/#article","isPartOf":{"@id":"https:\/\/extremebarcelona.com\/en\/2024\/08\/19\/extremebarcelona2024-mascotte\/"},"author":{"name":"UWS","@id":"https:\/\/extremebarcelona.com\/#\/schema\/person\/84bb7d2facd51100910ca1df9186891e"},"headline":"Mascotte s&#8217;uneix al Extreme Barcelona com a Col\u00b7laborador Oficial","datePublished":"2024-08-19T09:03:31+00:00","dateModified":"2024-08-19T11:07:02+00:00","mainEntityOfPage":{"@id":"https:\/\/extremebarcelona.com\/en\/2024\/08\/19\/extremebarcelona2024-mascotte\/"},"wordCount":755,"publisher":{"@id":"https:\/\/extremebarcelona.com\/#organization"},"image":{"@id":"https:\/\/extremebarcelona.com\/en\/2024\/08\/19\/extremebarcelona2024-mascotte\/#primaryimage"},"thumbnailUrl":"https:\/\/extremebarcelona.com\/wp-content\/uploads\/2024\/08\/rosameininger_mascotte_skateboard-4159-scaled.jpg","keywords":["barcelona","cariuma","extremebarcelona","liga","nacional","skate","skateboard","skateboarding","surf","yow"],"articleSection":["Noticies"],"inLanguage":"ca"},{"@type":"WebPage","@id":"https:\/\/extremebarcelona.com\/en\/2024\/08\/19\/extremebarcelona2024-mascotte\/","url":"https:\/\/extremebarcelona.com\/en\/2024\/08\/19\/extremebarcelona2024-mascotte\/","name":"Mascotte s'uneix a l'Extreme Barcelona com Col\u00b7.laborador Oficial","isPartOf":{"@id":"https:\/\/extremebarcelona.com\/#website"},"primaryImageOfPage":{"@id":"https:\/\/extremebarcelona.com\/en\/2024\/08\/19\/extremebarcelona2024-mascotte\/#primaryimage"},"image":{"@id":"https:\/\/extremebarcelona.com\/en\/2024\/08\/19\/extremebarcelona2024-mascotte\/#primaryimage"},"thumbnailUrl":"https:\/\/extremebarcelona.com\/wp-content\/uploads\/2024\/08\/rosameininger_mascotte_skateboard-4159-scaled.jpg","datePublished":"2024-08-19T09:03:31+00:00","dateModified":"2024-08-19T11:07:02+00:00","description":"Mascotte s'uneix a l'Extreme Barcelona 2024 com a Col\u00b7.laborador Oficial, l'esdeveniment d'esports urbans d'Urban World Series.","breadcrumb":{"@id":"https:\/\/extremebarcelona.com\/en\/2024\/08\/19\/extremebarcelona2024-mascotte\/#breadcrumb"},"inLanguage":"ca","potentialAction":[{"@type":"ReadAction","target":["https:\/\/extremebarcelona.com\/en\/2024\/08\/19\/extremebarcelona2024-mascotte\/"]}]},{"@type":"ImageObject","inLanguage":"ca","@id":"https:\/\/extremebarcelona.com\/en\/2024\/08\/19\/extremebarcelona2024-mascotte\/#primaryimage","url":"https:\/\/extremebarcelona.com\/wp-content\/uploads\/2024\/08\/rosameininger_mascotte_skateboard-4159-scaled.jpg","contentUrl":"https:\/\/extremebarcelona.com\/wp-content\/uploads\/2024\/08\/rosameininger_mascotte_skateboard-4159-scaled.jpg","width":2560,"height":1707,"caption":"Mascotte"},{"@type":"BreadcrumbList","@id":"https:\/\/extremebarcelona.com\/en\/2024\/08\/19\/extremebarcelona2024-mascotte\/#breadcrumb","itemListElement":[{"@type":"ListItem","position":1,"name":"Portada","item":"https:\/\/extremebarcelona.com\/"},{"@type":"ListItem","position":2,"name":"Mascotte s&#8217;uneix al Extreme Barcelona com a Col\u00b7laborador Oficial"}]},{"@type":"WebSite","@id":"https:\/\/extremebarcelona.com\/#website","url":"https:\/\/extremebarcelona.com\/","name":"Extreme Barcelona","description":"Otro sitio realizado con WordPress","publisher":{"@id":"https:\/\/extremebarcelona.com\/#organization"},"potentialAction":[{"@type":"SearchAction","target":{"@type":"EntryPoint","urlTemplate":"https:\/\/extremebarcelona.com\/?s={search_term_string}"},"query-input":{"@type":"PropertyValueSpecification","valueRequired":true,"valueName":"search_term_string"}}],"inLanguage":"ca"},{"@type":"Organization","@id":"https:\/\/extremebarcelona.com\/#organization","name":"Extreme Barcelona","url":"https:\/\/extremebarcelona.com\/","logo":{"@type":"ImageObject","inLanguage":"ca","@id":"https:\/\/extremebarcelona.com\/#\/schema\/logo\/image\/","url":"https:\/\/extremebarcelona.com\/wp-content\/uploads\/2021\/04\/Logo-Extreme-2021.png","contentUrl":"https:\/\/extremebarcelona.com\/wp-content\/uploads\/2021\/04\/Logo-Extreme-2021.png","width":500,"height":500,"caption":"Extreme Barcelona"},"image":{"@id":"https:\/\/extremebarcelona.com\/#\/schema\/logo\/image\/"}},{"@type":"Person","@id":"https:\/\/extremebarcelona.com\/#\/schema\/person\/84bb7d2facd51100910ca1df9186891e","name":"UWS","image":{"@type":"ImageObject","inLanguage":"ca","@id":"https:\/\/secure.gravatar.com\/avatar\/41b930374ee41e318f6457172bd2f6e300b1872879ecb443d692bea8dad136f9?s=96&d=mm&r=g","url":"https:\/\/secure.gravatar.com\/avatar\/41b930374ee41e318f6457172bd2f6e300b1872879ecb443d692bea8dad136f9?s=96&d=mm&r=g","contentUrl":"https:\/\/secure.gravatar.com\/avatar\/41b930374ee41e318f6457172bd2f6e300b1872879ecb443d692bea8dad136f9?s=96&d=mm&r=g","caption":"UWS"}}]}},"_links":{"self":[{"href":"https:\/\/extremebarcelona.com\/ca\/wp-json\/wp\/v2\/posts\/22904","targetHints":{"allow":["GET"]}}],"collection":[{"href":"https:\/\/extremebarcelona.com\/ca\/wp-json\/wp\/v2\/posts"}],"about":[{"href":"https:\/\/extremebarcelona.com\/ca\/wp-json\/wp\/v2\/types\/post"}],"author":[{"embeddable":true,"href":"https:\/\/extremebarcelona.com\/ca\/wp-json\/wp\/v2\/users\/8"}],"replies":[{"embeddable":true,"href":"https:\/\/extremebarcelona.com\/ca\/wp-json\/wp\/v2\/comments?post=22904"}],"version-history":[{"count":2,"href":"https:\/\/extremebarcelona.com\/ca\/wp-json\/wp\/v2\/posts\/22904\/revisions"}],"predecessor-version":[{"id":22908,"href":"https:\/\/extremebarcelona.com\/ca\/wp-json\/wp\/v2\/posts\/22904\/revisions\/22908"}],"wp:featuredmedia":[{"embeddable":true,"href":"https:\/\/extremebarcelona.com\/ca\/wp-json\/wp\/v2\/media\/22884"}],"wp:attachment":[{"href":"https:\/\/extremebarcelona.com\/ca\/wp-json\/wp\/v2\/media?parent=22904"}],"wp:term":[{"taxonomy":"category","embeddable":true,"href":"https:\/\/extremebarcelona.com\/ca\/wp-json\/wp\/v2\/categories?post=22904"},{"taxonomy":"post_tag","embeddable":true,"href":"https:\/\/extremebarcelona.com\/ca\/wp-json\/wp\/v2\/tags?post=22904"}],"curies":[{"name":"wp","href":"https:\/\/api.w.org\/{rel}","templated":true}]}}