{"id":1901,"date":"2016-06-09T10:30:53","date_gmt":"2016-06-09T10:30:53","guid":{"rendered":"https:\/\/extremebarcelona.com\/ca\/?p=1901"},"modified":"2016-06-09T10:38:35","modified_gmt":"2016-06-09T10:38:35","slug":"extreme-barcelona-2016-official-schedule","status":"publish","type":"post","link":"https:\/\/extremebarcelona.com\/ca\/2016\/06\/09\/extreme-barcelona-2016-official-schedule\/","title":{"rendered":"HORARIS OFICIALS EXTREME BARCELONA 2016"},"content":{"rendered":"<p>Ya est\u00e0 llest\u00a0 el calendari de competicions que es celebraran a l&#8217;<strong>imaginExtreme Barcelona 2016<\/strong>, amb un\u00a0ritme fren\u00e9tic de <strong>10 h de competiciones ininterrumpides<\/strong> durant tot el cap de setmana als\u00a0tres escenaris constru\u00efts especialment per a la ocasi\u00f3: <strong>Central Park, Skate Park i Cross Track.<\/strong><\/p>\n<p>En <strong>negreta<\/strong> est\u00e1n marcades les finals.<\/p>\n<p>Algunes de les proves estaran retransmeses per la <strong>televisi\u00f3 de Catalunya<\/strong> al\u00a0canal <strong>Esports3<\/strong>, i a la carta a la seva\u00a0p\u00e1gina web oficial.<\/p>\n<p>Competicions televisades dissabte:<strong> Streetboard World Championships, MGP Park Battle, Wmn Inline Park Pro Final, Mens Inline Park Pro Final<\/strong>. (16.30 &#8211; 18.30)<\/p>\n<p>Competicions televisades diumenge: <strong>Mens Skate Pro Final, Wmns Skate Pro Final, ISA Scooter World final,\u00a0BMX Park Pro Final<\/strong> + repetici\u00f3n todas las competiciones del s\u00e1bado. (15.00 &#8211; 18.45)<\/p>\n","protected":false},"excerpt":{"rendered":"<p>Ya est\u00e0 llest\u00a0 el calendari de competicions que es celebraran a l&#8217;imaginExtreme Barcelona 2016, amb un\u00a0ritme fren\u00e9tic de 10 h de competiciones ininterrumpides durant tot el cap de setmana als\u00a0tres escenaris constru\u00efts especialment per a la ocasi\u00f3: Central Park, Skate Park i Cross Track. En negreta est\u00e1n marcades les finals. Algunes de les proves estaran [&hellip;]<\/p>\n","protected":false},"author":4,"featured_media":0,"comment_status":"open","ping_status":"open","sticky":false,"template":"","format":"standard","meta":{"_et_pb_use_builder":"","_et_pb_old_content":"","_et_gb_content_width":"","footnotes":""},"categories":[20],"tags":[],"class_list":["post-1901","post","type-post","status-publish","format-standard","hentry","category-noticies"],"yoast_head":"<!-- This site is optimized with the Yoast SEO plugin v27.2 - https:\/\/yoast.com\/product\/yoast-seo-wordpress\/ -->\n<title>HORARIS OFICIALS EXTREME BARCELONA 2016 - Extreme Barcelona<\/title>\n<meta name=\"robots\" content=\"index, follow, max-snippet:-1, max-image-preview:large, max-video-preview:-1\" \/>\n<link rel=\"canonical\" href=\"https:\/\/extremebarcelona.com\/ca\/2016\/06\/09\/extreme-barcelona-2016-official-schedule\/\" \/>\n<meta property=\"og:locale\" content=\"ca_ES\" \/>\n<meta property=\"og:type\" content=\"article\" \/>\n<meta property=\"og:title\" content=\"HORARIS OFICIALS EXTREME BARCELONA 2016 - Extreme Barcelona\" \/>\n<meta property=\"og:description\" content=\"Ya est\u00e0 llest\u00a0 el calendari de competicions que es celebraran a l&#8217;imaginExtreme Barcelona 2016, amb un\u00a0ritme fren\u00e9tic de 10 h de competiciones ininterrumpides durant tot el cap de setmana als\u00a0tres escenaris constru\u00efts especialment per a la ocasi\u00f3: Central Park, Skate Park i Cross Track. En negreta est\u00e1n marcades les finals. Algunes de les proves estaran [&hellip;]\" \/>\n<meta property=\"og:url\" content=\"https:\/\/extremebarcelona.com\/ca\/2016\/06\/09\/extreme-barcelona-2016-official-schedule\/\" \/>\n<meta property=\"og:site_name\" content=\"Extreme Barcelona\" \/>\n<meta property=\"article:published_time\" content=\"2016-06-09T10:30:53+00:00\" \/>\n<meta property=\"article:modified_time\" content=\"2016-06-09T10:38:35+00:00\" \/>\n<meta name=\"author\" content=\"Toni Alvarez\" \/>\n<meta name=\"twitter:card\" content=\"summary_large_image\" \/>\n<meta name=\"twitter:label1\" content=\"Escrit per\" \/>\n\t<meta name=\"twitter:data1\" content=\"Toni Alvarez\" \/>\n\t<meta name=\"twitter:label2\" content=\"Temps estimat de lectura\" \/>\n\t<meta name=\"twitter:data2\" content=\"1 minut\" \/>\n<script type=\"application\/ld+json\" class=\"yoast-schema-graph\">{\"@context\":\"https:\/\/schema.org\",\"@graph\":[{\"@type\":\"NewsArticle\",\"@id\":\"https:\/\/extremebarcelona.com\/ca\/2016\/06\/09\/extreme-barcelona-2016-official-schedule\/#article\",\"isPartOf\":{\"@id\":\"https:\/\/extremebarcelona.com\/ca\/2016\/06\/09\/extreme-barcelona-2016-official-schedule\/\"},\"author\":{\"name\":\"Toni Alvarez\",\"@id\":\"https:\/\/extremebarcelona.com\/#\/schema\/person\/358836924f252662dff39fee7e1aa65d\"},\"headline\":\"HORARIS OFICIALS EXTREME BARCELONA 2016\",\"datePublished\":\"2016-06-09T10:30:53+00:00\",\"dateModified\":\"2016-06-09T10:38:35+00:00\",\"mainEntityOfPage\":{\"@id\":\"https:\/\/extremebarcelona.com\/ca\/2016\/06\/09\/extreme-barcelona-2016-official-schedule\/\"},\"wordCount\":131,\"commentCount\":0,\"publisher\":{\"@id\":\"https:\/\/extremebarcelona.com\/#organization\"},\"articleSection\":[\"Noticies\"],\"inLanguage\":\"ca\",\"potentialAction\":[{\"@type\":\"CommentAction\",\"name\":\"Comment\",\"target\":[\"https:\/\/extremebarcelona.com\/ca\/2016\/06\/09\/extreme-barcelona-2016-official-schedule\/#respond\"]}]},{\"@type\":\"WebPage\",\"@id\":\"https:\/\/extremebarcelona.com\/ca\/2016\/06\/09\/extreme-barcelona-2016-official-schedule\/\",\"url\":\"https:\/\/extremebarcelona.com\/ca\/2016\/06\/09\/extreme-barcelona-2016-official-schedule\/\",\"name\":\"HORARIS OFICIALS EXTREME BARCELONA 2016 - Extreme Barcelona\",\"isPartOf\":{\"@id\":\"https:\/\/extremebarcelona.com\/#website\"},\"datePublished\":\"2016-06-09T10:30:53+00:00\",\"dateModified\":\"2016-06-09T10:38:35+00:00\",\"breadcrumb\":{\"@id\":\"https:\/\/extremebarcelona.com\/ca\/2016\/06\/09\/extreme-barcelona-2016-official-schedule\/#breadcrumb\"},\"inLanguage\":\"ca\",\"potentialAction\":[{\"@type\":\"ReadAction\",\"target\":[\"https:\/\/extremebarcelona.com\/ca\/2016\/06\/09\/extreme-barcelona-2016-official-schedule\/\"]}]},{\"@type\":\"BreadcrumbList\",\"@id\":\"https:\/\/extremebarcelona.com\/ca\/2016\/06\/09\/extreme-barcelona-2016-official-schedule\/#breadcrumb\",\"itemListElement\":[{\"@type\":\"ListItem\",\"position\":1,\"name\":\"Portada\",\"item\":\"https:\/\/extremebarcelona.com\/\"},{\"@type\":\"ListItem\",\"position\":2,\"name\":\"HORARIS OFICIALS EXTREME BARCELONA 2016\"}]},{\"@type\":\"WebSite\",\"@id\":\"https:\/\/extremebarcelona.com\/#website\",\"url\":\"https:\/\/extremebarcelona.com\/\",\"name\":\"Extreme Barcelona\",\"description\":\"Otro sitio realizado con WordPress\",\"publisher\":{\"@id\":\"https:\/\/extremebarcelona.com\/#organization\"},\"potentialAction\":[{\"@type\":\"SearchAction\",\"target\":{\"@type\":\"EntryPoint\",\"urlTemplate\":\"https:\/\/extremebarcelona.com\/?s={search_term_string}\"},\"query-input\":{\"@type\":\"PropertyValueSpecification\",\"valueRequired\":true,\"valueName\":\"search_term_string\"}}],\"inLanguage\":\"ca\"},{\"@type\":\"Organization\",\"@id\":\"https:\/\/extremebarcelona.com\/#organization\",\"name\":\"Extreme Barcelona\",\"url\":\"https:\/\/extremebarcelona.com\/\",\"logo\":{\"@type\":\"ImageObject\",\"inLanguage\":\"ca\",\"@id\":\"https:\/\/extremebarcelona.com\/#\/schema\/logo\/image\/\",\"url\":\"https:\/\/extremebarcelona.com\/wp-content\/uploads\/2021\/04\/Logo-Extreme-2021.png\",\"contentUrl\":\"https:\/\/extremebarcelona.com\/wp-content\/uploads\/2021\/04\/Logo-Extreme-2021.png\",\"width\":500,\"height\":500,\"caption\":\"Extreme Barcelona\"},\"image\":{\"@id\":\"https:\/\/extremebarcelona.com\/#\/schema\/logo\/image\/\"}},{\"@type\":\"Person\",\"@id\":\"https:\/\/extremebarcelona.com\/#\/schema\/person\/358836924f252662dff39fee7e1aa65d\",\"name\":\"Toni Alvarez\",\"image\":{\"@type\":\"ImageObject\",\"inLanguage\":\"ca\",\"@id\":\"https:\/\/secure.gravatar.com\/avatar\/bb138fe5ea40bf6a9e0358749e3f4f902ed657ed222ab9a22841fb258057121f?s=96&d=mm&r=g\",\"url\":\"https:\/\/secure.gravatar.com\/avatar\/bb138fe5ea40bf6a9e0358749e3f4f902ed657ed222ab9a22841fb258057121f?s=96&d=mm&r=g\",\"contentUrl\":\"https:\/\/secure.gravatar.com\/avatar\/bb138fe5ea40bf6a9e0358749e3f4f902ed657ed222ab9a22841fb258057121f?s=96&d=mm&r=g\",\"caption\":\"Toni Alvarez\"},\"sameAs\":[\"mblanco@sevenmila.com\"]}]}<\/script>\n<!-- \/ Yoast SEO plugin. -->","yoast_head_json":{"title":"HORARIS OFICIALS EXTREME BARCELONA 2016 - Extreme Barcelona","robots":{"index":"index","follow":"follow","max-snippet":"max-snippet:-1","max-image-preview":"max-image-preview:large","max-video-preview":"max-video-preview:-1"},"canonical":"https:\/\/extremebarcelona.com\/ca\/2016\/06\/09\/extreme-barcelona-2016-official-schedule\/","og_locale":"ca_ES","og_type":"article","og_title":"HORARIS OFICIALS EXTREME BARCELONA 2016 - Extreme Barcelona","og_description":"Ya est\u00e0 llest\u00a0 el calendari de competicions que es celebraran a l&#8217;imaginExtreme Barcelona 2016, amb un\u00a0ritme fren\u00e9tic de 10 h de competiciones ininterrumpides durant tot el cap de setmana als\u00a0tres escenaris constru\u00efts especialment per a la ocasi\u00f3: Central Park, Skate Park i Cross Track. En negreta est\u00e1n marcades les finals. Algunes de les proves estaran [&hellip;]","og_url":"https:\/\/extremebarcelona.com\/ca\/2016\/06\/09\/extreme-barcelona-2016-official-schedule\/","og_site_name":"Extreme Barcelona","article_published_time":"2016-06-09T10:30:53+00:00","article_modified_time":"2016-06-09T10:38:35+00:00","author":"Toni Alvarez","twitter_card":"summary_large_image","twitter_misc":{"Escrit per":"Toni Alvarez","Temps estimat de lectura":"1 minut"},"schema":{"@context":"https:\/\/schema.org","@graph":[{"@type":"NewsArticle","@id":"https:\/\/extremebarcelona.com\/ca\/2016\/06\/09\/extreme-barcelona-2016-official-schedule\/#article","isPartOf":{"@id":"https:\/\/extremebarcelona.com\/ca\/2016\/06\/09\/extreme-barcelona-2016-official-schedule\/"},"author":{"name":"Toni Alvarez","@id":"https:\/\/extremebarcelona.com\/#\/schema\/person\/358836924f252662dff39fee7e1aa65d"},"headline":"HORARIS OFICIALS EXTREME BARCELONA 2016","datePublished":"2016-06-09T10:30:53+00:00","dateModified":"2016-06-09T10:38:35+00:00","mainEntityOfPage":{"@id":"https:\/\/extremebarcelona.com\/ca\/2016\/06\/09\/extreme-barcelona-2016-official-schedule\/"},"wordCount":131,"commentCount":0,"publisher":{"@id":"https:\/\/extremebarcelona.com\/#organization"},"articleSection":["Noticies"],"inLanguage":"ca","potentialAction":[{"@type":"CommentAction","name":"Comment","target":["https:\/\/extremebarcelona.com\/ca\/2016\/06\/09\/extreme-barcelona-2016-official-schedule\/#respond"]}]},{"@type":"WebPage","@id":"https:\/\/extremebarcelona.com\/ca\/2016\/06\/09\/extreme-barcelona-2016-official-schedule\/","url":"https:\/\/extremebarcelona.com\/ca\/2016\/06\/09\/extreme-barcelona-2016-official-schedule\/","name":"HORARIS OFICIALS EXTREME BARCELONA 2016 - Extreme Barcelona","isPartOf":{"@id":"https:\/\/extremebarcelona.com\/#website"},"datePublished":"2016-06-09T10:30:53+00:00","dateModified":"2016-06-09T10:38:35+00:00","breadcrumb":{"@id":"https:\/\/extremebarcelona.com\/ca\/2016\/06\/09\/extreme-barcelona-2016-official-schedule\/#breadcrumb"},"inLanguage":"ca","potentialAction":[{"@type":"ReadAction","target":["https:\/\/extremebarcelona.com\/ca\/2016\/06\/09\/extreme-barcelona-2016-official-schedule\/"]}]},{"@type":"BreadcrumbList","@id":"https:\/\/extremebarcelona.com\/ca\/2016\/06\/09\/extreme-barcelona-2016-official-schedule\/#breadcrumb","itemListElement":[{"@type":"ListItem","position":1,"name":"Portada","item":"https:\/\/extremebarcelona.com\/"},{"@type":"ListItem","position":2,"name":"HORARIS OFICIALS EXTREME BARCELONA 2016"}]},{"@type":"WebSite","@id":"https:\/\/extremebarcelona.com\/#website","url":"https:\/\/extremebarcelona.com\/","name":"Extreme Barcelona","description":"Otro sitio realizado con WordPress","publisher":{"@id":"https:\/\/extremebarcelona.com\/#organization"},"potentialAction":[{"@type":"SearchAction","target":{"@type":"EntryPoint","urlTemplate":"https:\/\/extremebarcelona.com\/?s={search_term_string}"},"query-input":{"@type":"PropertyValueSpecification","valueRequired":true,"valueName":"search_term_string"}}],"inLanguage":"ca"},{"@type":"Organization","@id":"https:\/\/extremebarcelona.com\/#organization","name":"Extreme Barcelona","url":"https:\/\/extremebarcelona.com\/","logo":{"@type":"ImageObject","inLanguage":"ca","@id":"https:\/\/extremebarcelona.com\/#\/schema\/logo\/image\/","url":"https:\/\/extremebarcelona.com\/wp-content\/uploads\/2021\/04\/Logo-Extreme-2021.png","contentUrl":"https:\/\/extremebarcelona.com\/wp-content\/uploads\/2021\/04\/Logo-Extreme-2021.png","width":500,"height":500,"caption":"Extreme Barcelona"},"image":{"@id":"https:\/\/extremebarcelona.com\/#\/schema\/logo\/image\/"}},{"@type":"Person","@id":"https:\/\/extremebarcelona.com\/#\/schema\/person\/358836924f252662dff39fee7e1aa65d","name":"Toni Alvarez","image":{"@type":"ImageObject","inLanguage":"ca","@id":"https:\/\/secure.gravatar.com\/avatar\/bb138fe5ea40bf6a9e0358749e3f4f902ed657ed222ab9a22841fb258057121f?s=96&d=mm&r=g","url":"https:\/\/secure.gravatar.com\/avatar\/bb138fe5ea40bf6a9e0358749e3f4f902ed657ed222ab9a22841fb258057121f?s=96&d=mm&r=g","contentUrl":"https:\/\/secure.gravatar.com\/avatar\/bb138fe5ea40bf6a9e0358749e3f4f902ed657ed222ab9a22841fb258057121f?s=96&d=mm&r=g","caption":"Toni Alvarez"},"sameAs":["mblanco@sevenmila.com"]}]}},"_links":{"self":[{"href":"https:\/\/extremebarcelona.com\/ca\/wp-json\/wp\/v2\/posts\/1901","targetHints":{"allow":["GET"]}}],"collection":[{"href":"https:\/\/extremebarcelona.com\/ca\/wp-json\/wp\/v2\/posts"}],"about":[{"href":"https:\/\/extremebarcelona.com\/ca\/wp-json\/wp\/v2\/types\/post"}],"author":[{"embeddable":true,"href":"https:\/\/extremebarcelona.com\/ca\/wp-json\/wp\/v2\/users\/4"}],"replies":[{"embeddable":true,"href":"https:\/\/extremebarcelona.com\/ca\/wp-json\/wp\/v2\/comments?post=1901"}],"version-history":[{"count":5,"href":"https:\/\/extremebarcelona.com\/ca\/wp-json\/wp\/v2\/posts\/1901\/revisions"}],"predecessor-version":[{"id":1913,"href":"https:\/\/extremebarcelona.com\/ca\/wp-json\/wp\/v2\/posts\/1901\/revisions\/1913"}],"wp:attachment":[{"href":"https:\/\/extremebarcelona.com\/ca\/wp-json\/wp\/v2\/media?parent=1901"}],"wp:term":[{"taxonomy":"category","embeddable":true,"href":"https:\/\/extremebarcelona.com\/ca\/wp-json\/wp\/v2\/categories?post=1901"},{"taxonomy":"post_tag","embeddable":true,"href":"https:\/\/extremebarcelona.com\/ca\/wp-json\/wp\/v2\/tags?post=1901"}],"curies":[{"name":"wp","href":"https:\/\/api.w.org\/{rel}","templated":true}]}}