{"id":16511,"date":"2022-09-17T22:28:00","date_gmt":"2022-09-17T20:28:00","guid":{"rendered":"https:\/\/extremebarcelona.com\/2022\/09\/17\/bmx-ja-coneix-als-seus-finalistes-copy\/"},"modified":"2022-09-17T22:43:24","modified_gmt":"2022-09-17T20:43:24","slug":"bmx-ja-coneix-als-seus-finalistes-copy","status":"publish","type":"post","link":"https:\/\/extremebarcelona.com\/ca\/2022\/09\/17\/bmx-ja-coneix-als-seus-finalistes-copy\/","title":{"rendered":"L\u2019Scooter corona Barcelona"},"content":{"rendered":"<p>[et_pb_section fb_built=&#8221;1&#8243; _builder_version=&#8221;4.18.0&#8243; _module_preset=&#8221;default&#8221; global_colors_info=&#8221;{}&#8221;][et_pb_row _builder_version=&#8221;4.18.0&#8243; _module_preset=&#8221;default&#8221; global_colors_info=&#8221;{}&#8221;][et_pb_column type=&#8221;4_4&#8243; _builder_version=&#8221;4.18.0&#8243; _module_preset=&#8221;default&#8221; global_colors_info=&#8221;{}&#8221;][et_pb_text admin_label=&#8221;Texto&#8221; _builder_version=&#8221;4.18.0&#8243; _module_preset=&#8221;default&#8221; hover_enabled=&#8221;0&#8243; global_colors_info=&#8221;{}&#8221; sticky_enabled=&#8221;0&#8243;]<\/p>\n<ul>\n<li>\n<h5><b>Matis Neyroud s&#8217;ha emportat l&#8217;or del Extreme arrebatandole la corona a Di Meglio <\/b><\/h5>\n<\/li>\n<\/ul>\n<h5><b><\/b><br \/><b><\/b><\/h5>\n<ul>\n<li>\n<h5><b>Jordan Clark, passa com a principal favorit per a emportar-se el seu 6o metall a casa<\/b><\/h5>\n<\/li>\n<\/ul>\n<p>[\/et_pb_text][et_pb_image src=&#8221;https:\/\/extremebarcelona.com\/wp-content\/uploads\/2022\/09\/DSC8234-scaled.jpg&#8221; title_text=&#8221;_DSC8234&#8243; _builder_version=&#8221;4.18.0&#8243; _module_preset=&#8221;default&#8221; hover_enabled=&#8221;0&#8243; global_colors_info=&#8221;{}&#8221; sticky_enabled=&#8221;0&#8243;][\/et_pb_image][et_pb_text _builder_version=&#8221;4.18.0&#8243; _module_preset=&#8221;default&#8221; hover_enabled=&#8221;0&#8243; global_colors_info=&#8221;{}&#8221; sticky_enabled=&#8221;0&#8243;]<\/p>\n<p><span style=\"font-weight: 400;\">La sorpresa ha saltat en la Street Plaza quan aquesta nit el su\u00eds Matis Neyroud li ha arrabassat el tron de l&#8217;esc\u00fater a Lucas Di Meglio. El su\u00eds s&#8217;ha emportat l&#8217;or despr\u00e9s d&#8217;una gran actuaci\u00f3 i croocked to fakie to fakie frontflip to halfcab com a colof\u00f3 final que ha aixecat a tota la Street Plaza.\u00a0<\/span><\/p>\n<p><span style=\"font-weight: 400;\">L&#8217;australi\u00e0 Kai Saunders s&#8217;ha emportat la plata despr\u00e9s d&#8217;un double barspine to backsidelipeslide com bestrick.\u00a0<\/span><\/p>\n<p><span style=\"font-weight: 400;\">Guifr\u00e9 Obradors ha tornat a pujar al podi emportant-se el bronze amb dues rondes perfectes i tres best tricks incre\u00efbles. Obradors es corona aix\u00ed com un dels millors riders de scootering del moment. <\/span><\/p>\n<p>[\/et_pb_text][et_pb_image src=&#8221;https:\/\/extremebarcelona.com\/wp-content\/uploads\/2022\/09\/DSC7975-scaled.jpg&#8221; title_text=&#8221;_DSC7975&#8243; _builder_version=&#8221;4.18.0&#8243; _module_preset=&#8221;default&#8221; hover_enabled=&#8221;0&#8243; global_colors_info=&#8221;{}&#8221; admin_label=&#8221;Imagen&#8221; sticky_enabled=&#8221;0&#8243;][\/et_pb_image][et_pb_text _builder_version=&#8221;4.18.0&#8243; _module_preset=&#8221;default&#8221; hover_enabled=&#8221;0&#8243; global_colors_info=&#8221;{}&#8221; sticky_enabled=&#8221;0&#8243;]<\/p>\n<p><span style=\"font-weight: 400;\">Jordan Clark, passa com a principal favorit per a emportar-se el seu 6o metall, el brit\u00e0nic ha quedat segon en la semifinal amb els seus trucs ja cl\u00e0ssics. Clark es reserva tota la p\u00f3lvora per a dem\u00e0 a les 18h, si aconsegueix un metall, podria engrandir encara mes la seva hist\u00f2ria.\u00a0<\/span><\/p>\n<p><span style=\"font-weight: 400;\">La final d\u2019Scooter Park culminar\u00e0 amb la Fernando Park Battle, una competici\u00f3 en mem\u00f2ria de Fernando Perez Manyanet on 8 riders competeixen per un millor truc que s&#8217;emportar\u00e0 1000 euros i l&#8217;ovaci\u00f3 de tots els visitants.<\/span><\/p>\n<p>[\/et_pb_text][\/et_pb_column][\/et_pb_row][\/et_pb_section]<\/p>\n","protected":false},"excerpt":{"rendered":"<p>Matis Neyroud s&#8217;ha emportat l&#8217;or del Extreme arrebatandole la corona a Di Meglio Jordan Clark, passa com a principal favorit per a emportar-se el seu 6o metall a casa La sorpresa ha saltat en la Street Plaza quan aquesta nit el su\u00eds Matis Neyroud li ha arrabassat el tron de l&#8217;esc\u00fater a Lucas Di Meglio. [&hellip;]<\/p>\n","protected":false},"author":8,"featured_media":16526,"comment_status":"closed","ping_status":"closed","sticky":false,"template":"","format":"standard","meta":{"_et_pb_use_builder":"on","_et_pb_old_content":"","_et_gb_content_width":"","footnotes":""},"categories":[13,1],"tags":[],"class_list":["post-16511","post","type-post","status-publish","format-standard","has-post-thumbnail","hentry","category-noticias","category-sin-categoria"],"yoast_head":"<!-- This site is optimized with the Yoast SEO plugin v27.2 - https:\/\/yoast.com\/product\/yoast-seo-wordpress\/ -->\n<title>L\u2019Scooter corona Barcelona<\/title>\n<meta name=\"description\" content=\"Matis Neyroud s&#039;ha emportat l&#039;or del Extreme arrebatandole la corona a Di Meglio\" \/>\n<meta name=\"robots\" content=\"index, follow, max-snippet:-1, max-image-preview:large, max-video-preview:-1\" \/>\n<link rel=\"canonical\" href=\"https:\/\/extremebarcelona.com\/ca\/2022\/09\/17\/bmx-ja-coneix-als-seus-finalistes-copy\/\" \/>\n<meta property=\"og:locale\" content=\"ca_ES\" \/>\n<meta property=\"og:type\" content=\"article\" \/>\n<meta property=\"og:title\" content=\"L\u2019Scooter corona Barcelona\" \/>\n<meta property=\"og:description\" content=\"Matis Neyroud s&#039;ha emportat l&#039;or del Extreme arrebatandole la corona a Di Meglio\" \/>\n<meta property=\"og:url\" content=\"https:\/\/extremebarcelona.com\/ca\/2022\/09\/17\/bmx-ja-coneix-als-seus-finalistes-copy\/\" \/>\n<meta property=\"og:site_name\" content=\"Extreme Barcelona\" \/>\n<meta property=\"article:published_time\" content=\"2022-09-17T20:28:00+00:00\" \/>\n<meta property=\"article:modified_time\" content=\"2022-09-17T20:43:24+00:00\" \/>\n<meta property=\"og:image\" content=\"http:\/\/extremebarcelona.com\/wp-content\/uploads\/2022\/09\/DSC8234-scaled.jpg\" \/>\n\t<meta property=\"og:image:width\" content=\"2560\" \/>\n\t<meta property=\"og:image:height\" content=\"1707\" \/>\n\t<meta property=\"og:image:type\" content=\"image\/jpeg\" \/>\n<meta name=\"author\" content=\"UWS\" \/>\n<meta name=\"twitter:card\" content=\"summary_large_image\" \/>\n<meta name=\"twitter:label1\" content=\"Escrit per\" \/>\n\t<meta name=\"twitter:data1\" content=\"UWS\" \/>\n\t<meta name=\"twitter:label2\" content=\"Temps estimat de lectura\" \/>\n\t<meta name=\"twitter:data2\" content=\"2 minuts\" \/>\n<script type=\"application\/ld+json\" class=\"yoast-schema-graph\">{\"@context\":\"https:\/\/schema.org\",\"@graph\":[{\"@type\":\"NewsArticle\",\"@id\":\"https:\/\/extremebarcelona.com\/ca\/2022\/09\/17\/bmx-ja-coneix-als-seus-finalistes-copy\/#article\",\"isPartOf\":{\"@id\":\"https:\/\/extremebarcelona.com\/ca\/2022\/09\/17\/bmx-ja-coneix-als-seus-finalistes-copy\/\"},\"author\":{\"name\":\"UWS\",\"@id\":\"https:\/\/extremebarcelona.com\/#\/schema\/person\/84bb7d2facd51100910ca1df9186891e\"},\"headline\":\"L\u2019Scooter corona Barcelona\",\"datePublished\":\"2022-09-17T20:28:00+00:00\",\"dateModified\":\"2022-09-17T20:43:24+00:00\",\"mainEntityOfPage\":{\"@id\":\"https:\/\/extremebarcelona.com\/ca\/2022\/09\/17\/bmx-ja-coneix-als-seus-finalistes-copy\/\"},\"wordCount\":410,\"publisher\":{\"@id\":\"https:\/\/extremebarcelona.com\/#organization\"},\"image\":{\"@id\":\"https:\/\/extremebarcelona.com\/ca\/2022\/09\/17\/bmx-ja-coneix-als-seus-finalistes-copy\/#primaryimage\"},\"thumbnailUrl\":\"https:\/\/extremebarcelona.com\/wp-content\/uploads\/2022\/09\/DSC8234-scaled.jpg\",\"articleSection\":[\"Noticias\",\"Sin categor\u00eda\"],\"inLanguage\":\"ca\"},{\"@type\":\"WebPage\",\"@id\":\"https:\/\/extremebarcelona.com\/ca\/2022\/09\/17\/bmx-ja-coneix-als-seus-finalistes-copy\/\",\"url\":\"https:\/\/extremebarcelona.com\/ca\/2022\/09\/17\/bmx-ja-coneix-als-seus-finalistes-copy\/\",\"name\":\"L\u2019Scooter corona Barcelona\",\"isPartOf\":{\"@id\":\"https:\/\/extremebarcelona.com\/#website\"},\"primaryImageOfPage\":{\"@id\":\"https:\/\/extremebarcelona.com\/ca\/2022\/09\/17\/bmx-ja-coneix-als-seus-finalistes-copy\/#primaryimage\"},\"image\":{\"@id\":\"https:\/\/extremebarcelona.com\/ca\/2022\/09\/17\/bmx-ja-coneix-als-seus-finalistes-copy\/#primaryimage\"},\"thumbnailUrl\":\"https:\/\/extremebarcelona.com\/wp-content\/uploads\/2022\/09\/DSC8234-scaled.jpg\",\"datePublished\":\"2022-09-17T20:28:00+00:00\",\"dateModified\":\"2022-09-17T20:43:24+00:00\",\"description\":\"Matis Neyroud s'ha emportat l'or del Extreme arrebatandole la corona a Di Meglio\",\"breadcrumb\":{\"@id\":\"https:\/\/extremebarcelona.com\/ca\/2022\/09\/17\/bmx-ja-coneix-als-seus-finalistes-copy\/#breadcrumb\"},\"inLanguage\":\"ca\",\"potentialAction\":[{\"@type\":\"ReadAction\",\"target\":[\"https:\/\/extremebarcelona.com\/ca\/2022\/09\/17\/bmx-ja-coneix-als-seus-finalistes-copy\/\"]}]},{\"@type\":\"ImageObject\",\"inLanguage\":\"ca\",\"@id\":\"https:\/\/extremebarcelona.com\/ca\/2022\/09\/17\/bmx-ja-coneix-als-seus-finalistes-copy\/#primaryimage\",\"url\":\"https:\/\/extremebarcelona.com\/wp-content\/uploads\/2022\/09\/DSC8234-scaled.jpg\",\"contentUrl\":\"https:\/\/extremebarcelona.com\/wp-content\/uploads\/2022\/09\/DSC8234-scaled.jpg\",\"width\":2560,\"height\":1707},{\"@type\":\"BreadcrumbList\",\"@id\":\"https:\/\/extremebarcelona.com\/ca\/2022\/09\/17\/bmx-ja-coneix-als-seus-finalistes-copy\/#breadcrumb\",\"itemListElement\":[{\"@type\":\"ListItem\",\"position\":1,\"name\":\"Portada\",\"item\":\"https:\/\/extremebarcelona.com\/\"},{\"@type\":\"ListItem\",\"position\":2,\"name\":\"L\u2019Scooter corona Barcelona\"}]},{\"@type\":\"WebSite\",\"@id\":\"https:\/\/extremebarcelona.com\/#website\",\"url\":\"https:\/\/extremebarcelona.com\/\",\"name\":\"Extreme Barcelona\",\"description\":\"Otro sitio realizado con WordPress\",\"publisher\":{\"@id\":\"https:\/\/extremebarcelona.com\/#organization\"},\"potentialAction\":[{\"@type\":\"SearchAction\",\"target\":{\"@type\":\"EntryPoint\",\"urlTemplate\":\"https:\/\/extremebarcelona.com\/?s={search_term_string}\"},\"query-input\":{\"@type\":\"PropertyValueSpecification\",\"valueRequired\":true,\"valueName\":\"search_term_string\"}}],\"inLanguage\":\"ca\"},{\"@type\":\"Organization\",\"@id\":\"https:\/\/extremebarcelona.com\/#organization\",\"name\":\"Extreme Barcelona\",\"url\":\"https:\/\/extremebarcelona.com\/\",\"logo\":{\"@type\":\"ImageObject\",\"inLanguage\":\"ca\",\"@id\":\"https:\/\/extremebarcelona.com\/#\/schema\/logo\/image\/\",\"url\":\"https:\/\/extremebarcelona.com\/wp-content\/uploads\/2021\/04\/Logo-Extreme-2021.png\",\"contentUrl\":\"https:\/\/extremebarcelona.com\/wp-content\/uploads\/2021\/04\/Logo-Extreme-2021.png\",\"width\":500,\"height\":500,\"caption\":\"Extreme Barcelona\"},\"image\":{\"@id\":\"https:\/\/extremebarcelona.com\/#\/schema\/logo\/image\/\"}},{\"@type\":\"Person\",\"@id\":\"https:\/\/extremebarcelona.com\/#\/schema\/person\/84bb7d2facd51100910ca1df9186891e\",\"name\":\"UWS\",\"image\":{\"@type\":\"ImageObject\",\"inLanguage\":\"ca\",\"@id\":\"https:\/\/secure.gravatar.com\/avatar\/41b930374ee41e318f6457172bd2f6e300b1872879ecb443d692bea8dad136f9?s=96&d=mm&r=g\",\"url\":\"https:\/\/secure.gravatar.com\/avatar\/41b930374ee41e318f6457172bd2f6e300b1872879ecb443d692bea8dad136f9?s=96&d=mm&r=g\",\"contentUrl\":\"https:\/\/secure.gravatar.com\/avatar\/41b930374ee41e318f6457172bd2f6e300b1872879ecb443d692bea8dad136f9?s=96&d=mm&r=g\",\"caption\":\"UWS\"}}]}<\/script>\n<!-- \/ Yoast SEO plugin. -->","yoast_head_json":{"title":"L\u2019Scooter corona Barcelona","description":"Matis Neyroud s'ha emportat l'or del Extreme arrebatandole la corona a Di Meglio","robots":{"index":"index","follow":"follow","max-snippet":"max-snippet:-1","max-image-preview":"max-image-preview:large","max-video-preview":"max-video-preview:-1"},"canonical":"https:\/\/extremebarcelona.com\/ca\/2022\/09\/17\/bmx-ja-coneix-als-seus-finalistes-copy\/","og_locale":"ca_ES","og_type":"article","og_title":"L\u2019Scooter corona Barcelona","og_description":"Matis Neyroud s'ha emportat l'or del Extreme arrebatandole la corona a Di Meglio","og_url":"https:\/\/extremebarcelona.com\/ca\/2022\/09\/17\/bmx-ja-coneix-als-seus-finalistes-copy\/","og_site_name":"Extreme Barcelona","article_published_time":"2022-09-17T20:28:00+00:00","article_modified_time":"2022-09-17T20:43:24+00:00","og_image":[{"width":2560,"height":1707,"url":"http:\/\/extremebarcelona.com\/wp-content\/uploads\/2022\/09\/DSC8234-scaled.jpg","type":"image\/jpeg"}],"author":"UWS","twitter_card":"summary_large_image","twitter_misc":{"Escrit per":"UWS","Temps estimat de lectura":"2 minuts"},"schema":{"@context":"https:\/\/schema.org","@graph":[{"@type":"NewsArticle","@id":"https:\/\/extremebarcelona.com\/ca\/2022\/09\/17\/bmx-ja-coneix-als-seus-finalistes-copy\/#article","isPartOf":{"@id":"https:\/\/extremebarcelona.com\/ca\/2022\/09\/17\/bmx-ja-coneix-als-seus-finalistes-copy\/"},"author":{"name":"UWS","@id":"https:\/\/extremebarcelona.com\/#\/schema\/person\/84bb7d2facd51100910ca1df9186891e"},"headline":"L\u2019Scooter corona Barcelona","datePublished":"2022-09-17T20:28:00+00:00","dateModified":"2022-09-17T20:43:24+00:00","mainEntityOfPage":{"@id":"https:\/\/extremebarcelona.com\/ca\/2022\/09\/17\/bmx-ja-coneix-als-seus-finalistes-copy\/"},"wordCount":410,"publisher":{"@id":"https:\/\/extremebarcelona.com\/#organization"},"image":{"@id":"https:\/\/extremebarcelona.com\/ca\/2022\/09\/17\/bmx-ja-coneix-als-seus-finalistes-copy\/#primaryimage"},"thumbnailUrl":"https:\/\/extremebarcelona.com\/wp-content\/uploads\/2022\/09\/DSC8234-scaled.jpg","articleSection":["Noticias","Sin categor\u00eda"],"inLanguage":"ca"},{"@type":"WebPage","@id":"https:\/\/extremebarcelona.com\/ca\/2022\/09\/17\/bmx-ja-coneix-als-seus-finalistes-copy\/","url":"https:\/\/extremebarcelona.com\/ca\/2022\/09\/17\/bmx-ja-coneix-als-seus-finalistes-copy\/","name":"L\u2019Scooter corona Barcelona","isPartOf":{"@id":"https:\/\/extremebarcelona.com\/#website"},"primaryImageOfPage":{"@id":"https:\/\/extremebarcelona.com\/ca\/2022\/09\/17\/bmx-ja-coneix-als-seus-finalistes-copy\/#primaryimage"},"image":{"@id":"https:\/\/extremebarcelona.com\/ca\/2022\/09\/17\/bmx-ja-coneix-als-seus-finalistes-copy\/#primaryimage"},"thumbnailUrl":"https:\/\/extremebarcelona.com\/wp-content\/uploads\/2022\/09\/DSC8234-scaled.jpg","datePublished":"2022-09-17T20:28:00+00:00","dateModified":"2022-09-17T20:43:24+00:00","description":"Matis Neyroud s'ha emportat l'or del Extreme arrebatandole la corona a Di Meglio","breadcrumb":{"@id":"https:\/\/extremebarcelona.com\/ca\/2022\/09\/17\/bmx-ja-coneix-als-seus-finalistes-copy\/#breadcrumb"},"inLanguage":"ca","potentialAction":[{"@type":"ReadAction","target":["https:\/\/extremebarcelona.com\/ca\/2022\/09\/17\/bmx-ja-coneix-als-seus-finalistes-copy\/"]}]},{"@type":"ImageObject","inLanguage":"ca","@id":"https:\/\/extremebarcelona.com\/ca\/2022\/09\/17\/bmx-ja-coneix-als-seus-finalistes-copy\/#primaryimage","url":"https:\/\/extremebarcelona.com\/wp-content\/uploads\/2022\/09\/DSC8234-scaled.jpg","contentUrl":"https:\/\/extremebarcelona.com\/wp-content\/uploads\/2022\/09\/DSC8234-scaled.jpg","width":2560,"height":1707},{"@type":"BreadcrumbList","@id":"https:\/\/extremebarcelona.com\/ca\/2022\/09\/17\/bmx-ja-coneix-als-seus-finalistes-copy\/#breadcrumb","itemListElement":[{"@type":"ListItem","position":1,"name":"Portada","item":"https:\/\/extremebarcelona.com\/"},{"@type":"ListItem","position":2,"name":"L\u2019Scooter corona Barcelona"}]},{"@type":"WebSite","@id":"https:\/\/extremebarcelona.com\/#website","url":"https:\/\/extremebarcelona.com\/","name":"Extreme Barcelona","description":"Otro sitio realizado con WordPress","publisher":{"@id":"https:\/\/extremebarcelona.com\/#organization"},"potentialAction":[{"@type":"SearchAction","target":{"@type":"EntryPoint","urlTemplate":"https:\/\/extremebarcelona.com\/?s={search_term_string}"},"query-input":{"@type":"PropertyValueSpecification","valueRequired":true,"valueName":"search_term_string"}}],"inLanguage":"ca"},{"@type":"Organization","@id":"https:\/\/extremebarcelona.com\/#organization","name":"Extreme Barcelona","url":"https:\/\/extremebarcelona.com\/","logo":{"@type":"ImageObject","inLanguage":"ca","@id":"https:\/\/extremebarcelona.com\/#\/schema\/logo\/image\/","url":"https:\/\/extremebarcelona.com\/wp-content\/uploads\/2021\/04\/Logo-Extreme-2021.png","contentUrl":"https:\/\/extremebarcelona.com\/wp-content\/uploads\/2021\/04\/Logo-Extreme-2021.png","width":500,"height":500,"caption":"Extreme Barcelona"},"image":{"@id":"https:\/\/extremebarcelona.com\/#\/schema\/logo\/image\/"}},{"@type":"Person","@id":"https:\/\/extremebarcelona.com\/#\/schema\/person\/84bb7d2facd51100910ca1df9186891e","name":"UWS","image":{"@type":"ImageObject","inLanguage":"ca","@id":"https:\/\/secure.gravatar.com\/avatar\/41b930374ee41e318f6457172bd2f6e300b1872879ecb443d692bea8dad136f9?s=96&d=mm&r=g","url":"https:\/\/secure.gravatar.com\/avatar\/41b930374ee41e318f6457172bd2f6e300b1872879ecb443d692bea8dad136f9?s=96&d=mm&r=g","contentUrl":"https:\/\/secure.gravatar.com\/avatar\/41b930374ee41e318f6457172bd2f6e300b1872879ecb443d692bea8dad136f9?s=96&d=mm&r=g","caption":"UWS"}}]}},"_links":{"self":[{"href":"https:\/\/extremebarcelona.com\/ca\/wp-json\/wp\/v2\/posts\/16511","targetHints":{"allow":["GET"]}}],"collection":[{"href":"https:\/\/extremebarcelona.com\/ca\/wp-json\/wp\/v2\/posts"}],"about":[{"href":"https:\/\/extremebarcelona.com\/ca\/wp-json\/wp\/v2\/types\/post"}],"author":[{"embeddable":true,"href":"https:\/\/extremebarcelona.com\/ca\/wp-json\/wp\/v2\/users\/8"}],"replies":[{"embeddable":true,"href":"https:\/\/extremebarcelona.com\/ca\/wp-json\/wp\/v2\/comments?post=16511"}],"version-history":[{"count":2,"href":"https:\/\/extremebarcelona.com\/ca\/wp-json\/wp\/v2\/posts\/16511\/revisions"}],"predecessor-version":[{"id":16530,"href":"https:\/\/extremebarcelona.com\/ca\/wp-json\/wp\/v2\/posts\/16511\/revisions\/16530"}],"wp:featuredmedia":[{"embeddable":true,"href":"https:\/\/extremebarcelona.com\/ca\/wp-json\/wp\/v2\/media\/16526"}],"wp:attachment":[{"href":"https:\/\/extremebarcelona.com\/ca\/wp-json\/wp\/v2\/media?parent=16511"}],"wp:term":[{"taxonomy":"category","embeddable":true,"href":"https:\/\/extremebarcelona.com\/ca\/wp-json\/wp\/v2\/categories?post=16511"},{"taxonomy":"post_tag","embeddable":true,"href":"https:\/\/extremebarcelona.com\/ca\/wp-json\/wp\/v2\/tags?post=16511"}],"curies":[{"name":"wp","href":"https:\/\/api.w.org\/{rel}","templated":true}]}}