{"id":16040,"date":"2022-09-09T13:17:50","date_gmt":"2022-09-09T11:17:50","guid":{"rendered":"https:\/\/extremebarcelona.com\/2022\/09\/09\/flex-moments-el-extreme-barcelona-tambien-es-un-festival-de-musica\/"},"modified":"2022-09-13T16:45:44","modified_gmt":"2022-09-13T14:45:44","slug":"flex-moments-lextreme-barcelona-tambe-es-un-festival-de-musica","status":"publish","type":"post","link":"https:\/\/extremebarcelona.com\/ca\/2022\/09\/09\/flex-moments-lextreme-barcelona-tambe-es-un-festival-de-musica\/","title":{"rendered":"Flex Moments: L&#8217;Extreme Barcelona tamb\u00e9 \u00e9s un festival de m\u00fasica"},"content":{"rendered":"<p>[et_pb_section fb_built=&#8221;1&#8243; admin_label=&#8221;section&#8221; _builder_version=&#8221;4.16&#8243; global_colors_info=&#8221;{}&#8221;][et_pb_row _builder_version=&#8221;4.18.0&#8243; _module_preset=&#8221;default&#8221; global_colors_info=&#8221;{}&#8221;][et_pb_column type=&#8221;4_4&#8243; _builder_version=&#8221;4.18.0&#8243; _module_preset=&#8221;default&#8221; global_colors_info=&#8221;{}&#8221;][et_pb_image src=&#8221;https:\/\/extremebarcelona.com\/wp-content\/uploads\/2022\/09\/WEB-6.jpg&#8221; title_text=&#8221;WEB-6&#8243; align=&#8221;center&#8221; admin_label=&#8221;Imagen&#8221; _builder_version=&#8221;4.18.0&#8243; _module_preset=&#8221;default&#8221; global_colors_info=&#8221;{}&#8221;][\/et_pb_image][\/et_pb_column][\/et_pb_row][et_pb_row _builder_version=&#8221;4.18.0&#8243; _module_preset=&#8221;default&#8221; global_colors_info=&#8221;{}&#8221;][et_pb_column type=&#8221;4_4&#8243; _builder_version=&#8221;4.18.0&#8243; _module_preset=&#8221;default&#8221; global_colors_info=&#8221;{}&#8221;][et_pb_text _builder_version=&#8221;4.18.0&#8243; _module_preset=&#8221;default&#8221; hover_enabled=&#8221;0&#8243; global_colors_info=&#8221;{}&#8221; sticky_enabled=&#8221;0&#8243;]<\/p>\n<ul>\n<li aria-level=\"1\">\n<h4><strong>Anier, Le\u00efti Sene i Alu seran els caps de cartell dels Flex Moments en el Urban Stage.<\/strong><\/h4>\n<\/li>\n<\/ul>\n<p>&nbsp;<\/p>\n<ul>\n<li aria-level=\"1\">\n<h4><strong>Voodoo i Stalow s&#8217;encarregaran d&#8217;escalfar motors per les grans actuacions.<\/strong><\/h4>\n<\/li>\n<\/ul>\n<p>[\/et_pb_text][et_pb_text _builder_version=&#8221;4.18.0&#8243; _module_preset=&#8221;default&#8221; global_colors_info=&#8221;{}&#8221;]<\/p>\n<p dir=\"ltr\">Los \u2018Flex Moments\u2019 volver\u00e1n a encender el Parc del F\u00f2rum durante la tarde-noche del viernes y s\u00e1bado. Anier, Alu y Le\u00efti Sene ofrecer\u00e1n un concierto gratuito en el Urban Stage del Extreme Barcelona.<\/p>\n<p dir=\"ltr\">Con este cartelazo el Extreme Barelona apuesta con fuerza por ampliar y reforzar la oferta musical en un evento de deportes urbanos ya consolidado. para ofrecer una experiencia \u00fanica y completa a todos los asistentes.<\/p>\n<p>[\/et_pb_text][\/et_pb_column][\/et_pb_row][et_pb_row column_structure=&#8221;1_2,1_2&#8243; _builder_version=&#8221;4.18.0&#8243; _module_preset=&#8221;default&#8221; global_colors_info=&#8221;{}&#8221;][et_pb_column type=&#8221;1_2&#8243; _builder_version=&#8221;4.18.0&#8243; _module_preset=&#8221;default&#8221; global_colors_info=&#8221;{}&#8221;][et_pb_text _builder_version=&#8221;4.18.0&#8243; _module_preset=&#8221;default&#8221; hover_enabled=&#8221;0&#8243; global_colors_info=&#8221;{}&#8221; sticky_enabled=&#8221;0&#8243;]<\/p>\n<h5>\u00a0<\/h5>\n<h5>\u00a0<\/h5>\n<h5 style=\"text-align: center;\"><span style=\"text-decoration: underline; color: #5800bd;\"><strong>ANIER<\/strong><\/span><\/h5>\n<p>La rapera catalana, amb m\u00e9s de 189.956 o\u00efdors mensuals, realitzar\u00e0 un concert gratu\u00eft per a tancar l&#8217;estrena de la 12a edici\u00f3 del Extreme Barcelona de 21 a 22h en el Urban Stage. Anier tornar\u00e0 al Extreme com a artista consagrada, despr\u00e9s de passar pel podi de l&#8217;esdeveniment en m\u00e9s d&#8217;una ocasi\u00f3 competint en la disciplina de Longboard per a presentar el seu esperat disc de debut: Alas de metall.<\/p>\n<p>[\/et_pb_text][et_pb_text _builder_version=&#8221;4.18.0&#8243; _module_preset=&#8221;default&#8221; hover_enabled=&#8221;0&#8243; global_colors_info=&#8221;{}&#8221; sticky_enabled=&#8221;0&#8243;]<\/p>\n<p>&nbsp;<\/p>\n<p>&nbsp;<\/p>\n<p>&nbsp;<\/p>\n<p>&nbsp;<\/p>\n<h5>\u00a0<\/h5>\n<h5 style=\"text-align: center;\"><span style=\"text-decoration: underline; color: #5800bd;\"><strong>LE\u00cfTI SENE<\/strong><\/span><\/h5>\n<p>El raper i actor barcelon\u00ed s&#8217;ha fet lloc en l&#8217;escena musical, actuant a les sales i festivals referents en el panorama underground barcelon\u00ed: Razzmatazz i Primavera Sound entre altres.\u00a0<\/p>\n<p>Le\u00efti es va unir a Cutemobb un col\u00b7lectiu l\u00edder dels artistes creatius, va participar en Cute Tapis, el disc de llan\u00e7ament del col\u00b7lectiu que, el va al\u00e7ar encara m\u00e9s, al panorama musical.<\/p>\n<p>[\/et_pb_text][et_pb_text _builder_version=&#8221;4.18.0&#8243; _module_preset=&#8221;default&#8221; hover_enabled=&#8221;0&#8243; global_colors_info=&#8221;{}&#8221; sticky_enabled=&#8221;0&#8243;]<\/p>\n<p>&nbsp;<\/p>\n<p>&nbsp;<\/p>\n<p>&nbsp;<\/p>\n<h5 style=\"text-align: center;\"><span style=\"text-decoration: underline; color: #5800b9;\"><strong>ALU<\/strong><\/span><\/h5>\n<p>Alu \u00e9s una de les promeses del col\u00b7lectiu Cutemobb, va debutar com a vocalista en el col\u00b7lectiu amb \u201cCute Tapis\u201d i ha col\u00b7laborat amb artistes del col\u00b7lectiu m\u00e9s consolidats com Le\u00efti Sene o Enry-K. TSK, \u00e9s el seu primer projecte en solitari inspirat en les seves arrels i combinant ritmes musicals guineans amb el beat.<\/p>\n<p>[\/et_pb_text][\/et_pb_column][et_pb_column type=&#8221;1_2&#8243; _builder_version=&#8221;4.18.0&#8243; _module_preset=&#8221;default&#8221; global_colors_info=&#8221;{}&#8221;][et_pb_image src=&#8221;https:\/\/extremebarcelona.com\/wp-content\/uploads\/2022\/09\/anier.jpg&#8221; title_text=&#8221;anier&#8221; _builder_version=&#8221;4.18.0&#8243; _module_preset=&#8221;default&#8221; global_colors_info=&#8221;{}&#8221;][\/et_pb_image][et_pb_image src=&#8221;https:\/\/extremebarcelona.com\/wp-content\/uploads\/2022\/09\/leiti-sene.jpg&#8221; title_text=&#8221;leiti-sene&#8221; _builder_version=&#8221;4.18.0&#8243; _module_preset=&#8221;default&#8221; global_colors_info=&#8221;{}&#8221;][\/et_pb_image][et_pb_image src=&#8221;https:\/\/extremebarcelona.com\/wp-content\/uploads\/2022\/09\/alu.jpg&#8221; title_text=&#8221;alu&#8221; _builder_version=&#8221;4.18.0&#8243; _module_preset=&#8221;default&#8221; global_colors_info=&#8221;{}&#8221;][\/et_pb_image][\/et_pb_column][\/et_pb_row][et_pb_row _builder_version=&#8221;4.18.0&#8243; _module_preset=&#8221;default&#8221; global_colors_info=&#8221;{}&#8221;][et_pb_column type=&#8221;4_4&#8243; _builder_version=&#8221;4.18.0&#8243; _module_preset=&#8221;default&#8221; global_colors_info=&#8221;{}&#8221;][et_pb_text admin_label=&#8221;Texto&#8221; _builder_version=&#8221;4.18.0&#8243; _module_preset=&#8221;default&#8221; hover_enabled=&#8221;0&#8243; global_colors_info=&#8221;{}&#8221; sticky_enabled=&#8221;0&#8243;]<\/p>\n<p>Els col\u00b7lectius barcelonins underground <strong>Voodoo i Stalow<\/strong> seran els encarregats d&#8217;escalfar motors abans de les grans actuacions.\u00a0<\/p>\n<p>El<strong> Dissabte<\/strong> les taules de DJ ocupessin el <strong>Urban Stage, Voodoo,<\/strong> una de les festes m\u00e9s alternatives del moment que combina el afrobeat, dancehall, i dembow. Les festes se celebren a \u00a0Barcelona, Madrid, Paris i Eivissa i pressentan per a l&#8217;Extreme un cartell molt complet amb: <strong>Oseka, Deezy, Realteec, Slimboy Flacko, Manga Rosa,<\/strong> artistes vinculats al col\u00b7lectiu.<\/p>\n<p><strong>Stalow<\/strong> portar\u00e0 al <strong>Parc del F\u00f2rum<\/strong> el rap m\u00e9s underground amb les batalles de freestyle, les bases, seran els fonaments amb els quals el col\u00b7lectiu construir\u00e0 un clima de rimes improvisades que combinar\u00e0 amb petites \u2018<strong>ShowCase\u2019<\/strong> dels protagonistes de les batalles, participaran: <strong>sin filtro, bichomalo, prey two, valtho, legend blacka, G.woda, ali white, montythedoc dj.<\/strong><\/p>\n<p style=\"text-align: center;\"><strong>La m\u00fasica urbana es donar\u00e0 cita en l&#8217;Extreme Barcelona en una vetllada totalment gratu\u00efta, T&#8217;ho perdr\u00e0s?<\/strong><\/p>\n<p>[\/et_pb_text][\/et_pb_column][\/et_pb_row][\/et_pb_section]<\/p>\n","protected":false},"excerpt":{"rendered":"<p>Anier, Le\u00efti Sene i Alu seran els caps de cartell dels Flex Moments en el Urban Stage. &nbsp; Voodoo i Stalow s&#8217;encarregaran d&#8217;escalfar motors per les grans actuacions. Los \u2018Flex Moments\u2019 volver\u00e1n a encender el Parc del F\u00f2rum durante la tarde-noche del viernes y s\u00e1bado. Anier, Alu y Le\u00efti Sene ofrecer\u00e1n un concierto gratuito en [&hellip;]<\/p>\n","protected":false},"author":8,"featured_media":15822,"comment_status":"closed","ping_status":"closed","sticky":false,"template":"","format":"standard","meta":{"_et_pb_use_builder":"on","_et_pb_old_content":"","_et_gb_content_width":"","footnotes":""},"categories":[13,15],"tags":[485,93,109,110,525,486,185,47,487,488,526,325,199,112,98,527],"class_list":["post-16040","post","type-post","status-publish","format-standard","has-post-thumbnail","hentry","category-noticias","category-uncategorized-ca","tag-arte-urbano-ca","tag-barcelona-ca","tag-bmx-ca","tag-central-park-ca","tag-del-16-al-18-de-septiembre-ca","tag-entrada-gratuita-ca","tag-extreme-ca","tag-extreme-barcelona","tag-extreme-barcelona-2022-ca","tag-free-entry-ca","tag-gratis-ca","tag-parc-del-forum-ca","tag-rider-ca","tag-scooter-ca","tag-skate-ca","tag-street-plaza-ca"],"yoast_head":"<!-- This site is optimized with the Yoast SEO plugin v27.5 - https:\/\/yoast.com\/product\/yoast-seo-wordpress\/ -->\n<title>Flex Moments: El Extreme Barcelona tambi\u00e9n es un festival de m\u00fasica<\/title>\n<meta name=\"description\" content=\"Anier, Le\u00efti Sene y Alu ser\u00e1n los cabezas de cartel de los Flex Moments en el Urban Stage\u00a0durante el viernes y s\u00e1bado.\" \/>\n<meta name=\"robots\" content=\"index, follow, max-snippet:-1, max-image-preview:large, max-video-preview:-1\" \/>\n<link rel=\"canonical\" href=\"https:\/\/extremebarcelona.com\/ca\/2022\/09\/09\/flex-moments-lextreme-barcelona-tambe-es-un-festival-de-musica\/\" \/>\n<meta property=\"og:locale\" content=\"ca_ES\" \/>\n<meta property=\"og:type\" content=\"article\" \/>\n<meta property=\"og:title\" content=\"Flex Moments: El Extreme Barcelona tambi\u00e9n es un festival de m\u00fasica\" \/>\n<meta property=\"og:description\" content=\"Anier, Le\u00efti Sene y Alu ser\u00e1n los cabezas de cartel de los Flex Moments en el Urban Stage\u00a0durante el viernes y s\u00e1bado.\" \/>\n<meta property=\"og:url\" content=\"https:\/\/extremebarcelona.com\/ca\/2022\/09\/09\/flex-moments-lextreme-barcelona-tambe-es-un-festival-de-musica\/\" \/>\n<meta property=\"og:site_name\" content=\"Extreme Barcelona\" \/>\n<meta property=\"article:published_time\" content=\"2022-09-09T11:17:50+00:00\" \/>\n<meta property=\"article:modified_time\" content=\"2022-09-13T14:45:44+00:00\" \/>\n<meta property=\"og:image\" content=\"http:\/\/extremebarcelona.com\/wp-content\/uploads\/2022\/09\/flex-moments-cartel-1.jpg\" \/>\n\t<meta property=\"og:image:width\" content=\"1080\" \/>\n\t<meta property=\"og:image:height\" content=\"1080\" \/>\n\t<meta property=\"og:image:type\" content=\"image\/jpeg\" \/>\n<meta name=\"author\" content=\"UWS\" \/>\n<meta name=\"twitter:card\" content=\"summary_large_image\" \/>\n<meta name=\"twitter:label1\" content=\"Escrit per\" \/>\n\t<meta name=\"twitter:data1\" content=\"UWS\" \/>\n<script type=\"application\/ld+json\" class=\"yoast-schema-graph\">{\"@context\":\"https:\\\/\\\/schema.org\",\"@graph\":[{\"@type\":\"NewsArticle\",\"@id\":\"https:\\\/\\\/extremebarcelona.com\\\/ca\\\/2022\\\/09\\\/09\\\/flex-moments-lextreme-barcelona-tambe-es-un-festival-de-musica\\\/#article\",\"isPartOf\":{\"@id\":\"https:\\\/\\\/extremebarcelona.com\\\/ca\\\/2022\\\/09\\\/09\\\/flex-moments-lextreme-barcelona-tambe-es-un-festival-de-musica\\\/\"},\"author\":{\"name\":\"UWS\",\"@id\":\"https:\\\/\\\/extremebarcelona.com\\\/#\\\/schema\\\/person\\\/84bb7d2facd51100910ca1df9186891e\"},\"headline\":\"Flex Moments: L&#8217;Extreme Barcelona tamb\u00e9 \u00e9s un festival de m\u00fasica\",\"datePublished\":\"2022-09-09T11:17:50+00:00\",\"dateModified\":\"2022-09-13T14:45:44+00:00\",\"mainEntityOfPage\":{\"@id\":\"https:\\\/\\\/extremebarcelona.com\\\/ca\\\/2022\\\/09\\\/09\\\/flex-moments-lextreme-barcelona-tambe-es-un-festival-de-musica\\\/\"},\"wordCount\":854,\"publisher\":{\"@id\":\"https:\\\/\\\/extremebarcelona.com\\\/#organization\"},\"image\":{\"@id\":\"https:\\\/\\\/extremebarcelona.com\\\/ca\\\/2022\\\/09\\\/09\\\/flex-moments-lextreme-barcelona-tambe-es-un-festival-de-musica\\\/#primaryimage\"},\"thumbnailUrl\":\"https:\\\/\\\/extremebarcelona.com\\\/wp-content\\\/uploads\\\/2022\\\/09\\\/flex-moments-cartel-1.jpg\",\"keywords\":[\"arte urbano\",\"barcelona\",\"bmx\",\"central park\",\"del 16 al 18 de septiembre\",\"entrada gratuita\",\"extreme\",\"extreme barcelona\",\"Extreme Barcelona 2022\",\"free entry\",\"gratis\",\"parc del f\u00f2rum\",\"rider\",\"scooter\",\"skate\",\"Street Plaza\"],\"articleSection\":[\"Noticias\",\"Uncategorized @ca\"],\"inLanguage\":\"ca\"},{\"@type\":\"WebPage\",\"@id\":\"https:\\\/\\\/extremebarcelona.com\\\/ca\\\/2022\\\/09\\\/09\\\/flex-moments-lextreme-barcelona-tambe-es-un-festival-de-musica\\\/\",\"url\":\"https:\\\/\\\/extremebarcelona.com\\\/ca\\\/2022\\\/09\\\/09\\\/flex-moments-lextreme-barcelona-tambe-es-un-festival-de-musica\\\/\",\"name\":\"Flex Moments: El Extreme Barcelona tambi\u00e9n es un festival de m\u00fasica\",\"isPartOf\":{\"@id\":\"https:\\\/\\\/extremebarcelona.com\\\/#website\"},\"primaryImageOfPage\":{\"@id\":\"https:\\\/\\\/extremebarcelona.com\\\/ca\\\/2022\\\/09\\\/09\\\/flex-moments-lextreme-barcelona-tambe-es-un-festival-de-musica\\\/#primaryimage\"},\"image\":{\"@id\":\"https:\\\/\\\/extremebarcelona.com\\\/ca\\\/2022\\\/09\\\/09\\\/flex-moments-lextreme-barcelona-tambe-es-un-festival-de-musica\\\/#primaryimage\"},\"thumbnailUrl\":\"https:\\\/\\\/extremebarcelona.com\\\/wp-content\\\/uploads\\\/2022\\\/09\\\/flex-moments-cartel-1.jpg\",\"datePublished\":\"2022-09-09T11:17:50+00:00\",\"dateModified\":\"2022-09-13T14:45:44+00:00\",\"description\":\"Anier, Le\u00efti Sene y Alu ser\u00e1n los cabezas de cartel de los Flex Moments en el Urban Stage\u00a0durante el viernes y s\u00e1bado.\",\"breadcrumb\":{\"@id\":\"https:\\\/\\\/extremebarcelona.com\\\/ca\\\/2022\\\/09\\\/09\\\/flex-moments-lextreme-barcelona-tambe-es-un-festival-de-musica\\\/#breadcrumb\"},\"inLanguage\":\"ca\",\"potentialAction\":[{\"@type\":\"ReadAction\",\"target\":[\"https:\\\/\\\/extremebarcelona.com\\\/ca\\\/2022\\\/09\\\/09\\\/flex-moments-lextreme-barcelona-tambe-es-un-festival-de-musica\\\/\"]}]},{\"@type\":\"ImageObject\",\"inLanguage\":\"ca\",\"@id\":\"https:\\\/\\\/extremebarcelona.com\\\/ca\\\/2022\\\/09\\\/09\\\/flex-moments-lextreme-barcelona-tambe-es-un-festival-de-musica\\\/#primaryimage\",\"url\":\"https:\\\/\\\/extremebarcelona.com\\\/wp-content\\\/uploads\\\/2022\\\/09\\\/flex-moments-cartel-1.jpg\",\"contentUrl\":\"https:\\\/\\\/extremebarcelona.com\\\/wp-content\\\/uploads\\\/2022\\\/09\\\/flex-moments-cartel-1.jpg\",\"width\":1080,\"height\":1080},{\"@type\":\"BreadcrumbList\",\"@id\":\"https:\\\/\\\/extremebarcelona.com\\\/ca\\\/2022\\\/09\\\/09\\\/flex-moments-lextreme-barcelona-tambe-es-un-festival-de-musica\\\/#breadcrumb\",\"itemListElement\":[{\"@type\":\"ListItem\",\"position\":1,\"name\":\"Portada\",\"item\":\"https:\\\/\\\/extremebarcelona.com\\\/\"},{\"@type\":\"ListItem\",\"position\":2,\"name\":\"Flex Moments: L&#8217;Extreme Barcelona tamb\u00e9 \u00e9s un festival de m\u00fasica\"}]},{\"@type\":\"WebSite\",\"@id\":\"https:\\\/\\\/extremebarcelona.com\\\/#website\",\"url\":\"https:\\\/\\\/extremebarcelona.com\\\/\",\"name\":\"Extreme Barcelona\",\"description\":\"Otro sitio realizado con WordPress\",\"publisher\":{\"@id\":\"https:\\\/\\\/extremebarcelona.com\\\/#organization\"},\"potentialAction\":[{\"@type\":\"SearchAction\",\"target\":{\"@type\":\"EntryPoint\",\"urlTemplate\":\"https:\\\/\\\/extremebarcelona.com\\\/?s={search_term_string}\"},\"query-input\":{\"@type\":\"PropertyValueSpecification\",\"valueRequired\":true,\"valueName\":\"search_term_string\"}}],\"inLanguage\":\"ca\"},{\"@type\":\"Organization\",\"@id\":\"https:\\\/\\\/extremebarcelona.com\\\/#organization\",\"name\":\"Extreme Barcelona\",\"url\":\"https:\\\/\\\/extremebarcelona.com\\\/\",\"logo\":{\"@type\":\"ImageObject\",\"inLanguage\":\"ca\",\"@id\":\"https:\\\/\\\/extremebarcelona.com\\\/#\\\/schema\\\/logo\\\/image\\\/\",\"url\":\"https:\\\/\\\/extremebarcelona.com\\\/wp-content\\\/uploads\\\/2021\\\/04\\\/Logo-Extreme-2021.png\",\"contentUrl\":\"https:\\\/\\\/extremebarcelona.com\\\/wp-content\\\/uploads\\\/2021\\\/04\\\/Logo-Extreme-2021.png\",\"width\":500,\"height\":500,\"caption\":\"Extreme Barcelona\"},\"image\":{\"@id\":\"https:\\\/\\\/extremebarcelona.com\\\/#\\\/schema\\\/logo\\\/image\\\/\"}},{\"@type\":\"Person\",\"@id\":\"https:\\\/\\\/extremebarcelona.com\\\/#\\\/schema\\\/person\\\/84bb7d2facd51100910ca1df9186891e\",\"name\":\"UWS\",\"image\":{\"@type\":\"ImageObject\",\"inLanguage\":\"ca\",\"@id\":\"https:\\\/\\\/secure.gravatar.com\\\/avatar\\\/41b930374ee41e318f6457172bd2f6e300b1872879ecb443d692bea8dad136f9?s=96&d=mm&r=g\",\"url\":\"https:\\\/\\\/secure.gravatar.com\\\/avatar\\\/41b930374ee41e318f6457172bd2f6e300b1872879ecb443d692bea8dad136f9?s=96&d=mm&r=g\",\"contentUrl\":\"https:\\\/\\\/secure.gravatar.com\\\/avatar\\\/41b930374ee41e318f6457172bd2f6e300b1872879ecb443d692bea8dad136f9?s=96&d=mm&r=g\",\"caption\":\"UWS\"}}]}<\/script>\n<!-- \/ Yoast SEO plugin. -->","yoast_head_json":{"title":"Flex Moments: El Extreme Barcelona tambi\u00e9n es un festival de m\u00fasica","description":"Anier, Le\u00efti Sene y Alu ser\u00e1n los cabezas de cartel de los Flex Moments en el Urban Stage\u00a0durante el viernes y s\u00e1bado.","robots":{"index":"index","follow":"follow","max-snippet":"max-snippet:-1","max-image-preview":"max-image-preview:large","max-video-preview":"max-video-preview:-1"},"canonical":"https:\/\/extremebarcelona.com\/ca\/2022\/09\/09\/flex-moments-lextreme-barcelona-tambe-es-un-festival-de-musica\/","og_locale":"ca_ES","og_type":"article","og_title":"Flex Moments: El Extreme Barcelona tambi\u00e9n es un festival de m\u00fasica","og_description":"Anier, Le\u00efti Sene y Alu ser\u00e1n los cabezas de cartel de los Flex Moments en el Urban Stage\u00a0durante el viernes y s\u00e1bado.","og_url":"https:\/\/extremebarcelona.com\/ca\/2022\/09\/09\/flex-moments-lextreme-barcelona-tambe-es-un-festival-de-musica\/","og_site_name":"Extreme Barcelona","article_published_time":"2022-09-09T11:17:50+00:00","article_modified_time":"2022-09-13T14:45:44+00:00","og_image":[{"width":1080,"height":1080,"url":"http:\/\/extremebarcelona.com\/wp-content\/uploads\/2022\/09\/flex-moments-cartel-1.jpg","type":"image\/jpeg"}],"author":"UWS","twitter_card":"summary_large_image","twitter_misc":{"Escrit per":"UWS"},"schema":{"@context":"https:\/\/schema.org","@graph":[{"@type":"NewsArticle","@id":"https:\/\/extremebarcelona.com\/ca\/2022\/09\/09\/flex-moments-lextreme-barcelona-tambe-es-un-festival-de-musica\/#article","isPartOf":{"@id":"https:\/\/extremebarcelona.com\/ca\/2022\/09\/09\/flex-moments-lextreme-barcelona-tambe-es-un-festival-de-musica\/"},"author":{"name":"UWS","@id":"https:\/\/extremebarcelona.com\/#\/schema\/person\/84bb7d2facd51100910ca1df9186891e"},"headline":"Flex Moments: L&#8217;Extreme Barcelona tamb\u00e9 \u00e9s un festival de m\u00fasica","datePublished":"2022-09-09T11:17:50+00:00","dateModified":"2022-09-13T14:45:44+00:00","mainEntityOfPage":{"@id":"https:\/\/extremebarcelona.com\/ca\/2022\/09\/09\/flex-moments-lextreme-barcelona-tambe-es-un-festival-de-musica\/"},"wordCount":854,"publisher":{"@id":"https:\/\/extremebarcelona.com\/#organization"},"image":{"@id":"https:\/\/extremebarcelona.com\/ca\/2022\/09\/09\/flex-moments-lextreme-barcelona-tambe-es-un-festival-de-musica\/#primaryimage"},"thumbnailUrl":"https:\/\/extremebarcelona.com\/wp-content\/uploads\/2022\/09\/flex-moments-cartel-1.jpg","keywords":["arte urbano","barcelona","bmx","central park","del 16 al 18 de septiembre","entrada gratuita","extreme","extreme barcelona","Extreme Barcelona 2022","free entry","gratis","parc del f\u00f2rum","rider","scooter","skate","Street Plaza"],"articleSection":["Noticias","Uncategorized @ca"],"inLanguage":"ca"},{"@type":"WebPage","@id":"https:\/\/extremebarcelona.com\/ca\/2022\/09\/09\/flex-moments-lextreme-barcelona-tambe-es-un-festival-de-musica\/","url":"https:\/\/extremebarcelona.com\/ca\/2022\/09\/09\/flex-moments-lextreme-barcelona-tambe-es-un-festival-de-musica\/","name":"Flex Moments: El Extreme Barcelona tambi\u00e9n es un festival de m\u00fasica","isPartOf":{"@id":"https:\/\/extremebarcelona.com\/#website"},"primaryImageOfPage":{"@id":"https:\/\/extremebarcelona.com\/ca\/2022\/09\/09\/flex-moments-lextreme-barcelona-tambe-es-un-festival-de-musica\/#primaryimage"},"image":{"@id":"https:\/\/extremebarcelona.com\/ca\/2022\/09\/09\/flex-moments-lextreme-barcelona-tambe-es-un-festival-de-musica\/#primaryimage"},"thumbnailUrl":"https:\/\/extremebarcelona.com\/wp-content\/uploads\/2022\/09\/flex-moments-cartel-1.jpg","datePublished":"2022-09-09T11:17:50+00:00","dateModified":"2022-09-13T14:45:44+00:00","description":"Anier, Le\u00efti Sene y Alu ser\u00e1n los cabezas de cartel de los Flex Moments en el Urban Stage\u00a0durante el viernes y s\u00e1bado.","breadcrumb":{"@id":"https:\/\/extremebarcelona.com\/ca\/2022\/09\/09\/flex-moments-lextreme-barcelona-tambe-es-un-festival-de-musica\/#breadcrumb"},"inLanguage":"ca","potentialAction":[{"@type":"ReadAction","target":["https:\/\/extremebarcelona.com\/ca\/2022\/09\/09\/flex-moments-lextreme-barcelona-tambe-es-un-festival-de-musica\/"]}]},{"@type":"ImageObject","inLanguage":"ca","@id":"https:\/\/extremebarcelona.com\/ca\/2022\/09\/09\/flex-moments-lextreme-barcelona-tambe-es-un-festival-de-musica\/#primaryimage","url":"https:\/\/extremebarcelona.com\/wp-content\/uploads\/2022\/09\/flex-moments-cartel-1.jpg","contentUrl":"https:\/\/extremebarcelona.com\/wp-content\/uploads\/2022\/09\/flex-moments-cartel-1.jpg","width":1080,"height":1080},{"@type":"BreadcrumbList","@id":"https:\/\/extremebarcelona.com\/ca\/2022\/09\/09\/flex-moments-lextreme-barcelona-tambe-es-un-festival-de-musica\/#breadcrumb","itemListElement":[{"@type":"ListItem","position":1,"name":"Portada","item":"https:\/\/extremebarcelona.com\/"},{"@type":"ListItem","position":2,"name":"Flex Moments: L&#8217;Extreme Barcelona tamb\u00e9 \u00e9s un festival de m\u00fasica"}]},{"@type":"WebSite","@id":"https:\/\/extremebarcelona.com\/#website","url":"https:\/\/extremebarcelona.com\/","name":"Extreme Barcelona","description":"Otro sitio realizado con WordPress","publisher":{"@id":"https:\/\/extremebarcelona.com\/#organization"},"potentialAction":[{"@type":"SearchAction","target":{"@type":"EntryPoint","urlTemplate":"https:\/\/extremebarcelona.com\/?s={search_term_string}"},"query-input":{"@type":"PropertyValueSpecification","valueRequired":true,"valueName":"search_term_string"}}],"inLanguage":"ca"},{"@type":"Organization","@id":"https:\/\/extremebarcelona.com\/#organization","name":"Extreme Barcelona","url":"https:\/\/extremebarcelona.com\/","logo":{"@type":"ImageObject","inLanguage":"ca","@id":"https:\/\/extremebarcelona.com\/#\/schema\/logo\/image\/","url":"https:\/\/extremebarcelona.com\/wp-content\/uploads\/2021\/04\/Logo-Extreme-2021.png","contentUrl":"https:\/\/extremebarcelona.com\/wp-content\/uploads\/2021\/04\/Logo-Extreme-2021.png","width":500,"height":500,"caption":"Extreme Barcelona"},"image":{"@id":"https:\/\/extremebarcelona.com\/#\/schema\/logo\/image\/"}},{"@type":"Person","@id":"https:\/\/extremebarcelona.com\/#\/schema\/person\/84bb7d2facd51100910ca1df9186891e","name":"UWS","image":{"@type":"ImageObject","inLanguage":"ca","@id":"https:\/\/secure.gravatar.com\/avatar\/41b930374ee41e318f6457172bd2f6e300b1872879ecb443d692bea8dad136f9?s=96&d=mm&r=g","url":"https:\/\/secure.gravatar.com\/avatar\/41b930374ee41e318f6457172bd2f6e300b1872879ecb443d692bea8dad136f9?s=96&d=mm&r=g","contentUrl":"https:\/\/secure.gravatar.com\/avatar\/41b930374ee41e318f6457172bd2f6e300b1872879ecb443d692bea8dad136f9?s=96&d=mm&r=g","caption":"UWS"}}]}},"_links":{"self":[{"href":"https:\/\/extremebarcelona.com\/ca\/wp-json\/wp\/v2\/posts\/16040","targetHints":{"allow":["GET"]}}],"collection":[{"href":"https:\/\/extremebarcelona.com\/ca\/wp-json\/wp\/v2\/posts"}],"about":[{"href":"https:\/\/extremebarcelona.com\/ca\/wp-json\/wp\/v2\/types\/post"}],"author":[{"embeddable":true,"href":"https:\/\/extremebarcelona.com\/ca\/wp-json\/wp\/v2\/users\/8"}],"replies":[{"embeddable":true,"href":"https:\/\/extremebarcelona.com\/ca\/wp-json\/wp\/v2\/comments?post=16040"}],"version-history":[{"count":2,"href":"https:\/\/extremebarcelona.com\/ca\/wp-json\/wp\/v2\/posts\/16040\/revisions"}],"predecessor-version":[{"id":16045,"href":"https:\/\/extremebarcelona.com\/ca\/wp-json\/wp\/v2\/posts\/16040\/revisions\/16045"}],"wp:featuredmedia":[{"embeddable":true,"href":"https:\/\/extremebarcelona.com\/ca\/wp-json\/wp\/v2\/media\/15822"}],"wp:attachment":[{"href":"https:\/\/extremebarcelona.com\/ca\/wp-json\/wp\/v2\/media?parent=16040"}],"wp:term":[{"taxonomy":"category","embeddable":true,"href":"https:\/\/extremebarcelona.com\/ca\/wp-json\/wp\/v2\/categories?post=16040"},{"taxonomy":"post_tag","embeddable":true,"href":"https:\/\/extremebarcelona.com\/ca\/wp-json\/wp\/v2\/tags?post=16040"}],"curies":[{"name":"wp","href":"https:\/\/api.w.org\/{rel}","templated":true}]}}