{"id":1373,"date":"2016-05-19T14:03:34","date_gmt":"2016-05-19T14:03:34","guid":{"rendered":"https:\/\/extremebarcelona.com\/ca\/?p=1373"},"modified":"2016-05-19T14:03:34","modified_gmt":"2016-05-19T14:03:34","slug":"limaginextreme-barcelona-col%c2%b7labora-amb-les-escoles-de-barcelona","status":"publish","type":"post","link":"https:\/\/extremebarcelona.com\/ca\/2016\/05\/19\/limaginextreme-barcelona-col%c2%b7labora-amb-les-escoles-de-barcelona\/","title":{"rendered":"L\u2019IMAGINEXTREME BARCELONA COL\u00b7LABORA AMB LES ESCOLES DE BARCELONA"},"content":{"rendered":"<p>Per tercer any consecutiu l\u2019<strong>imaginExtreme Barcelona presented by Mountain Dew<\/strong> col\u00b7labora amb el programa educatiu de l\u2019<strong>Ajuntament de Barcelona<\/strong> \u201c<strong>L\u2019escola fa esport a la ciutat<\/strong>\u201d sota la direcci\u00f3 de l<strong>\u2019Institut Barcelona Esports<\/strong>. Es tracta d\u2019un programa municipal d\u2019esport en edat escolar que permet que els nens i nenes de la ciutat participin en diferents <strong>activitats esportives<\/strong>.<\/p>\n<p>El programa ofereix als m\u00e9s de <strong>30.000 nens i nenes<\/strong> que hi participen descobrir noves modalitats esportives en l\u2019entorn urb\u00e0. Entre les diferents activitats, m\u00e9s d\u2019un miler i mig de joves han pogut fer una immersi\u00f3 en els <strong>esports d\u2019acci\u00f3 al Parc del F\u00f2rum de Barcelona<\/strong> al llarg d\u2019una setmana del mes de maig.<\/p>\n<p>Els estudiants participants a l\u2019activitat d\u2019esports d\u2019acci\u00f3 ja havien realitzat a l\u2019escola una s\u00e8rie de sessions al voltant del <strong>skate<\/strong> i <strong>l\u2019scooter<\/strong> -ambd\u00f3s molt presents a la capital catalana- i despr\u00e9s del que han apr\u00e8s, ara han tingut l\u2019oportunitat d\u2019aprofundir en les modalitats amb monitors experts. Han estat dues <strong>sessions de 40 minuts<\/strong> de cada una de les modalitats amb una exhibici\u00f3 final per part de professionals de l\u2019imaginExtreme Barcelona de 10 minuts que ha deixat a tots els participants amb ganes de continuar aprenent.<\/p>\n<p>Tots els alumnes que han participat podran seguir practicant i millorant durant l\u2019<strong>imaginExtreme Barcelona presented by Mountain Dew del 18 i 19 de juny al Parc del F\u00f2rum<\/strong> gr\u00e0cies al regal que se\u2019ls va entregar amb un 2&#215;1 en l\u2019entrada de l\u2019esdeveniment. Aix\u00ed tindran acc\u00e9s a les zones de pr\u00e0ctica oberta i gaudir amb els seus companys de classe i amics.<\/p>\n","protected":false},"excerpt":{"rendered":"<p>Per tercer any consecutiu l\u2019imaginExtreme Barcelona presented by Mountain Dew col\u00b7labora amb el programa educatiu de l\u2019Ajuntament de Barcelona \u201cL\u2019escola fa esport a la ciutat\u201d sota la direcci\u00f3 de l\u2019Institut Barcelona Esports. Es tracta d\u2019un programa municipal d\u2019esport en edat escolar que permet que els nens i nenes de la ciutat participin en diferents activitats [&hellip;]<\/p>\n","protected":false},"author":8,"featured_media":0,"comment_status":"closed","ping_status":"open","sticky":false,"template":"","format":"standard","meta":{"_et_pb_use_builder":"","_et_pb_old_content":"","_et_gb_content_width":"","footnotes":""},"categories":[],"tags":[100,47,152,151,150],"class_list":["post-1373","post","type-post","status-publish","format-standard","hentry","tag-extreme","tag-extreme-barcelona","tag-forum","tag-imagin","tag-imaginextreme"],"yoast_head":"<!-- This site is optimized with the Yoast SEO plugin v27.2 - https:\/\/yoast.com\/product\/yoast-seo-wordpress\/ -->\n<title>L\u2019IMAGINEXTREME BARCELONA COL\u00b7LABORA AMB LES ESCOLES DE BARCELONA - Extreme Barcelona<\/title>\n<meta name=\"robots\" content=\"index, follow, max-snippet:-1, max-image-preview:large, max-video-preview:-1\" \/>\n<link rel=\"canonical\" href=\"https:\/\/extremebarcelona.com\/ca\/2016\/05\/19\/limaginextreme-barcelona-col\u00b7labora-amb-les-escoles-de-barcelona\/\" \/>\n<meta property=\"og:locale\" content=\"ca_ES\" \/>\n<meta property=\"og:type\" content=\"article\" \/>\n<meta property=\"og:title\" content=\"L\u2019IMAGINEXTREME BARCELONA COL\u00b7LABORA AMB LES ESCOLES DE BARCELONA - Extreme Barcelona\" \/>\n<meta property=\"og:description\" content=\"Per tercer any consecutiu l\u2019imaginExtreme Barcelona presented by Mountain Dew col\u00b7labora amb el programa educatiu de l\u2019Ajuntament de Barcelona \u201cL\u2019escola fa esport a la ciutat\u201d sota la direcci\u00f3 de l\u2019Institut Barcelona Esports. Es tracta d\u2019un programa municipal d\u2019esport en edat escolar que permet que els nens i nenes de la ciutat participin en diferents activitats [&hellip;]\" \/>\n<meta property=\"og:url\" content=\"https:\/\/extremebarcelona.com\/ca\/2016\/05\/19\/limaginextreme-barcelona-col\u00b7labora-amb-les-escoles-de-barcelona\/\" \/>\n<meta property=\"og:site_name\" content=\"Extreme Barcelona\" \/>\n<meta property=\"article:published_time\" content=\"2016-05-19T14:03:34+00:00\" \/>\n<meta name=\"author\" content=\"UWS\" \/>\n<meta name=\"twitter:card\" content=\"summary_large_image\" \/>\n<meta name=\"twitter:label1\" content=\"Escrit per\" \/>\n\t<meta name=\"twitter:data1\" content=\"UWS\" \/>\n\t<meta name=\"twitter:label2\" content=\"Temps estimat de lectura\" \/>\n\t<meta name=\"twitter:data2\" content=\"1 minut\" \/>\n<script type=\"application\/ld+json\" class=\"yoast-schema-graph\">{\"@context\":\"https:\/\/schema.org\",\"@graph\":[{\"@type\":\"NewsArticle\",\"@id\":\"https:\/\/extremebarcelona.com\/ca\/2016\/05\/19\/limaginextreme-barcelona-col%c2%b7labora-amb-les-escoles-de-barcelona\/#article\",\"isPartOf\":{\"@id\":\"https:\/\/extremebarcelona.com\/ca\/2016\/05\/19\/limaginextreme-barcelona-col%c2%b7labora-amb-les-escoles-de-barcelona\/\"},\"author\":{\"name\":\"UWS\",\"@id\":\"https:\/\/extremebarcelona.com\/#\/schema\/person\/84bb7d2facd51100910ca1df9186891e\"},\"headline\":\"L\u2019IMAGINEXTREME BARCELONA COL\u00b7LABORA AMB LES ESCOLES DE BARCELONA\",\"datePublished\":\"2016-05-19T14:03:34+00:00\",\"mainEntityOfPage\":{\"@id\":\"https:\/\/extremebarcelona.com\/ca\/2016\/05\/19\/limaginextreme-barcelona-col%c2%b7labora-amb-les-escoles-de-barcelona\/\"},\"wordCount\":295,\"publisher\":{\"@id\":\"https:\/\/extremebarcelona.com\/#organization\"},\"keywords\":[\"extreme\",\"extreme barcelona\",\"forum\",\"imagin\",\"imaginExtreme\"],\"inLanguage\":\"ca\"},{\"@type\":\"WebPage\",\"@id\":\"https:\/\/extremebarcelona.com\/ca\/2016\/05\/19\/limaginextreme-barcelona-col%c2%b7labora-amb-les-escoles-de-barcelona\/\",\"url\":\"https:\/\/extremebarcelona.com\/ca\/2016\/05\/19\/limaginextreme-barcelona-col%c2%b7labora-amb-les-escoles-de-barcelona\/\",\"name\":\"L\u2019IMAGINEXTREME BARCELONA COL\u00b7LABORA AMB LES ESCOLES DE BARCELONA - Extreme Barcelona\",\"isPartOf\":{\"@id\":\"https:\/\/extremebarcelona.com\/#website\"},\"datePublished\":\"2016-05-19T14:03:34+00:00\",\"breadcrumb\":{\"@id\":\"https:\/\/extremebarcelona.com\/ca\/2016\/05\/19\/limaginextreme-barcelona-col%c2%b7labora-amb-les-escoles-de-barcelona\/#breadcrumb\"},\"inLanguage\":\"ca\",\"potentialAction\":[{\"@type\":\"ReadAction\",\"target\":[\"https:\/\/extremebarcelona.com\/ca\/2016\/05\/19\/limaginextreme-barcelona-col%c2%b7labora-amb-les-escoles-de-barcelona\/\"]}]},{\"@type\":\"BreadcrumbList\",\"@id\":\"https:\/\/extremebarcelona.com\/ca\/2016\/05\/19\/limaginextreme-barcelona-col%c2%b7labora-amb-les-escoles-de-barcelona\/#breadcrumb\",\"itemListElement\":[{\"@type\":\"ListItem\",\"position\":1,\"name\":\"Portada\",\"item\":\"https:\/\/extremebarcelona.com\/\"},{\"@type\":\"ListItem\",\"position\":2,\"name\":\"L\u2019IMAGINEXTREME BARCELONA COL\u00b7LABORA AMB LES ESCOLES DE BARCELONA\"}]},{\"@type\":\"WebSite\",\"@id\":\"https:\/\/extremebarcelona.com\/#website\",\"url\":\"https:\/\/extremebarcelona.com\/\",\"name\":\"Extreme Barcelona\",\"description\":\"Otro sitio realizado con WordPress\",\"publisher\":{\"@id\":\"https:\/\/extremebarcelona.com\/#organization\"},\"potentialAction\":[{\"@type\":\"SearchAction\",\"target\":{\"@type\":\"EntryPoint\",\"urlTemplate\":\"https:\/\/extremebarcelona.com\/?s={search_term_string}\"},\"query-input\":{\"@type\":\"PropertyValueSpecification\",\"valueRequired\":true,\"valueName\":\"search_term_string\"}}],\"inLanguage\":\"ca\"},{\"@type\":\"Organization\",\"@id\":\"https:\/\/extremebarcelona.com\/#organization\",\"name\":\"Extreme Barcelona\",\"url\":\"https:\/\/extremebarcelona.com\/\",\"logo\":{\"@type\":\"ImageObject\",\"inLanguage\":\"ca\",\"@id\":\"https:\/\/extremebarcelona.com\/#\/schema\/logo\/image\/\",\"url\":\"https:\/\/extremebarcelona.com\/wp-content\/uploads\/2021\/04\/Logo-Extreme-2021.png\",\"contentUrl\":\"https:\/\/extremebarcelona.com\/wp-content\/uploads\/2021\/04\/Logo-Extreme-2021.png\",\"width\":500,\"height\":500,\"caption\":\"Extreme Barcelona\"},\"image\":{\"@id\":\"https:\/\/extremebarcelona.com\/#\/schema\/logo\/image\/\"}},{\"@type\":\"Person\",\"@id\":\"https:\/\/extremebarcelona.com\/#\/schema\/person\/84bb7d2facd51100910ca1df9186891e\",\"name\":\"UWS\",\"image\":{\"@type\":\"ImageObject\",\"inLanguage\":\"ca\",\"@id\":\"https:\/\/secure.gravatar.com\/avatar\/41b930374ee41e318f6457172bd2f6e300b1872879ecb443d692bea8dad136f9?s=96&d=mm&r=g\",\"url\":\"https:\/\/secure.gravatar.com\/avatar\/41b930374ee41e318f6457172bd2f6e300b1872879ecb443d692bea8dad136f9?s=96&d=mm&r=g\",\"contentUrl\":\"https:\/\/secure.gravatar.com\/avatar\/41b930374ee41e318f6457172bd2f6e300b1872879ecb443d692bea8dad136f9?s=96&d=mm&r=g\",\"caption\":\"UWS\"}}]}<\/script>\n<!-- \/ Yoast SEO plugin. -->","yoast_head_json":{"title":"L\u2019IMAGINEXTREME BARCELONA COL\u00b7LABORA AMB LES ESCOLES DE BARCELONA - Extreme Barcelona","robots":{"index":"index","follow":"follow","max-snippet":"max-snippet:-1","max-image-preview":"max-image-preview:large","max-video-preview":"max-video-preview:-1"},"canonical":"https:\/\/extremebarcelona.com\/ca\/2016\/05\/19\/limaginextreme-barcelona-col\u00b7labora-amb-les-escoles-de-barcelona\/","og_locale":"ca_ES","og_type":"article","og_title":"L\u2019IMAGINEXTREME BARCELONA COL\u00b7LABORA AMB LES ESCOLES DE BARCELONA - Extreme Barcelona","og_description":"Per tercer any consecutiu l\u2019imaginExtreme Barcelona presented by Mountain Dew col\u00b7labora amb el programa educatiu de l\u2019Ajuntament de Barcelona \u201cL\u2019escola fa esport a la ciutat\u201d sota la direcci\u00f3 de l\u2019Institut Barcelona Esports. Es tracta d\u2019un programa municipal d\u2019esport en edat escolar que permet que els nens i nenes de la ciutat participin en diferents activitats [&hellip;]","og_url":"https:\/\/extremebarcelona.com\/ca\/2016\/05\/19\/limaginextreme-barcelona-col\u00b7labora-amb-les-escoles-de-barcelona\/","og_site_name":"Extreme Barcelona","article_published_time":"2016-05-19T14:03:34+00:00","author":"UWS","twitter_card":"summary_large_image","twitter_misc":{"Escrit per":"UWS","Temps estimat de lectura":"1 minut"},"schema":{"@context":"https:\/\/schema.org","@graph":[{"@type":"NewsArticle","@id":"https:\/\/extremebarcelona.com\/ca\/2016\/05\/19\/limaginextreme-barcelona-col%c2%b7labora-amb-les-escoles-de-barcelona\/#article","isPartOf":{"@id":"https:\/\/extremebarcelona.com\/ca\/2016\/05\/19\/limaginextreme-barcelona-col%c2%b7labora-amb-les-escoles-de-barcelona\/"},"author":{"name":"UWS","@id":"https:\/\/extremebarcelona.com\/#\/schema\/person\/84bb7d2facd51100910ca1df9186891e"},"headline":"L\u2019IMAGINEXTREME BARCELONA COL\u00b7LABORA AMB LES ESCOLES DE BARCELONA","datePublished":"2016-05-19T14:03:34+00:00","mainEntityOfPage":{"@id":"https:\/\/extremebarcelona.com\/ca\/2016\/05\/19\/limaginextreme-barcelona-col%c2%b7labora-amb-les-escoles-de-barcelona\/"},"wordCount":295,"publisher":{"@id":"https:\/\/extremebarcelona.com\/#organization"},"keywords":["extreme","extreme barcelona","forum","imagin","imaginExtreme"],"inLanguage":"ca"},{"@type":"WebPage","@id":"https:\/\/extremebarcelona.com\/ca\/2016\/05\/19\/limaginextreme-barcelona-col%c2%b7labora-amb-les-escoles-de-barcelona\/","url":"https:\/\/extremebarcelona.com\/ca\/2016\/05\/19\/limaginextreme-barcelona-col%c2%b7labora-amb-les-escoles-de-barcelona\/","name":"L\u2019IMAGINEXTREME BARCELONA COL\u00b7LABORA AMB LES ESCOLES DE BARCELONA - Extreme Barcelona","isPartOf":{"@id":"https:\/\/extremebarcelona.com\/#website"},"datePublished":"2016-05-19T14:03:34+00:00","breadcrumb":{"@id":"https:\/\/extremebarcelona.com\/ca\/2016\/05\/19\/limaginextreme-barcelona-col%c2%b7labora-amb-les-escoles-de-barcelona\/#breadcrumb"},"inLanguage":"ca","potentialAction":[{"@type":"ReadAction","target":["https:\/\/extremebarcelona.com\/ca\/2016\/05\/19\/limaginextreme-barcelona-col%c2%b7labora-amb-les-escoles-de-barcelona\/"]}]},{"@type":"BreadcrumbList","@id":"https:\/\/extremebarcelona.com\/ca\/2016\/05\/19\/limaginextreme-barcelona-col%c2%b7labora-amb-les-escoles-de-barcelona\/#breadcrumb","itemListElement":[{"@type":"ListItem","position":1,"name":"Portada","item":"https:\/\/extremebarcelona.com\/"},{"@type":"ListItem","position":2,"name":"L\u2019IMAGINEXTREME BARCELONA COL\u00b7LABORA AMB LES ESCOLES DE BARCELONA"}]},{"@type":"WebSite","@id":"https:\/\/extremebarcelona.com\/#website","url":"https:\/\/extremebarcelona.com\/","name":"Extreme Barcelona","description":"Otro sitio realizado con WordPress","publisher":{"@id":"https:\/\/extremebarcelona.com\/#organization"},"potentialAction":[{"@type":"SearchAction","target":{"@type":"EntryPoint","urlTemplate":"https:\/\/extremebarcelona.com\/?s={search_term_string}"},"query-input":{"@type":"PropertyValueSpecification","valueRequired":true,"valueName":"search_term_string"}}],"inLanguage":"ca"},{"@type":"Organization","@id":"https:\/\/extremebarcelona.com\/#organization","name":"Extreme Barcelona","url":"https:\/\/extremebarcelona.com\/","logo":{"@type":"ImageObject","inLanguage":"ca","@id":"https:\/\/extremebarcelona.com\/#\/schema\/logo\/image\/","url":"https:\/\/extremebarcelona.com\/wp-content\/uploads\/2021\/04\/Logo-Extreme-2021.png","contentUrl":"https:\/\/extremebarcelona.com\/wp-content\/uploads\/2021\/04\/Logo-Extreme-2021.png","width":500,"height":500,"caption":"Extreme Barcelona"},"image":{"@id":"https:\/\/extremebarcelona.com\/#\/schema\/logo\/image\/"}},{"@type":"Person","@id":"https:\/\/extremebarcelona.com\/#\/schema\/person\/84bb7d2facd51100910ca1df9186891e","name":"UWS","image":{"@type":"ImageObject","inLanguage":"ca","@id":"https:\/\/secure.gravatar.com\/avatar\/41b930374ee41e318f6457172bd2f6e300b1872879ecb443d692bea8dad136f9?s=96&d=mm&r=g","url":"https:\/\/secure.gravatar.com\/avatar\/41b930374ee41e318f6457172bd2f6e300b1872879ecb443d692bea8dad136f9?s=96&d=mm&r=g","contentUrl":"https:\/\/secure.gravatar.com\/avatar\/41b930374ee41e318f6457172bd2f6e300b1872879ecb443d692bea8dad136f9?s=96&d=mm&r=g","caption":"UWS"}}]}},"_links":{"self":[{"href":"https:\/\/extremebarcelona.com\/ca\/wp-json\/wp\/v2\/posts\/1373","targetHints":{"allow":["GET"]}}],"collection":[{"href":"https:\/\/extremebarcelona.com\/ca\/wp-json\/wp\/v2\/posts"}],"about":[{"href":"https:\/\/extremebarcelona.com\/ca\/wp-json\/wp\/v2\/types\/post"}],"author":[{"embeddable":true,"href":"https:\/\/extremebarcelona.com\/ca\/wp-json\/wp\/v2\/users\/8"}],"replies":[{"embeddable":true,"href":"https:\/\/extremebarcelona.com\/ca\/wp-json\/wp\/v2\/comments?post=1373"}],"version-history":[{"count":1,"href":"https:\/\/extremebarcelona.com\/ca\/wp-json\/wp\/v2\/posts\/1373\/revisions"}],"predecessor-version":[{"id":1375,"href":"https:\/\/extremebarcelona.com\/ca\/wp-json\/wp\/v2\/posts\/1373\/revisions\/1375"}],"wp:attachment":[{"href":"https:\/\/extremebarcelona.com\/ca\/wp-json\/wp\/v2\/media?parent=1373"}],"wp:term":[{"taxonomy":"category","embeddable":true,"href":"https:\/\/extremebarcelona.com\/ca\/wp-json\/wp\/v2\/categories?post=1373"},{"taxonomy":"post_tag","embeddable":true,"href":"https:\/\/extremebarcelona.com\/ca\/wp-json\/wp\/v2\/tags?post=1373"}],"curies":[{"name":"wp","href":"https:\/\/api.w.org\/{rel}","templated":true}]}}