{"id":13427,"date":"2021-09-25T14:28:19","date_gmt":"2021-09-25T12:28:19","guid":{"rendered":"https:\/\/extremebarcelona.com\/?p=13427"},"modified":"2021-09-25T14:31:04","modified_gmt":"2021-09-25T12:31:04","slug":"lextreme-mes-sostenible-medalles-fetes-amb-mascaretes-reciclables","status":"publish","type":"post","link":"https:\/\/extremebarcelona.com\/ca\/2021\/09\/25\/lextreme-mes-sostenible-medalles-fetes-amb-mascaretes-reciclables\/","title":{"rendered":"L\u2019Extreme m\u00e9s sostenible: medalles fetes amb mascaretes reciclables"},"content":{"rendered":"<p>[et_pb_section fb_built=&#8221;1&#8243; _builder_version=&#8221;4.9.10&#8243; _module_preset=&#8221;default&#8221; custom_padding=&#8221;3px|||||&#8221;][et_pb_row _builder_version=&#8221;4.9.10&#8243; _module_preset=&#8221;default&#8221;][et_pb_column type=&#8221;4_4&#8243; _builder_version=&#8221;4.9.10&#8243; _module_preset=&#8221;default&#8221;][et_pb_image src=&#8221;https:\/\/extremebarcelona.com\/wp-content\/uploads\/2021\/09\/medallas-filma-extreme-barcelona-opt.jpg&#8221; title_text=&#8221;medallas-filma-extreme-barcelona-opt&#8221; _builder_version=&#8221;4.9.10&#8243; _module_preset=&#8221;default&#8221;][\/et_pb_image][\/et_pb_column][\/et_pb_row][et_pb_row _builder_version=&#8221;4.9.10&#8243; _module_preset=&#8221;default&#8221;][et_pb_column type=&#8221;4_4&#8243; _builder_version=&#8221;4.9.10&#8243; _module_preset=&#8221;default&#8221;][et_pb_text _builder_version=&#8221;4.9.10&#8243; _module_preset=&#8221;default&#8221;]<\/p>\n<ul>\n<li><strong>En aquesta onzena edici\u00f3, Filma i l\u2019Extreme s\u2019uneixen en una col\u00b7laboraci\u00f3 en favor del medi ambient<\/strong><\/li>\n<\/ul>\n<p>[\/et_pb_text][\/et_pb_column][\/et_pb_row][et_pb_row _builder_version=&#8221;4.9.10&#8243; _module_preset=&#8221;default&#8221; custom_padding=&#8221;4px|||||&#8221;][et_pb_column type=&#8221;4_4&#8243; _builder_version=&#8221;4.9.10&#8243; _module_preset=&#8221;default&#8221;][et_pb_text _builder_version=&#8221;4.9.10&#8243; _module_preset=&#8221;default&#8221;]<\/p>\n<p><span style=\"font-weight: 400;\">L\u2019onzena edici\u00f3 de l\u2019Extreme Barcelona \u00e9s la m\u00e9s sostenible de totes, apostant per la conscienciaci\u00f3 ambiental d\u2019una forma molt original. Mitjan\u00e7ant una col\u00b7laboraci\u00f3 amb Filma, les medalles i trofeus que s\u2019entreguen als esportistes estan fets amb els residus de mascaretes, deixant entreveure la import\u00e0ncia de respectar el medi ambient i apostar pel reciclatge.<\/span><\/p>\n<p><span style=\"font-weight: 400;\">Estem en uns moments on cada cop es realitzen m\u00e9s accions en benefici del nostre entorn i, des de l\u2019Extreme, tamb\u00e9 ens hem volgut sumar a la causa. L\u2019objectiu principal \u00e9s reduir l\u2019impacte que causa el pl\u00e0stic i donar una segona vida als residus per crear, aix\u00ed, una economia circular. \u00c9s una acci\u00f3 que no est\u00e0 fent cap altra empresa de reciclatge a Espanya i que, per primer cop, Filma, juntament amb l\u2019Extreme, posa en marxa.<\/span><\/p>\n<p><span style=\"font-weight: 400;\">La proposta neix arran de la pand\u00e8mia, que ha produ\u00eft una sobreproducci\u00f3 de residus pl\u00e0stics a causa de totes les mascaretes que acaben en mars i oceans. \u00c9s per aix\u00f2 que aquest gran esdeveniment d\u2019esports i cultura urbana ha volgut comptar amb l\u2019ajuda de Filma per fer front a aquest problema i incentivar la conscienciaci\u00f3 entre tot el p\u00fablic.<\/span><\/p>\n<p>[\/et_pb_text][\/et_pb_column][\/et_pb_row][et_pb_row _builder_version=&#8221;4.9.10&#8243; _module_preset=&#8221;default&#8221;][et_pb_column type=&#8221;4_4&#8243; _builder_version=&#8221;4.9.10&#8243; _module_preset=&#8221;default&#8221;][et_pb_text _builder_version=&#8221;4.9.10&#8243; _module_preset=&#8221;default&#8221;]<\/p>\n<p><b>Aposta per la sostenibilitat<\/b><\/p>\n<p><span style=\"font-weight: 400;\">Filma neix de la m\u00e0 de cinc joves emprenedors d\u2019Espanya amb la finalitat d\u2019evitar l\u2019impacte dels pl\u00e0stics d\u2019un sol \u00fas sobre el medi ambient a causa de la pand\u00e8mia. Amb el suport d\u2019empreses interessades en adquirir una imatge m\u00e9s sostenible, a dia d\u2019avui han aconseguit reciclar m\u00e9s de 45.000 mascaretes recaptades en diferents establiments.<\/span><\/p>\n<p><span style=\"font-weight: 400;\">Filma col\u00b7labora amb ajuntaments i empreses per crear un proc\u00e9s d\u2019economia: conscienciar, gestionar el residu i co-creaci\u00f3 de productes finals, com podria ser mobiliari urb\u00e0. Poc a poc, fa arribar aquest missatge a m\u00e9s gent amb el prop\u00f2sit de fer cr\u00e9ixer el projecte i deixar empremta en la societat d\u2019avui en dia.<\/span><\/p>\n<p>[\/et_pb_text][\/et_pb_column][\/et_pb_row][\/et_pb_section]<\/p>\n","protected":false},"excerpt":{"rendered":"<p>En aquesta onzena edici\u00f3, Filma i l\u2019Extreme s\u2019uneixen en una col\u00b7laboraci\u00f3 en favor del medi ambient L\u2019onzena edici\u00f3 de l\u2019Extreme Barcelona \u00e9s la m\u00e9s sostenible de totes, apostant per la conscienciaci\u00f3 ambiental d\u2019una forma molt original. Mitjan\u00e7ant una col\u00b7laboraci\u00f3 amb Filma, les medalles i trofeus que s\u2019entreguen als esportistes estan fets amb els residus de [&hellip;]<\/p>\n","protected":false},"author":8,"featured_media":13434,"comment_status":"closed","ping_status":"closed","sticky":false,"template":"","format":"standard","meta":{"_et_pb_use_builder":"on","_et_pb_old_content":"","_et_gb_content_width":"","footnotes":""},"categories":[20],"tags":[],"class_list":["post-13427","post","type-post","status-publish","format-standard","has-post-thumbnail","hentry","category-noticies"],"yoast_head":"<!-- This site is optimized with the Yoast SEO plugin v27.2 - https:\/\/yoast.com\/product\/yoast-seo-wordpress\/ -->\n<title>L\u2019Extreme m\u00e9s sostenible: medalles fetes amb mascaretes reciclables<\/title>\n<meta name=\"description\" content=\"En aquesta onzena edici\u00f3, Filma i l\u2019Extreme s\u2019uneixen en una col\u00b7laboraci\u00f3 en favor del medi ambient\" \/>\n<meta name=\"robots\" content=\"index, follow, max-snippet:-1, max-image-preview:large, max-video-preview:-1\" \/>\n<link rel=\"canonical\" href=\"https:\/\/extremebarcelona.com\/ca\/2021\/09\/25\/lextreme-mes-sostenible-medalles-fetes-amb-mascaretes-reciclables\/\" \/>\n<meta property=\"og:locale\" content=\"ca_ES\" \/>\n<meta property=\"og:type\" content=\"article\" \/>\n<meta property=\"og:title\" content=\"L\u2019Extreme m\u00e9s sostenible: medalles fetes amb mascaretes reciclables\" \/>\n<meta property=\"og:description\" content=\"En aquesta onzena edici\u00f3, Filma i l\u2019Extreme s\u2019uneixen en una col\u00b7laboraci\u00f3 en favor del medi ambient\" \/>\n<meta property=\"og:url\" content=\"https:\/\/extremebarcelona.com\/ca\/2021\/09\/25\/lextreme-mes-sostenible-medalles-fetes-amb-mascaretes-reciclables\/\" \/>\n<meta property=\"og:site_name\" content=\"Extreme Barcelona\" \/>\n<meta property=\"article:published_time\" content=\"2021-09-25T12:28:19+00:00\" \/>\n<meta property=\"article:modified_time\" content=\"2021-09-25T12:31:04+00:00\" \/>\n<meta property=\"og:image\" content=\"https:\/\/extremebarcelona.com\/wp-content\/uploads\/2021\/09\/medallas-filma-extreme-barcelona-opt.jpg\" \/>\n\t<meta property=\"og:image:width\" content=\"1140\" \/>\n\t<meta property=\"og:image:height\" content=\"760\" \/>\n\t<meta property=\"og:image:type\" content=\"image\/jpeg\" \/>\n<meta name=\"author\" content=\"UWS\" \/>\n<meta name=\"twitter:card\" content=\"summary_large_image\" \/>\n<meta name=\"twitter:label1\" content=\"Escrit per\" \/>\n\t<meta name=\"twitter:data1\" content=\"UWS\" \/>\n\t<meta name=\"twitter:label2\" content=\"Temps estimat de lectura\" \/>\n\t<meta name=\"twitter:data2\" content=\"3 minuts\" \/>\n<script type=\"application\/ld+json\" class=\"yoast-schema-graph\">{\"@context\":\"https:\/\/schema.org\",\"@graph\":[{\"@type\":\"NewsArticle\",\"@id\":\"https:\/\/extremebarcelona.com\/ca\/2021\/09\/25\/lextreme-mes-sostenible-medalles-fetes-amb-mascaretes-reciclables\/#article\",\"isPartOf\":{\"@id\":\"https:\/\/extremebarcelona.com\/ca\/2021\/09\/25\/lextreme-mes-sostenible-medalles-fetes-amb-mascaretes-reciclables\/\"},\"author\":{\"name\":\"UWS\",\"@id\":\"https:\/\/extremebarcelona.com\/#\/schema\/person\/84bb7d2facd51100910ca1df9186891e\"},\"headline\":\"L\u2019Extreme m\u00e9s sostenible: medalles fetes amb mascaretes reciclables\",\"datePublished\":\"2021-09-25T12:28:19+00:00\",\"dateModified\":\"2021-09-25T12:31:04+00:00\",\"mainEntityOfPage\":{\"@id\":\"https:\/\/extremebarcelona.com\/ca\/2021\/09\/25\/lextreme-mes-sostenible-medalles-fetes-amb-mascaretes-reciclables\/\"},\"wordCount\":529,\"publisher\":{\"@id\":\"https:\/\/extremebarcelona.com\/#organization\"},\"image\":{\"@id\":\"https:\/\/extremebarcelona.com\/ca\/2021\/09\/25\/lextreme-mes-sostenible-medalles-fetes-amb-mascaretes-reciclables\/#primaryimage\"},\"thumbnailUrl\":\"https:\/\/extremebarcelona.com\/wp-content\/uploads\/2021\/09\/medallas-filma-extreme-barcelona-opt.jpg\",\"articleSection\":[\"Noticies\"],\"inLanguage\":\"ca\"},{\"@type\":\"WebPage\",\"@id\":\"https:\/\/extremebarcelona.com\/ca\/2021\/09\/25\/lextreme-mes-sostenible-medalles-fetes-amb-mascaretes-reciclables\/\",\"url\":\"https:\/\/extremebarcelona.com\/ca\/2021\/09\/25\/lextreme-mes-sostenible-medalles-fetes-amb-mascaretes-reciclables\/\",\"name\":\"L\u2019Extreme m\u00e9s sostenible: medalles fetes amb mascaretes reciclables\",\"isPartOf\":{\"@id\":\"https:\/\/extremebarcelona.com\/#website\"},\"primaryImageOfPage\":{\"@id\":\"https:\/\/extremebarcelona.com\/ca\/2021\/09\/25\/lextreme-mes-sostenible-medalles-fetes-amb-mascaretes-reciclables\/#primaryimage\"},\"image\":{\"@id\":\"https:\/\/extremebarcelona.com\/ca\/2021\/09\/25\/lextreme-mes-sostenible-medalles-fetes-amb-mascaretes-reciclables\/#primaryimage\"},\"thumbnailUrl\":\"https:\/\/extremebarcelona.com\/wp-content\/uploads\/2021\/09\/medallas-filma-extreme-barcelona-opt.jpg\",\"datePublished\":\"2021-09-25T12:28:19+00:00\",\"dateModified\":\"2021-09-25T12:31:04+00:00\",\"description\":\"En aquesta onzena edici\u00f3, Filma i l\u2019Extreme s\u2019uneixen en una col\u00b7laboraci\u00f3 en favor del medi ambient\",\"breadcrumb\":{\"@id\":\"https:\/\/extremebarcelona.com\/ca\/2021\/09\/25\/lextreme-mes-sostenible-medalles-fetes-amb-mascaretes-reciclables\/#breadcrumb\"},\"inLanguage\":\"ca\",\"potentialAction\":[{\"@type\":\"ReadAction\",\"target\":[\"https:\/\/extremebarcelona.com\/ca\/2021\/09\/25\/lextreme-mes-sostenible-medalles-fetes-amb-mascaretes-reciclables\/\"]}]},{\"@type\":\"ImageObject\",\"inLanguage\":\"ca\",\"@id\":\"https:\/\/extremebarcelona.com\/ca\/2021\/09\/25\/lextreme-mes-sostenible-medalles-fetes-amb-mascaretes-reciclables\/#primaryimage\",\"url\":\"https:\/\/extremebarcelona.com\/wp-content\/uploads\/2021\/09\/medallas-filma-extreme-barcelona-opt.jpg\",\"contentUrl\":\"https:\/\/extremebarcelona.com\/wp-content\/uploads\/2021\/09\/medallas-filma-extreme-barcelona-opt.jpg\",\"width\":1140,\"height\":760},{\"@type\":\"BreadcrumbList\",\"@id\":\"https:\/\/extremebarcelona.com\/ca\/2021\/09\/25\/lextreme-mes-sostenible-medalles-fetes-amb-mascaretes-reciclables\/#breadcrumb\",\"itemListElement\":[{\"@type\":\"ListItem\",\"position\":1,\"name\":\"Portada\",\"item\":\"https:\/\/extremebarcelona.com\/\"},{\"@type\":\"ListItem\",\"position\":2,\"name\":\"L\u2019Extreme m\u00e9s sostenible: medalles fetes amb mascaretes reciclables\"}]},{\"@type\":\"WebSite\",\"@id\":\"https:\/\/extremebarcelona.com\/#website\",\"url\":\"https:\/\/extremebarcelona.com\/\",\"name\":\"Extreme Barcelona\",\"description\":\"Otro sitio realizado con WordPress\",\"publisher\":{\"@id\":\"https:\/\/extremebarcelona.com\/#organization\"},\"potentialAction\":[{\"@type\":\"SearchAction\",\"target\":{\"@type\":\"EntryPoint\",\"urlTemplate\":\"https:\/\/extremebarcelona.com\/?s={search_term_string}\"},\"query-input\":{\"@type\":\"PropertyValueSpecification\",\"valueRequired\":true,\"valueName\":\"search_term_string\"}}],\"inLanguage\":\"ca\"},{\"@type\":\"Organization\",\"@id\":\"https:\/\/extremebarcelona.com\/#organization\",\"name\":\"Extreme Barcelona\",\"url\":\"https:\/\/extremebarcelona.com\/\",\"logo\":{\"@type\":\"ImageObject\",\"inLanguage\":\"ca\",\"@id\":\"https:\/\/extremebarcelona.com\/#\/schema\/logo\/image\/\",\"url\":\"https:\/\/extremebarcelona.com\/wp-content\/uploads\/2021\/04\/Logo-Extreme-2021.png\",\"contentUrl\":\"https:\/\/extremebarcelona.com\/wp-content\/uploads\/2021\/04\/Logo-Extreme-2021.png\",\"width\":500,\"height\":500,\"caption\":\"Extreme Barcelona\"},\"image\":{\"@id\":\"https:\/\/extremebarcelona.com\/#\/schema\/logo\/image\/\"}},{\"@type\":\"Person\",\"@id\":\"https:\/\/extremebarcelona.com\/#\/schema\/person\/84bb7d2facd51100910ca1df9186891e\",\"name\":\"UWS\",\"image\":{\"@type\":\"ImageObject\",\"inLanguage\":\"ca\",\"@id\":\"https:\/\/secure.gravatar.com\/avatar\/41b930374ee41e318f6457172bd2f6e300b1872879ecb443d692bea8dad136f9?s=96&d=mm&r=g\",\"url\":\"https:\/\/secure.gravatar.com\/avatar\/41b930374ee41e318f6457172bd2f6e300b1872879ecb443d692bea8dad136f9?s=96&d=mm&r=g\",\"contentUrl\":\"https:\/\/secure.gravatar.com\/avatar\/41b930374ee41e318f6457172bd2f6e300b1872879ecb443d692bea8dad136f9?s=96&d=mm&r=g\",\"caption\":\"UWS\"}}]}<\/script>\n<!-- \/ Yoast SEO plugin. -->","yoast_head_json":{"title":"L\u2019Extreme m\u00e9s sostenible: medalles fetes amb mascaretes reciclables","description":"En aquesta onzena edici\u00f3, Filma i l\u2019Extreme s\u2019uneixen en una col\u00b7laboraci\u00f3 en favor del medi ambient","robots":{"index":"index","follow":"follow","max-snippet":"max-snippet:-1","max-image-preview":"max-image-preview:large","max-video-preview":"max-video-preview:-1"},"canonical":"https:\/\/extremebarcelona.com\/ca\/2021\/09\/25\/lextreme-mes-sostenible-medalles-fetes-amb-mascaretes-reciclables\/","og_locale":"ca_ES","og_type":"article","og_title":"L\u2019Extreme m\u00e9s sostenible: medalles fetes amb mascaretes reciclables","og_description":"En aquesta onzena edici\u00f3, Filma i l\u2019Extreme s\u2019uneixen en una col\u00b7laboraci\u00f3 en favor del medi ambient","og_url":"https:\/\/extremebarcelona.com\/ca\/2021\/09\/25\/lextreme-mes-sostenible-medalles-fetes-amb-mascaretes-reciclables\/","og_site_name":"Extreme Barcelona","article_published_time":"2021-09-25T12:28:19+00:00","article_modified_time":"2021-09-25T12:31:04+00:00","og_image":[{"width":1140,"height":760,"url":"https:\/\/extremebarcelona.com\/wp-content\/uploads\/2021\/09\/medallas-filma-extreme-barcelona-opt.jpg","type":"image\/jpeg"}],"author":"UWS","twitter_card":"summary_large_image","twitter_misc":{"Escrit per":"UWS","Temps estimat de lectura":"3 minuts"},"schema":{"@context":"https:\/\/schema.org","@graph":[{"@type":"NewsArticle","@id":"https:\/\/extremebarcelona.com\/ca\/2021\/09\/25\/lextreme-mes-sostenible-medalles-fetes-amb-mascaretes-reciclables\/#article","isPartOf":{"@id":"https:\/\/extremebarcelona.com\/ca\/2021\/09\/25\/lextreme-mes-sostenible-medalles-fetes-amb-mascaretes-reciclables\/"},"author":{"name":"UWS","@id":"https:\/\/extremebarcelona.com\/#\/schema\/person\/84bb7d2facd51100910ca1df9186891e"},"headline":"L\u2019Extreme m\u00e9s sostenible: medalles fetes amb mascaretes reciclables","datePublished":"2021-09-25T12:28:19+00:00","dateModified":"2021-09-25T12:31:04+00:00","mainEntityOfPage":{"@id":"https:\/\/extremebarcelona.com\/ca\/2021\/09\/25\/lextreme-mes-sostenible-medalles-fetes-amb-mascaretes-reciclables\/"},"wordCount":529,"publisher":{"@id":"https:\/\/extremebarcelona.com\/#organization"},"image":{"@id":"https:\/\/extremebarcelona.com\/ca\/2021\/09\/25\/lextreme-mes-sostenible-medalles-fetes-amb-mascaretes-reciclables\/#primaryimage"},"thumbnailUrl":"https:\/\/extremebarcelona.com\/wp-content\/uploads\/2021\/09\/medallas-filma-extreme-barcelona-opt.jpg","articleSection":["Noticies"],"inLanguage":"ca"},{"@type":"WebPage","@id":"https:\/\/extremebarcelona.com\/ca\/2021\/09\/25\/lextreme-mes-sostenible-medalles-fetes-amb-mascaretes-reciclables\/","url":"https:\/\/extremebarcelona.com\/ca\/2021\/09\/25\/lextreme-mes-sostenible-medalles-fetes-amb-mascaretes-reciclables\/","name":"L\u2019Extreme m\u00e9s sostenible: medalles fetes amb mascaretes reciclables","isPartOf":{"@id":"https:\/\/extremebarcelona.com\/#website"},"primaryImageOfPage":{"@id":"https:\/\/extremebarcelona.com\/ca\/2021\/09\/25\/lextreme-mes-sostenible-medalles-fetes-amb-mascaretes-reciclables\/#primaryimage"},"image":{"@id":"https:\/\/extremebarcelona.com\/ca\/2021\/09\/25\/lextreme-mes-sostenible-medalles-fetes-amb-mascaretes-reciclables\/#primaryimage"},"thumbnailUrl":"https:\/\/extremebarcelona.com\/wp-content\/uploads\/2021\/09\/medallas-filma-extreme-barcelona-opt.jpg","datePublished":"2021-09-25T12:28:19+00:00","dateModified":"2021-09-25T12:31:04+00:00","description":"En aquesta onzena edici\u00f3, Filma i l\u2019Extreme s\u2019uneixen en una col\u00b7laboraci\u00f3 en favor del medi ambient","breadcrumb":{"@id":"https:\/\/extremebarcelona.com\/ca\/2021\/09\/25\/lextreme-mes-sostenible-medalles-fetes-amb-mascaretes-reciclables\/#breadcrumb"},"inLanguage":"ca","potentialAction":[{"@type":"ReadAction","target":["https:\/\/extremebarcelona.com\/ca\/2021\/09\/25\/lextreme-mes-sostenible-medalles-fetes-amb-mascaretes-reciclables\/"]}]},{"@type":"ImageObject","inLanguage":"ca","@id":"https:\/\/extremebarcelona.com\/ca\/2021\/09\/25\/lextreme-mes-sostenible-medalles-fetes-amb-mascaretes-reciclables\/#primaryimage","url":"https:\/\/extremebarcelona.com\/wp-content\/uploads\/2021\/09\/medallas-filma-extreme-barcelona-opt.jpg","contentUrl":"https:\/\/extremebarcelona.com\/wp-content\/uploads\/2021\/09\/medallas-filma-extreme-barcelona-opt.jpg","width":1140,"height":760},{"@type":"BreadcrumbList","@id":"https:\/\/extremebarcelona.com\/ca\/2021\/09\/25\/lextreme-mes-sostenible-medalles-fetes-amb-mascaretes-reciclables\/#breadcrumb","itemListElement":[{"@type":"ListItem","position":1,"name":"Portada","item":"https:\/\/extremebarcelona.com\/"},{"@type":"ListItem","position":2,"name":"L\u2019Extreme m\u00e9s sostenible: medalles fetes amb mascaretes reciclables"}]},{"@type":"WebSite","@id":"https:\/\/extremebarcelona.com\/#website","url":"https:\/\/extremebarcelona.com\/","name":"Extreme Barcelona","description":"Otro sitio realizado con WordPress","publisher":{"@id":"https:\/\/extremebarcelona.com\/#organization"},"potentialAction":[{"@type":"SearchAction","target":{"@type":"EntryPoint","urlTemplate":"https:\/\/extremebarcelona.com\/?s={search_term_string}"},"query-input":{"@type":"PropertyValueSpecification","valueRequired":true,"valueName":"search_term_string"}}],"inLanguage":"ca"},{"@type":"Organization","@id":"https:\/\/extremebarcelona.com\/#organization","name":"Extreme Barcelona","url":"https:\/\/extremebarcelona.com\/","logo":{"@type":"ImageObject","inLanguage":"ca","@id":"https:\/\/extremebarcelona.com\/#\/schema\/logo\/image\/","url":"https:\/\/extremebarcelona.com\/wp-content\/uploads\/2021\/04\/Logo-Extreme-2021.png","contentUrl":"https:\/\/extremebarcelona.com\/wp-content\/uploads\/2021\/04\/Logo-Extreme-2021.png","width":500,"height":500,"caption":"Extreme Barcelona"},"image":{"@id":"https:\/\/extremebarcelona.com\/#\/schema\/logo\/image\/"}},{"@type":"Person","@id":"https:\/\/extremebarcelona.com\/#\/schema\/person\/84bb7d2facd51100910ca1df9186891e","name":"UWS","image":{"@type":"ImageObject","inLanguage":"ca","@id":"https:\/\/secure.gravatar.com\/avatar\/41b930374ee41e318f6457172bd2f6e300b1872879ecb443d692bea8dad136f9?s=96&d=mm&r=g","url":"https:\/\/secure.gravatar.com\/avatar\/41b930374ee41e318f6457172bd2f6e300b1872879ecb443d692bea8dad136f9?s=96&d=mm&r=g","contentUrl":"https:\/\/secure.gravatar.com\/avatar\/41b930374ee41e318f6457172bd2f6e300b1872879ecb443d692bea8dad136f9?s=96&d=mm&r=g","caption":"UWS"}}]}},"_links":{"self":[{"href":"https:\/\/extremebarcelona.com\/ca\/wp-json\/wp\/v2\/posts\/13427","targetHints":{"allow":["GET"]}}],"collection":[{"href":"https:\/\/extremebarcelona.com\/ca\/wp-json\/wp\/v2\/posts"}],"about":[{"href":"https:\/\/extremebarcelona.com\/ca\/wp-json\/wp\/v2\/types\/post"}],"author":[{"embeddable":true,"href":"https:\/\/extremebarcelona.com\/ca\/wp-json\/wp\/v2\/users\/8"}],"replies":[{"embeddable":true,"href":"https:\/\/extremebarcelona.com\/ca\/wp-json\/wp\/v2\/comments?post=13427"}],"version-history":[{"count":5,"href":"https:\/\/extremebarcelona.com\/ca\/wp-json\/wp\/v2\/posts\/13427\/revisions"}],"predecessor-version":[{"id":13439,"href":"https:\/\/extremebarcelona.com\/ca\/wp-json\/wp\/v2\/posts\/13427\/revisions\/13439"}],"wp:featuredmedia":[{"embeddable":true,"href":"https:\/\/extremebarcelona.com\/ca\/wp-json\/wp\/v2\/media\/13434"}],"wp:attachment":[{"href":"https:\/\/extremebarcelona.com\/ca\/wp-json\/wp\/v2\/media?parent=13427"}],"wp:term":[{"taxonomy":"category","embeddable":true,"href":"https:\/\/extremebarcelona.com\/ca\/wp-json\/wp\/v2\/categories?post=13427"},{"taxonomy":"post_tag","embeddable":true,"href":"https:\/\/extremebarcelona.com\/ca\/wp-json\/wp\/v2\/tags?post=13427"}],"curies":[{"name":"wp","href":"https:\/\/api.w.org\/{rel}","templated":true}]}}