{"id":13386,"date":"2021-09-24T21:27:41","date_gmt":"2021-09-24T19:27:41","guid":{"rendered":"https:\/\/extremebarcelona.com\/2021\/09\/24\/el-scooter-femenino-aterriza-en-el-extreme-barcelona-y-el-street-es-la-modalidad-de-moda\/"},"modified":"2021-09-24T21:33:07","modified_gmt":"2021-09-24T19:33:07","slug":"l-scooter-femeni-aterra-a-lextreme-barcelona-i-lstreet-es-la-modalitat-de-moda","status":"publish","type":"post","link":"https:\/\/extremebarcelona.com\/ca\/2021\/09\/24\/l-scooter-femeni-aterra-a-lextreme-barcelona-i-lstreet-es-la-modalitat-de-moda\/","title":{"rendered":"L\u2019 scooter femen\u00ed aterra a l\u2019Extreme Barcelona i l\u2019street \u00e9s la modalitat de moda"},"content":{"rendered":"<p>[et_pb_section fb_built=&#8221;1&#8243; _builder_version=&#8221;4.9.10&#8243; _module_preset=&#8221;default&#8221; custom_padding=&#8221;3px|||||&#8221;][et_pb_row _builder_version=&#8221;4.9.10&#8243; _module_preset=&#8221;default&#8221;][et_pb_column type=&#8221;4_4&#8243; _builder_version=&#8221;4.9.10&#8243; _module_preset=&#8221;default&#8221;][et_pb_image src=&#8221;https:\/\/extremebarcelona.com\/wp-content\/uploads\/2021\/09\/principal-opt.jpg&#8221; title_text=&#8221;principal-opt&#8221; _builder_version=&#8221;4.9.10&#8243; _module_preset=&#8221;default&#8221;][\/et_pb_image][\/et_pb_column][\/et_pb_row][et_pb_row _builder_version=&#8221;4.9.10&#8243; _module_preset=&#8221;default&#8221; custom_padding=&#8221;4px|||||&#8221;][et_pb_column type=&#8221;4_4&#8243; _builder_version=&#8221;4.9.10&#8243; _module_preset=&#8221;default&#8221;][et_pb_text _builder_version=&#8221;4.9.10&#8243; _module_preset=&#8221;default&#8221; hover_enabled=&#8221;0&#8243; sticky_enabled=&#8221;0&#8243;]<\/p>\n<p style=\"text-align: justify;\"><span style=\"font-weight: 400;\">Sense frens i costa avall. Els World Championship d\u2019Scooter estan en marxa i ja no hi ha qui els aturi. La jornada de divendres ens ha deixat diversos fronts oberts: d&#8217;una banda, les classificat\u00f2ries d\u2019Scooter Street mascul\u00ed i, per l&#8217;altra, les semifinals d\u2019Scooter Park femen\u00ed.<\/span><\/p>\n<p style=\"text-align: justify;\"><span style=\"font-weight: 400;\">A l&#8217;espera de l&#8217;arribada del p\u00fablic el dissabte, els riders agrupats a les grades del &#8216;Central Park i de l&#8217;Street Plaza han vibrat amb l&#8217;espectacularitat d&#8217;aquests atletes, que auguren un gran espectacle per aquest cap de setmana.<\/span><\/p>\n<p>[\/et_pb_text][\/et_pb_column][\/et_pb_row][et_pb_row _builder_version=&#8221;4.9.10&#8243; _module_preset=&#8221;default&#8221;][et_pb_column type=&#8221;4_4&#8243; _builder_version=&#8221;4.9.10&#8243; _module_preset=&#8221;default&#8221;][et_pb_text _builder_version=&#8221;4.9.10&#8243; _module_preset=&#8221;default&#8221; hover_enabled=&#8221;0&#8243; sticky_enabled=&#8221;0&#8243;]<\/p>\n<p style=\"text-align: justify;\"><b>La brit\u00e0nica Lucy Evans domina les semis femenines<\/b><\/p>\n<p style=\"text-align: justify;\"><span style=\"font-weight: 400;\">La primera semifinal femenina d\u2019scooter celebrada a l\u2019Extreme Barcelona ha superat el nivell que s&#8217;esperava d&#8217;aquests grans atletes. Es nota que s&#8217;estan prenent aquest campionat molt seriosament.<\/span><\/p>\n<p style=\"text-align: justify;\"><span style=\"font-weight: 400;\">Lucy Evans ha estat la millor classificada, aconseguint un 89.33 a la seva millor ronda, rondes completes, consistents i amb molt flow. A m\u00e9s, la rider brit\u00e0nica ha sabut combinar diferents trucs a cada salt, com ara el briflip whip en un dels seus passos pel gran funbox.<\/span><\/p>\n<p style=\"text-align: justify;\"><span style=\"font-weight: 400;\">En segon lloc i molt a prop de Lucy, amb un 88.00, ha classificat l&#8217;americana Mia Catalano. Una altra ronda per emmarcar en aquestes grans semifinals. Al\u00e7ada en els seus trucs, un Inward al funbox incre\u00efble i completat amb combos com el triple bar. Mia t\u00e9 l&#8217;or entre cella i cella.<\/span><\/p>\n<p style=\"text-align: justify;\"><span style=\"font-weight: 400;\">La tercera ha estat per Jessica Josep, i la gran favorita i vigent campiona del m\u00f3n Beca Ortiz ha aconseguit la quarta posici\u00f3. S&#8217;est\u00e0 reservant per la final? De moment ens ha regalat un backflip per a la galeria.<\/span><\/p>\n<p>[\/et_pb_text][\/et_pb_column][\/et_pb_row][et_pb_row column_structure=&#8221;1_2,1_2&#8243; _builder_version=&#8221;4.9.10&#8243; _module_preset=&#8221;default&#8221;][et_pb_column type=&#8221;1_2&#8243; _builder_version=&#8221;4.9.10&#8243; _module_preset=&#8221;default&#8221;][et_pb_image src=&#8221;https:\/\/extremebarcelona.com\/wp-content\/uploads\/2021\/09\/scooter-women-2-opt.jpg&#8221; title_text=&#8221;scooter-women-2-opt&#8221; _builder_version=&#8221;4.9.10&#8243; _module_preset=&#8221;default&#8221;][\/et_pb_image][\/et_pb_column][et_pb_column type=&#8221;1_2&#8243; _builder_version=&#8221;4.9.10&#8243; _module_preset=&#8221;default&#8221;][et_pb_image src=&#8221;https:\/\/extremebarcelona.com\/wp-content\/uploads\/2021\/09\/scooter-women-1-opt-1.jpg&#8221; title_text=&#8221;scooter-women-1-opt&#8221; _builder_version=&#8221;4.9.10&#8243; _module_preset=&#8221;default&#8221;][\/et_pb_image][\/et_pb_column][\/et_pb_row][et_pb_row _builder_version=&#8221;4.9.10&#8243; _module_preset=&#8221;default&#8221;][et_pb_column type=&#8221;4_4&#8243; _builder_version=&#8221;4.9.10&#8243; _module_preset=&#8221;default&#8221;][et_pb_text _builder_version=&#8221;4.9.10&#8243; _module_preset=&#8221;default&#8221; hover_enabled=&#8221;0&#8243; sticky_enabled=&#8221;0&#8243;]<\/p>\n<p style=\"text-align: justify;\"><b>Scooter Street i unes classificat\u00f2ries que semblaven una final<\/b><\/p>\n<p style=\"text-align: justify;\"><span style=\"font-weight: 400;\">El favorit no ha decebut. Lucas DiMeglio est\u00e0 en totes les travesses per ser el pr\u00f2xim campi\u00f3 del m\u00f3n i de moment ho est\u00e0 demostrant. L&#8217;any passat es va quedar amb la plata i \u00e9s una espina clavada pel rider franc\u00e8s, que no d\u00f3na treva a ning\u00fa. Un 93.67 a les classificat\u00f2ries, i una ronda que podria valer una medalla d&#8217;or.<\/span><\/p>\n<p style=\"text-align: justify;\"><span style=\"font-weight: 400;\">El Su\u00eds Matis Neyroud i el dan\u00e8s Christian Jensen han tancat les tres primeres posicions.<\/span><\/p>\n<p style=\"text-align: justify;\"><span style=\"font-weight: 400;\">Pel que fa als espanyols, destaca el m\u00e9s irreverent de l&#8217;Street Plaza. Carlos Ravello ho t\u00e9 tot per colar-se de nou en una final, flow, power i moltes bombes a la seva m\u00e0niga. Pol Rom\u00e1n i Guifr\u00e9 Obradors l&#8217;acompanyaran a les semifinals de dem\u00e0.<\/span><\/p>\n<p>[\/et_pb_text][\/et_pb_column][\/et_pb_row][et_pb_row column_structure=&#8221;1_2,1_2&#8243; _builder_version=&#8221;4.9.10&#8243; _module_preset=&#8221;default&#8221;][et_pb_column type=&#8221;1_2&#8243; _builder_version=&#8221;4.9.10&#8243; _module_preset=&#8221;default&#8221;][et_pb_image src=&#8221;https:\/\/extremebarcelona.com\/wp-content\/uploads\/2021\/09\/man-1-opt.jpg&#8221; title_text=&#8221;man-1-opt&#8221; _builder_version=&#8221;4.9.10&#8243; _module_preset=&#8221;default&#8221;][\/et_pb_image][\/et_pb_column][et_pb_column type=&#8221;1_2&#8243; _builder_version=&#8221;4.9.10&#8243; _module_preset=&#8221;default&#8221;][et_pb_image src=&#8221;https:\/\/extremebarcelona.com\/wp-content\/uploads\/2021\/09\/man-opt-2.jpg&#8221; title_text=&#8221;man-opt-2&#8243; _builder_version=&#8221;4.9.10&#8243; _module_preset=&#8221;default&#8221;][\/et_pb_image][\/et_pb_column][\/et_pb_row][et_pb_row _builder_version=&#8221;4.9.10&#8243; _module_preset=&#8221;default&#8221; custom_padding=&#8221;3px|||||&#8221;][et_pb_column type=&#8221;4_4&#8243; _builder_version=&#8221;4.9.10&#8243; _module_preset=&#8221;default&#8221;][et_pb_text _builder_version=&#8221;4.9.10&#8243; _module_preset=&#8221;default&#8221; hover_enabled=&#8221;0&#8243; sticky_enabled=&#8221;0&#8243;]<\/p>\n<p style=\"text-align: justify;\"><b>Dissabte: arriben les primeres finals<\/b><\/p>\n<p style=\"text-align: justify;\"><span style=\"font-weight: 400;\">L&#8217;atenci\u00f3 de dissabte pel que als World Championship de Scooter es refereix es centrar\u00e0 en l\u2019Street Plaza, escenari que acollir\u00e0 durant tot el dia, ara s\u00ed, amb p\u00fablic, les semifinals i finals d\u2019Scooter Street.<\/span><\/p>\n<p style=\"text-align: justify;\"><span style=\"font-weight: 400;\">Durant el mat\u00ed es disputaran les semifinals i el plat fort arribar\u00e0 durant la tarda amb la gran final (19:30h-20:30h), que tancar\u00e0 la jornada de dissabte de la millor manera possible.<\/span><\/p>\n<p>[\/et_pb_text][\/et_pb_column][\/et_pb_row][et_pb_row column_structure=&#8221;1_2,1_2&#8243; _builder_version=&#8221;4.9.10&#8243; _module_preset=&#8221;default&#8221;][et_pb_column type=&#8221;1_2&#8243; _builder_version=&#8221;4.9.10&#8243; _module_preset=&#8221;default&#8221;][et_pb_text _builder_version=&#8221;4.9.10&#8243; _module_preset=&#8221;default&#8221;]<\/p>\n<p style=\"text-align: center;\"><strong>Full Results Qualifyers Men<\/strong><\/p>\n<p>[\/et_pb_text][et_pb_button button_url=&#8221;https:\/\/extremebarcelona.com\/wp-content\/uploads\/2021\/09\/men-street-open-qualfyer.pdf&#8221; url_new_window=&#8221;on&#8221; button_text=&#8221;AQU\u00cd&#8221; button_alignment=&#8221;center&#8221; disabled_on=&#8221;off|off|off&#8221; _builder_version=&#8221;4.9.10&#8243; _module_preset=&#8221;default&#8221; custom_button=&#8221;on&#8221; button_text_size=&#8221;25px&#8221; button_text_color=&#8221;#FFFFFF&#8221; button_bg_color=&#8221;#5800b9&#8243; button_bg_use_color_gradient=&#8221;on&#8221; button_bg_color_gradient_start=&#8221;#5800b9&#8243; button_bg_color_gradient_end=&#8221;#ff5300&#8243; button_border_radius=&#8221;31px&#8221; button_font=&#8221;Montserrat|800|||||||&#8221; button_use_icon=&#8221;off&#8221; custom_margin=&#8221;21px||8px|||&#8221; button_text_shadow_style=&#8221;preset1&#8243;][\/et_pb_button][\/et_pb_column][et_pb_column type=&#8221;1_2&#8243; _builder_version=&#8221;4.9.10&#8243; _module_preset=&#8221;default&#8221;][et_pb_text _builder_version=&#8221;4.9.10&#8243; _module_preset=&#8221;default&#8221;]<\/p>\n<p style=\"text-align: center;\"><strong>Full Results Semifinals Women<\/strong><\/p>\n<p>[\/et_pb_text][et_pb_button button_url=&#8221;https:\/\/extremebarcelona.com\/wp-content\/uploads\/2021\/09\/women_SEMIFINAL_SCOOTER_PARK.pdf&#8221; url_new_window=&#8221;on&#8221; button_text=&#8221;AQU\u00cd&#8221; button_alignment=&#8221;center&#8221; disabled_on=&#8221;off|off|off&#8221; _builder_version=&#8221;4.9.10&#8243; _module_preset=&#8221;default&#8221; custom_button=&#8221;on&#8221; button_text_size=&#8221;25px&#8221; button_text_color=&#8221;#FFFFFF&#8221; button_bg_color=&#8221;#5800b9&#8243; button_bg_use_color_gradient=&#8221;on&#8221; button_bg_color_gradient_start=&#8221;#5800b9&#8243; button_bg_color_gradient_end=&#8221;#ff5300&#8243; button_border_radius=&#8221;31px&#8221; button_font=&#8221;Montserrat|800|||||||&#8221; button_use_icon=&#8221;off&#8221; custom_margin=&#8221;21px||8px|||&#8221; button_text_shadow_style=&#8221;preset1&#8243;][\/et_pb_button][\/et_pb_column][\/et_pb_row][\/et_pb_section]<\/p>\n","protected":false},"excerpt":{"rendered":"<p>Sense frens i costa avall. Els World Championship d\u2019Scooter estan en marxa i ja no hi ha qui els aturi. La jornada de divendres ens ha deixat diversos fronts oberts: d&#8217;una banda, les classificat\u00f2ries d\u2019Scooter Street mascul\u00ed i, per l&#8217;altra, les semifinals d\u2019Scooter Park femen\u00ed. A l&#8217;espera de l&#8217;arribada del p\u00fablic el dissabte, els riders [&hellip;]<\/p>\n","protected":false},"author":12,"featured_media":13354,"comment_status":"closed","ping_status":"closed","sticky":false,"template":"","format":"standard","meta":{"_et_pb_use_builder":"on","_et_pb_old_content":"","_et_gb_content_width":"","footnotes":""},"categories":[20],"tags":[],"class_list":["post-13386","post","type-post","status-publish","format-standard","has-post-thumbnail","hentry","category-noticies"],"yoast_head":"<!-- This site is optimized with the Yoast SEO plugin v27.2 - https:\/\/yoast.com\/product\/yoast-seo-wordpress\/ -->\n<title>L\u2019 scooter femen\u00ed aterra a l\u2019Extreme Barcelona<\/title>\n<meta name=\"description\" content=\"Sense frens i costa avall. Els World Championship d\u2019Scooter estan en marxa i ja no hi ha qui els aturi. La jornada de divendres ens ha...\" \/>\n<meta name=\"robots\" content=\"index, follow, max-snippet:-1, max-image-preview:large, max-video-preview:-1\" \/>\n<link rel=\"canonical\" href=\"https:\/\/extremebarcelona.com\/ca\/2021\/09\/24\/l-scooter-femeni-aterra-a-lextreme-barcelona-i-lstreet-es-la-modalitat-de-moda\/\" \/>\n<meta property=\"og:locale\" content=\"ca_ES\" \/>\n<meta property=\"og:type\" content=\"article\" \/>\n<meta property=\"og:title\" content=\"L\u2019 scooter femen\u00ed aterra a l\u2019Extreme Barcelona\" \/>\n<meta property=\"og:description\" content=\"Sense frens i costa avall. Els World Championship d\u2019Scooter estan en marxa i ja no hi ha qui els aturi. La jornada de divendres ens ha...\" \/>\n<meta property=\"og:url\" content=\"https:\/\/extremebarcelona.com\/ca\/2021\/09\/24\/l-scooter-femeni-aterra-a-lextreme-barcelona-i-lstreet-es-la-modalitat-de-moda\/\" \/>\n<meta property=\"og:site_name\" content=\"Extreme Barcelona\" \/>\n<meta property=\"article:published_time\" content=\"2021-09-24T19:27:41+00:00\" \/>\n<meta property=\"article:modified_time\" content=\"2021-09-24T19:33:07+00:00\" \/>\n<meta property=\"og:image\" content=\"https:\/\/extremebarcelona.com\/wp-content\/uploads\/2021\/09\/principal-opt.jpg\" \/>\n\t<meta property=\"og:image:width\" content=\"795\" \/>\n\t<meta property=\"og:image:height\" content=\"533\" \/>\n\t<meta property=\"og:image:type\" content=\"image\/jpeg\" \/>\n<meta name=\"author\" content=\"Victor\" \/>\n<meta name=\"twitter:card\" content=\"summary_large_image\" \/>\n<meta name=\"twitter:label1\" content=\"Escrit per\" \/>\n\t<meta name=\"twitter:data1\" content=\"Victor\" \/>\n\t<meta name=\"twitter:label2\" content=\"Temps estimat de lectura\" \/>\n\t<meta name=\"twitter:data2\" content=\"6 minuts\" \/>\n<script type=\"application\/ld+json\" class=\"yoast-schema-graph\">{\"@context\":\"https:\/\/schema.org\",\"@graph\":[{\"@type\":\"NewsArticle\",\"@id\":\"https:\/\/extremebarcelona.com\/ca\/2021\/09\/24\/l-scooter-femeni-aterra-a-lextreme-barcelona-i-lstreet-es-la-modalitat-de-moda\/#article\",\"isPartOf\":{\"@id\":\"https:\/\/extremebarcelona.com\/ca\/2021\/09\/24\/l-scooter-femeni-aterra-a-lextreme-barcelona-i-lstreet-es-la-modalitat-de-moda\/\"},\"author\":{\"name\":\"Victor\",\"@id\":\"https:\/\/extremebarcelona.com\/#\/schema\/person\/9223941f98889bb4fad3683db6a3b4da\"},\"headline\":\"L\u2019 scooter femen\u00ed aterra a l\u2019Extreme Barcelona i l\u2019street \u00e9s la modalitat de moda\",\"datePublished\":\"2021-09-24T19:27:41+00:00\",\"dateModified\":\"2021-09-24T19:33:07+00:00\",\"mainEntityOfPage\":{\"@id\":\"https:\/\/extremebarcelona.com\/ca\/2021\/09\/24\/l-scooter-femeni-aterra-a-lextreme-barcelona-i-lstreet-es-la-modalitat-de-moda\/\"},\"wordCount\":1146,\"publisher\":{\"@id\":\"https:\/\/extremebarcelona.com\/#organization\"},\"image\":{\"@id\":\"https:\/\/extremebarcelona.com\/ca\/2021\/09\/24\/l-scooter-femeni-aterra-a-lextreme-barcelona-i-lstreet-es-la-modalitat-de-moda\/#primaryimage\"},\"thumbnailUrl\":\"https:\/\/extremebarcelona.com\/wp-content\/uploads\/2021\/09\/principal-opt.jpg\",\"articleSection\":[\"Noticies\"],\"inLanguage\":\"ca\"},{\"@type\":\"WebPage\",\"@id\":\"https:\/\/extremebarcelona.com\/ca\/2021\/09\/24\/l-scooter-femeni-aterra-a-lextreme-barcelona-i-lstreet-es-la-modalitat-de-moda\/\",\"url\":\"https:\/\/extremebarcelona.com\/ca\/2021\/09\/24\/l-scooter-femeni-aterra-a-lextreme-barcelona-i-lstreet-es-la-modalitat-de-moda\/\",\"name\":\"L\u2019 scooter femen\u00ed aterra a l\u2019Extreme Barcelona\",\"isPartOf\":{\"@id\":\"https:\/\/extremebarcelona.com\/#website\"},\"primaryImageOfPage\":{\"@id\":\"https:\/\/extremebarcelona.com\/ca\/2021\/09\/24\/l-scooter-femeni-aterra-a-lextreme-barcelona-i-lstreet-es-la-modalitat-de-moda\/#primaryimage\"},\"image\":{\"@id\":\"https:\/\/extremebarcelona.com\/ca\/2021\/09\/24\/l-scooter-femeni-aterra-a-lextreme-barcelona-i-lstreet-es-la-modalitat-de-moda\/#primaryimage\"},\"thumbnailUrl\":\"https:\/\/extremebarcelona.com\/wp-content\/uploads\/2021\/09\/principal-opt.jpg\",\"datePublished\":\"2021-09-24T19:27:41+00:00\",\"dateModified\":\"2021-09-24T19:33:07+00:00\",\"description\":\"Sense frens i costa avall. Els World Championship d\u2019Scooter estan en marxa i ja no hi ha qui els aturi. La jornada de divendres ens ha...\",\"breadcrumb\":{\"@id\":\"https:\/\/extremebarcelona.com\/ca\/2021\/09\/24\/l-scooter-femeni-aterra-a-lextreme-barcelona-i-lstreet-es-la-modalitat-de-moda\/#breadcrumb\"},\"inLanguage\":\"ca\",\"potentialAction\":[{\"@type\":\"ReadAction\",\"target\":[\"https:\/\/extremebarcelona.com\/ca\/2021\/09\/24\/l-scooter-femeni-aterra-a-lextreme-barcelona-i-lstreet-es-la-modalitat-de-moda\/\"]}]},{\"@type\":\"ImageObject\",\"inLanguage\":\"ca\",\"@id\":\"https:\/\/extremebarcelona.com\/ca\/2021\/09\/24\/l-scooter-femeni-aterra-a-lextreme-barcelona-i-lstreet-es-la-modalitat-de-moda\/#primaryimage\",\"url\":\"https:\/\/extremebarcelona.com\/wp-content\/uploads\/2021\/09\/principal-opt.jpg\",\"contentUrl\":\"https:\/\/extremebarcelona.com\/wp-content\/uploads\/2021\/09\/principal-opt.jpg\",\"width\":795,\"height\":533},{\"@type\":\"BreadcrumbList\",\"@id\":\"https:\/\/extremebarcelona.com\/ca\/2021\/09\/24\/l-scooter-femeni-aterra-a-lextreme-barcelona-i-lstreet-es-la-modalitat-de-moda\/#breadcrumb\",\"itemListElement\":[{\"@type\":\"ListItem\",\"position\":1,\"name\":\"Portada\",\"item\":\"https:\/\/extremebarcelona.com\/\"},{\"@type\":\"ListItem\",\"position\":2,\"name\":\"L\u2019 scooter femen\u00ed aterra a l\u2019Extreme Barcelona i l\u2019street \u00e9s la modalitat de moda\"}]},{\"@type\":\"WebSite\",\"@id\":\"https:\/\/extremebarcelona.com\/#website\",\"url\":\"https:\/\/extremebarcelona.com\/\",\"name\":\"Extreme Barcelona\",\"description\":\"Otro sitio realizado con WordPress\",\"publisher\":{\"@id\":\"https:\/\/extremebarcelona.com\/#organization\"},\"potentialAction\":[{\"@type\":\"SearchAction\",\"target\":{\"@type\":\"EntryPoint\",\"urlTemplate\":\"https:\/\/extremebarcelona.com\/?s={search_term_string}\"},\"query-input\":{\"@type\":\"PropertyValueSpecification\",\"valueRequired\":true,\"valueName\":\"search_term_string\"}}],\"inLanguage\":\"ca\"},{\"@type\":\"Organization\",\"@id\":\"https:\/\/extremebarcelona.com\/#organization\",\"name\":\"Extreme Barcelona\",\"url\":\"https:\/\/extremebarcelona.com\/\",\"logo\":{\"@type\":\"ImageObject\",\"inLanguage\":\"ca\",\"@id\":\"https:\/\/extremebarcelona.com\/#\/schema\/logo\/image\/\",\"url\":\"https:\/\/extremebarcelona.com\/wp-content\/uploads\/2021\/04\/Logo-Extreme-2021.png\",\"contentUrl\":\"https:\/\/extremebarcelona.com\/wp-content\/uploads\/2021\/04\/Logo-Extreme-2021.png\",\"width\":500,\"height\":500,\"caption\":\"Extreme Barcelona\"},\"image\":{\"@id\":\"https:\/\/extremebarcelona.com\/#\/schema\/logo\/image\/\"}},{\"@type\":\"Person\",\"@id\":\"https:\/\/extremebarcelona.com\/#\/schema\/person\/9223941f98889bb4fad3683db6a3b4da\",\"name\":\"Victor\",\"image\":{\"@type\":\"ImageObject\",\"inLanguage\":\"ca\",\"@id\":\"https:\/\/secure.gravatar.com\/avatar\/4b56bf1e99605c92a46d6ac9ef7fd96e8cc59d73eb2851190bf4d73d0ab45526?s=96&d=mm&r=g\",\"url\":\"https:\/\/secure.gravatar.com\/avatar\/4b56bf1e99605c92a46d6ac9ef7fd96e8cc59d73eb2851190bf4d73d0ab45526?s=96&d=mm&r=g\",\"contentUrl\":\"https:\/\/secure.gravatar.com\/avatar\/4b56bf1e99605c92a46d6ac9ef7fd96e8cc59d73eb2851190bf4d73d0ab45526?s=96&d=mm&r=g\",\"caption\":\"Victor\"}}]}<\/script>\n<!-- \/ Yoast SEO plugin. -->","yoast_head_json":{"title":"L\u2019 scooter femen\u00ed aterra a l\u2019Extreme Barcelona","description":"Sense frens i costa avall. Els World Championship d\u2019Scooter estan en marxa i ja no hi ha qui els aturi. La jornada de divendres ens ha...","robots":{"index":"index","follow":"follow","max-snippet":"max-snippet:-1","max-image-preview":"max-image-preview:large","max-video-preview":"max-video-preview:-1"},"canonical":"https:\/\/extremebarcelona.com\/ca\/2021\/09\/24\/l-scooter-femeni-aterra-a-lextreme-barcelona-i-lstreet-es-la-modalitat-de-moda\/","og_locale":"ca_ES","og_type":"article","og_title":"L\u2019 scooter femen\u00ed aterra a l\u2019Extreme Barcelona","og_description":"Sense frens i costa avall. Els World Championship d\u2019Scooter estan en marxa i ja no hi ha qui els aturi. La jornada de divendres ens ha...","og_url":"https:\/\/extremebarcelona.com\/ca\/2021\/09\/24\/l-scooter-femeni-aterra-a-lextreme-barcelona-i-lstreet-es-la-modalitat-de-moda\/","og_site_name":"Extreme Barcelona","article_published_time":"2021-09-24T19:27:41+00:00","article_modified_time":"2021-09-24T19:33:07+00:00","og_image":[{"width":795,"height":533,"url":"https:\/\/extremebarcelona.com\/wp-content\/uploads\/2021\/09\/principal-opt.jpg","type":"image\/jpeg"}],"author":"Victor","twitter_card":"summary_large_image","twitter_misc":{"Escrit per":"Victor","Temps estimat de lectura":"6 minuts"},"schema":{"@context":"https:\/\/schema.org","@graph":[{"@type":"NewsArticle","@id":"https:\/\/extremebarcelona.com\/ca\/2021\/09\/24\/l-scooter-femeni-aterra-a-lextreme-barcelona-i-lstreet-es-la-modalitat-de-moda\/#article","isPartOf":{"@id":"https:\/\/extremebarcelona.com\/ca\/2021\/09\/24\/l-scooter-femeni-aterra-a-lextreme-barcelona-i-lstreet-es-la-modalitat-de-moda\/"},"author":{"name":"Victor","@id":"https:\/\/extremebarcelona.com\/#\/schema\/person\/9223941f98889bb4fad3683db6a3b4da"},"headline":"L\u2019 scooter femen\u00ed aterra a l\u2019Extreme Barcelona i l\u2019street \u00e9s la modalitat de moda","datePublished":"2021-09-24T19:27:41+00:00","dateModified":"2021-09-24T19:33:07+00:00","mainEntityOfPage":{"@id":"https:\/\/extremebarcelona.com\/ca\/2021\/09\/24\/l-scooter-femeni-aterra-a-lextreme-barcelona-i-lstreet-es-la-modalitat-de-moda\/"},"wordCount":1146,"publisher":{"@id":"https:\/\/extremebarcelona.com\/#organization"},"image":{"@id":"https:\/\/extremebarcelona.com\/ca\/2021\/09\/24\/l-scooter-femeni-aterra-a-lextreme-barcelona-i-lstreet-es-la-modalitat-de-moda\/#primaryimage"},"thumbnailUrl":"https:\/\/extremebarcelona.com\/wp-content\/uploads\/2021\/09\/principal-opt.jpg","articleSection":["Noticies"],"inLanguage":"ca"},{"@type":"WebPage","@id":"https:\/\/extremebarcelona.com\/ca\/2021\/09\/24\/l-scooter-femeni-aterra-a-lextreme-barcelona-i-lstreet-es-la-modalitat-de-moda\/","url":"https:\/\/extremebarcelona.com\/ca\/2021\/09\/24\/l-scooter-femeni-aterra-a-lextreme-barcelona-i-lstreet-es-la-modalitat-de-moda\/","name":"L\u2019 scooter femen\u00ed aterra a l\u2019Extreme Barcelona","isPartOf":{"@id":"https:\/\/extremebarcelona.com\/#website"},"primaryImageOfPage":{"@id":"https:\/\/extremebarcelona.com\/ca\/2021\/09\/24\/l-scooter-femeni-aterra-a-lextreme-barcelona-i-lstreet-es-la-modalitat-de-moda\/#primaryimage"},"image":{"@id":"https:\/\/extremebarcelona.com\/ca\/2021\/09\/24\/l-scooter-femeni-aterra-a-lextreme-barcelona-i-lstreet-es-la-modalitat-de-moda\/#primaryimage"},"thumbnailUrl":"https:\/\/extremebarcelona.com\/wp-content\/uploads\/2021\/09\/principal-opt.jpg","datePublished":"2021-09-24T19:27:41+00:00","dateModified":"2021-09-24T19:33:07+00:00","description":"Sense frens i costa avall. Els World Championship d\u2019Scooter estan en marxa i ja no hi ha qui els aturi. La jornada de divendres ens ha...","breadcrumb":{"@id":"https:\/\/extremebarcelona.com\/ca\/2021\/09\/24\/l-scooter-femeni-aterra-a-lextreme-barcelona-i-lstreet-es-la-modalitat-de-moda\/#breadcrumb"},"inLanguage":"ca","potentialAction":[{"@type":"ReadAction","target":["https:\/\/extremebarcelona.com\/ca\/2021\/09\/24\/l-scooter-femeni-aterra-a-lextreme-barcelona-i-lstreet-es-la-modalitat-de-moda\/"]}]},{"@type":"ImageObject","inLanguage":"ca","@id":"https:\/\/extremebarcelona.com\/ca\/2021\/09\/24\/l-scooter-femeni-aterra-a-lextreme-barcelona-i-lstreet-es-la-modalitat-de-moda\/#primaryimage","url":"https:\/\/extremebarcelona.com\/wp-content\/uploads\/2021\/09\/principal-opt.jpg","contentUrl":"https:\/\/extremebarcelona.com\/wp-content\/uploads\/2021\/09\/principal-opt.jpg","width":795,"height":533},{"@type":"BreadcrumbList","@id":"https:\/\/extremebarcelona.com\/ca\/2021\/09\/24\/l-scooter-femeni-aterra-a-lextreme-barcelona-i-lstreet-es-la-modalitat-de-moda\/#breadcrumb","itemListElement":[{"@type":"ListItem","position":1,"name":"Portada","item":"https:\/\/extremebarcelona.com\/"},{"@type":"ListItem","position":2,"name":"L\u2019 scooter femen\u00ed aterra a l\u2019Extreme Barcelona i l\u2019street \u00e9s la modalitat de moda"}]},{"@type":"WebSite","@id":"https:\/\/extremebarcelona.com\/#website","url":"https:\/\/extremebarcelona.com\/","name":"Extreme Barcelona","description":"Otro sitio realizado con WordPress","publisher":{"@id":"https:\/\/extremebarcelona.com\/#organization"},"potentialAction":[{"@type":"SearchAction","target":{"@type":"EntryPoint","urlTemplate":"https:\/\/extremebarcelona.com\/?s={search_term_string}"},"query-input":{"@type":"PropertyValueSpecification","valueRequired":true,"valueName":"search_term_string"}}],"inLanguage":"ca"},{"@type":"Organization","@id":"https:\/\/extremebarcelona.com\/#organization","name":"Extreme Barcelona","url":"https:\/\/extremebarcelona.com\/","logo":{"@type":"ImageObject","inLanguage":"ca","@id":"https:\/\/extremebarcelona.com\/#\/schema\/logo\/image\/","url":"https:\/\/extremebarcelona.com\/wp-content\/uploads\/2021\/04\/Logo-Extreme-2021.png","contentUrl":"https:\/\/extremebarcelona.com\/wp-content\/uploads\/2021\/04\/Logo-Extreme-2021.png","width":500,"height":500,"caption":"Extreme Barcelona"},"image":{"@id":"https:\/\/extremebarcelona.com\/#\/schema\/logo\/image\/"}},{"@type":"Person","@id":"https:\/\/extremebarcelona.com\/#\/schema\/person\/9223941f98889bb4fad3683db6a3b4da","name":"Victor","image":{"@type":"ImageObject","inLanguage":"ca","@id":"https:\/\/secure.gravatar.com\/avatar\/4b56bf1e99605c92a46d6ac9ef7fd96e8cc59d73eb2851190bf4d73d0ab45526?s=96&d=mm&r=g","url":"https:\/\/secure.gravatar.com\/avatar\/4b56bf1e99605c92a46d6ac9ef7fd96e8cc59d73eb2851190bf4d73d0ab45526?s=96&d=mm&r=g","contentUrl":"https:\/\/secure.gravatar.com\/avatar\/4b56bf1e99605c92a46d6ac9ef7fd96e8cc59d73eb2851190bf4d73d0ab45526?s=96&d=mm&r=g","caption":"Victor"}}]}},"_links":{"self":[{"href":"https:\/\/extremebarcelona.com\/ca\/wp-json\/wp\/v2\/posts\/13386","targetHints":{"allow":["GET"]}}],"collection":[{"href":"https:\/\/extremebarcelona.com\/ca\/wp-json\/wp\/v2\/posts"}],"about":[{"href":"https:\/\/extremebarcelona.com\/ca\/wp-json\/wp\/v2\/types\/post"}],"author":[{"embeddable":true,"href":"https:\/\/extremebarcelona.com\/ca\/wp-json\/wp\/v2\/users\/12"}],"replies":[{"embeddable":true,"href":"https:\/\/extremebarcelona.com\/ca\/wp-json\/wp\/v2\/comments?post=13386"}],"version-history":[{"count":5,"href":"https:\/\/extremebarcelona.com\/ca\/wp-json\/wp\/v2\/posts\/13386\/revisions"}],"predecessor-version":[{"id":13396,"href":"https:\/\/extremebarcelona.com\/ca\/wp-json\/wp\/v2\/posts\/13386\/revisions\/13396"}],"wp:featuredmedia":[{"embeddable":true,"href":"https:\/\/extremebarcelona.com\/ca\/wp-json\/wp\/v2\/media\/13354"}],"wp:attachment":[{"href":"https:\/\/extremebarcelona.com\/ca\/wp-json\/wp\/v2\/media?parent=13386"}],"wp:term":[{"taxonomy":"category","embeddable":true,"href":"https:\/\/extremebarcelona.com\/ca\/wp-json\/wp\/v2\/categories?post=13386"},{"taxonomy":"post_tag","embeddable":true,"href":"https:\/\/extremebarcelona.com\/ca\/wp-json\/wp\/v2\/tags?post=13386"}],"curies":[{"name":"wp","href":"https:\/\/api.w.org\/{rel}","templated":true}]}}