{"id":1325,"date":"2016-05-14T12:32:37","date_gmt":"2016-05-14T12:32:37","guid":{"rendered":"https:\/\/extremebarcelona.com\/ca\/?p=1325"},"modified":"2016-05-14T12:32:37","modified_gmt":"2016-05-14T12:32:37","slug":"adrien-bulard-confirmat","status":"publish","type":"post","link":"https:\/\/extremebarcelona.com\/ca\/2016\/05\/14\/adrien-bulard-confirmat\/","title":{"rendered":"ADRIEN BULARD CONFIRMAT"},"content":{"rendered":"<hr \/>\n<p>El rider franc\u00e8s de 24 anys ha confirmat la seva pres\u00e8ncia\u00a0a l&#8217;imaginExtreme Barcelona Skate Pro. No \u00e9s el primer cop\u00a0que ens\u00a0visita ja\u00a0que la seva actuaci\u00f3\u00a0de l&#8217;any pasat va ser\u00a0espectacular: Medalla de plata al Skate Park pro i gran actuaci\u00f3 al game of skate, quedant semi finalista. Aquest any ve m\u00e9s fort que mai\u00a0com hem pogut veure a la seva \u00faltima videopart\u00a0per al\u00a0v\u00eddeo de Jart Skateboards &#8220;The PROject&#8221; i donrar\u00e0 molta guerra als seus rivals.<\/p>\n<p>Altres skaters de gran talent han confirmat la assist\u00e8ncia a aquest event com per exemple l&#8217;eslovac Marek Zaprazny, un del referents del skate eurepeu avui dia i l&#8217;argent\u00ed Dario Mattarollo que repeteix aquest any despr\u00e9s de la 8a posici\u00f3 l&#8217;any passat.<\/p>\n<p>&nbsp;<\/p>\n<p><iframe loading=\"lazy\" width=\"1080\" height=\"608\" src=\"https:\/\/www.youtube.com\/embed\/Wqm4lffP7Lw?feature=oembed\" frameborder=\"0\" allowfullscreen><\/iframe><\/p>\n<p>&nbsp;<\/p>\n<p>&nbsp;<\/p>\n<p>&nbsp;<\/p>\n","protected":false},"excerpt":{"rendered":"<p>El rider franc\u00e8s de 24 anys ha confirmat la seva pres\u00e8ncia\u00a0a l&#8217;imaginExtreme Barcelona Skate Pro. No \u00e9s el primer cop\u00a0que ens\u00a0visita ja\u00a0que la seva actuaci\u00f3\u00a0de l&#8217;any pasat va ser\u00a0espectacular: Medalla de plata al Skate Park pro i gran actuaci\u00f3 al game of skate, quedant semi finalista. Aquest any ve m\u00e9s fort que mai\u00a0com hem pogut [&hellip;]<\/p>\n","protected":false},"author":4,"featured_media":0,"comment_status":"closed","ping_status":"open","sticky":false,"template":"","format":"standard","meta":{"_et_pb_use_builder":"","_et_pb_old_content":"","_et_gb_content_width":"","footnotes":""},"categories":[],"tags":[48,93,58,47,42,98,139],"class_list":["post-1325","post","type-post","status-publish","format-standard","hentry","tag-48","tag-barcelona-ca","tag-confirmed","tag-extreme-barcelona","tag-rider","tag-skate-ca","tag-skateboard"],"yoast_head":"<!-- This site is optimized with the Yoast SEO plugin v27.2 - https:\/\/yoast.com\/product\/yoast-seo-wordpress\/ -->\n<title>ADRIEN BULARD CONFIRMAT - Extreme Barcelona<\/title>\n<meta name=\"robots\" content=\"index, follow, max-snippet:-1, max-image-preview:large, max-video-preview:-1\" \/>\n<link rel=\"canonical\" href=\"https:\/\/extremebarcelona.com\/ca\/2016\/05\/14\/adrien-bulard-confirmat\/\" \/>\n<meta property=\"og:locale\" content=\"ca_ES\" \/>\n<meta property=\"og:type\" content=\"article\" \/>\n<meta property=\"og:title\" content=\"ADRIEN BULARD CONFIRMAT - Extreme Barcelona\" \/>\n<meta property=\"og:description\" content=\"El rider franc\u00e8s de 24 anys ha confirmat la seva pres\u00e8ncia\u00a0a l&#8217;imaginExtreme Barcelona Skate Pro. No \u00e9s el primer cop\u00a0que ens\u00a0visita ja\u00a0que la seva actuaci\u00f3\u00a0de l&#8217;any pasat va ser\u00a0espectacular: Medalla de plata al Skate Park pro i gran actuaci\u00f3 al game of skate, quedant semi finalista. Aquest any ve m\u00e9s fort que mai\u00a0com hem pogut [&hellip;]\" \/>\n<meta property=\"og:url\" content=\"https:\/\/extremebarcelona.com\/ca\/2016\/05\/14\/adrien-bulard-confirmat\/\" \/>\n<meta property=\"og:site_name\" content=\"Extreme Barcelona\" \/>\n<meta property=\"article:published_time\" content=\"2016-05-14T12:32:37+00:00\" \/>\n<meta name=\"author\" content=\"Toni Alvarez\" \/>\n<meta name=\"twitter:card\" content=\"summary_large_image\" \/>\n<meta name=\"twitter:label1\" content=\"Escrit per\" \/>\n\t<meta name=\"twitter:data1\" content=\"Toni Alvarez\" \/>\n\t<meta name=\"twitter:label2\" content=\"Temps estimat de lectura\" \/>\n\t<meta name=\"twitter:data2\" content=\"1 minut\" \/>\n<script type=\"application\/ld+json\" class=\"yoast-schema-graph\">{\"@context\":\"https:\/\/schema.org\",\"@graph\":[{\"@type\":\"NewsArticle\",\"@id\":\"https:\/\/extremebarcelona.com\/ca\/2016\/05\/14\/adrien-bulard-confirmat\/#article\",\"isPartOf\":{\"@id\":\"https:\/\/extremebarcelona.com\/ca\/2016\/05\/14\/adrien-bulard-confirmat\/\"},\"author\":{\"name\":\"Toni Alvarez\",\"@id\":\"https:\/\/extremebarcelona.com\/#\/schema\/person\/358836924f252662dff39fee7e1aa65d\"},\"headline\":\"ADRIEN BULARD CONFIRMAT\",\"datePublished\":\"2016-05-14T12:32:37+00:00\",\"mainEntityOfPage\":{\"@id\":\"https:\/\/extremebarcelona.com\/ca\/2016\/05\/14\/adrien-bulard-confirmat\/\"},\"wordCount\":155,\"publisher\":{\"@id\":\"https:\/\/extremebarcelona.com\/#organization\"},\"keywords\":[\"2016\",\"barcelona\",\"confirmed\",\"extreme barcelona\",\"rider\",\"skate\",\"skateboard\"],\"inLanguage\":\"ca\"},{\"@type\":\"WebPage\",\"@id\":\"https:\/\/extremebarcelona.com\/ca\/2016\/05\/14\/adrien-bulard-confirmat\/\",\"url\":\"https:\/\/extremebarcelona.com\/ca\/2016\/05\/14\/adrien-bulard-confirmat\/\",\"name\":\"ADRIEN BULARD CONFIRMAT - Extreme Barcelona\",\"isPartOf\":{\"@id\":\"https:\/\/extremebarcelona.com\/#website\"},\"datePublished\":\"2016-05-14T12:32:37+00:00\",\"breadcrumb\":{\"@id\":\"https:\/\/extremebarcelona.com\/ca\/2016\/05\/14\/adrien-bulard-confirmat\/#breadcrumb\"},\"inLanguage\":\"ca\",\"potentialAction\":[{\"@type\":\"ReadAction\",\"target\":[\"https:\/\/extremebarcelona.com\/ca\/2016\/05\/14\/adrien-bulard-confirmat\/\"]}]},{\"@type\":\"BreadcrumbList\",\"@id\":\"https:\/\/extremebarcelona.com\/ca\/2016\/05\/14\/adrien-bulard-confirmat\/#breadcrumb\",\"itemListElement\":[{\"@type\":\"ListItem\",\"position\":1,\"name\":\"Portada\",\"item\":\"https:\/\/extremebarcelona.com\/\"},{\"@type\":\"ListItem\",\"position\":2,\"name\":\"ADRIEN BULARD CONFIRMAT\"}]},{\"@type\":\"WebSite\",\"@id\":\"https:\/\/extremebarcelona.com\/#website\",\"url\":\"https:\/\/extremebarcelona.com\/\",\"name\":\"Extreme Barcelona\",\"description\":\"Otro sitio realizado con WordPress\",\"publisher\":{\"@id\":\"https:\/\/extremebarcelona.com\/#organization\"},\"potentialAction\":[{\"@type\":\"SearchAction\",\"target\":{\"@type\":\"EntryPoint\",\"urlTemplate\":\"https:\/\/extremebarcelona.com\/?s={search_term_string}\"},\"query-input\":{\"@type\":\"PropertyValueSpecification\",\"valueRequired\":true,\"valueName\":\"search_term_string\"}}],\"inLanguage\":\"ca\"},{\"@type\":\"Organization\",\"@id\":\"https:\/\/extremebarcelona.com\/#organization\",\"name\":\"Extreme Barcelona\",\"url\":\"https:\/\/extremebarcelona.com\/\",\"logo\":{\"@type\":\"ImageObject\",\"inLanguage\":\"ca\",\"@id\":\"https:\/\/extremebarcelona.com\/#\/schema\/logo\/image\/\",\"url\":\"https:\/\/extremebarcelona.com\/wp-content\/uploads\/2021\/04\/Logo-Extreme-2021.png\",\"contentUrl\":\"https:\/\/extremebarcelona.com\/wp-content\/uploads\/2021\/04\/Logo-Extreme-2021.png\",\"width\":500,\"height\":500,\"caption\":\"Extreme Barcelona\"},\"image\":{\"@id\":\"https:\/\/extremebarcelona.com\/#\/schema\/logo\/image\/\"}},{\"@type\":\"Person\",\"@id\":\"https:\/\/extremebarcelona.com\/#\/schema\/person\/358836924f252662dff39fee7e1aa65d\",\"name\":\"Toni Alvarez\",\"image\":{\"@type\":\"ImageObject\",\"inLanguage\":\"ca\",\"@id\":\"https:\/\/secure.gravatar.com\/avatar\/bb138fe5ea40bf6a9e0358749e3f4f902ed657ed222ab9a22841fb258057121f?s=96&d=mm&r=g\",\"url\":\"https:\/\/secure.gravatar.com\/avatar\/bb138fe5ea40bf6a9e0358749e3f4f902ed657ed222ab9a22841fb258057121f?s=96&d=mm&r=g\",\"contentUrl\":\"https:\/\/secure.gravatar.com\/avatar\/bb138fe5ea40bf6a9e0358749e3f4f902ed657ed222ab9a22841fb258057121f?s=96&d=mm&r=g\",\"caption\":\"Toni Alvarez\"},\"sameAs\":[\"mblanco@sevenmila.com\"]}]}<\/script>\n<!-- \/ Yoast SEO plugin. -->","yoast_head_json":{"title":"ADRIEN BULARD CONFIRMAT - Extreme Barcelona","robots":{"index":"index","follow":"follow","max-snippet":"max-snippet:-1","max-image-preview":"max-image-preview:large","max-video-preview":"max-video-preview:-1"},"canonical":"https:\/\/extremebarcelona.com\/ca\/2016\/05\/14\/adrien-bulard-confirmat\/","og_locale":"ca_ES","og_type":"article","og_title":"ADRIEN BULARD CONFIRMAT - Extreme Barcelona","og_description":"El rider franc\u00e8s de 24 anys ha confirmat la seva pres\u00e8ncia\u00a0a l&#8217;imaginExtreme Barcelona Skate Pro. No \u00e9s el primer cop\u00a0que ens\u00a0visita ja\u00a0que la seva actuaci\u00f3\u00a0de l&#8217;any pasat va ser\u00a0espectacular: Medalla de plata al Skate Park pro i gran actuaci\u00f3 al game of skate, quedant semi finalista. Aquest any ve m\u00e9s fort que mai\u00a0com hem pogut [&hellip;]","og_url":"https:\/\/extremebarcelona.com\/ca\/2016\/05\/14\/adrien-bulard-confirmat\/","og_site_name":"Extreme Barcelona","article_published_time":"2016-05-14T12:32:37+00:00","author":"Toni Alvarez","twitter_card":"summary_large_image","twitter_misc":{"Escrit per":"Toni Alvarez","Temps estimat de lectura":"1 minut"},"schema":{"@context":"https:\/\/schema.org","@graph":[{"@type":"NewsArticle","@id":"https:\/\/extremebarcelona.com\/ca\/2016\/05\/14\/adrien-bulard-confirmat\/#article","isPartOf":{"@id":"https:\/\/extremebarcelona.com\/ca\/2016\/05\/14\/adrien-bulard-confirmat\/"},"author":{"name":"Toni Alvarez","@id":"https:\/\/extremebarcelona.com\/#\/schema\/person\/358836924f252662dff39fee7e1aa65d"},"headline":"ADRIEN BULARD CONFIRMAT","datePublished":"2016-05-14T12:32:37+00:00","mainEntityOfPage":{"@id":"https:\/\/extremebarcelona.com\/ca\/2016\/05\/14\/adrien-bulard-confirmat\/"},"wordCount":155,"publisher":{"@id":"https:\/\/extremebarcelona.com\/#organization"},"keywords":["2016","barcelona","confirmed","extreme barcelona","rider","skate","skateboard"],"inLanguage":"ca"},{"@type":"WebPage","@id":"https:\/\/extremebarcelona.com\/ca\/2016\/05\/14\/adrien-bulard-confirmat\/","url":"https:\/\/extremebarcelona.com\/ca\/2016\/05\/14\/adrien-bulard-confirmat\/","name":"ADRIEN BULARD CONFIRMAT - Extreme Barcelona","isPartOf":{"@id":"https:\/\/extremebarcelona.com\/#website"},"datePublished":"2016-05-14T12:32:37+00:00","breadcrumb":{"@id":"https:\/\/extremebarcelona.com\/ca\/2016\/05\/14\/adrien-bulard-confirmat\/#breadcrumb"},"inLanguage":"ca","potentialAction":[{"@type":"ReadAction","target":["https:\/\/extremebarcelona.com\/ca\/2016\/05\/14\/adrien-bulard-confirmat\/"]}]},{"@type":"BreadcrumbList","@id":"https:\/\/extremebarcelona.com\/ca\/2016\/05\/14\/adrien-bulard-confirmat\/#breadcrumb","itemListElement":[{"@type":"ListItem","position":1,"name":"Portada","item":"https:\/\/extremebarcelona.com\/"},{"@type":"ListItem","position":2,"name":"ADRIEN BULARD CONFIRMAT"}]},{"@type":"WebSite","@id":"https:\/\/extremebarcelona.com\/#website","url":"https:\/\/extremebarcelona.com\/","name":"Extreme Barcelona","description":"Otro sitio realizado con WordPress","publisher":{"@id":"https:\/\/extremebarcelona.com\/#organization"},"potentialAction":[{"@type":"SearchAction","target":{"@type":"EntryPoint","urlTemplate":"https:\/\/extremebarcelona.com\/?s={search_term_string}"},"query-input":{"@type":"PropertyValueSpecification","valueRequired":true,"valueName":"search_term_string"}}],"inLanguage":"ca"},{"@type":"Organization","@id":"https:\/\/extremebarcelona.com\/#organization","name":"Extreme Barcelona","url":"https:\/\/extremebarcelona.com\/","logo":{"@type":"ImageObject","inLanguage":"ca","@id":"https:\/\/extremebarcelona.com\/#\/schema\/logo\/image\/","url":"https:\/\/extremebarcelona.com\/wp-content\/uploads\/2021\/04\/Logo-Extreme-2021.png","contentUrl":"https:\/\/extremebarcelona.com\/wp-content\/uploads\/2021\/04\/Logo-Extreme-2021.png","width":500,"height":500,"caption":"Extreme Barcelona"},"image":{"@id":"https:\/\/extremebarcelona.com\/#\/schema\/logo\/image\/"}},{"@type":"Person","@id":"https:\/\/extremebarcelona.com\/#\/schema\/person\/358836924f252662dff39fee7e1aa65d","name":"Toni Alvarez","image":{"@type":"ImageObject","inLanguage":"ca","@id":"https:\/\/secure.gravatar.com\/avatar\/bb138fe5ea40bf6a9e0358749e3f4f902ed657ed222ab9a22841fb258057121f?s=96&d=mm&r=g","url":"https:\/\/secure.gravatar.com\/avatar\/bb138fe5ea40bf6a9e0358749e3f4f902ed657ed222ab9a22841fb258057121f?s=96&d=mm&r=g","contentUrl":"https:\/\/secure.gravatar.com\/avatar\/bb138fe5ea40bf6a9e0358749e3f4f902ed657ed222ab9a22841fb258057121f?s=96&d=mm&r=g","caption":"Toni Alvarez"},"sameAs":["mblanco@sevenmila.com"]}]}},"_links":{"self":[{"href":"https:\/\/extremebarcelona.com\/ca\/wp-json\/wp\/v2\/posts\/1325","targetHints":{"allow":["GET"]}}],"collection":[{"href":"https:\/\/extremebarcelona.com\/ca\/wp-json\/wp\/v2\/posts"}],"about":[{"href":"https:\/\/extremebarcelona.com\/ca\/wp-json\/wp\/v2\/types\/post"}],"author":[{"embeddable":true,"href":"https:\/\/extremebarcelona.com\/ca\/wp-json\/wp\/v2\/users\/4"}],"replies":[{"embeddable":true,"href":"https:\/\/extremebarcelona.com\/ca\/wp-json\/wp\/v2\/comments?post=1325"}],"version-history":[{"count":4,"href":"https:\/\/extremebarcelona.com\/ca\/wp-json\/wp\/v2\/posts\/1325\/revisions"}],"predecessor-version":[{"id":1331,"href":"https:\/\/extremebarcelona.com\/ca\/wp-json\/wp\/v2\/posts\/1325\/revisions\/1331"}],"wp:attachment":[{"href":"https:\/\/extremebarcelona.com\/ca\/wp-json\/wp\/v2\/media?parent=1325"}],"wp:term":[{"taxonomy":"category","embeddable":true,"href":"https:\/\/extremebarcelona.com\/ca\/wp-json\/wp\/v2\/categories?post=1325"},{"taxonomy":"post_tag","embeddable":true,"href":"https:\/\/extremebarcelona.com\/ca\/wp-json\/wp\/v2\/tags?post=1325"}],"curies":[{"name":"wp","href":"https:\/\/api.w.org\/{rel}","templated":true}]}}