{"id":12832,"date":"2021-09-16T12:12:45","date_gmt":"2021-09-16T10:12:45","guid":{"rendered":"https:\/\/extremebarcelona.com\/2021\/09\/16\/el-baloncesto-llega-al-extreme-barcelona-con-el-plaza-3x3-caixabank\/"},"modified":"2021-09-17T13:57:16","modified_gmt":"2021-09-17T11:57:16","slug":"el-basquet-arriba-al-extreme-barcelona-amb-el-plaza-3x3-caixabank","status":"publish","type":"post","link":"https:\/\/extremebarcelona.com\/ca\/2021\/09\/16\/el-basquet-arriba-al-extreme-barcelona-amb-el-plaza-3x3-caixabank\/","title":{"rendered":"El b\u00e0squet arriba al Extreme Barcelona amb el Plaza 3&#215;3 CaixaBank"},"content":{"rendered":"<p>[et_pb_section fb_built=&#8221;1&#8243; _builder_version=&#8221;4.9.10&#8243; _module_preset=&#8221;default&#8221; custom_padding=&#8221;4px|||||&#8221;][et_pb_row _builder_version=&#8221;4.9.10&#8243; _module_preset=&#8221;default&#8221; custom_padding=&#8221;2px||5px|||&#8221;][et_pb_column type=&#8221;4_4&#8243; _builder_version=&#8221;4.9.10&#8243; _module_preset=&#8221;default&#8221;][et_pb_image src=&#8221;https:\/\/extremebarcelona.com\/wp-content\/uploads\/2021\/09\/portada-3&#215;3-opt.jpg&#8221; _builder_version=&#8221;4.9.10&#8243; _module_preset=&#8221;default&#8221; title_text=&#8221;portada-3&#215;3-opt&#8221; hover_enabled=&#8221;0&#8243; sticky_enabled=&#8221;0&#8243;][\/et_pb_image][\/et_pb_column][\/et_pb_row][et_pb_row _builder_version=&#8221;4.9.10&#8243; _module_preset=&#8221;default&#8221; custom_padding=&#8221;||5px|||&#8221;][et_pb_column type=&#8221;4_4&#8243; _builder_version=&#8221;4.9.10&#8243; _module_preset=&#8221;default&#8221;][et_pb_text _builder_version=&#8221;4.9.10&#8243; _module_preset=&#8221;default&#8221;]<\/p>\n<ul>\n<li><b>El Plaza 3&#215;3 CaixaBank comptar\u00e0 amb 6 pistes de b\u00e0squet, els pr\u00f2xims 25 i 26 de setembre, en el Parc del F\u00f2rum durant l&#8217;Extreme<\/b><\/li>\n<\/ul>\n<p>[\/et_pb_text][\/et_pb_column][\/et_pb_row][et_pb_row _builder_version=&#8221;4.9.10&#8243; _module_preset=&#8221;default&#8221; custom_padding=&#8221;4px|||||&#8221;][et_pb_column type=&#8221;4_4&#8243; _builder_version=&#8221;4.9.10&#8243; _module_preset=&#8221;default&#8221;][et_pb_text _builder_version=&#8221;4.9.10&#8243; _module_preset=&#8221;default&#8221;]<\/p>\n<p style=\"text-align: justify;\"><span style=\"font-weight: 400;\">El Parc del F\u00f2rum respirar\u00e0 b\u00e0squet durant el cap de setmana del Extreme Barcelona amb l&#8217;arribada del Plaza 3&#215;3 CaixaBank, el major torneig de b\u00e0squet 3&#215;3 gratu\u00eft d&#8217;Espanya que arriba el cap de setmana de la Merc\u00e8 de comandament de la Federaci\u00f3 Espanyola de B\u00e0squet. Una aposta de l&#8217;organitzaci\u00f3 de l&#8217;esdeveniment i CaixaBank que oferir\u00e0 a la ciutadania una activitat esportiva divertida i participativa, enriquint l&#8217;oferta de la pr\u00e0ctica i l&#8217;espectacle dels esports urbans.<\/span><\/p>\n<p style=\"text-align: justify;\"><span style=\"font-weight: 400;\">El Plaza 3&#215;3 CaixaBank, que s&#8217;ha consolidat com un \u00e8xit en altres ciutats espanyoles, comptar\u00e0 en el recinte del Extreme Barcelona amb un espai propi format per 6 pistes. Jugadors i jugadores de totes les categories (el dissabte Mini, Infantil, J\u00fanior i S\u00e8nior,i el diumenge Pre-mini, Pre-Infantil i Cadet) gaudiran de dues jornades completes de b\u00e0squet davant la mirada del p\u00fablic de l&#8217;esdeveniment que podr\u00e0 viure aix\u00ed la seva passi\u00f3 per aquest esport ol\u00edmpic. Una activitat que es dur\u00e0 a terme seguint els protocols sanitaris, per a assegurar el benestar de tots els participants i visitants.<\/span><\/p>\n<p style=\"text-align: justify;\"><span style=\"font-weight: 400;\">Des de l&#8217;organitzaci\u00f3 del Extreme, s&#8217;ha volgut introduir aquesta activitat \u201cperqu\u00e8 volem que tots els joves de la ciutat gaudeixin de la festa del b\u00e0squet a l&#8217;entorn dels esports urbans. El 3&#215;3 encaixa per concepte dins de l&#8217;esdeveniment i apostar pel Plaza 3&#215;3 CaixaBank \u00e9s un \u00e8xit assegurat per la seva pr\u00e8via traject\u00f2ria, implicant milers de jugadors i jugadors per tota Espanya des del 2012\u201d, ha explicat V\u00edctor Casanovas, de la direcci\u00f3 de SevenMila, empresa organitzadora de l&#8217;esdeveniment.<\/span><\/p>\n<p>[\/et_pb_text][\/et_pb_column][\/et_pb_row][et_pb_row _builder_version=&#8221;4.9.10&#8243; _module_preset=&#8221;default&#8221; custom_padding=&#8221;3px|||||&#8221;][et_pb_column type=&#8221;4_4&#8243; _builder_version=&#8221;4.9.10&#8243; _module_preset=&#8221;default&#8221;][et_pb_text _builder_version=&#8221;4.9.10&#8243; _module_preset=&#8221;default&#8221;]<\/p>\n<p style=\"text-align: justify;\"><b>El major circuit de b\u00e0squet 3&#215;3 d&#8217;Espanya amb m\u00e9s de 42.000 participants des de 2012<\/b><\/p>\n<p style=\"text-align: justify;\"><span style=\"font-weight: 400;\">La FEB i CaixaBank van posar en marxa el programa Plaza 3&#215;3 en 2012. Des de llavors, el Plaza 3&#215;3 CaixaBank s&#8217;ha convertit en el major circuit de b\u00e0squet de 3&#215;3 d&#8217;Espanya. Les nou parades de la 2019, l&#8217;\u00faltima que es va poder celebrar, van elevar les xifres d&#8217;aquest programa de promoci\u00f3 del b\u00e0squet al carrer a m\u00e9s de 42.000 participants i 200.000 visitants. Un balan\u00e7 molt positiu d&#8217;aquest emblem\u00e0tic programa, que en les seves vuit edicions ha visitat ja 39 ciutats de tota Espanya.<\/span><\/p>\n<p>[\/et_pb_text][\/et_pb_column][\/et_pb_row][et_pb_row _builder_version=&#8221;4.9.10&#8243; _module_preset=&#8221;default&#8221; custom_padding=&#8221;4px|||||&#8221;][et_pb_column type=&#8221;4_4&#8243; _builder_version=&#8221;4.9.10&#8243; _module_preset=&#8221;default&#8221;][et_pb_text _builder_version=&#8221;4.9.10&#8243; _module_preset=&#8221;default&#8221;]<\/p>\n<p style=\"text-align: justify;\"><b>CaixaBank, patrocinador de refer\u00e8ncia del b\u00e0squet espanyol<\/b><\/p>\n<p style=\"text-align: justify;\"><span style=\"font-weight: 400;\">CaixaBank \u00e9s soci patrocinador de la Federaci\u00f3 Espanyola de B\u00e0squet (FEB) i patrocinador oficial de la selecci\u00f3 espanyola, tant femenina com masculina, en totes les seves categories, que van des de l&#8217;absoluta fins a la sub-16, i patrocinador principal de la Federaci\u00f3 Espanyola d&#8217;Esports de Persones amb Discapacitat F\u00edsica, amb l&#8217;objectiu d&#8217;impulsar el b\u00e0squet en cadira de rodes.<\/span><\/p>\n<p style=\"text-align: justify;\"><span style=\"font-weight: 400;\">L&#8217;entitat financera s&#8217;ha involucrat amb el b\u00e0squet nacional des de l&#8217;any 2013 i la seva implicaci\u00f3 i activaci\u00f3 de m\u00faltiples iniciatives entorn d&#8217;aquest esport han ajudat a visibilitzar i ampliar la repercussi\u00f3 dels majors \u00e8xits collits internacionalment.<\/span><\/p>\n<p style=\"text-align: justify;\"><span style=\"font-weight: 400;\">En la seva implementaci\u00f3 de l&#8217;estrat\u00e8gia de patrocini local, CaixaBank ha col\u00b7laborat amb els principals esdeveniments baloncest\u00edsticos que s&#8217;han celebrat en l&#8217;\u00faltima d\u00e8cada a Espanya, tant professionals com amateurs, traslladant els valors de l&#8217;esport a tots els racons del pa\u00eds.<\/span><\/p>\n<p>[\/et_pb_text][\/et_pb_column][\/et_pb_row][\/et_pb_section]<\/p>\n","protected":false},"excerpt":{"rendered":"<p>El Plaza 3&#215;3 CaixaBank comptar\u00e0 amb 6 pistes de b\u00e0squet, els pr\u00f2xims 25 i 26 de setembre, en el Parc del F\u00f2rum durant l&#8217;Extreme El Parc del F\u00f2rum respirar\u00e0 b\u00e0squet durant el cap de setmana del Extreme Barcelona amb l&#8217;arribada del Plaza 3&#215;3 CaixaBank, el major torneig de b\u00e0squet 3&#215;3 gratu\u00eft d&#8217;Espanya que arriba el [&hellip;]<\/p>\n","protected":false},"author":8,"featured_media":12822,"comment_status":"closed","ping_status":"closed","sticky":false,"template":"","format":"standard","meta":{"_et_pb_use_builder":"on","_et_pb_old_content":"","_et_gb_content_width":"","footnotes":""},"categories":[20],"tags":[],"class_list":["post-12832","post","type-post","status-publish","format-standard","has-post-thumbnail","hentry","category-noticies"],"yoast_head":"<!-- This site is optimized with the Yoast SEO plugin v27.2 - https:\/\/yoast.com\/product\/yoast-seo-wordpress\/ -->\n<title>El b\u00e0squet arriba al Extreme Barcelona amb el Plaza 3x3 CaixaBank<\/title>\n<meta name=\"description\" content=\"El Plaza 3x3 CaixaBank comptar\u00e0 amb 6 pistes de b\u00e0squet, els pr\u00f2xims 25 i 26 de setembre, en el Parc del F\u00f2rum durant l&#039;Extreme\" \/>\n<meta name=\"robots\" content=\"index, follow, max-snippet:-1, max-image-preview:large, max-video-preview:-1\" \/>\n<link rel=\"canonical\" href=\"https:\/\/extremebarcelona.com\/ca\/2021\/09\/16\/el-basquet-arriba-al-extreme-barcelona-amb-el-plaza-3x3-caixabank\/\" \/>\n<meta property=\"og:locale\" content=\"ca_ES\" \/>\n<meta property=\"og:type\" content=\"article\" \/>\n<meta property=\"og:title\" content=\"El b\u00e0squet arriba al Extreme Barcelona amb el Plaza 3x3 CaixaBank\" \/>\n<meta property=\"og:description\" content=\"El Plaza 3x3 CaixaBank comptar\u00e0 amb 6 pistes de b\u00e0squet, els pr\u00f2xims 25 i 26 de setembre, en el Parc del F\u00f2rum durant l&#039;Extreme\" \/>\n<meta property=\"og:url\" content=\"https:\/\/extremebarcelona.com\/ca\/2021\/09\/16\/el-basquet-arriba-al-extreme-barcelona-amb-el-plaza-3x3-caixabank\/\" \/>\n<meta property=\"og:site_name\" content=\"Extreme Barcelona\" \/>\n<meta property=\"article:published_time\" content=\"2021-09-16T10:12:45+00:00\" \/>\n<meta property=\"article:modified_time\" content=\"2021-09-17T11:57:16+00:00\" \/>\n<meta property=\"og:image\" content=\"https:\/\/extremebarcelona.com\/wp-content\/uploads\/2021\/09\/portada-3x3-opt.jpg\" \/>\n\t<meta property=\"og:image:width\" content=\"1434\" \/>\n\t<meta property=\"og:image:height\" content=\"1076\" \/>\n\t<meta property=\"og:image:type\" content=\"image\/jpeg\" \/>\n<meta name=\"author\" content=\"UWS\" \/>\n<meta name=\"twitter:card\" content=\"summary_large_image\" \/>\n<meta name=\"twitter:label1\" content=\"Escrit per\" \/>\n\t<meta name=\"twitter:data1\" content=\"UWS\" \/>\n\t<meta name=\"twitter:label2\" content=\"Temps estimat de lectura\" \/>\n\t<meta name=\"twitter:data2\" content=\"4 minuts\" \/>\n<script type=\"application\/ld+json\" class=\"yoast-schema-graph\">{\"@context\":\"https:\/\/schema.org\",\"@graph\":[{\"@type\":\"NewsArticle\",\"@id\":\"https:\/\/extremebarcelona.com\/ca\/2021\/09\/16\/el-basquet-arriba-al-extreme-barcelona-amb-el-plaza-3x3-caixabank\/#article\",\"isPartOf\":{\"@id\":\"https:\/\/extremebarcelona.com\/ca\/2021\/09\/16\/el-basquet-arriba-al-extreme-barcelona-amb-el-plaza-3x3-caixabank\/\"},\"author\":{\"name\":\"UWS\",\"@id\":\"https:\/\/extremebarcelona.com\/#\/schema\/person\/84bb7d2facd51100910ca1df9186891e\"},\"headline\":\"El b\u00e0squet arriba al Extreme Barcelona amb el Plaza 3&#215;3 CaixaBank\",\"datePublished\":\"2021-09-16T10:12:45+00:00\",\"dateModified\":\"2021-09-17T11:57:16+00:00\",\"mainEntityOfPage\":{\"@id\":\"https:\/\/extremebarcelona.com\/ca\/2021\/09\/16\/el-basquet-arriba-al-extreme-barcelona-amb-el-plaza-3x3-caixabank\/\"},\"wordCount\":803,\"publisher\":{\"@id\":\"https:\/\/extremebarcelona.com\/#organization\"},\"image\":{\"@id\":\"https:\/\/extremebarcelona.com\/ca\/2021\/09\/16\/el-basquet-arriba-al-extreme-barcelona-amb-el-plaza-3x3-caixabank\/#primaryimage\"},\"thumbnailUrl\":\"https:\/\/extremebarcelona.com\/wp-content\/uploads\/2021\/09\/portada-3x3-opt.jpg\",\"articleSection\":[\"Noticies\"],\"inLanguage\":\"ca\"},{\"@type\":\"WebPage\",\"@id\":\"https:\/\/extremebarcelona.com\/ca\/2021\/09\/16\/el-basquet-arriba-al-extreme-barcelona-amb-el-plaza-3x3-caixabank\/\",\"url\":\"https:\/\/extremebarcelona.com\/ca\/2021\/09\/16\/el-basquet-arriba-al-extreme-barcelona-amb-el-plaza-3x3-caixabank\/\",\"name\":\"El b\u00e0squet arriba al Extreme Barcelona amb el Plaza 3x3 CaixaBank\",\"isPartOf\":{\"@id\":\"https:\/\/extremebarcelona.com\/#website\"},\"primaryImageOfPage\":{\"@id\":\"https:\/\/extremebarcelona.com\/ca\/2021\/09\/16\/el-basquet-arriba-al-extreme-barcelona-amb-el-plaza-3x3-caixabank\/#primaryimage\"},\"image\":{\"@id\":\"https:\/\/extremebarcelona.com\/ca\/2021\/09\/16\/el-basquet-arriba-al-extreme-barcelona-amb-el-plaza-3x3-caixabank\/#primaryimage\"},\"thumbnailUrl\":\"https:\/\/extremebarcelona.com\/wp-content\/uploads\/2021\/09\/portada-3x3-opt.jpg\",\"datePublished\":\"2021-09-16T10:12:45+00:00\",\"dateModified\":\"2021-09-17T11:57:16+00:00\",\"description\":\"El Plaza 3x3 CaixaBank comptar\u00e0 amb 6 pistes de b\u00e0squet, els pr\u00f2xims 25 i 26 de setembre, en el Parc del F\u00f2rum durant l'Extreme\",\"breadcrumb\":{\"@id\":\"https:\/\/extremebarcelona.com\/ca\/2021\/09\/16\/el-basquet-arriba-al-extreme-barcelona-amb-el-plaza-3x3-caixabank\/#breadcrumb\"},\"inLanguage\":\"ca\",\"potentialAction\":[{\"@type\":\"ReadAction\",\"target\":[\"https:\/\/extremebarcelona.com\/ca\/2021\/09\/16\/el-basquet-arriba-al-extreme-barcelona-amb-el-plaza-3x3-caixabank\/\"]}]},{\"@type\":\"ImageObject\",\"inLanguage\":\"ca\",\"@id\":\"https:\/\/extremebarcelona.com\/ca\/2021\/09\/16\/el-basquet-arriba-al-extreme-barcelona-amb-el-plaza-3x3-caixabank\/#primaryimage\",\"url\":\"https:\/\/extremebarcelona.com\/wp-content\/uploads\/2021\/09\/portada-3x3-opt.jpg\",\"contentUrl\":\"https:\/\/extremebarcelona.com\/wp-content\/uploads\/2021\/09\/portada-3x3-opt.jpg\",\"width\":1434,\"height\":1076},{\"@type\":\"BreadcrumbList\",\"@id\":\"https:\/\/extremebarcelona.com\/ca\/2021\/09\/16\/el-basquet-arriba-al-extreme-barcelona-amb-el-plaza-3x3-caixabank\/#breadcrumb\",\"itemListElement\":[{\"@type\":\"ListItem\",\"position\":1,\"name\":\"Portada\",\"item\":\"https:\/\/extremebarcelona.com\/\"},{\"@type\":\"ListItem\",\"position\":2,\"name\":\"El b\u00e0squet arriba al Extreme Barcelona amb el Plaza 3&#215;3 CaixaBank\"}]},{\"@type\":\"WebSite\",\"@id\":\"https:\/\/extremebarcelona.com\/#website\",\"url\":\"https:\/\/extremebarcelona.com\/\",\"name\":\"Extreme Barcelona\",\"description\":\"Otro sitio realizado con WordPress\",\"publisher\":{\"@id\":\"https:\/\/extremebarcelona.com\/#organization\"},\"potentialAction\":[{\"@type\":\"SearchAction\",\"target\":{\"@type\":\"EntryPoint\",\"urlTemplate\":\"https:\/\/extremebarcelona.com\/?s={search_term_string}\"},\"query-input\":{\"@type\":\"PropertyValueSpecification\",\"valueRequired\":true,\"valueName\":\"search_term_string\"}}],\"inLanguage\":\"ca\"},{\"@type\":\"Organization\",\"@id\":\"https:\/\/extremebarcelona.com\/#organization\",\"name\":\"Extreme Barcelona\",\"url\":\"https:\/\/extremebarcelona.com\/\",\"logo\":{\"@type\":\"ImageObject\",\"inLanguage\":\"ca\",\"@id\":\"https:\/\/extremebarcelona.com\/#\/schema\/logo\/image\/\",\"url\":\"https:\/\/extremebarcelona.com\/wp-content\/uploads\/2021\/04\/Logo-Extreme-2021.png\",\"contentUrl\":\"https:\/\/extremebarcelona.com\/wp-content\/uploads\/2021\/04\/Logo-Extreme-2021.png\",\"width\":500,\"height\":500,\"caption\":\"Extreme Barcelona\"},\"image\":{\"@id\":\"https:\/\/extremebarcelona.com\/#\/schema\/logo\/image\/\"}},{\"@type\":\"Person\",\"@id\":\"https:\/\/extremebarcelona.com\/#\/schema\/person\/84bb7d2facd51100910ca1df9186891e\",\"name\":\"UWS\",\"image\":{\"@type\":\"ImageObject\",\"inLanguage\":\"ca\",\"@id\":\"https:\/\/secure.gravatar.com\/avatar\/41b930374ee41e318f6457172bd2f6e300b1872879ecb443d692bea8dad136f9?s=96&d=mm&r=g\",\"url\":\"https:\/\/secure.gravatar.com\/avatar\/41b930374ee41e318f6457172bd2f6e300b1872879ecb443d692bea8dad136f9?s=96&d=mm&r=g\",\"contentUrl\":\"https:\/\/secure.gravatar.com\/avatar\/41b930374ee41e318f6457172bd2f6e300b1872879ecb443d692bea8dad136f9?s=96&d=mm&r=g\",\"caption\":\"UWS\"}}]}<\/script>\n<!-- \/ Yoast SEO plugin. -->","yoast_head_json":{"title":"El b\u00e0squet arriba al Extreme Barcelona amb el Plaza 3x3 CaixaBank","description":"El Plaza 3x3 CaixaBank comptar\u00e0 amb 6 pistes de b\u00e0squet, els pr\u00f2xims 25 i 26 de setembre, en el Parc del F\u00f2rum durant l'Extreme","robots":{"index":"index","follow":"follow","max-snippet":"max-snippet:-1","max-image-preview":"max-image-preview:large","max-video-preview":"max-video-preview:-1"},"canonical":"https:\/\/extremebarcelona.com\/ca\/2021\/09\/16\/el-basquet-arriba-al-extreme-barcelona-amb-el-plaza-3x3-caixabank\/","og_locale":"ca_ES","og_type":"article","og_title":"El b\u00e0squet arriba al Extreme Barcelona amb el Plaza 3x3 CaixaBank","og_description":"El Plaza 3x3 CaixaBank comptar\u00e0 amb 6 pistes de b\u00e0squet, els pr\u00f2xims 25 i 26 de setembre, en el Parc del F\u00f2rum durant l'Extreme","og_url":"https:\/\/extremebarcelona.com\/ca\/2021\/09\/16\/el-basquet-arriba-al-extreme-barcelona-amb-el-plaza-3x3-caixabank\/","og_site_name":"Extreme Barcelona","article_published_time":"2021-09-16T10:12:45+00:00","article_modified_time":"2021-09-17T11:57:16+00:00","og_image":[{"width":1434,"height":1076,"url":"https:\/\/extremebarcelona.com\/wp-content\/uploads\/2021\/09\/portada-3x3-opt.jpg","type":"image\/jpeg"}],"author":"UWS","twitter_card":"summary_large_image","twitter_misc":{"Escrit per":"UWS","Temps estimat de lectura":"4 minuts"},"schema":{"@context":"https:\/\/schema.org","@graph":[{"@type":"NewsArticle","@id":"https:\/\/extremebarcelona.com\/ca\/2021\/09\/16\/el-basquet-arriba-al-extreme-barcelona-amb-el-plaza-3x3-caixabank\/#article","isPartOf":{"@id":"https:\/\/extremebarcelona.com\/ca\/2021\/09\/16\/el-basquet-arriba-al-extreme-barcelona-amb-el-plaza-3x3-caixabank\/"},"author":{"name":"UWS","@id":"https:\/\/extremebarcelona.com\/#\/schema\/person\/84bb7d2facd51100910ca1df9186891e"},"headline":"El b\u00e0squet arriba al Extreme Barcelona amb el Plaza 3&#215;3 CaixaBank","datePublished":"2021-09-16T10:12:45+00:00","dateModified":"2021-09-17T11:57:16+00:00","mainEntityOfPage":{"@id":"https:\/\/extremebarcelona.com\/ca\/2021\/09\/16\/el-basquet-arriba-al-extreme-barcelona-amb-el-plaza-3x3-caixabank\/"},"wordCount":803,"publisher":{"@id":"https:\/\/extremebarcelona.com\/#organization"},"image":{"@id":"https:\/\/extremebarcelona.com\/ca\/2021\/09\/16\/el-basquet-arriba-al-extreme-barcelona-amb-el-plaza-3x3-caixabank\/#primaryimage"},"thumbnailUrl":"https:\/\/extremebarcelona.com\/wp-content\/uploads\/2021\/09\/portada-3x3-opt.jpg","articleSection":["Noticies"],"inLanguage":"ca"},{"@type":"WebPage","@id":"https:\/\/extremebarcelona.com\/ca\/2021\/09\/16\/el-basquet-arriba-al-extreme-barcelona-amb-el-plaza-3x3-caixabank\/","url":"https:\/\/extremebarcelona.com\/ca\/2021\/09\/16\/el-basquet-arriba-al-extreme-barcelona-amb-el-plaza-3x3-caixabank\/","name":"El b\u00e0squet arriba al Extreme Barcelona amb el Plaza 3x3 CaixaBank","isPartOf":{"@id":"https:\/\/extremebarcelona.com\/#website"},"primaryImageOfPage":{"@id":"https:\/\/extremebarcelona.com\/ca\/2021\/09\/16\/el-basquet-arriba-al-extreme-barcelona-amb-el-plaza-3x3-caixabank\/#primaryimage"},"image":{"@id":"https:\/\/extremebarcelona.com\/ca\/2021\/09\/16\/el-basquet-arriba-al-extreme-barcelona-amb-el-plaza-3x3-caixabank\/#primaryimage"},"thumbnailUrl":"https:\/\/extremebarcelona.com\/wp-content\/uploads\/2021\/09\/portada-3x3-opt.jpg","datePublished":"2021-09-16T10:12:45+00:00","dateModified":"2021-09-17T11:57:16+00:00","description":"El Plaza 3x3 CaixaBank comptar\u00e0 amb 6 pistes de b\u00e0squet, els pr\u00f2xims 25 i 26 de setembre, en el Parc del F\u00f2rum durant l'Extreme","breadcrumb":{"@id":"https:\/\/extremebarcelona.com\/ca\/2021\/09\/16\/el-basquet-arriba-al-extreme-barcelona-amb-el-plaza-3x3-caixabank\/#breadcrumb"},"inLanguage":"ca","potentialAction":[{"@type":"ReadAction","target":["https:\/\/extremebarcelona.com\/ca\/2021\/09\/16\/el-basquet-arriba-al-extreme-barcelona-amb-el-plaza-3x3-caixabank\/"]}]},{"@type":"ImageObject","inLanguage":"ca","@id":"https:\/\/extremebarcelona.com\/ca\/2021\/09\/16\/el-basquet-arriba-al-extreme-barcelona-amb-el-plaza-3x3-caixabank\/#primaryimage","url":"https:\/\/extremebarcelona.com\/wp-content\/uploads\/2021\/09\/portada-3x3-opt.jpg","contentUrl":"https:\/\/extremebarcelona.com\/wp-content\/uploads\/2021\/09\/portada-3x3-opt.jpg","width":1434,"height":1076},{"@type":"BreadcrumbList","@id":"https:\/\/extremebarcelona.com\/ca\/2021\/09\/16\/el-basquet-arriba-al-extreme-barcelona-amb-el-plaza-3x3-caixabank\/#breadcrumb","itemListElement":[{"@type":"ListItem","position":1,"name":"Portada","item":"https:\/\/extremebarcelona.com\/"},{"@type":"ListItem","position":2,"name":"El b\u00e0squet arriba al Extreme Barcelona amb el Plaza 3&#215;3 CaixaBank"}]},{"@type":"WebSite","@id":"https:\/\/extremebarcelona.com\/#website","url":"https:\/\/extremebarcelona.com\/","name":"Extreme Barcelona","description":"Otro sitio realizado con WordPress","publisher":{"@id":"https:\/\/extremebarcelona.com\/#organization"},"potentialAction":[{"@type":"SearchAction","target":{"@type":"EntryPoint","urlTemplate":"https:\/\/extremebarcelona.com\/?s={search_term_string}"},"query-input":{"@type":"PropertyValueSpecification","valueRequired":true,"valueName":"search_term_string"}}],"inLanguage":"ca"},{"@type":"Organization","@id":"https:\/\/extremebarcelona.com\/#organization","name":"Extreme Barcelona","url":"https:\/\/extremebarcelona.com\/","logo":{"@type":"ImageObject","inLanguage":"ca","@id":"https:\/\/extremebarcelona.com\/#\/schema\/logo\/image\/","url":"https:\/\/extremebarcelona.com\/wp-content\/uploads\/2021\/04\/Logo-Extreme-2021.png","contentUrl":"https:\/\/extremebarcelona.com\/wp-content\/uploads\/2021\/04\/Logo-Extreme-2021.png","width":500,"height":500,"caption":"Extreme Barcelona"},"image":{"@id":"https:\/\/extremebarcelona.com\/#\/schema\/logo\/image\/"}},{"@type":"Person","@id":"https:\/\/extremebarcelona.com\/#\/schema\/person\/84bb7d2facd51100910ca1df9186891e","name":"UWS","image":{"@type":"ImageObject","inLanguage":"ca","@id":"https:\/\/secure.gravatar.com\/avatar\/41b930374ee41e318f6457172bd2f6e300b1872879ecb443d692bea8dad136f9?s=96&d=mm&r=g","url":"https:\/\/secure.gravatar.com\/avatar\/41b930374ee41e318f6457172bd2f6e300b1872879ecb443d692bea8dad136f9?s=96&d=mm&r=g","contentUrl":"https:\/\/secure.gravatar.com\/avatar\/41b930374ee41e318f6457172bd2f6e300b1872879ecb443d692bea8dad136f9?s=96&d=mm&r=g","caption":"UWS"}}]}},"_links":{"self":[{"href":"https:\/\/extremebarcelona.com\/ca\/wp-json\/wp\/v2\/posts\/12832","targetHints":{"allow":["GET"]}}],"collection":[{"href":"https:\/\/extremebarcelona.com\/ca\/wp-json\/wp\/v2\/posts"}],"about":[{"href":"https:\/\/extremebarcelona.com\/ca\/wp-json\/wp\/v2\/types\/post"}],"author":[{"embeddable":true,"href":"https:\/\/extremebarcelona.com\/ca\/wp-json\/wp\/v2\/users\/8"}],"replies":[{"embeddable":true,"href":"https:\/\/extremebarcelona.com\/ca\/wp-json\/wp\/v2\/comments?post=12832"}],"version-history":[{"count":5,"href":"https:\/\/extremebarcelona.com\/ca\/wp-json\/wp\/v2\/posts\/12832\/revisions"}],"predecessor-version":[{"id":12923,"href":"https:\/\/extremebarcelona.com\/ca\/wp-json\/wp\/v2\/posts\/12832\/revisions\/12923"}],"wp:featuredmedia":[{"embeddable":true,"href":"https:\/\/extremebarcelona.com\/ca\/wp-json\/wp\/v2\/media\/12822"}],"wp:attachment":[{"href":"https:\/\/extremebarcelona.com\/ca\/wp-json\/wp\/v2\/media?parent=12832"}],"wp:term":[{"taxonomy":"category","embeddable":true,"href":"https:\/\/extremebarcelona.com\/ca\/wp-json\/wp\/v2\/categories?post=12832"},{"taxonomy":"post_tag","embeddable":true,"href":"https:\/\/extremebarcelona.com\/ca\/wp-json\/wp\/v2\/tags?post=12832"}],"curies":[{"name":"wp","href":"https:\/\/api.w.org\/{rel}","templated":true}]}}