{"id":12693,"date":"2021-09-14T15:48:35","date_gmt":"2021-09-14T13:48:35","guid":{"rendered":"https:\/\/extremebarcelona.com\/2021\/09\/14\/conoce-los-grandes-artistas-confirmados-en-el-wallspot-ave-del-extreme-barcelona\/"},"modified":"2021-09-17T14:25:40","modified_gmt":"2021-09-17T12:25:40","slug":"conoce-los-grandes-artistas-confirmados-en-el-wallspot-ave-del-extreme-barcelona","status":"publish","type":"post","link":"https:\/\/extremebarcelona.com\/ca\/2021\/09\/14\/conoce-los-grandes-artistas-confirmados-en-el-wallspot-ave-del-extreme-barcelona\/","title":{"rendered":"Coneix els grans artistes confirmats al Wallspot Ave de l\u2019Extreme Barcelona"},"content":{"rendered":"<p>[et_pb_section fb_built=&#8221;1&#8243; _builder_version=&#8221;4.9.10&#8243; _module_preset=&#8221;default&#8221; custom_padding=&#8221;6px|||||&#8221;][et_pb_row _builder_version=&#8221;4.9.10&#8243; _module_preset=&#8221;default&#8221; custom_padding=&#8221;16px|||||&#8221;][et_pb_column type=&#8221;4_4&#8243; _builder_version=&#8221;4.9.10&#8243; _module_preset=&#8221;default&#8221;][et_pb_image src=&#8221;https:\/\/extremebarcelona.com\/wp-content\/uploads\/2021\/09\/metro-madrid-1-por-nuria-toll.jpg&#8221; _builder_version=&#8221;4.9.10&#8243; _module_preset=&#8221;default&#8221; title_text=&#8221;metro-madrid-1 por nuria toll&#8221; hover_enabled=&#8221;0&#8243; sticky_enabled=&#8221;0&#8243;][\/et_pb_image][\/et_pb_column][\/et_pb_row][et_pb_row _builder_version=&#8221;4.9.10&#8243; _module_preset=&#8221;default&#8221; custom_padding=&#8221;16px|||||&#8221;][et_pb_column type=&#8221;4_4&#8243; _builder_version=&#8221;4.9.10&#8243; _module_preset=&#8221;default&#8221;][et_pb_text _builder_version=&#8221;4.9.10&#8243; _module_preset=&#8221;default&#8221;]<\/p>\n<ul>\n<li style=\"text-align: justify;\"><strong>Dante Arcade, Art3sano i N\u00faria Toll s\u00f3n alguns dels grafiters que no han volgut perdre l\u2019oportunitat d\u2019exhibir els seus millors dissenys en un cap de setmana ple d\u2019esport i cultura al Parc del F\u00f2rum.<\/strong><\/li>\n<\/ul>\n<p>[\/et_pb_text][\/et_pb_column][\/et_pb_row][et_pb_row _builder_version=&#8221;4.9.10&#8243; _module_preset=&#8221;default&#8221; custom_margin=&#8221;-19px|auto||auto||&#8221; custom_padding=&#8221;5px|||||&#8221;][et_pb_column type=&#8221;4_4&#8243; _builder_version=&#8221;4.9.10&#8243; _module_preset=&#8221;default&#8221;][et_pb_text _builder_version=&#8221;4.9.10&#8243; _module_preset=&#8221;default&#8221; custom_margin=&#8221;||-1px|||&#8221;]<\/p>\n<p style=\"text-align: justify;\"><span style=\"font-weight: 400;\">El Wallspot Ave pren forma amb certes novetats que tot amant de l\u2019art urb\u00e0 necessita saber. A falta de dues setmanes per l\u2019inici de l\u2019onzena edici\u00f3 de l\u2019Extreme Barcelona al Parc del F\u00f2rum, una edici\u00f3 marcada per l\u2019art i la cultura, ja es coneixen els noms m\u00e9s destacats dels artistes que participaran en aquest nou espai patrocinat per Fritz-Kola, un dels millors refrescs d\u2019Europa fabricat al nord d\u2019Alemanya. L\u2019Extreme oferir\u00e0 una avinguda on diferents artistes amb segell 100% local podran compartir la seva passi\u00f3, la pintura en spray.<\/span><\/p>\n<p>[\/et_pb_text][\/et_pb_column][\/et_pb_row][et_pb_row _builder_version=&#8221;4.9.10&#8243; _module_preset=&#8221;default&#8221; custom_padding=&#8221;9px||6px|||&#8221;][et_pb_column type=&#8221;4_4&#8243; _builder_version=&#8221;4.9.10&#8243; _module_preset=&#8221;default&#8221;][et_pb_text _builder_version=&#8221;4.9.10&#8243; _module_preset=&#8221;default&#8221; custom_margin=&#8221;-6px|||||&#8221;]<\/p>\n<p style=\"text-align: justify;\"><b>Arcade, Art3sano i N\u00faria Toll, artistes del Wallspot Ave<\/b><\/p>\n<p style=\"text-align: justify;\"><span style=\"font-weight: 400;\">Dante Arcade no s\u2019ha volgut perdre aquesta oportunitat. Influenciat per la cultura urbana dels anys 80 i 90, gaudeix portant antigues tend\u00e8ncies sobre el marc actual, on el m\u00f3n vintage i la nost\u00e0lgia es barregen amb el futurisme. El murci\u00e0 far\u00e0 vibrar a tot el p\u00fablic amb les seves acolorides composicions que recorden, en ocasions, <\/span><span style=\"font-weight: 400;\">els degradats de l\u2019aurora boreal o la passarel\u00b7la d\u2019un carnaval.<\/span><\/p>\n<p style=\"text-align: justify;\"><span style=\"font-weight: 400;\">El vene\u00e7ol\u00e0 Art3sano tamb\u00e9 s\u2019ha sumat a la trobada. Impulsat per la seva fam\u00edlia, va entrar al m\u00f3n de l\u2019art i el dibuix amb prefer\u00e8ncia per la cultura urbana. El tatuatge tradicional \u00e9s la influ\u00e8ncia m\u00e9s directa en el seu treball, per\u00f2 no l\u2019\u00fanica. El carrer i tot el que hi passa, les seves arrels caribenyes, el pop art i el lowbrow tamb\u00e9 s\u00f3n fonts d\u2019inspiraci\u00f3 que l\u2019han convertit en l\u2019artista que \u00e9s ara.<\/span><\/p>\n<p style=\"text-align: justify;\"><span style=\"font-weight: 400;\">La dissenyadora gr\u00e0fica N\u00faria Toll mostrar\u00e0 el seu art caracteritzat per l\u00ednies rectes, creant aix\u00ed un llenguatge visual molt gr\u00e0fic influenciat per la seva formaci\u00f3 en disseny. Des que va donar el pas al gran format i l\u2019spray l\u2019any 2014, no ha deixat de combinar la geometria i el color de la seva obra amb la sensibilitat i innoc\u00e8ncia que tant la caracteritzen.<\/span><\/p>\n<p>[\/et_pb_text][\/et_pb_column][\/et_pb_row][et_pb_row column_structure=&#8221;1_2,1_2&#8243; _builder_version=&#8221;4.9.10&#8243; _module_preset=&#8221;default&#8221;][et_pb_column type=&#8221;1_2&#8243; _builder_version=&#8221;4.9.10&#8243; _module_preset=&#8221;default&#8221;][et_pb_image src=&#8221;https:\/\/extremebarcelona.com\/wp-content\/uploads\/2021\/09\/art3sano-tucan.jpg&#8221; title_text=&#8221;art3sano-tuc\u00e1n&#8221; _builder_version=&#8221;4.9.10&#8243; _module_preset=&#8221;default&#8221;][\/et_pb_image][\/et_pb_column][et_pb_column type=&#8221;1_2&#8243; _builder_version=&#8221;4.9.10&#8243; _module_preset=&#8221;default&#8221;][et_pb_image src=&#8221;https:\/\/extremebarcelona.com\/wp-content\/uploads\/2021\/09\/Dante-Arcade-lassalinasdelmarmenor-lamanga-graffiti-3.jpg&#8221; title_text=&#8221;Dante Arcade-lassalinasdelmarmenor-lamanga-graffiti-3&#8243; _builder_version=&#8221;4.9.10&#8243; _module_preset=&#8221;default&#8221;][\/et_pb_image][\/et_pb_column][\/et_pb_row][et_pb_row _builder_version=&#8221;4.9.10&#8243; _module_preset=&#8221;default&#8221; custom_padding=&#8221;6px|||||&#8221;][et_pb_column type=&#8221;4_4&#8243; _builder_version=&#8221;4.9.10&#8243; _module_preset=&#8221;default&#8221;][et_pb_text _builder_version=&#8221;4.9.10&#8243; _module_preset=&#8221;default&#8221;]<\/p>\n<p style=\"text-align: justify;\"><b>Col\u00b7laboraci\u00f3 d\u2019Owen i Slomo<\/b><\/p>\n<p style=\"text-align: justify;\"><span style=\"font-weight: 400;\">Per tancar les confirmacions de la millor manera possible, no podia faltar la col\u00b7laboraci\u00f3 entre dos grans artistes: Owen i Slomo. L\u2019univers il\u00b7lustratiu d\u2019Owen destaca per les seves\u00a0 fonts tipogr\u00e0fiques amb un estil molt personal, mentre que Slomo, influenciat pel Cinetisme Vene\u00e7ol\u00e0 i l\u2019art urb\u00e0 espanyol, ressalta per una obra plena de colors, transpar\u00e8ncies i superposicions en formes geom\u00e8triques o abstractes. El vene\u00e7ol\u00e0 nom\u00e9s pensa en l\u2019ara i aqu\u00ed mentre pinta les seves creacions, deixant-se portar per les sensacions i l\u2019espai en\u00a0 tot moment.<\/span><\/p>\n<p style=\"text-align: justify;\"><span style=\"font-weight: 400;\">I tu, est\u00e0s preparat per deixar-te portar pel talent de tots aquests grafiters que els pr\u00f2xims 25 i 26 de setembre tenen una cita al Parc del F\u00f2rum? No t\u2019ho pensis m\u00e9s i compra la teva entrada anticipada aqu\u00ed!<\/span><\/p>\n<p style=\"text-align: justify;\"><span style=\"font-weight: 400;\">Y t\u00fa, \u00bfest\u00e1s listo para dejarte llevar por el talento de todos estos grafiteros que los pr\u00f3ximos 25 y 26 de septiembre tienen una cita en el Parc del F\u00f2rum? \u00a1No lo pienses m\u00e1s y compra tu entrada anticipada aqu\u00ed!<\/span><\/p>\n<p>[\/et_pb_text][\/et_pb_column][\/et_pb_row][et_pb_row _builder_version=&#8221;4.9.10&#8243; _module_preset=&#8221;default&#8221; custom_padding=&#8221;2px|||||&#8221;][et_pb_column type=&#8221;4_4&#8243; _builder_version=&#8221;4.9.10&#8243; _module_preset=&#8221;default&#8221;][et_pb_image src=&#8221;https:\/\/extremebarcelona.com\/wp-content\/uploads\/2021\/09\/obra-Slomo-Poblenou-Barcelona.jpg&#8221; title_text=&#8221;obra Slomo-Poblenou-Barcelona&#8221; _builder_version=&#8221;4.9.10&#8243; _module_preset=&#8221;default&#8221;][\/et_pb_image][\/et_pb_column][\/et_pb_row][et_pb_row _builder_version=&#8221;4.9.10&#8243; _module_preset=&#8221;default&#8221;][et_pb_column type=&#8221;4_4&#8243; _builder_version=&#8221;4.9.10&#8243; _module_preset=&#8221;default&#8221;][et_pb_text _builder_version=&#8221;4.9.10&#8243; _module_preset=&#8221;default&#8221;]<\/p>\n<p><strong><b>No t\u2019ho perdis!: compra les teves entrades avui mateix!<\/b>\u00a0<\/strong><\/p>\n<p style=\"text-align: justify;\">Degut a les restriccions pel COVID, s\u2019ha\u00a0redu\u00eft\u00a0el nombre d\u2019espectadors permesos, pel que hi han un n\u00famero limitat d\u2019entrades disponibles. Si ets un aficionat dels esports extrems o un apassionat de la cultura urbana, compra les teves entrades ara. Vine a veure l\u2019event espectacular d\u2019esports d\u2019acci\u00f3 el 25 i 26 de setembre al Parc del F\u00f2rum de Barcelona.<\/p>\n<p style=\"text-align: justify;\">Gaudir\u00e0s d\u2019algunes de les millor competicions internacionals, amb la participaci\u00f3 d\u2019atletes ol\u00edmpics, aix\u00ed com una gran varietat de m\u00fasica, art i estil de vida, amb el segell de la cultura urbana.<\/p>\n<p style=\"text-align: center;\"><a href=\"https:\/\/proticketing.com\/extremebarcelonatickets\/es_ES\/entradas\/evento\/20594?utm_source=web%20esp&amp;utm_medium=botonesp&amp;utm_campaign=venta%20tickets\"><strong><b>Fes<\/b><\/strong><\/a><strong><a href=\"https:\/\/proticketing.com\/extremebarcelonatickets\/es_ES\/entradas\/evento\/20594?utm_source=web%20esp&amp;utm_medium=botonesp&amp;utm_campaign=venta%20tickets\"><b> click aqu\u00ed per comprar les teves entrades<\/b><\/a><\/strong><\/p>\n<p>[\/et_pb_text][\/et_pb_column][\/et_pb_row][\/et_pb_section]<\/p>\n","protected":false},"excerpt":{"rendered":"<p>Dante Arcade, Art3sano i N\u00faria Toll s\u00f3n alguns dels grafiters que no han volgut perdre l\u2019oportunitat d\u2019exhibir els seus millors dissenys en un cap de setmana ple d\u2019esport i cultura al Parc del F\u00f2rum. El Wallspot Ave pren forma amb certes novetats que tot amant de l\u2019art urb\u00e0 necessita saber. A falta de dues setmanes [&hellip;]<\/p>\n","protected":false},"author":8,"featured_media":12687,"comment_status":"closed","ping_status":"closed","sticky":false,"template":"","format":"standard","meta":{"_et_pb_use_builder":"on","_et_pb_old_content":"<p>[et_pb_section fb_built=\"1\" _builder_version=\"4.9.10\" _module_preset=\"default\"][et_pb_row _builder_version=\"4.9.10\" _module_preset=\"default\"][et_pb_column type=\"4_4\" _builder_version=\"4.9.10\" _module_preset=\"default\"][et_pb_text _builder_version=\"4.9.10\" _module_preset=\"default\"]<\/p><ul><li style=\"text-align: justify;\"><strong>Dante Arcade, Art3sano y Nuria Toll son algunos de los grafiteros que no han querido perder la oportunidad de exhibir sus mejores dise\u00f1os en un fin de semana lleno de deporte y cultura en el Parc del F\u00f2rum<\/strong><\/li><\/ul><p>[\/et_pb_text][\/et_pb_column][\/et_pb_row][et_pb_row _builder_version=\"4.9.10\" _module_preset=\"default\"][et_pb_column type=\"4_4\" _builder_version=\"4.9.10\" _module_preset=\"default\"][et_pb_text _builder_version=\"4.9.10\" _module_preset=\"default\"]<\/p><p style=\"text-align: justify;\"><span style=\"font-weight: 400;\">El Wallspot Ave toma forma con ciertas novedades que todo amante del arte urbano necesita saber. A falta de dos semanas para el inicio de la und\u00e9cima edici\u00f3n del Extreme Barcelona en el Parc del F\u00f2rum, una edici\u00f3n marcada por el arte y la cultura, ya se conocen los nombres m\u00e1s destacados de los artistas que participar\u00e1n en este nuevo espacio patrocinado por Fritz-Kola, uno de los mejores refrescos de Europa fabricado en el norte de Alemania. El Extreme ofrecer\u00e1 una avenida donde diferentes artistas con sello 100% local podr\u00e1n compartir su pasi\u00f3n, la pintura en spray.<\/span><\/p><p>[\/et_pb_text][\/et_pb_column][\/et_pb_row][et_pb_row _builder_version=\"4.9.10\" _module_preset=\"default\"][et_pb_column type=\"4_4\" _builder_version=\"4.9.10\" _module_preset=\"default\"][et_pb_text _builder_version=\"4.9.10\" _module_preset=\"default\"]<\/p><p style=\"text-align: justify;\"><strong><b>Arcade, Art3sano y N\u00faria Toll, artistas del Wallspot Ave<\/b><\/strong><\/p><p style=\"text-align: justify;\"><span style=\"font-weight: 400;\">Dante Arcade no se ha querido perder esta oportunidad. Influenciado por la cultura urbana de los a\u00f1os 80 y 90, disfruta llevando antiguas tendencias sobre el marco actual, donde el mundo vintage y la nostalgia se mezclan con el futurismo. El murciano har\u00e1 vibrar a todo el p\u00fablico con sus coloridas composiciones que recuerdan, en ocasiones, los degradados de la aurora boreal o la pasarela de un carnaval.<\/span><\/p><p style=\"text-align: justify;\"><span style=\"font-weight: 400;\">El venezolano Art3sano tambi\u00e9n se ha sumado al encuentro. Impulsado por su familia, entr\u00f3 en el mundo del arte y el dibujo con preferencia por la cultura urbana. El tatuaje tradicional es la influencia m\u00e1s directa en su trabajo, pero no la \u00fanica. La calle y todo lo que pasa, sus ra\u00edces caribe\u00f1as, el pop art y el lowbrow tambi\u00e9n son fuentes de inspiraci\u00f3n que la han convertido en el artista que es ahora.<\/span><\/p><p style=\"text-align: justify;\"><span style=\"font-weight: 400;\">La dise\u00f1adora gr\u00e1fica Nuria Toll mostrar\u00e1 su arte caracterizado por l\u00edneas rectas, creando as\u00ed un lenguaje visual muy gr\u00e1fico influenciado por su formaci\u00f3n en dise\u00f1o. Desde que dio el paso al gran formato y al spray en el a\u00f1o 2014, no ha dejado de combinar la geometr\u00eda y el color de su obra con la sensibilidad e inocencia que tanto la caracterizan.<\/span><\/p><p>[\/et_pb_text][\/et_pb_column][\/et_pb_row][et_pb_row _builder_version=\"4.9.10\" _module_preset=\"default\"][et_pb_column type=\"4_4\" _builder_version=\"4.9.10\" _module_preset=\"default\"][et_pb_text _builder_version=\"4.9.10\" _module_preset=\"default\"]<\/p><p style=\"text-align: justify;\"><b>Colaboraci\u00f3n de Owen y Slomo<\/b><\/p><p style=\"text-align: justify;\"><span style=\"font-weight: 400;\">Para cerrar las confirmaciones de la mejor manera posible, no pod\u00eda faltar la colaboraci\u00f3n entre dos grandes artistas: Owen y Slomo. El universo ilustrativo de Owen destaca por sus fuentes tipogr\u00e1ficas con un estilo muy personal, mientras que Slomo, influenciado por el cinetismo venezolano y el arte urbano espa\u00f1ol, resalta por una obra llena de colores, transparencias y superposiciones en formas geom\u00e9tricas o abstractas. El venezolano s\u00f3lo piensa en el aqu\u00ed y ahora mientras pinta sus creaciones, dej\u00e1ndose llevar por las sensaciones y el espacio en todo momento.<\/span><\/p><p style=\"text-align: justify;\"><span style=\"font-weight: 400;\">Y t\u00fa, \u00bfest\u00e1s listo para dejarte llevar por el talento de todos estos grafiteros que los pr\u00f3ximos 25 y 26 de septiembre tienen una cita en el Parc del F\u00f2rum? \u00a1No lo pienses m\u00e1s y compra tu entrada anticipada aqu\u00ed!<\/span><\/p><p>[\/et_pb_text][\/et_pb_column][\/et_pb_row][et_pb_row _builder_version=\"4.9.10\" _module_preset=\"default\"][et_pb_column type=\"4_4\" _builder_version=\"4.9.10\" _module_preset=\"default\"][et_pb_text _builder_version=\"4.9.10\" _module_preset=\"default\"]<\/p><p style=\"text-align: justify;\"><strong>No te lo pierdas: \u00a1compra tus entradas hoy mismo!\u00a0<\/strong><\/p><p style=\"text-align: justify;\">Debido a las restricciones de COVID, se ha reducido el n\u00famero de espectadores permitidos, por lo que hay un n\u00famero limitado de entradas disponibles. Si eres un aficionado a los deportes extremos o un apasionado de la cultura urbana, compre tus entradas ahora. Ven a ver el espectacular evento de deportes de acci\u00f3n los d\u00edas 25 y 26 de septiembre en el Parc del F\u00f2rum de Barcelona.<\/p><p style=\"text-align: justify;\">Disfrutar\u00e1s de algunas de las mejores competiciones internacionales, con la participaci\u00f3n de medallistas ol\u00edmpicos, as\u00ed como de una variedad de m\u00fasica, arte y estilo de vida, todo ello bajo el paraguas de la cultura urbana.<\/p><p style=\"text-align: center;\"><a href=\"https:\/\/proticketing.com\/extremebarcelonatickets\/es_ES\/entradas\/evento\/20594?utm_source=web%20esp&utm_medium=botonesp&utm_campaign=venta%20tickets\"><strong>Haz clic para comprar las entradas.<\/strong><\/a><\/p><p>[\/et_pb_text][\/et_pb_column][\/et_pb_row][\/et_pb_section]<\/p>","_et_gb_content_width":"","footnotes":""},"categories":[20],"tags":[],"class_list":["post-12693","post","type-post","status-publish","format-standard","has-post-thumbnail","hentry","category-noticies"],"yoast_head":"<!-- This site is optimized with the Yoast SEO plugin v27.2 - https:\/\/yoast.com\/product\/yoast-seo-wordpress\/ -->\n<title>Conoce los grandes artistas confirmados en el Wallspot Ave...<\/title>\n<meta name=\"description\" content=\"Dante Arcade, Art3sano y Nuria Toll son algunos de los grafiteros que no han querido perder la oportunidad de exhibir sus mejores dise\u00f1os...\" \/>\n<meta name=\"robots\" content=\"index, follow, max-snippet:-1, max-image-preview:large, max-video-preview:-1\" \/>\n<link rel=\"canonical\" href=\"https:\/\/extremebarcelona.com\/ca\/2021\/09\/14\/conoce-los-grandes-artistas-confirmados-en-el-wallspot-ave-del-extreme-barcelona\/\" \/>\n<meta property=\"og:locale\" content=\"ca_ES\" \/>\n<meta property=\"og:type\" content=\"article\" \/>\n<meta property=\"og:title\" content=\"Conoce los grandes artistas confirmados en el Wallspot Ave...\" \/>\n<meta property=\"og:description\" content=\"Dante Arcade, Art3sano y Nuria Toll son algunos de los grafiteros que no han querido perder la oportunidad de exhibir sus mejores dise\u00f1os...\" \/>\n<meta property=\"og:url\" content=\"https:\/\/extremebarcelona.com\/ca\/2021\/09\/14\/conoce-los-grandes-artistas-confirmados-en-el-wallspot-ave-del-extreme-barcelona\/\" \/>\n<meta property=\"og:site_name\" content=\"Extreme Barcelona\" \/>\n<meta property=\"article:published_time\" content=\"2021-09-14T13:48:35+00:00\" \/>\n<meta property=\"article:modified_time\" content=\"2021-09-17T12:25:40+00:00\" \/>\n<meta property=\"og:image\" content=\"https:\/\/extremebarcelona.com\/wp-content\/uploads\/2021\/09\/metro-madrid-1-por-nuria-toll.jpg\" \/>\n\t<meta property=\"og:image:width\" content=\"1200\" \/>\n\t<meta property=\"og:image:height\" content=\"900\" \/>\n\t<meta property=\"og:image:type\" content=\"image\/jpeg\" \/>\n<meta name=\"author\" content=\"UWS\" \/>\n<meta name=\"twitter:card\" content=\"summary_large_image\" \/>\n<meta name=\"twitter:label1\" content=\"Escrit per\" \/>\n\t<meta name=\"twitter:data1\" content=\"UWS\" \/>\n\t<meta name=\"twitter:label2\" content=\"Temps estimat de lectura\" \/>\n\t<meta name=\"twitter:data2\" content=\"4 minuts\" \/>\n<script type=\"application\/ld+json\" class=\"yoast-schema-graph\">{\"@context\":\"https:\/\/schema.org\",\"@graph\":[{\"@type\":\"NewsArticle\",\"@id\":\"https:\/\/extremebarcelona.com\/ca\/2021\/09\/14\/conoce-los-grandes-artistas-confirmados-en-el-wallspot-ave-del-extreme-barcelona\/#article\",\"isPartOf\":{\"@id\":\"https:\/\/extremebarcelona.com\/ca\/2021\/09\/14\/conoce-los-grandes-artistas-confirmados-en-el-wallspot-ave-del-extreme-barcelona\/\"},\"author\":{\"name\":\"UWS\",\"@id\":\"https:\/\/extremebarcelona.com\/#\/schema\/person\/84bb7d2facd51100910ca1df9186891e\"},\"headline\":\"Coneix els grans artistes confirmats al Wallspot Ave de l\u2019Extreme Barcelona\",\"datePublished\":\"2021-09-14T13:48:35+00:00\",\"dateModified\":\"2021-09-17T12:25:40+00:00\",\"mainEntityOfPage\":{\"@id\":\"https:\/\/extremebarcelona.com\/ca\/2021\/09\/14\/conoce-los-grandes-artistas-confirmados-en-el-wallspot-ave-del-extreme-barcelona\/\"},\"wordCount\":1099,\"publisher\":{\"@id\":\"https:\/\/extremebarcelona.com\/#organization\"},\"image\":{\"@id\":\"https:\/\/extremebarcelona.com\/ca\/2021\/09\/14\/conoce-los-grandes-artistas-confirmados-en-el-wallspot-ave-del-extreme-barcelona\/#primaryimage\"},\"thumbnailUrl\":\"https:\/\/extremebarcelona.com\/wp-content\/uploads\/2021\/09\/metro-madrid-1-por-nuria-toll.jpg\",\"articleSection\":[\"Noticies\"],\"inLanguage\":\"ca\"},{\"@type\":\"WebPage\",\"@id\":\"https:\/\/extremebarcelona.com\/ca\/2021\/09\/14\/conoce-los-grandes-artistas-confirmados-en-el-wallspot-ave-del-extreme-barcelona\/\",\"url\":\"https:\/\/extremebarcelona.com\/ca\/2021\/09\/14\/conoce-los-grandes-artistas-confirmados-en-el-wallspot-ave-del-extreme-barcelona\/\",\"name\":\"Conoce los grandes artistas confirmados en el Wallspot Ave...\",\"isPartOf\":{\"@id\":\"https:\/\/extremebarcelona.com\/#website\"},\"primaryImageOfPage\":{\"@id\":\"https:\/\/extremebarcelona.com\/ca\/2021\/09\/14\/conoce-los-grandes-artistas-confirmados-en-el-wallspot-ave-del-extreme-barcelona\/#primaryimage\"},\"image\":{\"@id\":\"https:\/\/extremebarcelona.com\/ca\/2021\/09\/14\/conoce-los-grandes-artistas-confirmados-en-el-wallspot-ave-del-extreme-barcelona\/#primaryimage\"},\"thumbnailUrl\":\"https:\/\/extremebarcelona.com\/wp-content\/uploads\/2021\/09\/metro-madrid-1-por-nuria-toll.jpg\",\"datePublished\":\"2021-09-14T13:48:35+00:00\",\"dateModified\":\"2021-09-17T12:25:40+00:00\",\"description\":\"Dante Arcade, Art3sano y Nuria Toll son algunos de los grafiteros que no han querido perder la oportunidad de exhibir sus mejores dise\u00f1os...\",\"breadcrumb\":{\"@id\":\"https:\/\/extremebarcelona.com\/ca\/2021\/09\/14\/conoce-los-grandes-artistas-confirmados-en-el-wallspot-ave-del-extreme-barcelona\/#breadcrumb\"},\"inLanguage\":\"ca\",\"potentialAction\":[{\"@type\":\"ReadAction\",\"target\":[\"https:\/\/extremebarcelona.com\/ca\/2021\/09\/14\/conoce-los-grandes-artistas-confirmados-en-el-wallspot-ave-del-extreme-barcelona\/\"]}]},{\"@type\":\"ImageObject\",\"inLanguage\":\"ca\",\"@id\":\"https:\/\/extremebarcelona.com\/ca\/2021\/09\/14\/conoce-los-grandes-artistas-confirmados-en-el-wallspot-ave-del-extreme-barcelona\/#primaryimage\",\"url\":\"https:\/\/extremebarcelona.com\/wp-content\/uploads\/2021\/09\/metro-madrid-1-por-nuria-toll.jpg\",\"contentUrl\":\"https:\/\/extremebarcelona.com\/wp-content\/uploads\/2021\/09\/metro-madrid-1-por-nuria-toll.jpg\",\"width\":1200,\"height\":900},{\"@type\":\"BreadcrumbList\",\"@id\":\"https:\/\/extremebarcelona.com\/ca\/2021\/09\/14\/conoce-los-grandes-artistas-confirmados-en-el-wallspot-ave-del-extreme-barcelona\/#breadcrumb\",\"itemListElement\":[{\"@type\":\"ListItem\",\"position\":1,\"name\":\"Portada\",\"item\":\"https:\/\/extremebarcelona.com\/\"},{\"@type\":\"ListItem\",\"position\":2,\"name\":\"Coneix els grans artistes confirmats al Wallspot Ave de l\u2019Extreme Barcelona\"}]},{\"@type\":\"WebSite\",\"@id\":\"https:\/\/extremebarcelona.com\/#website\",\"url\":\"https:\/\/extremebarcelona.com\/\",\"name\":\"Extreme Barcelona\",\"description\":\"Otro sitio realizado con WordPress\",\"publisher\":{\"@id\":\"https:\/\/extremebarcelona.com\/#organization\"},\"potentialAction\":[{\"@type\":\"SearchAction\",\"target\":{\"@type\":\"EntryPoint\",\"urlTemplate\":\"https:\/\/extremebarcelona.com\/?s={search_term_string}\"},\"query-input\":{\"@type\":\"PropertyValueSpecification\",\"valueRequired\":true,\"valueName\":\"search_term_string\"}}],\"inLanguage\":\"ca\"},{\"@type\":\"Organization\",\"@id\":\"https:\/\/extremebarcelona.com\/#organization\",\"name\":\"Extreme Barcelona\",\"url\":\"https:\/\/extremebarcelona.com\/\",\"logo\":{\"@type\":\"ImageObject\",\"inLanguage\":\"ca\",\"@id\":\"https:\/\/extremebarcelona.com\/#\/schema\/logo\/image\/\",\"url\":\"https:\/\/extremebarcelona.com\/wp-content\/uploads\/2021\/04\/Logo-Extreme-2021.png\",\"contentUrl\":\"https:\/\/extremebarcelona.com\/wp-content\/uploads\/2021\/04\/Logo-Extreme-2021.png\",\"width\":500,\"height\":500,\"caption\":\"Extreme Barcelona\"},\"image\":{\"@id\":\"https:\/\/extremebarcelona.com\/#\/schema\/logo\/image\/\"}},{\"@type\":\"Person\",\"@id\":\"https:\/\/extremebarcelona.com\/#\/schema\/person\/84bb7d2facd51100910ca1df9186891e\",\"name\":\"UWS\",\"image\":{\"@type\":\"ImageObject\",\"inLanguage\":\"ca\",\"@id\":\"https:\/\/secure.gravatar.com\/avatar\/41b930374ee41e318f6457172bd2f6e300b1872879ecb443d692bea8dad136f9?s=96&d=mm&r=g\",\"url\":\"https:\/\/secure.gravatar.com\/avatar\/41b930374ee41e318f6457172bd2f6e300b1872879ecb443d692bea8dad136f9?s=96&d=mm&r=g\",\"contentUrl\":\"https:\/\/secure.gravatar.com\/avatar\/41b930374ee41e318f6457172bd2f6e300b1872879ecb443d692bea8dad136f9?s=96&d=mm&r=g\",\"caption\":\"UWS\"}}]}<\/script>\n<!-- \/ Yoast SEO plugin. -->","yoast_head_json":{"title":"Conoce los grandes artistas confirmados en el Wallspot Ave...","description":"Dante Arcade, Art3sano y Nuria Toll son algunos de los grafiteros que no han querido perder la oportunidad de exhibir sus mejores dise\u00f1os...","robots":{"index":"index","follow":"follow","max-snippet":"max-snippet:-1","max-image-preview":"max-image-preview:large","max-video-preview":"max-video-preview:-1"},"canonical":"https:\/\/extremebarcelona.com\/ca\/2021\/09\/14\/conoce-los-grandes-artistas-confirmados-en-el-wallspot-ave-del-extreme-barcelona\/","og_locale":"ca_ES","og_type":"article","og_title":"Conoce los grandes artistas confirmados en el Wallspot Ave...","og_description":"Dante Arcade, Art3sano y Nuria Toll son algunos de los grafiteros que no han querido perder la oportunidad de exhibir sus mejores dise\u00f1os...","og_url":"https:\/\/extremebarcelona.com\/ca\/2021\/09\/14\/conoce-los-grandes-artistas-confirmados-en-el-wallspot-ave-del-extreme-barcelona\/","og_site_name":"Extreme Barcelona","article_published_time":"2021-09-14T13:48:35+00:00","article_modified_time":"2021-09-17T12:25:40+00:00","og_image":[{"width":1200,"height":900,"url":"https:\/\/extremebarcelona.com\/wp-content\/uploads\/2021\/09\/metro-madrid-1-por-nuria-toll.jpg","type":"image\/jpeg"}],"author":"UWS","twitter_card":"summary_large_image","twitter_misc":{"Escrit per":"UWS","Temps estimat de lectura":"4 minuts"},"schema":{"@context":"https:\/\/schema.org","@graph":[{"@type":"NewsArticle","@id":"https:\/\/extremebarcelona.com\/ca\/2021\/09\/14\/conoce-los-grandes-artistas-confirmados-en-el-wallspot-ave-del-extreme-barcelona\/#article","isPartOf":{"@id":"https:\/\/extremebarcelona.com\/ca\/2021\/09\/14\/conoce-los-grandes-artistas-confirmados-en-el-wallspot-ave-del-extreme-barcelona\/"},"author":{"name":"UWS","@id":"https:\/\/extremebarcelona.com\/#\/schema\/person\/84bb7d2facd51100910ca1df9186891e"},"headline":"Coneix els grans artistes confirmats al Wallspot Ave de l\u2019Extreme Barcelona","datePublished":"2021-09-14T13:48:35+00:00","dateModified":"2021-09-17T12:25:40+00:00","mainEntityOfPage":{"@id":"https:\/\/extremebarcelona.com\/ca\/2021\/09\/14\/conoce-los-grandes-artistas-confirmados-en-el-wallspot-ave-del-extreme-barcelona\/"},"wordCount":1099,"publisher":{"@id":"https:\/\/extremebarcelona.com\/#organization"},"image":{"@id":"https:\/\/extremebarcelona.com\/ca\/2021\/09\/14\/conoce-los-grandes-artistas-confirmados-en-el-wallspot-ave-del-extreme-barcelona\/#primaryimage"},"thumbnailUrl":"https:\/\/extremebarcelona.com\/wp-content\/uploads\/2021\/09\/metro-madrid-1-por-nuria-toll.jpg","articleSection":["Noticies"],"inLanguage":"ca"},{"@type":"WebPage","@id":"https:\/\/extremebarcelona.com\/ca\/2021\/09\/14\/conoce-los-grandes-artistas-confirmados-en-el-wallspot-ave-del-extreme-barcelona\/","url":"https:\/\/extremebarcelona.com\/ca\/2021\/09\/14\/conoce-los-grandes-artistas-confirmados-en-el-wallspot-ave-del-extreme-barcelona\/","name":"Conoce los grandes artistas confirmados en el Wallspot Ave...","isPartOf":{"@id":"https:\/\/extremebarcelona.com\/#website"},"primaryImageOfPage":{"@id":"https:\/\/extremebarcelona.com\/ca\/2021\/09\/14\/conoce-los-grandes-artistas-confirmados-en-el-wallspot-ave-del-extreme-barcelona\/#primaryimage"},"image":{"@id":"https:\/\/extremebarcelona.com\/ca\/2021\/09\/14\/conoce-los-grandes-artistas-confirmados-en-el-wallspot-ave-del-extreme-barcelona\/#primaryimage"},"thumbnailUrl":"https:\/\/extremebarcelona.com\/wp-content\/uploads\/2021\/09\/metro-madrid-1-por-nuria-toll.jpg","datePublished":"2021-09-14T13:48:35+00:00","dateModified":"2021-09-17T12:25:40+00:00","description":"Dante Arcade, Art3sano y Nuria Toll son algunos de los grafiteros que no han querido perder la oportunidad de exhibir sus mejores dise\u00f1os...","breadcrumb":{"@id":"https:\/\/extremebarcelona.com\/ca\/2021\/09\/14\/conoce-los-grandes-artistas-confirmados-en-el-wallspot-ave-del-extreme-barcelona\/#breadcrumb"},"inLanguage":"ca","potentialAction":[{"@type":"ReadAction","target":["https:\/\/extremebarcelona.com\/ca\/2021\/09\/14\/conoce-los-grandes-artistas-confirmados-en-el-wallspot-ave-del-extreme-barcelona\/"]}]},{"@type":"ImageObject","inLanguage":"ca","@id":"https:\/\/extremebarcelona.com\/ca\/2021\/09\/14\/conoce-los-grandes-artistas-confirmados-en-el-wallspot-ave-del-extreme-barcelona\/#primaryimage","url":"https:\/\/extremebarcelona.com\/wp-content\/uploads\/2021\/09\/metro-madrid-1-por-nuria-toll.jpg","contentUrl":"https:\/\/extremebarcelona.com\/wp-content\/uploads\/2021\/09\/metro-madrid-1-por-nuria-toll.jpg","width":1200,"height":900},{"@type":"BreadcrumbList","@id":"https:\/\/extremebarcelona.com\/ca\/2021\/09\/14\/conoce-los-grandes-artistas-confirmados-en-el-wallspot-ave-del-extreme-barcelona\/#breadcrumb","itemListElement":[{"@type":"ListItem","position":1,"name":"Portada","item":"https:\/\/extremebarcelona.com\/"},{"@type":"ListItem","position":2,"name":"Coneix els grans artistes confirmats al Wallspot Ave de l\u2019Extreme Barcelona"}]},{"@type":"WebSite","@id":"https:\/\/extremebarcelona.com\/#website","url":"https:\/\/extremebarcelona.com\/","name":"Extreme Barcelona","description":"Otro sitio realizado con WordPress","publisher":{"@id":"https:\/\/extremebarcelona.com\/#organization"},"potentialAction":[{"@type":"SearchAction","target":{"@type":"EntryPoint","urlTemplate":"https:\/\/extremebarcelona.com\/?s={search_term_string}"},"query-input":{"@type":"PropertyValueSpecification","valueRequired":true,"valueName":"search_term_string"}}],"inLanguage":"ca"},{"@type":"Organization","@id":"https:\/\/extremebarcelona.com\/#organization","name":"Extreme Barcelona","url":"https:\/\/extremebarcelona.com\/","logo":{"@type":"ImageObject","inLanguage":"ca","@id":"https:\/\/extremebarcelona.com\/#\/schema\/logo\/image\/","url":"https:\/\/extremebarcelona.com\/wp-content\/uploads\/2021\/04\/Logo-Extreme-2021.png","contentUrl":"https:\/\/extremebarcelona.com\/wp-content\/uploads\/2021\/04\/Logo-Extreme-2021.png","width":500,"height":500,"caption":"Extreme Barcelona"},"image":{"@id":"https:\/\/extremebarcelona.com\/#\/schema\/logo\/image\/"}},{"@type":"Person","@id":"https:\/\/extremebarcelona.com\/#\/schema\/person\/84bb7d2facd51100910ca1df9186891e","name":"UWS","image":{"@type":"ImageObject","inLanguage":"ca","@id":"https:\/\/secure.gravatar.com\/avatar\/41b930374ee41e318f6457172bd2f6e300b1872879ecb443d692bea8dad136f9?s=96&d=mm&r=g","url":"https:\/\/secure.gravatar.com\/avatar\/41b930374ee41e318f6457172bd2f6e300b1872879ecb443d692bea8dad136f9?s=96&d=mm&r=g","contentUrl":"https:\/\/secure.gravatar.com\/avatar\/41b930374ee41e318f6457172bd2f6e300b1872879ecb443d692bea8dad136f9?s=96&d=mm&r=g","caption":"UWS"}}]}},"_links":{"self":[{"href":"https:\/\/extremebarcelona.com\/ca\/wp-json\/wp\/v2\/posts\/12693","targetHints":{"allow":["GET"]}}],"collection":[{"href":"https:\/\/extremebarcelona.com\/ca\/wp-json\/wp\/v2\/posts"}],"about":[{"href":"https:\/\/extremebarcelona.com\/ca\/wp-json\/wp\/v2\/types\/post"}],"author":[{"embeddable":true,"href":"https:\/\/extremebarcelona.com\/ca\/wp-json\/wp\/v2\/users\/8"}],"replies":[{"embeddable":true,"href":"https:\/\/extremebarcelona.com\/ca\/wp-json\/wp\/v2\/comments?post=12693"}],"version-history":[{"count":5,"href":"https:\/\/extremebarcelona.com\/ca\/wp-json\/wp\/v2\/posts\/12693\/revisions"}],"predecessor-version":[{"id":12930,"href":"https:\/\/extremebarcelona.com\/ca\/wp-json\/wp\/v2\/posts\/12693\/revisions\/12930"}],"wp:featuredmedia":[{"embeddable":true,"href":"https:\/\/extremebarcelona.com\/ca\/wp-json\/wp\/v2\/media\/12687"}],"wp:attachment":[{"href":"https:\/\/extremebarcelona.com\/ca\/wp-json\/wp\/v2\/media?parent=12693"}],"wp:term":[{"taxonomy":"category","embeddable":true,"href":"https:\/\/extremebarcelona.com\/ca\/wp-json\/wp\/v2\/categories?post=12693"},{"taxonomy":"post_tag","embeddable":true,"href":"https:\/\/extremebarcelona.com\/ca\/wp-json\/wp\/v2\/tags?post=12693"}],"curies":[{"name":"wp","href":"https:\/\/api.w.org\/{rel}","templated":true}]}}