{"id":12624,"date":"2021-09-13T18:14:24","date_gmt":"2021-09-13T16:14:24","guid":{"rendered":"https:\/\/extremebarcelona.com\/2021\/09\/13\/grandes-nombres-confirmados-para-el-extreme-barcelona-conoce-a-los-candidatos-as-para-el-oro\/"},"modified":"2021-09-17T15:26:42","modified_gmt":"2021-09-17T13:26:42","slug":"grans-noms-confirmats-per-lextreme-barcelona-coneix-als-candidats-des-per-lor","status":"publish","type":"post","link":"https:\/\/extremebarcelona.com\/ca\/2021\/09\/13\/grans-noms-confirmats-per-lextreme-barcelona-coneix-als-candidats-des-per-lor\/","title":{"rendered":"Grans noms confirmats per l\u2019Extreme Barcelona. Coneix als candidats\/des per l\u2019or."},"content":{"rendered":"<p>[et_pb_section fb_built=&#8221;1&#8243; _builder_version=&#8221;4.9.10&#8243; _module_preset=&#8221;default&#8221; custom_padding=&#8221;3px|||||&#8221;][et_pb_row _builder_version=&#8221;4.9.10&#8243; _module_preset=&#8221;default&#8221; custom_padding=&#8221;5px|||||&#8221;][et_pb_column type=&#8221;4_4&#8243; _builder_version=&#8221;4.9.10&#8243; _module_preset=&#8221;default&#8221;][et_pb_image src=&#8221;https:\/\/extremebarcelona.com\/wp-content\/uploads\/2021\/09\/ImaginBCNextreme2017_DOMINGO_scooter-1-1.jpg&#8221; _builder_version=&#8221;4.9.10&#8243; _module_preset=&#8221;default&#8221; alt=&#8221;Grandes nombres confirmados para el Extreme Barcelona&#8221; title_text=&#8221;ImaginBCNextreme2017_DOMINGO_scooter-1 (1)&#8221; hover_enabled=&#8221;0&#8243; sticky_enabled=&#8221;0&#8243;][\/et_pb_image][et_pb_text _builder_version=&#8221;4.9.10&#8243; _module_preset=&#8221;default&#8221;]<\/p>\n<ul>\n<li style=\"font-weight: 400; text-align: justify;\" aria-level=\"1\"><strong>Daniel Sandoval, Ivan Monteiro i Jordan Clark s\u00f3n alguns dels grans noms confirmats per l\u2019Extreme Barcelona 2021<\/strong><\/li>\n<\/ul>\n<ul>\n<li style=\"font-weight: 400; text-align: justify;\" aria-level=\"1\"><strong>M\u00e9s de 300 atletes lluitaran per les medalles al Parc del F\u00f2rum<\/strong><\/li>\n<\/ul>\n<p>[\/et_pb_text][\/et_pb_column][\/et_pb_row][et_pb_row _builder_version=&#8221;4.9.10&#8243; _module_preset=&#8221;default&#8221; custom_margin=&#8221;-28px|auto||auto||&#8221; custom_padding=&#8221;5px|||||&#8221;][et_pb_column type=&#8221;4_4&#8243; _builder_version=&#8221;4.9.10&#8243; _module_preset=&#8221;default&#8221;][et_pb_text _builder_version=&#8221;4.9.10&#8243; _module_preset=&#8221;default&#8221; custom_margin=&#8221;||-3px|||&#8221;]<\/p>\n<p><b>A l\u2019edici\u00f3 d\u2019aquest any de l\u2019Extreme Barcelona tindrem a grans atletes de renom en totes les modalitats presents a l\u2019event: Skate, Scooter i BMX.<\/b><\/p>\n<p>[\/et_pb_text][\/et_pb_column][\/et_pb_row][et_pb_row column_structure=&#8221;1_2,1_2&#8243; _builder_version=&#8221;4.9.10&#8243; _module_preset=&#8221;default&#8221; custom_padding=&#8221;8px|||||&#8221;][et_pb_column type=&#8221;1_2&#8243; _builder_version=&#8221;4.9.10&#8243; _module_preset=&#8221;default&#8221;][et_pb_text _builder_version=&#8221;4.9.10&#8243; _module_preset=&#8221;default&#8221; custom_margin=&#8221;0px|-51px||||&#8221; custom_padding=&#8221;|18px||||&#8221;]<\/p>\n<p style=\"text-align: justify;\"><strong>Joao Lucas, Ivan Monteiro, Bruno Senra&#8230; Entre altres.<\/strong><\/p>\n<p><span style=\"font-weight: 400;\">A la modalitat d\u2019Skate tindrem el plaer de comptar amb el brasiler Joao Lucas, ell va guanyar el <\/span><span style=\"font-weight: 400;\">BEO (Barcelona European Open) a l\u2019Extreme Barcelona 2018. \u00c9s un patinador amb un estil i un repertori de trucs incre\u00efbles.\u00a0<\/span><\/p>\n<p><span style=\"font-weight: 400;\">Tamb\u00e9 tindrem el plaer de gaudir amb l\u2019Ivan Monteiro, un altre skater brasiler i flamant guanyador del campionat Mystic Cup 2021 celebrat a Praga, Rep\u00fablica Checa fa unes setmanes.<\/span><\/p>\n<p><span style=\"font-weight: 400;\">El portug\u00e8s Bruno Senra, campi\u00f3 de l\u2019Extreme Barcelona 2020 tampoc faltar\u00e0 a la seva cita al Parc del F\u00f2rum del 25 i 26 de setembre; sense dubte ell tamb\u00e9 \u00e9s candidat a emportar-se la medalla d\u2019or i revalidar el t\u00edtol.<\/span><\/p>\n<p>[\/et_pb_text][\/et_pb_column][et_pb_column type=&#8221;1_2&#8243; _builder_version=&#8221;4.9.10&#8243; _module_preset=&#8221;default&#8221;][et_pb_image src=&#8221;https:\/\/extremebarcelona.com\/wp-content\/uploads\/2021\/09\/IVAN-MONTEIRO.jpg&#8221; title_text=&#8221;IVAN-MONTEIRO&#8221; align=&#8221;center&#8221; _builder_version=&#8221;4.9.10&#8243; _module_preset=&#8221;default&#8221; width=&#8221;93%&#8221;][\/et_pb_image][\/et_pb_column][\/et_pb_row][et_pb_row _builder_version=&#8221;4.9.10&#8243; _module_preset=&#8221;default&#8221; custom_margin=&#8221;-23px|auto||auto||&#8221;][et_pb_column type=&#8221;4_4&#8243; _builder_version=&#8221;4.9.10&#8243; _module_preset=&#8221;default&#8221;][et_pb_text _builder_version=&#8221;4.9.10&#8243; _module_preset=&#8221;default&#8221; custom_margin=&#8221;-15px|||||&#8221;]<\/p>\n<p style=\"text-align: justify;\"><span style=\"font-weight: 400;\">Un altre nom destacat \u00e9s l\u2019argent\u00ed Matias Dell Olio, quart a l\u2019Extreme Barcelona 2020, tercer al BEO 2019 i sis\u00e8 al BEO 2018.<\/span><\/p>\n<p>[\/et_pb_text][\/et_pb_column][\/et_pb_row][et_pb_row column_structure=&#8221;1_2,1_2&#8243; _builder_version=&#8221;4.9.10&#8243; _module_preset=&#8221;default&#8221; custom_margin=&#8221;-19px|auto||auto||&#8221; custom_padding=&#8221;||4px|||&#8221;][et_pb_column type=&#8221;1_2&#8243; _builder_version=&#8221;4.9.10&#8243; _module_preset=&#8221;default&#8221;][et_pb_image src=&#8221;https:\/\/extremebarcelona.com\/wp-content\/uploads\/2021\/09\/DANIEL-DHERS.jpg&#8221; title_text=&#8221;DANIEL-DHERS&#8221; _builder_version=&#8221;4.9.10&#8243; _module_preset=&#8221;default&#8221; width=&#8221;93%&#8221;][\/et_pb_image][\/et_pb_column][et_pb_column type=&#8221;1_2&#8243; _builder_version=&#8221;4.9.10&#8243; _module_preset=&#8221;default&#8221;][et_pb_text _builder_version=&#8221;4.9.10&#8243; _module_preset=&#8221;default&#8221; custom_margin=&#8221;9px|||-44px||&#8221; custom_padding=&#8221;|0px||||&#8221;]<\/p>\n<p style=\"text-align: justify;\"><strong>U<span>n campionat de\u00a0<\/span><span>BMX<\/span><span>\u00a0ple d&#8217;estrelles<\/span> <\/strong><\/p>\n<p>La competici\u00f3 de BMX d\u2019aquest any arriba amb el segell d\u2019UCI BMX Freestyle, pel que aquesta prova ser\u00e0 una prova oficial del campionat del m\u00f3n. Aix\u00f2 es tradueix en que tindrem un nivell molt alt amb alguns dels millors atletes del planeta.<\/p>\n<p>El vene\u00e7ol\u00e0 Daniel Dhers, actual campi\u00f3 de l\u2019Extreme Barcelona 202 ja ha confirmat la seva assist\u00e8ncia. Dhers \u00e9s sempre sin\u00f2nim d\u2019espectacle i diversi\u00f3!<\/p>\n<p>Altres noms que tamb\u00e9 han confirmat la seva participaci\u00f3 a l\u2019Extreme s\u00f3n: Kenneth Tencio, atleta ol\u00edmpic per Costa Rica, el nord-americ\u00e0 Daniel Sandoval, 4 cops medallista dels X-Games i campi\u00f3 nacional dels Estats Units, el peru\u00e0<\/p>\n<p>[\/et_pb_text][\/et_pb_column][\/et_pb_row][et_pb_row _builder_version=&#8221;4.9.10&#8243; _module_preset=&#8221;default&#8221; custom_margin=&#8221;-8px|auto||auto||&#8221; custom_padding=&#8221;6px|||||&#8221;][et_pb_column type=&#8221;4_4&#8243; _builder_version=&#8221;4.9.10&#8243; _module_preset=&#8221;default&#8221;][et_pb_text _builder_version=&#8221;4.9.10&#8243; _module_preset=&#8221;default&#8221;]<\/p>\n<p style=\"text-align: justify;\">Jose Maligno Torres, bronze als X-Games 2019 i campi\u00f3 del campionat Simple Session 2018, i l\u2019ol\u00edmpic nord-americ\u00e0 Nick Bruce posar\u00e0 tot el seu talent al Central Park.<\/p>\n<p>[\/et_pb_text][\/et_pb_column][\/et_pb_row][et_pb_row column_structure=&#8221;1_2,1_2&#8243; _builder_version=&#8221;4.9.10&#8243; _module_preset=&#8221;default&#8221; custom_margin=&#8221;-8px|auto||auto||&#8221; custom_padding=&#8221;6px|||||&#8221;][et_pb_column type=&#8221;1_2&#8243; _builder_version=&#8221;4.9.10&#8243; _module_preset=&#8221;default&#8221;][et_pb_text _builder_version=&#8221;4.9.10&#8243; _module_preset=&#8221;default&#8221; custom_margin=&#8221;|-35px||||&#8221; custom_padding=&#8221;|16px||||&#8221;]<\/p>\n<p style=\"text-align: justify;\"><strong>El campionat del m\u00f3n de Scooter en l&#8217;Extreme<\/strong><\/p>\n<p><span style=\"font-weight: 400;\">Aquest any estem molt feli\u00e7os de poder acollir, en col\u00b7laboraci\u00f3 de World Skate i la Federaci\u00f3n Espa\u00f1ola de patinaje, l\u2019Scooter World Championships de Men Park, Men Street i Women Park.<\/span><\/p>\n<p><span style=\"font-weight: 400;\">La llista d\u2019atletes confirmats \u00e9s inmensa per\u00f2 aqu\u00ed us fem cinc c\u00e8ntims amb alguns dels riders m\u00e9s destacats que lluitaran per l\u2019or en el Street Plaza i el Central Park: el brit\u00e0nic Jordan Clark,3 cops campi\u00f3 del m\u00f3n, Dante Hutchinson, campi\u00f3 de la final del mundial celebrada a l\u2019Extreme Barcelona 2017, Leo Spencer, el franc\u00e8s Esteban Clott i el chec Richard Zelinka far\u00e0n vibrar a tot el p\u00fablic amb el millor Scooter del m\u00f3n.<\/span><\/p>\n<p>[\/et_pb_text][\/et_pb_column][et_pb_column type=&#8221;1_2&#8243; _builder_version=&#8221;4.9.10&#8243; _module_preset=&#8221;default&#8221;][et_pb_image src=&#8221;https:\/\/extremebarcelona.com\/wp-content\/uploads\/2021\/09\/LUCY-EVANS.jpg&#8221; title_text=&#8221;LUCY-EVANS&#8221; _builder_version=&#8221;4.9.10&#8243; _module_preset=&#8221;default&#8221; width=&#8221;87%&#8221; custom_margin=&#8221;13px|||||&#8221;][\/et_pb_image][\/et_pb_column][\/et_pb_row][et_pb_row _builder_version=&#8221;4.9.10&#8243; _module_preset=&#8221;default&#8221; custom_margin=&#8221;-31px|auto||auto||&#8221; custom_padding=&#8221;3px|||||&#8221;][et_pb_column type=&#8221;4_4&#8243; _builder_version=&#8221;4.9.10&#8243; _module_preset=&#8221;default&#8221;][et_pb_text _builder_version=&#8221;4.9.10&#8243; _module_preset=&#8221;default&#8221; custom_margin=&#8221;14px|||||&#8221;]<\/p>\n<p style=\"text-align: justify;\"><span style=\"font-weight: 400;\">En quant a la final del mundial de Park Scooter Women, destaquem a la nord-americana Rebca Ortiz, campiona del m\u00f3n d\u2019Scooter Women 2019 que intentar\u00e0 repetir el seu t\u00edtol. La brit\u00e1nica Lucy Evans, quinta en la final del 2019, Mia Catalano, rider de Los \u00c1ngeles con mucho estilo, y la polaca Kornelia <\/span><span style=\"font-weight: 400;\">Strza\u0142kowska deixaran ben alt el nivell de l\u2019Scooter femen\u00ed.<\/span><\/p>\n<p>[\/et_pb_text][\/et_pb_column][\/et_pb_row][et_pb_row _builder_version=&#8221;4.9.10&#8243; _module_preset=&#8221;default&#8221; custom_padding=&#8221;3px|||||&#8221;][et_pb_column type=&#8221;4_4&#8243; _builder_version=&#8221;4.9.10&#8243; _module_preset=&#8221;default&#8221;][et_pb_text _builder_version=&#8221;4.9.10&#8243; _module_preset=&#8221;default&#8221;]<\/p>\n<p><strong><span>Un ambient que respira cultura Hip hop<\/span><\/strong><\/p>\n<p><span style=\"font-weight: 400;\">No totes les superestrelles de l\u2019Extreme Barcelona van sobre rodes.<\/span><\/p>\n<p><span style=\"font-weight: 400;\">Alguns dels millor b-boys i b-girls d\u2019Espanya tamb\u00e9 estaran a l\u2019Extreme lluitant per les primeres medalles d\u2019aquesta modalitat a la hist\u00f2ria de l\u2019event.<\/span><\/p>\n<p><span style=\"font-weight: 400;\">A la batalla freestyle YOUNG BLOOD els participants posaran a prova les seves rimas i ingeni per tal de superar les fases i aix\u00ed poder aspirar a la medalla d\u2019or a la gran final. Comptarem amb promeses de l\u2019escena local barcelonesa i tamb\u00e9 grans mestres com Blon i Khan Doble L, que far\u00e0n una exhibici\u00f3 que segur que ser\u00e0 \u00e9pica.<\/span><\/p>\n<p>[\/et_pb_text][et_pb_image src=&#8221;https:\/\/extremebarcelona.com\/wp-content\/uploads\/2021\/07\/6.jpg&#8221; title_text=&#8221;6&#8243; _builder_version=&#8221;4.9.10&#8243; _module_preset=&#8221;default&#8221;][\/et_pb_image][\/et_pb_column][\/et_pb_row][et_pb_row _builder_version=&#8221;4.9.10&#8243; _module_preset=&#8221;default&#8221; custom_padding=&#8221;5px|||||&#8221;][et_pb_column type=&#8221;4_4&#8243; _builder_version=&#8221;4.9.10&#8243; _module_preset=&#8221;default&#8221;][et_pb_text _builder_version=&#8221;4.9.10&#8243; _module_preset=&#8221;default&#8221;]<\/p>\n<p><strong><b>No t\u2019ho perdis!: compra les teves entrades avui mateix!<\/b>\u00a0<\/strong><\/p>\n<p><span style=\"font-weight: 400;\">Degut a les restriccions pel COVID, s\u2019ha <\/span><a href=\"https:\/\/www.wordreference.com\/definicio\/redu%c3%aft\"><span style=\"font-weight: 400;\">redu\u00eft<\/span><\/a><span style=\"font-weight: 400;\"> el nombre d\u2019espectadors permesos, pel que hi han un n\u00famero limitat d\u2019entrades disponibles. Si ets un aficionat dels esports extrems o un apassionat de la cultura urbana, compra les teves entrades ara. Vine a veure l\u2019event espectacular d\u2019esports d\u2019acci\u00f3 el 25 i 26 de setembre al Parc del F\u00f2rum de Barcelona.<\/span><\/p>\n<p><span style=\"font-weight: 400;\">Gaudir\u00e0s d\u2019algunes de les millor competicions internacionals, amb la participaci\u00f3 d\u2019atletes ol\u00edmpics, aix\u00ed com una gran varietat de m\u00fasica, art i estil de vida, amb el segell de la cultura urbana.<\/span><\/p>\n<p style=\"text-align: center;\"><a href=\"https:\/\/proticketing.com\/extremebarcelonatickets\/es_ES\/entradas\/evento\/20594?utm_source=web%20esp&amp;utm_medium=botonesp&amp;utm_campaign=venta%20tickets\"><strong><b>Fes<\/b><a href=\"https:\/\/proticketing.com\/extremebarcelonatickets\/es_ES\/entradas\/evento\/20594?utm_source=web%20esp&amp;utm_medium=botonesp&amp;utm_campaign=venta%20tickets\"><b> click aqu\u00ed per comprar les teves entrade<\/b><\/a><b>s<\/b><\/strong><\/a><\/p>\n<p>[\/et_pb_text][\/et_pb_column][\/et_pb_row][\/et_pb_section]<\/p>\n","protected":false},"excerpt":{"rendered":"<p>Daniel Sandoval, Ivan Monteiro i Jordan Clark s\u00f3n alguns dels grans noms confirmats per l\u2019Extreme Barcelona 2021 M\u00e9s de 300 atletes lluitaran per les medalles al Parc del F\u00f2rum A l\u2019edici\u00f3 d\u2019aquest any de l\u2019Extreme Barcelona tindrem a grans atletes de renom en totes les modalitats presents a l\u2019event: Skate, Scooter i BMX.Joao Lucas, Ivan [&hellip;]<\/p>\n","protected":false},"author":8,"featured_media":12634,"comment_status":"closed","ping_status":"closed","sticky":false,"template":"","format":"standard","meta":{"_et_pb_use_builder":"on","_et_pb_old_content":"","_et_gb_content_width":"","footnotes":""},"categories":[20],"tags":[],"class_list":["post-12624","post","type-post","status-publish","format-standard","has-post-thumbnail","hentry","category-noticies"],"yoast_head":"<!-- This site is optimized with the Yoast SEO plugin v27.2 - https:\/\/yoast.com\/product\/yoast-seo-wordpress\/ -->\n<title>Grans noms confirmats per l\u2019Extreme Barcelona<\/title>\n<meta name=\"description\" content=\"Daniel Sandoval, Ivan Monteiro i Jordan Clark s\u00f3n alguns dels grans noms confirmats per l\u2019Extreme Barcelona 2021\" \/>\n<meta name=\"robots\" content=\"index, follow, max-snippet:-1, max-image-preview:large, max-video-preview:-1\" \/>\n<link rel=\"canonical\" href=\"https:\/\/extremebarcelona.com\/ca\/2021\/09\/13\/grans-noms-confirmats-per-lextreme-barcelona-coneix-als-candidats-des-per-lor\/\" \/>\n<meta property=\"og:locale\" content=\"ca_ES\" \/>\n<meta property=\"og:type\" content=\"article\" \/>\n<meta property=\"og:title\" content=\"Grans noms confirmats per l\u2019Extreme Barcelona\" \/>\n<meta property=\"og:description\" content=\"Daniel Sandoval, Ivan Monteiro i Jordan Clark s\u00f3n alguns dels grans noms confirmats per l\u2019Extreme Barcelona 2021\" \/>\n<meta property=\"og:url\" content=\"https:\/\/extremebarcelona.com\/ca\/2021\/09\/13\/grans-noms-confirmats-per-lextreme-barcelona-coneix-als-candidats-des-per-lor\/\" \/>\n<meta property=\"og:site_name\" content=\"Extreme Barcelona\" \/>\n<meta property=\"article:published_time\" content=\"2021-09-13T16:14:24+00:00\" \/>\n<meta property=\"article:modified_time\" content=\"2021-09-17T13:26:42+00:00\" \/>\n<meta property=\"og:image\" content=\"https:\/\/extremebarcelona.com\/wp-content\/uploads\/2021\/09\/ImaginBCNextreme2017_DOMINGO_scooter-1-1-1.jpg\" \/>\n\t<meta property=\"og:image:width\" content=\"795\" \/>\n\t<meta property=\"og:image:height\" content=\"530\" \/>\n\t<meta property=\"og:image:type\" content=\"image\/jpeg\" \/>\n<meta name=\"author\" content=\"UWS\" \/>\n<meta name=\"twitter:card\" content=\"summary_large_image\" \/>\n<meta name=\"twitter:label1\" content=\"Escrit per\" \/>\n\t<meta name=\"twitter:data1\" content=\"UWS\" \/>\n\t<meta name=\"twitter:label2\" content=\"Temps estimat de lectura\" \/>\n\t<meta name=\"twitter:data2\" content=\"7 minuts\" \/>\n<script type=\"application\/ld+json\" class=\"yoast-schema-graph\">{\"@context\":\"https:\/\/schema.org\",\"@graph\":[{\"@type\":\"NewsArticle\",\"@id\":\"https:\/\/extremebarcelona.com\/ca\/2021\/09\/13\/grans-noms-confirmats-per-lextreme-barcelona-coneix-als-candidats-des-per-lor\/#article\",\"isPartOf\":{\"@id\":\"https:\/\/extremebarcelona.com\/ca\/2021\/09\/13\/grans-noms-confirmats-per-lextreme-barcelona-coneix-als-candidats-des-per-lor\/\"},\"author\":{\"name\":\"UWS\",\"@id\":\"https:\/\/extremebarcelona.com\/#\/schema\/person\/84bb7d2facd51100910ca1df9186891e\"},\"headline\":\"Grans noms confirmats per l\u2019Extreme Barcelona. Coneix als candidats\/des per l\u2019or.\",\"datePublished\":\"2021-09-13T16:14:24+00:00\",\"dateModified\":\"2021-09-17T13:26:42+00:00\",\"mainEntityOfPage\":{\"@id\":\"https:\/\/extremebarcelona.com\/ca\/2021\/09\/13\/grans-noms-confirmats-per-lextreme-barcelona-coneix-als-candidats-des-per-lor\/\"},\"wordCount\":1411,\"publisher\":{\"@id\":\"https:\/\/extremebarcelona.com\/#organization\"},\"image\":{\"@id\":\"https:\/\/extremebarcelona.com\/ca\/2021\/09\/13\/grans-noms-confirmats-per-lextreme-barcelona-coneix-als-candidats-des-per-lor\/#primaryimage\"},\"thumbnailUrl\":\"https:\/\/extremebarcelona.com\/wp-content\/uploads\/2021\/09\/ImaginBCNextreme2017_DOMINGO_scooter-1-1-1.jpg\",\"articleSection\":[\"Noticies\"],\"inLanguage\":\"ca\"},{\"@type\":\"WebPage\",\"@id\":\"https:\/\/extremebarcelona.com\/ca\/2021\/09\/13\/grans-noms-confirmats-per-lextreme-barcelona-coneix-als-candidats-des-per-lor\/\",\"url\":\"https:\/\/extremebarcelona.com\/ca\/2021\/09\/13\/grans-noms-confirmats-per-lextreme-barcelona-coneix-als-candidats-des-per-lor\/\",\"name\":\"Grans noms confirmats per l\u2019Extreme Barcelona\",\"isPartOf\":{\"@id\":\"https:\/\/extremebarcelona.com\/#website\"},\"primaryImageOfPage\":{\"@id\":\"https:\/\/extremebarcelona.com\/ca\/2021\/09\/13\/grans-noms-confirmats-per-lextreme-barcelona-coneix-als-candidats-des-per-lor\/#primaryimage\"},\"image\":{\"@id\":\"https:\/\/extremebarcelona.com\/ca\/2021\/09\/13\/grans-noms-confirmats-per-lextreme-barcelona-coneix-als-candidats-des-per-lor\/#primaryimage\"},\"thumbnailUrl\":\"https:\/\/extremebarcelona.com\/wp-content\/uploads\/2021\/09\/ImaginBCNextreme2017_DOMINGO_scooter-1-1-1.jpg\",\"datePublished\":\"2021-09-13T16:14:24+00:00\",\"dateModified\":\"2021-09-17T13:26:42+00:00\",\"description\":\"Daniel Sandoval, Ivan Monteiro i Jordan Clark s\u00f3n alguns dels grans noms confirmats per l\u2019Extreme Barcelona 2021\",\"breadcrumb\":{\"@id\":\"https:\/\/extremebarcelona.com\/ca\/2021\/09\/13\/grans-noms-confirmats-per-lextreme-barcelona-coneix-als-candidats-des-per-lor\/#breadcrumb\"},\"inLanguage\":\"ca\",\"potentialAction\":[{\"@type\":\"ReadAction\",\"target\":[\"https:\/\/extremebarcelona.com\/ca\/2021\/09\/13\/grans-noms-confirmats-per-lextreme-barcelona-coneix-als-candidats-des-per-lor\/\"]}]},{\"@type\":\"ImageObject\",\"inLanguage\":\"ca\",\"@id\":\"https:\/\/extremebarcelona.com\/ca\/2021\/09\/13\/grans-noms-confirmats-per-lextreme-barcelona-coneix-als-candidats-des-per-lor\/#primaryimage\",\"url\":\"https:\/\/extremebarcelona.com\/wp-content\/uploads\/2021\/09\/ImaginBCNextreme2017_DOMINGO_scooter-1-1-1.jpg\",\"contentUrl\":\"https:\/\/extremebarcelona.com\/wp-content\/uploads\/2021\/09\/ImaginBCNextreme2017_DOMINGO_scooter-1-1-1.jpg\",\"width\":795,\"height\":530,\"caption\":\"Grandes nombres confirmados para el Extreme Barcelona\"},{\"@type\":\"BreadcrumbList\",\"@id\":\"https:\/\/extremebarcelona.com\/ca\/2021\/09\/13\/grans-noms-confirmats-per-lextreme-barcelona-coneix-als-candidats-des-per-lor\/#breadcrumb\",\"itemListElement\":[{\"@type\":\"ListItem\",\"position\":1,\"name\":\"Portada\",\"item\":\"https:\/\/extremebarcelona.com\/\"},{\"@type\":\"ListItem\",\"position\":2,\"name\":\"Grans noms confirmats per l\u2019Extreme Barcelona. Coneix als candidats\/des per l\u2019or.\"}]},{\"@type\":\"WebSite\",\"@id\":\"https:\/\/extremebarcelona.com\/#website\",\"url\":\"https:\/\/extremebarcelona.com\/\",\"name\":\"Extreme Barcelona\",\"description\":\"Otro sitio realizado con WordPress\",\"publisher\":{\"@id\":\"https:\/\/extremebarcelona.com\/#organization\"},\"potentialAction\":[{\"@type\":\"SearchAction\",\"target\":{\"@type\":\"EntryPoint\",\"urlTemplate\":\"https:\/\/extremebarcelona.com\/?s={search_term_string}\"},\"query-input\":{\"@type\":\"PropertyValueSpecification\",\"valueRequired\":true,\"valueName\":\"search_term_string\"}}],\"inLanguage\":\"ca\"},{\"@type\":\"Organization\",\"@id\":\"https:\/\/extremebarcelona.com\/#organization\",\"name\":\"Extreme Barcelona\",\"url\":\"https:\/\/extremebarcelona.com\/\",\"logo\":{\"@type\":\"ImageObject\",\"inLanguage\":\"ca\",\"@id\":\"https:\/\/extremebarcelona.com\/#\/schema\/logo\/image\/\",\"url\":\"https:\/\/extremebarcelona.com\/wp-content\/uploads\/2021\/04\/Logo-Extreme-2021.png\",\"contentUrl\":\"https:\/\/extremebarcelona.com\/wp-content\/uploads\/2021\/04\/Logo-Extreme-2021.png\",\"width\":500,\"height\":500,\"caption\":\"Extreme Barcelona\"},\"image\":{\"@id\":\"https:\/\/extremebarcelona.com\/#\/schema\/logo\/image\/\"}},{\"@type\":\"Person\",\"@id\":\"https:\/\/extremebarcelona.com\/#\/schema\/person\/84bb7d2facd51100910ca1df9186891e\",\"name\":\"UWS\",\"image\":{\"@type\":\"ImageObject\",\"inLanguage\":\"ca\",\"@id\":\"https:\/\/secure.gravatar.com\/avatar\/41b930374ee41e318f6457172bd2f6e300b1872879ecb443d692bea8dad136f9?s=96&d=mm&r=g\",\"url\":\"https:\/\/secure.gravatar.com\/avatar\/41b930374ee41e318f6457172bd2f6e300b1872879ecb443d692bea8dad136f9?s=96&d=mm&r=g\",\"contentUrl\":\"https:\/\/secure.gravatar.com\/avatar\/41b930374ee41e318f6457172bd2f6e300b1872879ecb443d692bea8dad136f9?s=96&d=mm&r=g\",\"caption\":\"UWS\"}}]}<\/script>\n<!-- \/ Yoast SEO plugin. -->","yoast_head_json":{"title":"Grans noms confirmats per l\u2019Extreme Barcelona","description":"Daniel Sandoval, Ivan Monteiro i Jordan Clark s\u00f3n alguns dels grans noms confirmats per l\u2019Extreme Barcelona 2021","robots":{"index":"index","follow":"follow","max-snippet":"max-snippet:-1","max-image-preview":"max-image-preview:large","max-video-preview":"max-video-preview:-1"},"canonical":"https:\/\/extremebarcelona.com\/ca\/2021\/09\/13\/grans-noms-confirmats-per-lextreme-barcelona-coneix-als-candidats-des-per-lor\/","og_locale":"ca_ES","og_type":"article","og_title":"Grans noms confirmats per l\u2019Extreme Barcelona","og_description":"Daniel Sandoval, Ivan Monteiro i Jordan Clark s\u00f3n alguns dels grans noms confirmats per l\u2019Extreme Barcelona 2021","og_url":"https:\/\/extremebarcelona.com\/ca\/2021\/09\/13\/grans-noms-confirmats-per-lextreme-barcelona-coneix-als-candidats-des-per-lor\/","og_site_name":"Extreme Barcelona","article_published_time":"2021-09-13T16:14:24+00:00","article_modified_time":"2021-09-17T13:26:42+00:00","og_image":[{"width":795,"height":530,"url":"https:\/\/extremebarcelona.com\/wp-content\/uploads\/2021\/09\/ImaginBCNextreme2017_DOMINGO_scooter-1-1-1.jpg","type":"image\/jpeg"}],"author":"UWS","twitter_card":"summary_large_image","twitter_misc":{"Escrit per":"UWS","Temps estimat de lectura":"7 minuts"},"schema":{"@context":"https:\/\/schema.org","@graph":[{"@type":"NewsArticle","@id":"https:\/\/extremebarcelona.com\/ca\/2021\/09\/13\/grans-noms-confirmats-per-lextreme-barcelona-coneix-als-candidats-des-per-lor\/#article","isPartOf":{"@id":"https:\/\/extremebarcelona.com\/ca\/2021\/09\/13\/grans-noms-confirmats-per-lextreme-barcelona-coneix-als-candidats-des-per-lor\/"},"author":{"name":"UWS","@id":"https:\/\/extremebarcelona.com\/#\/schema\/person\/84bb7d2facd51100910ca1df9186891e"},"headline":"Grans noms confirmats per l\u2019Extreme Barcelona. Coneix als candidats\/des per l\u2019or.","datePublished":"2021-09-13T16:14:24+00:00","dateModified":"2021-09-17T13:26:42+00:00","mainEntityOfPage":{"@id":"https:\/\/extremebarcelona.com\/ca\/2021\/09\/13\/grans-noms-confirmats-per-lextreme-barcelona-coneix-als-candidats-des-per-lor\/"},"wordCount":1411,"publisher":{"@id":"https:\/\/extremebarcelona.com\/#organization"},"image":{"@id":"https:\/\/extremebarcelona.com\/ca\/2021\/09\/13\/grans-noms-confirmats-per-lextreme-barcelona-coneix-als-candidats-des-per-lor\/#primaryimage"},"thumbnailUrl":"https:\/\/extremebarcelona.com\/wp-content\/uploads\/2021\/09\/ImaginBCNextreme2017_DOMINGO_scooter-1-1-1.jpg","articleSection":["Noticies"],"inLanguage":"ca"},{"@type":"WebPage","@id":"https:\/\/extremebarcelona.com\/ca\/2021\/09\/13\/grans-noms-confirmats-per-lextreme-barcelona-coneix-als-candidats-des-per-lor\/","url":"https:\/\/extremebarcelona.com\/ca\/2021\/09\/13\/grans-noms-confirmats-per-lextreme-barcelona-coneix-als-candidats-des-per-lor\/","name":"Grans noms confirmats per l\u2019Extreme Barcelona","isPartOf":{"@id":"https:\/\/extremebarcelona.com\/#website"},"primaryImageOfPage":{"@id":"https:\/\/extremebarcelona.com\/ca\/2021\/09\/13\/grans-noms-confirmats-per-lextreme-barcelona-coneix-als-candidats-des-per-lor\/#primaryimage"},"image":{"@id":"https:\/\/extremebarcelona.com\/ca\/2021\/09\/13\/grans-noms-confirmats-per-lextreme-barcelona-coneix-als-candidats-des-per-lor\/#primaryimage"},"thumbnailUrl":"https:\/\/extremebarcelona.com\/wp-content\/uploads\/2021\/09\/ImaginBCNextreme2017_DOMINGO_scooter-1-1-1.jpg","datePublished":"2021-09-13T16:14:24+00:00","dateModified":"2021-09-17T13:26:42+00:00","description":"Daniel Sandoval, Ivan Monteiro i Jordan Clark s\u00f3n alguns dels grans noms confirmats per l\u2019Extreme Barcelona 2021","breadcrumb":{"@id":"https:\/\/extremebarcelona.com\/ca\/2021\/09\/13\/grans-noms-confirmats-per-lextreme-barcelona-coneix-als-candidats-des-per-lor\/#breadcrumb"},"inLanguage":"ca","potentialAction":[{"@type":"ReadAction","target":["https:\/\/extremebarcelona.com\/ca\/2021\/09\/13\/grans-noms-confirmats-per-lextreme-barcelona-coneix-als-candidats-des-per-lor\/"]}]},{"@type":"ImageObject","inLanguage":"ca","@id":"https:\/\/extremebarcelona.com\/ca\/2021\/09\/13\/grans-noms-confirmats-per-lextreme-barcelona-coneix-als-candidats-des-per-lor\/#primaryimage","url":"https:\/\/extremebarcelona.com\/wp-content\/uploads\/2021\/09\/ImaginBCNextreme2017_DOMINGO_scooter-1-1-1.jpg","contentUrl":"https:\/\/extremebarcelona.com\/wp-content\/uploads\/2021\/09\/ImaginBCNextreme2017_DOMINGO_scooter-1-1-1.jpg","width":795,"height":530,"caption":"Grandes nombres confirmados para el Extreme Barcelona"},{"@type":"BreadcrumbList","@id":"https:\/\/extremebarcelona.com\/ca\/2021\/09\/13\/grans-noms-confirmats-per-lextreme-barcelona-coneix-als-candidats-des-per-lor\/#breadcrumb","itemListElement":[{"@type":"ListItem","position":1,"name":"Portada","item":"https:\/\/extremebarcelona.com\/"},{"@type":"ListItem","position":2,"name":"Grans noms confirmats per l\u2019Extreme Barcelona. Coneix als candidats\/des per l\u2019or."}]},{"@type":"WebSite","@id":"https:\/\/extremebarcelona.com\/#website","url":"https:\/\/extremebarcelona.com\/","name":"Extreme Barcelona","description":"Otro sitio realizado con WordPress","publisher":{"@id":"https:\/\/extremebarcelona.com\/#organization"},"potentialAction":[{"@type":"SearchAction","target":{"@type":"EntryPoint","urlTemplate":"https:\/\/extremebarcelona.com\/?s={search_term_string}"},"query-input":{"@type":"PropertyValueSpecification","valueRequired":true,"valueName":"search_term_string"}}],"inLanguage":"ca"},{"@type":"Organization","@id":"https:\/\/extremebarcelona.com\/#organization","name":"Extreme Barcelona","url":"https:\/\/extremebarcelona.com\/","logo":{"@type":"ImageObject","inLanguage":"ca","@id":"https:\/\/extremebarcelona.com\/#\/schema\/logo\/image\/","url":"https:\/\/extremebarcelona.com\/wp-content\/uploads\/2021\/04\/Logo-Extreme-2021.png","contentUrl":"https:\/\/extremebarcelona.com\/wp-content\/uploads\/2021\/04\/Logo-Extreme-2021.png","width":500,"height":500,"caption":"Extreme Barcelona"},"image":{"@id":"https:\/\/extremebarcelona.com\/#\/schema\/logo\/image\/"}},{"@type":"Person","@id":"https:\/\/extremebarcelona.com\/#\/schema\/person\/84bb7d2facd51100910ca1df9186891e","name":"UWS","image":{"@type":"ImageObject","inLanguage":"ca","@id":"https:\/\/secure.gravatar.com\/avatar\/41b930374ee41e318f6457172bd2f6e300b1872879ecb443d692bea8dad136f9?s=96&d=mm&r=g","url":"https:\/\/secure.gravatar.com\/avatar\/41b930374ee41e318f6457172bd2f6e300b1872879ecb443d692bea8dad136f9?s=96&d=mm&r=g","contentUrl":"https:\/\/secure.gravatar.com\/avatar\/41b930374ee41e318f6457172bd2f6e300b1872879ecb443d692bea8dad136f9?s=96&d=mm&r=g","caption":"UWS"}}]}},"_links":{"self":[{"href":"https:\/\/extremebarcelona.com\/ca\/wp-json\/wp\/v2\/posts\/12624","targetHints":{"allow":["GET"]}}],"collection":[{"href":"https:\/\/extremebarcelona.com\/ca\/wp-json\/wp\/v2\/posts"}],"about":[{"href":"https:\/\/extremebarcelona.com\/ca\/wp-json\/wp\/v2\/types\/post"}],"author":[{"embeddable":true,"href":"https:\/\/extremebarcelona.com\/ca\/wp-json\/wp\/v2\/users\/8"}],"replies":[{"embeddable":true,"href":"https:\/\/extremebarcelona.com\/ca\/wp-json\/wp\/v2\/comments?post=12624"}],"version-history":[{"count":5,"href":"https:\/\/extremebarcelona.com\/ca\/wp-json\/wp\/v2\/posts\/12624\/revisions"}],"predecessor-version":[{"id":12933,"href":"https:\/\/extremebarcelona.com\/ca\/wp-json\/wp\/v2\/posts\/12624\/revisions\/12933"}],"wp:featuredmedia":[{"embeddable":true,"href":"https:\/\/extremebarcelona.com\/ca\/wp-json\/wp\/v2\/media\/12634"}],"wp:attachment":[{"href":"https:\/\/extremebarcelona.com\/ca\/wp-json\/wp\/v2\/media?parent=12624"}],"wp:term":[{"taxonomy":"category","embeddable":true,"href":"https:\/\/extremebarcelona.com\/ca\/wp-json\/wp\/v2\/categories?post=12624"},{"taxonomy":"post_tag","embeddable":true,"href":"https:\/\/extremebarcelona.com\/ca\/wp-json\/wp\/v2\/tags?post=12624"}],"curies":[{"name":"wp","href":"https:\/\/api.w.org\/{rel}","templated":true}]}}