{"id":12056,"date":"2021-09-07T12:00:05","date_gmt":"2021-09-07T10:00:05","guid":{"rendered":"https:\/\/extremebarcelona.com\/?p=12056"},"modified":"2021-09-17T17:01:25","modified_gmt":"2021-09-17T15:01:25","slug":"ya-tenemos-horarios-en-extreme-barcelona","status":"publish","type":"post","link":"https:\/\/extremebarcelona.com\/ca\/2021\/09\/07\/ya-tenemos-horarios-en-extreme-barcelona\/","title":{"rendered":"Ja tenim horaris en Extreme Barcelona!"},"content":{"rendered":"<p>[et_pb_section fb_built=&#8221;1&#8243; _builder_version=&#8221;4.9.10&#8243; _module_preset=&#8221;default&#8221; custom_padding=&#8221;7px|||||&#8221;][et_pb_row _builder_version=&#8221;4.9.10&#8243; _module_preset=&#8221;default&#8221; custom_margin=&#8221;4px|auto||auto||&#8221; custom_padding=&#8221;6px|||||&#8221;][et_pb_column type=&#8221;4_4&#8243; _builder_version=&#8221;4.9.10&#8243; _module_preset=&#8221;default&#8221;][et_pb_image src=&#8221;https:\/\/extremebarcelona.com\/wp-content\/uploads\/2021\/09\/tenemos-horarios.jpg&#8221; title_text=&#8221;tenemos-horarios&#8221; _builder_version=&#8221;4.9.10&#8243; _module_preset=&#8221;default&#8221;][\/et_pb_image][et_pb_text _builder_version=&#8221;4.9.10&#8243; _module_preset=&#8221;default&#8221;]<\/p>\n<p style=\"text-align: justify;\">Sabem que tenies ganes de con\u00e8ixer tota l&#8217;oferta detalladament del Extreme Barcelona, aqu\u00ed tens els horaris del cap de setmana amb tots els escenaris. En total,\u00a0 els assistents tindran fins a quatre ubicacions diferents des de les quals gaudir de tota l&#8217;oferta del festival: el Central Park, el Street Plaza i el Urban Stage i el Action Space Megaramp.<\/p>\n<p style=\"text-align: justify;\">A causa de la situaci\u00f3 de pand\u00e8mia ens veiem obligats a limitar els aforaments en les nostres quatre ubicacions.<\/p>\n<ul style=\"text-align: justify;\">\n<li>Street Plaza: 900 persones<\/li>\n<li>Central Park: 1450 persones<\/li>\n<li>Urban Stage: 50 persones<\/li>\n<li>MegaRamp: 600 persones<\/li>\n<\/ul>\n<p style=\"text-align: justify;\">Les grans finals de les disciplines de Scooter o BMX es concentraran el diumenge mentre que el *Skate succeir\u00e0 el dissabte.<\/p>\n<p style=\"text-align: justify;\">Les competicions de Breaking se celebraran durant el dissabte mentre que les batalles freestyle de Young Blood (FMS) seran el diumenge com a colof\u00f3 final del festival. I per primera vegada, l&#8217;Extremi comptar\u00e0 amb una Megaramp que oferir\u00e0 un espectacle d&#8217;altura, <a href=\"https:\/\/extremebarcelona.com\/ca\/2021\/09\/07\/els-millors-trucs-del-mon-en-el-concurs-de-megaramp-de-action-space\/\">si vols saber els detalls, punxa aqu\u00ed<\/a>.<\/p>\n<p style=\"text-align: justify;\">Una \u00e0mplia oferta ideada perqu\u00e8 LA TEVA AL\u00b7LUCINIS.<\/p>\n<p style=\"text-align: justify;\">Vols organitzar-te un cap de setmana extrem? Saca l&#8217;agenda i pren nota!<\/p>\n<p>[\/et_pb_text][\/et_pb_column][\/et_pb_row][et_pb_row disabled_on=&#8221;on|on|off&#8221; _builder_version=&#8221;4.9.10&#8243; _module_preset=&#8221;default&#8221;][et_pb_column type=&#8221;4_4&#8243; _builder_version=&#8221;4.9.10&#8243; _module_preset=&#8221;default&#8221;][et_pb_image src=&#8221;https:\/\/extremebarcelona.com\/wp-content\/uploads\/2021\/09\/dissabte-1156x650px-1v7opt.jpg&#8221; title_text=&#8221;dissabte-1156x650px-(1)v7opt&#8221; _builder_version=&#8221;4.9.10&#8243; _module_preset=&#8221;default&#8221;][\/et_pb_image][et_pb_image src=&#8221;https:\/\/extremebarcelona.com\/wp-content\/uploads\/2021\/09\/DIUMENGE-1156x650px-v7opt.jpg&#8221; title_text=&#8221;DIUMENGE-1156x650px-v7opt&#8221; _builder_version=&#8221;4.9.10&#8243; _module_preset=&#8221;default&#8221;][\/et_pb_image][\/et_pb_column][\/et_pb_row][et_pb_row disabled_on=&#8221;off|off|on&#8221; _builder_version=&#8221;4.9.10&#8243; _module_preset=&#8221;default&#8221;][et_pb_column type=&#8221;4_4&#8243; _builder_version=&#8221;4.9.10&#8243; _module_preset=&#8221;default&#8221;][et_pb_image src=&#8221;https:\/\/extremebarcelona.com\/wp-content\/uploads\/2021\/09\/dissabte-web-movil-v7opt.jpg&#8221; title_text=&#8221;dissabte-web-movil-v7opt&#8221; align=&#8221;center&#8221; _builder_version=&#8221;4.9.10&#8243; _module_preset=&#8221;default&#8221;][\/et_pb_image][et_pb_image src=&#8221;https:\/\/extremebarcelona.com\/wp-content\/uploads\/2021\/09\/diumenge-web-movilv7opt.jpg&#8221; title_text=&#8221;diumenge-web-movilv7opt&#8221; align=&#8221;center&#8221; _builder_version=&#8221;4.9.10&#8243; _module_preset=&#8221;default&#8221;][\/et_pb_image][\/et_pb_column][\/et_pb_row][\/et_pb_section]<\/p>\n","protected":false},"excerpt":{"rendered":"<p>Sabem que tenies ganes de con\u00e8ixer tota l&#8217;oferta detalladament del Extreme Barcelona, aqu\u00ed tens els horaris del cap de setmana amb tots els escenaris. En total,\u00a0 els assistents tindran fins a quatre ubicacions diferents des de les quals gaudir de tota l&#8217;oferta del festival: el Central Park, el Street Plaza i el Urban Stage i [&hellip;]<\/p>\n","protected":false},"author":8,"featured_media":12946,"comment_status":"closed","ping_status":"closed","sticky":false,"template":"","format":"standard","meta":{"_et_pb_use_builder":"on","_et_pb_old_content":"","_et_gb_content_width":"","footnotes":""},"categories":[20],"tags":[],"class_list":["post-12056","post","type-post","status-publish","format-standard","has-post-thumbnail","hentry","category-noticies"],"yoast_head":"<!-- This site is optimized with the Yoast SEO plugin v27.2 - https:\/\/yoast.com\/product\/yoast-seo-wordpress\/ -->\n<title>\u00a1Ya tenemos horarios en Extreme Barcelona! | Extreme Barcelona<\/title>\n<meta name=\"description\" content=\"\u00bfQuieres organizarte un fin de semana extremo? A continuaci\u00f3n te facilitamos los horarios del Extreme Barcelona y sus espacios donde...\" \/>\n<meta name=\"robots\" content=\"index, follow, max-snippet:-1, max-image-preview:large, max-video-preview:-1\" \/>\n<link rel=\"canonical\" href=\"https:\/\/extremebarcelona.com\/ca\/2021\/09\/07\/ya-tenemos-horarios-en-extreme-barcelona\/\" \/>\n<meta property=\"og:locale\" content=\"ca_ES\" \/>\n<meta property=\"og:type\" content=\"article\" \/>\n<meta property=\"og:title\" content=\"\u00a1Ya tenemos horarios en Extreme Barcelona! | Extreme Barcelona\" \/>\n<meta property=\"og:description\" content=\"\u00bfQuieres organizarte un fin de semana extremo? A continuaci\u00f3n te facilitamos los horarios del Extreme Barcelona y sus espacios donde...\" \/>\n<meta property=\"og:url\" content=\"https:\/\/extremebarcelona.com\/ca\/2021\/09\/07\/ya-tenemos-horarios-en-extreme-barcelona\/\" \/>\n<meta property=\"og:site_name\" content=\"Extreme Barcelona\" \/>\n<meta property=\"article:published_time\" content=\"2021-09-07T10:00:05+00:00\" \/>\n<meta property=\"article:modified_time\" content=\"2021-09-17T15:01:25+00:00\" \/>\n<meta property=\"og:image\" content=\"https:\/\/extremebarcelona.com\/wp-content\/uploads\/2021\/09\/tenemos-horarios.jpg\" \/>\n\t<meta property=\"og:image:width\" content=\"1156\" \/>\n\t<meta property=\"og:image:height\" content=\"650\" \/>\n\t<meta property=\"og:image:type\" content=\"image\/jpeg\" \/>\n<meta name=\"author\" content=\"UWS\" \/>\n<meta name=\"twitter:card\" content=\"summary_large_image\" \/>\n<meta name=\"twitter:label1\" content=\"Escrit per\" \/>\n\t<meta name=\"twitter:data1\" content=\"UWS\" \/>\n\t<meta name=\"twitter:label2\" content=\"Temps estimat de lectura\" \/>\n\t<meta name=\"twitter:data2\" content=\"1 minut\" \/>\n<script type=\"application\/ld+json\" class=\"yoast-schema-graph\">{\"@context\":\"https:\/\/schema.org\",\"@graph\":[{\"@type\":\"NewsArticle\",\"@id\":\"https:\/\/extremebarcelona.com\/ca\/2021\/09\/07\/ya-tenemos-horarios-en-extreme-barcelona\/#article\",\"isPartOf\":{\"@id\":\"https:\/\/extremebarcelona.com\/ca\/2021\/09\/07\/ya-tenemos-horarios-en-extreme-barcelona\/\"},\"author\":{\"name\":\"UWS\",\"@id\":\"https:\/\/extremebarcelona.com\/#\/schema\/person\/84bb7d2facd51100910ca1df9186891e\"},\"headline\":\"Ja tenim horaris en Extreme Barcelona!\",\"datePublished\":\"2021-09-07T10:00:05+00:00\",\"dateModified\":\"2021-09-17T15:01:25+00:00\",\"mainEntityOfPage\":{\"@id\":\"https:\/\/extremebarcelona.com\/ca\/2021\/09\/07\/ya-tenemos-horarios-en-extreme-barcelona\/\"},\"wordCount\":438,\"publisher\":{\"@id\":\"https:\/\/extremebarcelona.com\/#organization\"},\"image\":{\"@id\":\"https:\/\/extremebarcelona.com\/ca\/2021\/09\/07\/ya-tenemos-horarios-en-extreme-barcelona\/#primaryimage\"},\"thumbnailUrl\":\"https:\/\/extremebarcelona.com\/wp-content\/uploads\/2021\/09\/tenemos-horarios.jpg\",\"articleSection\":[\"Noticies\"],\"inLanguage\":\"ca\"},{\"@type\":\"WebPage\",\"@id\":\"https:\/\/extremebarcelona.com\/ca\/2021\/09\/07\/ya-tenemos-horarios-en-extreme-barcelona\/\",\"url\":\"https:\/\/extremebarcelona.com\/ca\/2021\/09\/07\/ya-tenemos-horarios-en-extreme-barcelona\/\",\"name\":\"\u00a1Ya tenemos horarios en Extreme Barcelona! | Extreme Barcelona\",\"isPartOf\":{\"@id\":\"https:\/\/extremebarcelona.com\/#website\"},\"primaryImageOfPage\":{\"@id\":\"https:\/\/extremebarcelona.com\/ca\/2021\/09\/07\/ya-tenemos-horarios-en-extreme-barcelona\/#primaryimage\"},\"image\":{\"@id\":\"https:\/\/extremebarcelona.com\/ca\/2021\/09\/07\/ya-tenemos-horarios-en-extreme-barcelona\/#primaryimage\"},\"thumbnailUrl\":\"https:\/\/extremebarcelona.com\/wp-content\/uploads\/2021\/09\/tenemos-horarios.jpg\",\"datePublished\":\"2021-09-07T10:00:05+00:00\",\"dateModified\":\"2021-09-17T15:01:25+00:00\",\"description\":\"\u00bfQuieres organizarte un fin de semana extremo? A continuaci\u00f3n te facilitamos los horarios del Extreme Barcelona y sus espacios donde...\",\"breadcrumb\":{\"@id\":\"https:\/\/extremebarcelona.com\/ca\/2021\/09\/07\/ya-tenemos-horarios-en-extreme-barcelona\/#breadcrumb\"},\"inLanguage\":\"ca\",\"potentialAction\":[{\"@type\":\"ReadAction\",\"target\":[\"https:\/\/extremebarcelona.com\/ca\/2021\/09\/07\/ya-tenemos-horarios-en-extreme-barcelona\/\"]}]},{\"@type\":\"ImageObject\",\"inLanguage\":\"ca\",\"@id\":\"https:\/\/extremebarcelona.com\/ca\/2021\/09\/07\/ya-tenemos-horarios-en-extreme-barcelona\/#primaryimage\",\"url\":\"https:\/\/extremebarcelona.com\/wp-content\/uploads\/2021\/09\/tenemos-horarios.jpg\",\"contentUrl\":\"https:\/\/extremebarcelona.com\/wp-content\/uploads\/2021\/09\/tenemos-horarios.jpg\",\"width\":1156,\"height\":650},{\"@type\":\"BreadcrumbList\",\"@id\":\"https:\/\/extremebarcelona.com\/ca\/2021\/09\/07\/ya-tenemos-horarios-en-extreme-barcelona\/#breadcrumb\",\"itemListElement\":[{\"@type\":\"ListItem\",\"position\":1,\"name\":\"Portada\",\"item\":\"https:\/\/extremebarcelona.com\/\"},{\"@type\":\"ListItem\",\"position\":2,\"name\":\"Ja tenim horaris en Extreme Barcelona!\"}]},{\"@type\":\"WebSite\",\"@id\":\"https:\/\/extremebarcelona.com\/#website\",\"url\":\"https:\/\/extremebarcelona.com\/\",\"name\":\"Extreme Barcelona\",\"description\":\"Otro sitio realizado con WordPress\",\"publisher\":{\"@id\":\"https:\/\/extremebarcelona.com\/#organization\"},\"potentialAction\":[{\"@type\":\"SearchAction\",\"target\":{\"@type\":\"EntryPoint\",\"urlTemplate\":\"https:\/\/extremebarcelona.com\/?s={search_term_string}\"},\"query-input\":{\"@type\":\"PropertyValueSpecification\",\"valueRequired\":true,\"valueName\":\"search_term_string\"}}],\"inLanguage\":\"ca\"},{\"@type\":\"Organization\",\"@id\":\"https:\/\/extremebarcelona.com\/#organization\",\"name\":\"Extreme Barcelona\",\"url\":\"https:\/\/extremebarcelona.com\/\",\"logo\":{\"@type\":\"ImageObject\",\"inLanguage\":\"ca\",\"@id\":\"https:\/\/extremebarcelona.com\/#\/schema\/logo\/image\/\",\"url\":\"https:\/\/extremebarcelona.com\/wp-content\/uploads\/2021\/04\/Logo-Extreme-2021.png\",\"contentUrl\":\"https:\/\/extremebarcelona.com\/wp-content\/uploads\/2021\/04\/Logo-Extreme-2021.png\",\"width\":500,\"height\":500,\"caption\":\"Extreme Barcelona\"},\"image\":{\"@id\":\"https:\/\/extremebarcelona.com\/#\/schema\/logo\/image\/\"}},{\"@type\":\"Person\",\"@id\":\"https:\/\/extremebarcelona.com\/#\/schema\/person\/84bb7d2facd51100910ca1df9186891e\",\"name\":\"UWS\",\"image\":{\"@type\":\"ImageObject\",\"inLanguage\":\"ca\",\"@id\":\"https:\/\/secure.gravatar.com\/avatar\/41b930374ee41e318f6457172bd2f6e300b1872879ecb443d692bea8dad136f9?s=96&d=mm&r=g\",\"url\":\"https:\/\/secure.gravatar.com\/avatar\/41b930374ee41e318f6457172bd2f6e300b1872879ecb443d692bea8dad136f9?s=96&d=mm&r=g\",\"contentUrl\":\"https:\/\/secure.gravatar.com\/avatar\/41b930374ee41e318f6457172bd2f6e300b1872879ecb443d692bea8dad136f9?s=96&d=mm&r=g\",\"caption\":\"UWS\"}}]}<\/script>\n<!-- \/ Yoast SEO plugin. -->","yoast_head_json":{"title":"\u00a1Ya tenemos horarios en Extreme Barcelona! | Extreme Barcelona","description":"\u00bfQuieres organizarte un fin de semana extremo? A continuaci\u00f3n te facilitamos los horarios del Extreme Barcelona y sus espacios donde...","robots":{"index":"index","follow":"follow","max-snippet":"max-snippet:-1","max-image-preview":"max-image-preview:large","max-video-preview":"max-video-preview:-1"},"canonical":"https:\/\/extremebarcelona.com\/ca\/2021\/09\/07\/ya-tenemos-horarios-en-extreme-barcelona\/","og_locale":"ca_ES","og_type":"article","og_title":"\u00a1Ya tenemos horarios en Extreme Barcelona! | Extreme Barcelona","og_description":"\u00bfQuieres organizarte un fin de semana extremo? A continuaci\u00f3n te facilitamos los horarios del Extreme Barcelona y sus espacios donde...","og_url":"https:\/\/extremebarcelona.com\/ca\/2021\/09\/07\/ya-tenemos-horarios-en-extreme-barcelona\/","og_site_name":"Extreme Barcelona","article_published_time":"2021-09-07T10:00:05+00:00","article_modified_time":"2021-09-17T15:01:25+00:00","og_image":[{"width":1156,"height":650,"url":"https:\/\/extremebarcelona.com\/wp-content\/uploads\/2021\/09\/tenemos-horarios.jpg","type":"image\/jpeg"}],"author":"UWS","twitter_card":"summary_large_image","twitter_misc":{"Escrit per":"UWS","Temps estimat de lectura":"1 minut"},"schema":{"@context":"https:\/\/schema.org","@graph":[{"@type":"NewsArticle","@id":"https:\/\/extremebarcelona.com\/ca\/2021\/09\/07\/ya-tenemos-horarios-en-extreme-barcelona\/#article","isPartOf":{"@id":"https:\/\/extremebarcelona.com\/ca\/2021\/09\/07\/ya-tenemos-horarios-en-extreme-barcelona\/"},"author":{"name":"UWS","@id":"https:\/\/extremebarcelona.com\/#\/schema\/person\/84bb7d2facd51100910ca1df9186891e"},"headline":"Ja tenim horaris en Extreme Barcelona!","datePublished":"2021-09-07T10:00:05+00:00","dateModified":"2021-09-17T15:01:25+00:00","mainEntityOfPage":{"@id":"https:\/\/extremebarcelona.com\/ca\/2021\/09\/07\/ya-tenemos-horarios-en-extreme-barcelona\/"},"wordCount":438,"publisher":{"@id":"https:\/\/extremebarcelona.com\/#organization"},"image":{"@id":"https:\/\/extremebarcelona.com\/ca\/2021\/09\/07\/ya-tenemos-horarios-en-extreme-barcelona\/#primaryimage"},"thumbnailUrl":"https:\/\/extremebarcelona.com\/wp-content\/uploads\/2021\/09\/tenemos-horarios.jpg","articleSection":["Noticies"],"inLanguage":"ca"},{"@type":"WebPage","@id":"https:\/\/extremebarcelona.com\/ca\/2021\/09\/07\/ya-tenemos-horarios-en-extreme-barcelona\/","url":"https:\/\/extremebarcelona.com\/ca\/2021\/09\/07\/ya-tenemos-horarios-en-extreme-barcelona\/","name":"\u00a1Ya tenemos horarios en Extreme Barcelona! | Extreme Barcelona","isPartOf":{"@id":"https:\/\/extremebarcelona.com\/#website"},"primaryImageOfPage":{"@id":"https:\/\/extremebarcelona.com\/ca\/2021\/09\/07\/ya-tenemos-horarios-en-extreme-barcelona\/#primaryimage"},"image":{"@id":"https:\/\/extremebarcelona.com\/ca\/2021\/09\/07\/ya-tenemos-horarios-en-extreme-barcelona\/#primaryimage"},"thumbnailUrl":"https:\/\/extremebarcelona.com\/wp-content\/uploads\/2021\/09\/tenemos-horarios.jpg","datePublished":"2021-09-07T10:00:05+00:00","dateModified":"2021-09-17T15:01:25+00:00","description":"\u00bfQuieres organizarte un fin de semana extremo? A continuaci\u00f3n te facilitamos los horarios del Extreme Barcelona y sus espacios donde...","breadcrumb":{"@id":"https:\/\/extremebarcelona.com\/ca\/2021\/09\/07\/ya-tenemos-horarios-en-extreme-barcelona\/#breadcrumb"},"inLanguage":"ca","potentialAction":[{"@type":"ReadAction","target":["https:\/\/extremebarcelona.com\/ca\/2021\/09\/07\/ya-tenemos-horarios-en-extreme-barcelona\/"]}]},{"@type":"ImageObject","inLanguage":"ca","@id":"https:\/\/extremebarcelona.com\/ca\/2021\/09\/07\/ya-tenemos-horarios-en-extreme-barcelona\/#primaryimage","url":"https:\/\/extremebarcelona.com\/wp-content\/uploads\/2021\/09\/tenemos-horarios.jpg","contentUrl":"https:\/\/extremebarcelona.com\/wp-content\/uploads\/2021\/09\/tenemos-horarios.jpg","width":1156,"height":650},{"@type":"BreadcrumbList","@id":"https:\/\/extremebarcelona.com\/ca\/2021\/09\/07\/ya-tenemos-horarios-en-extreme-barcelona\/#breadcrumb","itemListElement":[{"@type":"ListItem","position":1,"name":"Portada","item":"https:\/\/extremebarcelona.com\/"},{"@type":"ListItem","position":2,"name":"Ja tenim horaris en Extreme Barcelona!"}]},{"@type":"WebSite","@id":"https:\/\/extremebarcelona.com\/#website","url":"https:\/\/extremebarcelona.com\/","name":"Extreme Barcelona","description":"Otro sitio realizado con WordPress","publisher":{"@id":"https:\/\/extremebarcelona.com\/#organization"},"potentialAction":[{"@type":"SearchAction","target":{"@type":"EntryPoint","urlTemplate":"https:\/\/extremebarcelona.com\/?s={search_term_string}"},"query-input":{"@type":"PropertyValueSpecification","valueRequired":true,"valueName":"search_term_string"}}],"inLanguage":"ca"},{"@type":"Organization","@id":"https:\/\/extremebarcelona.com\/#organization","name":"Extreme Barcelona","url":"https:\/\/extremebarcelona.com\/","logo":{"@type":"ImageObject","inLanguage":"ca","@id":"https:\/\/extremebarcelona.com\/#\/schema\/logo\/image\/","url":"https:\/\/extremebarcelona.com\/wp-content\/uploads\/2021\/04\/Logo-Extreme-2021.png","contentUrl":"https:\/\/extremebarcelona.com\/wp-content\/uploads\/2021\/04\/Logo-Extreme-2021.png","width":500,"height":500,"caption":"Extreme Barcelona"},"image":{"@id":"https:\/\/extremebarcelona.com\/#\/schema\/logo\/image\/"}},{"@type":"Person","@id":"https:\/\/extremebarcelona.com\/#\/schema\/person\/84bb7d2facd51100910ca1df9186891e","name":"UWS","image":{"@type":"ImageObject","inLanguage":"ca","@id":"https:\/\/secure.gravatar.com\/avatar\/41b930374ee41e318f6457172bd2f6e300b1872879ecb443d692bea8dad136f9?s=96&d=mm&r=g","url":"https:\/\/secure.gravatar.com\/avatar\/41b930374ee41e318f6457172bd2f6e300b1872879ecb443d692bea8dad136f9?s=96&d=mm&r=g","contentUrl":"https:\/\/secure.gravatar.com\/avatar\/41b930374ee41e318f6457172bd2f6e300b1872879ecb443d692bea8dad136f9?s=96&d=mm&r=g","caption":"UWS"}}]}},"_links":{"self":[{"href":"https:\/\/extremebarcelona.com\/ca\/wp-json\/wp\/v2\/posts\/12056","targetHints":{"allow":["GET"]}}],"collection":[{"href":"https:\/\/extremebarcelona.com\/ca\/wp-json\/wp\/v2\/posts"}],"about":[{"href":"https:\/\/extremebarcelona.com\/ca\/wp-json\/wp\/v2\/types\/post"}],"author":[{"embeddable":true,"href":"https:\/\/extremebarcelona.com\/ca\/wp-json\/wp\/v2\/users\/8"}],"replies":[{"embeddable":true,"href":"https:\/\/extremebarcelona.com\/ca\/wp-json\/wp\/v2\/comments?post=12056"}],"version-history":[{"count":5,"href":"https:\/\/extremebarcelona.com\/ca\/wp-json\/wp\/v2\/posts\/12056\/revisions"}],"predecessor-version":[{"id":12952,"href":"https:\/\/extremebarcelona.com\/ca\/wp-json\/wp\/v2\/posts\/12056\/revisions\/12952"}],"wp:featuredmedia":[{"embeddable":true,"href":"https:\/\/extremebarcelona.com\/ca\/wp-json\/wp\/v2\/media\/12946"}],"wp:attachment":[{"href":"https:\/\/extremebarcelona.com\/ca\/wp-json\/wp\/v2\/media?parent=12056"}],"wp:term":[{"taxonomy":"category","embeddable":true,"href":"https:\/\/extremebarcelona.com\/ca\/wp-json\/wp\/v2\/categories?post=12056"},{"taxonomy":"post_tag","embeddable":true,"href":"https:\/\/extremebarcelona.com\/ca\/wp-json\/wp\/v2\/tags?post=12056"}],"curies":[{"name":"wp","href":"https:\/\/api.w.org\/{rel}","templated":true}]}}