{"id":1170,"date":"2016-05-04T10:39:47","date_gmt":"2016-05-04T10:39:47","guid":{"rendered":"https:\/\/extremebarcelona.com\/ca\/?p=1170"},"modified":"2016-05-05T10:59:58","modified_gmt":"2016-05-05T10:59:58","slug":"primers-riders-open-confirmats","status":"publish","type":"post","link":"https:\/\/extremebarcelona.com\/ca\/2016\/05\/04\/primers-riders-open-confirmats\/","title":{"rendered":"PRIMERS RIDERS OPEN CONFIRMATS"},"content":{"rendered":"<p>La competici\u00f3 <strong>skate OPEN<\/strong> de<strong> l&#8217;imaginExtreme Barcelona presented by Mounatin Dew<\/strong>\u00a0comen\u00e7a a agafar forma amb la confirmaci\u00f3 dels primers participants i ara mateix el llist\u00f3 est\u00e0 m\u00e9s que alt. Aquesta competici\u00f3 est\u00e0 agafant un aire molt internacional, amb representants de diversos pa\u00efsos europeus i tamb\u00e9 d&#8217;altres continents. Aquesta \u00e9s la<strong> llista de confirmats<\/strong> a dia d&#8217;avui:<\/p>\n<p>Andry Rhyzov \/\u00a0Daniel Jenks \/\u00a0Roman Lishchynskyy \/\u00a0Christopher Khan \/\u00a0Marlon Vozmediano \/\u00a0Bruno Mendes \/\u00a0Kostya Kobanov \/\u00a0Pau Carret\u00e9 \/\u00a0William Damascena \/\u00a0Seba Franco \/\u00a0Jordan Zapa Marinez \/\u00a0Marcio Roberto \/\u00a0Ignacio Garcia Va\u00f1\u00f3 \/\u00a0Albert Tobajas \/Johnny Alejandro Sempertegui.<\/p>\n<p>Els <strong>5 millor classificats<\/strong>\u00a0d&#8217;aquesta categoria entraran a participar en el <strong>Qualifier Pro<\/strong> i lluitaran per guanyar els<strong> 9.500 \u20ac de price money<\/strong>. El n\u00famero total de places per a l<strong>&#8216;OPEN<\/strong> \u00e9s de<strong> 50<\/strong>, aix\u00ed que si est\u00e0s interessat en participar fes la teva sol\u00b7licitud de petici\u00f3\u00a0aqu\u00ed:\u00a0<a href=\"https:\/\/extremebarcelona.com\/open\/\">https:\/\/extremebarcelona.com\/open\/<\/a><\/p>\n<p><img loading=\"lazy\" decoding=\"async\" class=\"aligncenter wp-image-1177 size-full\" src=\"https:\/\/extremebarcelona.com\/wp-content\/uploads\/2016\/05\/OPEN-grafic.png\" alt=\"OPEN grafic\" width=\"1639\" height=\"756\" \/><\/p>\n","protected":false},"excerpt":{"rendered":"<p>La competici\u00f3 skate OPEN de l&#8217;imaginExtreme Barcelona presented by Mounatin Dew\u00a0comen\u00e7a a agafar forma amb la confirmaci\u00f3 dels primers participants i ara mateix el llist\u00f3 est\u00e0 m\u00e9s que alt. Aquesta competici\u00f3 est\u00e0 agafant un aire molt internacional, amb representants de diversos pa\u00efsos europeus i tamb\u00e9 d&#8217;altres continents. Aquesta \u00e9s la llista de confirmats a dia [&hellip;]<\/p>\n","protected":false},"author":4,"featured_media":0,"comment_status":"closed","ping_status":"open","sticky":false,"template":"","format":"standard","meta":{"_et_pb_use_builder":"","_et_pb_old_content":"","_et_gb_content_width":"","footnotes":""},"categories":[],"tags":[48,47],"class_list":["post-1170","post","type-post","status-publish","format-standard","hentry","tag-48","tag-extreme-barcelona"],"yoast_head":"<!-- This site is optimized with the Yoast SEO plugin v27.2 - https:\/\/yoast.com\/product\/yoast-seo-wordpress\/ -->\n<title>PRIMERS RIDERS OPEN CONFIRMATS - Extreme Barcelona<\/title>\n<meta name=\"robots\" content=\"index, follow, max-snippet:-1, max-image-preview:large, max-video-preview:-1\" \/>\n<link rel=\"canonical\" href=\"https:\/\/extremebarcelona.com\/ca\/2016\/05\/04\/primers-riders-open-confirmats\/\" \/>\n<meta property=\"og:locale\" content=\"ca_ES\" \/>\n<meta property=\"og:type\" content=\"article\" \/>\n<meta property=\"og:title\" content=\"PRIMERS RIDERS OPEN CONFIRMATS - Extreme Barcelona\" \/>\n<meta property=\"og:description\" content=\"La competici\u00f3 skate OPEN de l&#8217;imaginExtreme Barcelona presented by Mounatin Dew\u00a0comen\u00e7a a agafar forma amb la confirmaci\u00f3 dels primers participants i ara mateix el llist\u00f3 est\u00e0 m\u00e9s que alt. Aquesta competici\u00f3 est\u00e0 agafant un aire molt internacional, amb representants de diversos pa\u00efsos europeus i tamb\u00e9 d&#8217;altres continents. Aquesta \u00e9s la llista de confirmats a dia [&hellip;]\" \/>\n<meta property=\"og:url\" content=\"https:\/\/extremebarcelona.com\/ca\/2016\/05\/04\/primers-riders-open-confirmats\/\" \/>\n<meta property=\"og:site_name\" content=\"Extreme Barcelona\" \/>\n<meta property=\"article:published_time\" content=\"2016-05-04T10:39:47+00:00\" \/>\n<meta property=\"article:modified_time\" content=\"2016-05-05T10:59:58+00:00\" \/>\n<meta property=\"og:image\" content=\"https:\/\/extremebarcelona.com\/wp-content\/uploads\/2016\/05\/OPEN-grafic.png\" \/>\n<meta name=\"author\" content=\"Toni Alvarez\" \/>\n<meta name=\"twitter:card\" content=\"summary_large_image\" \/>\n<meta name=\"twitter:label1\" content=\"Escrit per\" \/>\n\t<meta name=\"twitter:data1\" content=\"Toni Alvarez\" \/>\n\t<meta name=\"twitter:label2\" content=\"Temps estimat de lectura\" \/>\n\t<meta name=\"twitter:data2\" content=\"1 minut\" \/>\n<script type=\"application\/ld+json\" class=\"yoast-schema-graph\">{\"@context\":\"https:\/\/schema.org\",\"@graph\":[{\"@type\":\"NewsArticle\",\"@id\":\"https:\/\/extremebarcelona.com\/ca\/2016\/05\/04\/primers-riders-open-confirmats\/#article\",\"isPartOf\":{\"@id\":\"https:\/\/extremebarcelona.com\/ca\/2016\/05\/04\/primers-riders-open-confirmats\/\"},\"author\":{\"name\":\"Toni Alvarez\",\"@id\":\"https:\/\/extremebarcelona.com\/#\/schema\/person\/358836924f252662dff39fee7e1aa65d\"},\"headline\":\"PRIMERS RIDERS OPEN CONFIRMATS\",\"datePublished\":\"2016-05-04T10:39:47+00:00\",\"dateModified\":\"2016-05-05T10:59:58+00:00\",\"mainEntityOfPage\":{\"@id\":\"https:\/\/extremebarcelona.com\/ca\/2016\/05\/04\/primers-riders-open-confirmats\/\"},\"wordCount\":153,\"publisher\":{\"@id\":\"https:\/\/extremebarcelona.com\/#organization\"},\"image\":{\"@id\":\"https:\/\/extremebarcelona.com\/ca\/2016\/05\/04\/primers-riders-open-confirmats\/#primaryimage\"},\"thumbnailUrl\":\"https:\/\/extremebarcelona.com\/wp-content\/uploads\/2016\/05\/OPEN-grafic.png\",\"keywords\":[\"2016\",\"extreme barcelona\"],\"inLanguage\":\"ca\"},{\"@type\":\"WebPage\",\"@id\":\"https:\/\/extremebarcelona.com\/ca\/2016\/05\/04\/primers-riders-open-confirmats\/\",\"url\":\"https:\/\/extremebarcelona.com\/ca\/2016\/05\/04\/primers-riders-open-confirmats\/\",\"name\":\"PRIMERS RIDERS OPEN CONFIRMATS - Extreme Barcelona\",\"isPartOf\":{\"@id\":\"https:\/\/extremebarcelona.com\/#website\"},\"primaryImageOfPage\":{\"@id\":\"https:\/\/extremebarcelona.com\/ca\/2016\/05\/04\/primers-riders-open-confirmats\/#primaryimage\"},\"image\":{\"@id\":\"https:\/\/extremebarcelona.com\/ca\/2016\/05\/04\/primers-riders-open-confirmats\/#primaryimage\"},\"thumbnailUrl\":\"https:\/\/extremebarcelona.com\/wp-content\/uploads\/2016\/05\/OPEN-grafic.png\",\"datePublished\":\"2016-05-04T10:39:47+00:00\",\"dateModified\":\"2016-05-05T10:59:58+00:00\",\"breadcrumb\":{\"@id\":\"https:\/\/extremebarcelona.com\/ca\/2016\/05\/04\/primers-riders-open-confirmats\/#breadcrumb\"},\"inLanguage\":\"ca\",\"potentialAction\":[{\"@type\":\"ReadAction\",\"target\":[\"https:\/\/extremebarcelona.com\/ca\/2016\/05\/04\/primers-riders-open-confirmats\/\"]}]},{\"@type\":\"ImageObject\",\"inLanguage\":\"ca\",\"@id\":\"https:\/\/extremebarcelona.com\/ca\/2016\/05\/04\/primers-riders-open-confirmats\/#primaryimage\",\"url\":\"https:\/\/extremebarcelona.com\/wp-content\/uploads\/2016\/05\/OPEN-grafic.png\",\"contentUrl\":\"https:\/\/extremebarcelona.com\/wp-content\/uploads\/2016\/05\/OPEN-grafic.png\"},{\"@type\":\"BreadcrumbList\",\"@id\":\"https:\/\/extremebarcelona.com\/ca\/2016\/05\/04\/primers-riders-open-confirmats\/#breadcrumb\",\"itemListElement\":[{\"@type\":\"ListItem\",\"position\":1,\"name\":\"Portada\",\"item\":\"https:\/\/extremebarcelona.com\/\"},{\"@type\":\"ListItem\",\"position\":2,\"name\":\"PRIMERS RIDERS OPEN CONFIRMATS\"}]},{\"@type\":\"WebSite\",\"@id\":\"https:\/\/extremebarcelona.com\/#website\",\"url\":\"https:\/\/extremebarcelona.com\/\",\"name\":\"Extreme Barcelona\",\"description\":\"Otro sitio realizado con WordPress\",\"publisher\":{\"@id\":\"https:\/\/extremebarcelona.com\/#organization\"},\"potentialAction\":[{\"@type\":\"SearchAction\",\"target\":{\"@type\":\"EntryPoint\",\"urlTemplate\":\"https:\/\/extremebarcelona.com\/?s={search_term_string}\"},\"query-input\":{\"@type\":\"PropertyValueSpecification\",\"valueRequired\":true,\"valueName\":\"search_term_string\"}}],\"inLanguage\":\"ca\"},{\"@type\":\"Organization\",\"@id\":\"https:\/\/extremebarcelona.com\/#organization\",\"name\":\"Extreme Barcelona\",\"url\":\"https:\/\/extremebarcelona.com\/\",\"logo\":{\"@type\":\"ImageObject\",\"inLanguage\":\"ca\",\"@id\":\"https:\/\/extremebarcelona.com\/#\/schema\/logo\/image\/\",\"url\":\"https:\/\/extremebarcelona.com\/wp-content\/uploads\/2021\/04\/Logo-Extreme-2021.png\",\"contentUrl\":\"https:\/\/extremebarcelona.com\/wp-content\/uploads\/2021\/04\/Logo-Extreme-2021.png\",\"width\":500,\"height\":500,\"caption\":\"Extreme Barcelona\"},\"image\":{\"@id\":\"https:\/\/extremebarcelona.com\/#\/schema\/logo\/image\/\"}},{\"@type\":\"Person\",\"@id\":\"https:\/\/extremebarcelona.com\/#\/schema\/person\/358836924f252662dff39fee7e1aa65d\",\"name\":\"Toni Alvarez\",\"image\":{\"@type\":\"ImageObject\",\"inLanguage\":\"ca\",\"@id\":\"https:\/\/secure.gravatar.com\/avatar\/bb138fe5ea40bf6a9e0358749e3f4f902ed657ed222ab9a22841fb258057121f?s=96&d=mm&r=g\",\"url\":\"https:\/\/secure.gravatar.com\/avatar\/bb138fe5ea40bf6a9e0358749e3f4f902ed657ed222ab9a22841fb258057121f?s=96&d=mm&r=g\",\"contentUrl\":\"https:\/\/secure.gravatar.com\/avatar\/bb138fe5ea40bf6a9e0358749e3f4f902ed657ed222ab9a22841fb258057121f?s=96&d=mm&r=g\",\"caption\":\"Toni Alvarez\"},\"sameAs\":[\"mblanco@sevenmila.com\"]}]}<\/script>\n<!-- \/ Yoast SEO plugin. -->","yoast_head_json":{"title":"PRIMERS RIDERS OPEN CONFIRMATS - Extreme Barcelona","robots":{"index":"index","follow":"follow","max-snippet":"max-snippet:-1","max-image-preview":"max-image-preview:large","max-video-preview":"max-video-preview:-1"},"canonical":"https:\/\/extremebarcelona.com\/ca\/2016\/05\/04\/primers-riders-open-confirmats\/","og_locale":"ca_ES","og_type":"article","og_title":"PRIMERS RIDERS OPEN CONFIRMATS - Extreme Barcelona","og_description":"La competici\u00f3 skate OPEN de l&#8217;imaginExtreme Barcelona presented by Mounatin Dew\u00a0comen\u00e7a a agafar forma amb la confirmaci\u00f3 dels primers participants i ara mateix el llist\u00f3 est\u00e0 m\u00e9s que alt. Aquesta competici\u00f3 est\u00e0 agafant un aire molt internacional, amb representants de diversos pa\u00efsos europeus i tamb\u00e9 d&#8217;altres continents. Aquesta \u00e9s la llista de confirmats a dia [&hellip;]","og_url":"https:\/\/extremebarcelona.com\/ca\/2016\/05\/04\/primers-riders-open-confirmats\/","og_site_name":"Extreme Barcelona","article_published_time":"2016-05-04T10:39:47+00:00","article_modified_time":"2016-05-05T10:59:58+00:00","og_image":[{"url":"https:\/\/extremebarcelona.com\/wp-content\/uploads\/2016\/05\/OPEN-grafic.png","type":"","width":"","height":""}],"author":"Toni Alvarez","twitter_card":"summary_large_image","twitter_misc":{"Escrit per":"Toni Alvarez","Temps estimat de lectura":"1 minut"},"schema":{"@context":"https:\/\/schema.org","@graph":[{"@type":"NewsArticle","@id":"https:\/\/extremebarcelona.com\/ca\/2016\/05\/04\/primers-riders-open-confirmats\/#article","isPartOf":{"@id":"https:\/\/extremebarcelona.com\/ca\/2016\/05\/04\/primers-riders-open-confirmats\/"},"author":{"name":"Toni Alvarez","@id":"https:\/\/extremebarcelona.com\/#\/schema\/person\/358836924f252662dff39fee7e1aa65d"},"headline":"PRIMERS RIDERS OPEN CONFIRMATS","datePublished":"2016-05-04T10:39:47+00:00","dateModified":"2016-05-05T10:59:58+00:00","mainEntityOfPage":{"@id":"https:\/\/extremebarcelona.com\/ca\/2016\/05\/04\/primers-riders-open-confirmats\/"},"wordCount":153,"publisher":{"@id":"https:\/\/extremebarcelona.com\/#organization"},"image":{"@id":"https:\/\/extremebarcelona.com\/ca\/2016\/05\/04\/primers-riders-open-confirmats\/#primaryimage"},"thumbnailUrl":"https:\/\/extremebarcelona.com\/wp-content\/uploads\/2016\/05\/OPEN-grafic.png","keywords":["2016","extreme barcelona"],"inLanguage":"ca"},{"@type":"WebPage","@id":"https:\/\/extremebarcelona.com\/ca\/2016\/05\/04\/primers-riders-open-confirmats\/","url":"https:\/\/extremebarcelona.com\/ca\/2016\/05\/04\/primers-riders-open-confirmats\/","name":"PRIMERS RIDERS OPEN CONFIRMATS - Extreme Barcelona","isPartOf":{"@id":"https:\/\/extremebarcelona.com\/#website"},"primaryImageOfPage":{"@id":"https:\/\/extremebarcelona.com\/ca\/2016\/05\/04\/primers-riders-open-confirmats\/#primaryimage"},"image":{"@id":"https:\/\/extremebarcelona.com\/ca\/2016\/05\/04\/primers-riders-open-confirmats\/#primaryimage"},"thumbnailUrl":"https:\/\/extremebarcelona.com\/wp-content\/uploads\/2016\/05\/OPEN-grafic.png","datePublished":"2016-05-04T10:39:47+00:00","dateModified":"2016-05-05T10:59:58+00:00","breadcrumb":{"@id":"https:\/\/extremebarcelona.com\/ca\/2016\/05\/04\/primers-riders-open-confirmats\/#breadcrumb"},"inLanguage":"ca","potentialAction":[{"@type":"ReadAction","target":["https:\/\/extremebarcelona.com\/ca\/2016\/05\/04\/primers-riders-open-confirmats\/"]}]},{"@type":"ImageObject","inLanguage":"ca","@id":"https:\/\/extremebarcelona.com\/ca\/2016\/05\/04\/primers-riders-open-confirmats\/#primaryimage","url":"https:\/\/extremebarcelona.com\/wp-content\/uploads\/2016\/05\/OPEN-grafic.png","contentUrl":"https:\/\/extremebarcelona.com\/wp-content\/uploads\/2016\/05\/OPEN-grafic.png"},{"@type":"BreadcrumbList","@id":"https:\/\/extremebarcelona.com\/ca\/2016\/05\/04\/primers-riders-open-confirmats\/#breadcrumb","itemListElement":[{"@type":"ListItem","position":1,"name":"Portada","item":"https:\/\/extremebarcelona.com\/"},{"@type":"ListItem","position":2,"name":"PRIMERS RIDERS OPEN CONFIRMATS"}]},{"@type":"WebSite","@id":"https:\/\/extremebarcelona.com\/#website","url":"https:\/\/extremebarcelona.com\/","name":"Extreme Barcelona","description":"Otro sitio realizado con WordPress","publisher":{"@id":"https:\/\/extremebarcelona.com\/#organization"},"potentialAction":[{"@type":"SearchAction","target":{"@type":"EntryPoint","urlTemplate":"https:\/\/extremebarcelona.com\/?s={search_term_string}"},"query-input":{"@type":"PropertyValueSpecification","valueRequired":true,"valueName":"search_term_string"}}],"inLanguage":"ca"},{"@type":"Organization","@id":"https:\/\/extremebarcelona.com\/#organization","name":"Extreme Barcelona","url":"https:\/\/extremebarcelona.com\/","logo":{"@type":"ImageObject","inLanguage":"ca","@id":"https:\/\/extremebarcelona.com\/#\/schema\/logo\/image\/","url":"https:\/\/extremebarcelona.com\/wp-content\/uploads\/2021\/04\/Logo-Extreme-2021.png","contentUrl":"https:\/\/extremebarcelona.com\/wp-content\/uploads\/2021\/04\/Logo-Extreme-2021.png","width":500,"height":500,"caption":"Extreme Barcelona"},"image":{"@id":"https:\/\/extremebarcelona.com\/#\/schema\/logo\/image\/"}},{"@type":"Person","@id":"https:\/\/extremebarcelona.com\/#\/schema\/person\/358836924f252662dff39fee7e1aa65d","name":"Toni Alvarez","image":{"@type":"ImageObject","inLanguage":"ca","@id":"https:\/\/secure.gravatar.com\/avatar\/bb138fe5ea40bf6a9e0358749e3f4f902ed657ed222ab9a22841fb258057121f?s=96&d=mm&r=g","url":"https:\/\/secure.gravatar.com\/avatar\/bb138fe5ea40bf6a9e0358749e3f4f902ed657ed222ab9a22841fb258057121f?s=96&d=mm&r=g","contentUrl":"https:\/\/secure.gravatar.com\/avatar\/bb138fe5ea40bf6a9e0358749e3f4f902ed657ed222ab9a22841fb258057121f?s=96&d=mm&r=g","caption":"Toni Alvarez"},"sameAs":["mblanco@sevenmila.com"]}]}},"_links":{"self":[{"href":"https:\/\/extremebarcelona.com\/ca\/wp-json\/wp\/v2\/posts\/1170","targetHints":{"allow":["GET"]}}],"collection":[{"href":"https:\/\/extremebarcelona.com\/ca\/wp-json\/wp\/v2\/posts"}],"about":[{"href":"https:\/\/extremebarcelona.com\/ca\/wp-json\/wp\/v2\/types\/post"}],"author":[{"embeddable":true,"href":"https:\/\/extremebarcelona.com\/ca\/wp-json\/wp\/v2\/users\/4"}],"replies":[{"embeddable":true,"href":"https:\/\/extremebarcelona.com\/ca\/wp-json\/wp\/v2\/comments?post=1170"}],"version-history":[{"count":5,"href":"https:\/\/extremebarcelona.com\/ca\/wp-json\/wp\/v2\/posts\/1170\/revisions"}],"predecessor-version":[{"id":1185,"href":"https:\/\/extremebarcelona.com\/ca\/wp-json\/wp\/v2\/posts\/1170\/revisions\/1185"}],"wp:attachment":[{"href":"https:\/\/extremebarcelona.com\/ca\/wp-json\/wp\/v2\/media?parent=1170"}],"wp:term":[{"taxonomy":"category","embeddable":true,"href":"https:\/\/extremebarcelona.com\/ca\/wp-json\/wp\/v2\/categories?post=1170"},{"taxonomy":"post_tag","embeddable":true,"href":"https:\/\/extremebarcelona.com\/ca\/wp-json\/wp\/v2\/tags?post=1170"}],"curies":[{"name":"wp","href":"https:\/\/api.w.org\/{rel}","templated":true}]}}