{"id":11189,"date":"2021-07-30T12:05:54","date_gmt":"2021-07-30T10:05:54","guid":{"rendered":"https:\/\/extremebarcelona.com\/2021\/07\/30\/wallspot-ave-call\/"},"modified":"2021-07-30T12:50:28","modified_gmt":"2021-07-30T10:50:28","slug":"wallspot-ave-call","status":"publish","type":"post","link":"https:\/\/extremebarcelona.com\/ca\/2021\/07\/30\/wallspot-ave-call\/","title":{"rendered":"\u00a1Atenci\u00f3 grafiters! Nova crida per pintar a la Wallspot Ave de l\u2019Extreme Barcelona"},"content":{"rendered":"<p>[et_pb_section fb_built=&#8221;1&#8243; admin_label=&#8221;section&#8221; _builder_version=&#8221;4.9.10&#8243;][et_pb_row admin_label=&#8221;row&#8221; _builder_version=&#8221;3.25&#8243; background_size=&#8221;initial&#8221; background_position=&#8221;top_left&#8221; background_repeat=&#8221;repeat&#8221;][et_pb_column type=&#8221;4_4&#8243; _builder_version=&#8221;3.25&#8243; custom_padding=&#8221;|||&#8221; custom_padding__hover=&#8221;|||&#8221;][et_pb_image src=&#8221;https:\/\/extremebarcelona.com\/wp-content\/uploads\/2021\/07\/BANNER-PROVISIONAL-EXTREME-1-3.jpg&#8221; title_text=&#8221;BANNER-PROVISIONAL-EXTREME-(1) (3)&#8221; align=&#8221;center&#8221; _builder_version=&#8221;4.9.10&#8243; _module_preset=&#8221;default&#8221; width=&#8221;78%&#8221; max_width=&#8221;100%&#8221; custom_margin=&#8221;21px||-9px|||&#8221;][\/et_pb_image][et_pb_text admin_label=&#8221;Text&#8221; _builder_version=&#8221;4.9.10&#8243; background_size=&#8221;initial&#8221; background_position=&#8221;top_left&#8221; background_repeat=&#8221;repeat&#8221; custom_margin=&#8221;||-28px|||&#8221; custom_padding=&#8221;||36px|||&#8221;]<\/p>\n<p><b><\/b><\/p>\n<p><b><\/b><\/p>\n<p>&nbsp;<\/p>\n<ul>\n<li aria-level=\"1\"><strong>Es busquen artistes urbans amb ganes de posar a prova el seu talent<\/strong><\/li>\n<li aria-level=\"1\"><span style=\"font-weight: 400;\"><b>Open Call per viure una experi\u00e8ncia \u00fanica els dies 25 i 26 de setembre al Parc de F\u00f2rum<\/b><\/span><br \/><b><\/b><\/li>\n<\/ul>\n<p><span style=\"font-weight: 400;\">Si sents que el teu talent no t\u00e9 l\u00edmits i necessites un espai on lluir el teu art, aquesta \u00e9s la teva oportunitat! Open call als millors artistes de l&#8217;escena local per demostrar el seu talent a la Wallspot Au de l&#8217;Extreme Barcelona.<\/span><\/p>\n<p>[\/et_pb_text][et_pb_text admin_label=&#8221;Text&#8221; _builder_version=&#8221;4.9.10&#8243; background_size=&#8221;initial&#8221; background_position=&#8221;top_left&#8221; background_repeat=&#8221;repeat&#8221; custom_margin=&#8221;42px||-28px|||&#8221; custom_padding=&#8221;||30px|||&#8221;]<\/p>\n<p><strong><b>Apostem per la cultura urbana<\/b><\/strong><\/p>\n<p><span style=\"font-weight: 400;\">Els propers dies 25 i 26 de setembre tindr\u00e0s l&#8217;oportunitat d&#8217;exhibir els teus dots art\u00edstics en aquest espai, la Wallspot Au, dins de l&#8217;Extreme Barcelona que se celebrar\u00e0 al Parc del F\u00f2rum.<\/span><\/p>\n<p><span style=\"font-weight: 400;\">Un aparador per a l&#8217;art urb\u00e0 en qu\u00e8 hi participaran sis Guest Artists i 10 artistes seleccionats a partir d&#8217;aquesta Open Call. D&#8217;entre tots els inscrits a la convocat\u00f2ria, es seleccionaran 10 artistes; cinc pel dia 25 i cinc m\u00e9s pel 26.<\/span><\/p>\n<p><span style=\"font-weight: 400;\">Montana Colors, col\u00b7laborador oficial i part\u00edcip d&#8217;aquesta iniciativa al costat de Rebobinart, proporcionar\u00e0 el material necessari per poder realitzar les obres de tem\u00e0tica lliure. A m\u00e9s, Extreme Barcelona, \u200b\u200bcom a organitzador de l&#8217;esdeveniment, oferir\u00e0 abonaments per a dues persones per als dos dies de festival i tiquets de menjar i begudes per al dia de la intervenci\u00f3 art\u00edstica. Les intervencions estaran documentades amb imatges i difoses als canals de comunicaci\u00f3 d&#8217;Extreme Barcelona, \u200b\u200bMontana Colors i Wallspot.<\/span><\/p>\n<p><span style=\"font-weight: 400;\">La convocat\u00f2ria est\u00e0 oberta a totes les persones registrades a la plataforma que hagin pintat als murs Wallspot entre 2019 i 2021. Si vols plasmar la teva obra a la Wallspot Ave de l&#8217; Extreme Barcelona, \u200b\u200bomple el formulari d&#8217;inscripci\u00f3.<\/span><\/p>\n<p>[\/et_pb_text][et_pb_blurb title=&#8221;ENTRADAS EXTREME BARCELONA DISPONIBLES&#8221; url=&#8221;https:\/\/bit.ly\/EB2021tickets&#8221; url_new_window=&#8221;on&#8221; icon_placement=&#8221;left&#8221; _builder_version=&#8221;4.9.7&#8243; _module_preset=&#8221;default&#8221; header_level=&#8221;h3&#8243; background_color=&#8221;#FFFFFF&#8221; text_orientation=&#8221;center&#8221; width=&#8221;100%&#8221; max_width=&#8221;87%&#8221; module_alignment=&#8221;center&#8221; custom_margin=&#8221;25px|||||&#8221; custom_padding=&#8221;40px|20px|20px|20px|false|false&#8221; animation_style=&#8221;bounce&#8221; animation_direction=&#8221;bottom&#8221; link_option_url=&#8221;https:\/\/bit.ly\/EB2021tickets&#8221; link_option_url_new_window=&#8221;on&#8221; box_shadow_style=&#8221;preset3&#8243; box_shadow_blur=&#8221;31px&#8221; text_shadow_style=&#8221;preset1&#8243; text_shadow_color=&#8221;#E09900&#8243;]<\/p>\n<p>Las entradas ya est\u00e1n d\u00eda\u00a0la venta\u00a0con la promoci\u00f3n de lanzamiento de entradas anticipadas a precios muy especiales:<\/p>\n<p>Entrada <strong>de d\u00eda 13.5\u20ac<\/strong> y <strong>abono de fin de semana 23\u20ac<\/strong> hasta el 31 de julio<\/p>\n<p>PINCHA AQU\u00cd PARA M\u00c1S INFORMACI\u00d3N<\/p>\n<p>&nbsp;<\/p>\n<p>[\/et_pb_blurb][et_pb_text admin_label=&#8221;Text&#8221; _builder_version=&#8221;4.9.10&#8243; background_size=&#8221;initial&#8221; background_position=&#8221;top_left&#8221; background_repeat=&#8221;repeat&#8221; custom_margin=&#8221;35px||-28px|||&#8221; custom_padding=&#8221;||24px|||&#8221;]<\/p>\n<p><b>No perdis la teva oportunitat!<\/b><\/p>\n<p>[\/et_pb_text][et_pb_text admin_label=&#8221;Text&#8221; _builder_version=&#8221;4.9.7&#8243; background_size=&#8221;initial&#8221; background_position=&#8221;top_left&#8221; background_repeat=&#8221;repeat&#8221; custom_margin=&#8221;23px||-28px|||&#8221; custom_padding=&#8221;14px||40px|||&#8221;]<\/p>\n<p><span style=\"font-weight: 400;\">Demuestra tu talento en el Extreme Barcelona los pr\u00f3ximos 25 y 26 de septiembre, la onceava edici\u00f3n de este evento insignia del deporte urbano que acoger\u00e1 competiciones internacionales de Skate, BMX y la gran final del World Scooter Championship de la mano de la Federaci\u00f3n Internacional World Skate.\u00a0<\/span><\/p>\n<p><span style=\"font-weight: 400;\">Una nueva edici\u00f3n que llega cargada de novedades como m\u00fasica Freestyle (batalla de gallos), Break Dance, Basket 3&#215;3 y mucho m\u00e1s; en una apuesta por el deporte pero tambi\u00e9n por la cultura urbana.\u00a0<\/span><\/p>\n<p>[\/et_pb_text][et_pb_text admin_label=&#8221;Text&#8221; _builder_version=&#8221;4.9.10&#8243; background_size=&#8221;initial&#8221; background_position=&#8221;top_left&#8221; background_repeat=&#8221;repeat&#8221; custom_margin=&#8221;35px||-28px|||&#8221; custom_padding=&#8221;||24px|||&#8221;]<\/p>\n<p><strong><b>\u00daltims dies per aconseguir entrades amb descompte!<\/b><\/strong><\/p>\n<p>[\/et_pb_text][et_pb_text admin_label=&#8221;Text&#8221; _builder_version=&#8221;4.9.7&#8243; background_size=&#8221;initial&#8221; background_position=&#8221;top_left&#8221; background_repeat=&#8221;repeat&#8221; custom_margin=&#8221;23px||-28px|||&#8221; custom_padding=&#8221;14px||40px|||&#8221;]<\/p>\n<p><span style=\"font-weight: 400;\">Els millors atletes de tot el m\u00f3n es veuran les cares a l\u2019Extreme Barcelona, \u200b\u200balguns despr\u00e9s del seu pas pels Jocs Ol\u00edmpics de T\u00f2quio. Entrades ja a la venda i amb descompte especial de llan\u00e7ament fins el 31 de juliol a preus molt especials.\u00a0 \u00a1Aconsegueix <strong>aqu\u00ed <\/strong><\/span><span style=\"font-weight: 400;\">la teva des de tan sols 13,5 \u20ac!<\/span><\/p>\n<p>&nbsp;<\/p>\n<p>[\/et_pb_text][\/et_pb_column][\/et_pb_row][\/et_pb_section]<\/p>\n","protected":false},"excerpt":{"rendered":"<p>&nbsp; Es busquen artistes urbans amb ganes de posar a prova el seu talent Open Call per viure una experi\u00e8ncia \u00fanica els dies 25 i 26 de setembre al Parc de F\u00f2rum Si sents que el teu talent no t\u00e9 l\u00edmits i necessites un espai on lluir el teu art, aquesta \u00e9s la teva oportunitat! [&hellip;]<\/p>\n","protected":false},"author":11,"featured_media":11205,"comment_status":"closed","ping_status":"closed","sticky":false,"template":"","format":"standard","meta":{"_et_pb_use_builder":"on","_et_pb_old_content":"","_et_gb_content_width":"","footnotes":""},"categories":[20],"tags":[],"class_list":["post-11189","post","type-post","status-publish","format-standard","has-post-thumbnail","hentry","category-noticies"],"yoast_head":"<!-- This site is optimized with the Yoast SEO plugin v27.2 - https:\/\/yoast.com\/product\/yoast-seo-wordpress\/ -->\n<title>\u00a1Atenci\u00f3 grafiters! Nova crida per pintar a la Wallspot Ave de l\u2019Extreme Barcelona - Extreme Barcelona<\/title>\n<meta name=\"robots\" content=\"index, follow, max-snippet:-1, max-image-preview:large, max-video-preview:-1\" \/>\n<link rel=\"canonical\" href=\"https:\/\/extremebarcelona.com\/ca\/2021\/07\/30\/wallspot-ave-call\/\" \/>\n<meta property=\"og:locale\" content=\"ca_ES\" \/>\n<meta property=\"og:type\" content=\"article\" \/>\n<meta property=\"og:title\" content=\"\u00a1Atenci\u00f3 grafiters! Nova crida per pintar a la Wallspot Ave de l\u2019Extreme Barcelona - Extreme Barcelona\" \/>\n<meta property=\"og:description\" content=\"&nbsp; Es busquen artistes urbans amb ganes de posar a prova el seu talent Open Call per viure una experi\u00e8ncia \u00fanica els dies 25 i 26 de setembre al Parc de F\u00f2rum Si sents que el teu talent no t\u00e9 l\u00edmits i necessites un espai on lluir el teu art, aquesta \u00e9s la teva oportunitat! [&hellip;]\" \/>\n<meta property=\"og:url\" content=\"https:\/\/extremebarcelona.com\/ca\/2021\/07\/30\/wallspot-ave-call\/\" \/>\n<meta property=\"og:site_name\" content=\"Extreme Barcelona\" \/>\n<meta property=\"article:published_time\" content=\"2021-07-30T10:05:54+00:00\" \/>\n<meta property=\"article:modified_time\" content=\"2021-07-30T10:50:28+00:00\" \/>\n<meta property=\"og:image\" content=\"https:\/\/extremebarcelona.com\/wp-content\/uploads\/2021\/07\/wallspot-format-545x363-1.jpg\" \/>\n\t<meta property=\"og:image:width\" content=\"545\" \/>\n\t<meta property=\"og:image:height\" content=\"363\" \/>\n\t<meta property=\"og:image:type\" content=\"image\/jpeg\" \/>\n<meta name=\"author\" content=\"Laura\" \/>\n<meta name=\"twitter:card\" content=\"summary_large_image\" \/>\n<meta name=\"twitter:label1\" content=\"Escrit per\" \/>\n\t<meta name=\"twitter:data1\" content=\"Laura\" \/>\n\t<meta name=\"twitter:label2\" content=\"Temps estimat de lectura\" \/>\n\t<meta name=\"twitter:data2\" content=\"4 minuts\" \/>\n<script type=\"application\/ld+json\" class=\"yoast-schema-graph\">{\"@context\":\"https:\/\/schema.org\",\"@graph\":[{\"@type\":\"NewsArticle\",\"@id\":\"https:\/\/extremebarcelona.com\/ca\/2021\/07\/30\/wallspot-ave-call\/#article\",\"isPartOf\":{\"@id\":\"https:\/\/extremebarcelona.com\/ca\/2021\/07\/30\/wallspot-ave-call\/\"},\"author\":{\"name\":\"Laura\",\"@id\":\"https:\/\/extremebarcelona.com\/#\/schema\/person\/81a974e7236bd8b5adccfbe8d40191fa\"},\"headline\":\"\u00a1Atenci\u00f3 grafiters! Nova crida per pintar a la Wallspot Ave de l\u2019Extreme Barcelona\",\"datePublished\":\"2021-07-30T10:05:54+00:00\",\"dateModified\":\"2021-07-30T10:50:28+00:00\",\"mainEntityOfPage\":{\"@id\":\"https:\/\/extremebarcelona.com\/ca\/2021\/07\/30\/wallspot-ave-call\/\"},\"wordCount\":847,\"publisher\":{\"@id\":\"https:\/\/extremebarcelona.com\/#organization\"},\"image\":{\"@id\":\"https:\/\/extremebarcelona.com\/ca\/2021\/07\/30\/wallspot-ave-call\/#primaryimage\"},\"thumbnailUrl\":\"https:\/\/extremebarcelona.com\/wp-content\/uploads\/2021\/07\/wallspot-format-545x363-1.jpg\",\"articleSection\":[\"Noticies\"],\"inLanguage\":\"ca\"},{\"@type\":\"WebPage\",\"@id\":\"https:\/\/extremebarcelona.com\/ca\/2021\/07\/30\/wallspot-ave-call\/\",\"url\":\"https:\/\/extremebarcelona.com\/ca\/2021\/07\/30\/wallspot-ave-call\/\",\"name\":\"\u00a1Atenci\u00f3 grafiters! Nova crida per pintar a la Wallspot Ave de l\u2019Extreme Barcelona - Extreme Barcelona\",\"isPartOf\":{\"@id\":\"https:\/\/extremebarcelona.com\/#website\"},\"primaryImageOfPage\":{\"@id\":\"https:\/\/extremebarcelona.com\/ca\/2021\/07\/30\/wallspot-ave-call\/#primaryimage\"},\"image\":{\"@id\":\"https:\/\/extremebarcelona.com\/ca\/2021\/07\/30\/wallspot-ave-call\/#primaryimage\"},\"thumbnailUrl\":\"https:\/\/extremebarcelona.com\/wp-content\/uploads\/2021\/07\/wallspot-format-545x363-1.jpg\",\"datePublished\":\"2021-07-30T10:05:54+00:00\",\"dateModified\":\"2021-07-30T10:50:28+00:00\",\"breadcrumb\":{\"@id\":\"https:\/\/extremebarcelona.com\/ca\/2021\/07\/30\/wallspot-ave-call\/#breadcrumb\"},\"inLanguage\":\"ca\",\"potentialAction\":[{\"@type\":\"ReadAction\",\"target\":[\"https:\/\/extremebarcelona.com\/ca\/2021\/07\/30\/wallspot-ave-call\/\"]}]},{\"@type\":\"ImageObject\",\"inLanguage\":\"ca\",\"@id\":\"https:\/\/extremebarcelona.com\/ca\/2021\/07\/30\/wallspot-ave-call\/#primaryimage\",\"url\":\"https:\/\/extremebarcelona.com\/wp-content\/uploads\/2021\/07\/wallspot-format-545x363-1.jpg\",\"contentUrl\":\"https:\/\/extremebarcelona.com\/wp-content\/uploads\/2021\/07\/wallspot-format-545x363-1.jpg\",\"width\":545,\"height\":363,\"caption\":\"Open Call Wallspot Ave\"},{\"@type\":\"BreadcrumbList\",\"@id\":\"https:\/\/extremebarcelona.com\/ca\/2021\/07\/30\/wallspot-ave-call\/#breadcrumb\",\"itemListElement\":[{\"@type\":\"ListItem\",\"position\":1,\"name\":\"Portada\",\"item\":\"https:\/\/extremebarcelona.com\/\"},{\"@type\":\"ListItem\",\"position\":2,\"name\":\"\u00a1Atenci\u00f3 grafiters! Nova crida per pintar a la Wallspot Ave de l\u2019Extreme Barcelona\"}]},{\"@type\":\"WebSite\",\"@id\":\"https:\/\/extremebarcelona.com\/#website\",\"url\":\"https:\/\/extremebarcelona.com\/\",\"name\":\"Extreme Barcelona\",\"description\":\"Otro sitio realizado con WordPress\",\"publisher\":{\"@id\":\"https:\/\/extremebarcelona.com\/#organization\"},\"potentialAction\":[{\"@type\":\"SearchAction\",\"target\":{\"@type\":\"EntryPoint\",\"urlTemplate\":\"https:\/\/extremebarcelona.com\/?s={search_term_string}\"},\"query-input\":{\"@type\":\"PropertyValueSpecification\",\"valueRequired\":true,\"valueName\":\"search_term_string\"}}],\"inLanguage\":\"ca\"},{\"@type\":\"Organization\",\"@id\":\"https:\/\/extremebarcelona.com\/#organization\",\"name\":\"Extreme Barcelona\",\"url\":\"https:\/\/extremebarcelona.com\/\",\"logo\":{\"@type\":\"ImageObject\",\"inLanguage\":\"ca\",\"@id\":\"https:\/\/extremebarcelona.com\/#\/schema\/logo\/image\/\",\"url\":\"https:\/\/extremebarcelona.com\/wp-content\/uploads\/2021\/04\/Logo-Extreme-2021.png\",\"contentUrl\":\"https:\/\/extremebarcelona.com\/wp-content\/uploads\/2021\/04\/Logo-Extreme-2021.png\",\"width\":500,\"height\":500,\"caption\":\"Extreme Barcelona\"},\"image\":{\"@id\":\"https:\/\/extremebarcelona.com\/#\/schema\/logo\/image\/\"}},{\"@type\":\"Person\",\"@id\":\"https:\/\/extremebarcelona.com\/#\/schema\/person\/81a974e7236bd8b5adccfbe8d40191fa\",\"name\":\"Laura\",\"image\":{\"@type\":\"ImageObject\",\"inLanguage\":\"ca\",\"@id\":\"https:\/\/secure.gravatar.com\/avatar\/5018cd24029106e9c7fb70f2ba4cb9359c0900c65fc2af310f0b240b1634ba26?s=96&d=mm&r=g\",\"url\":\"https:\/\/secure.gravatar.com\/avatar\/5018cd24029106e9c7fb70f2ba4cb9359c0900c65fc2af310f0b240b1634ba26?s=96&d=mm&r=g\",\"contentUrl\":\"https:\/\/secure.gravatar.com\/avatar\/5018cd24029106e9c7fb70f2ba4cb9359c0900c65fc2af310f0b240b1634ba26?s=96&d=mm&r=g\",\"caption\":\"Laura\"}}]}<\/script>\n<!-- \/ Yoast SEO plugin. -->","yoast_head_json":{"title":"\u00a1Atenci\u00f3 grafiters! Nova crida per pintar a la Wallspot Ave de l\u2019Extreme Barcelona - Extreme Barcelona","robots":{"index":"index","follow":"follow","max-snippet":"max-snippet:-1","max-image-preview":"max-image-preview:large","max-video-preview":"max-video-preview:-1"},"canonical":"https:\/\/extremebarcelona.com\/ca\/2021\/07\/30\/wallspot-ave-call\/","og_locale":"ca_ES","og_type":"article","og_title":"\u00a1Atenci\u00f3 grafiters! Nova crida per pintar a la Wallspot Ave de l\u2019Extreme Barcelona - Extreme Barcelona","og_description":"&nbsp; Es busquen artistes urbans amb ganes de posar a prova el seu talent Open Call per viure una experi\u00e8ncia \u00fanica els dies 25 i 26 de setembre al Parc de F\u00f2rum Si sents que el teu talent no t\u00e9 l\u00edmits i necessites un espai on lluir el teu art, aquesta \u00e9s la teva oportunitat! [&hellip;]","og_url":"https:\/\/extremebarcelona.com\/ca\/2021\/07\/30\/wallspot-ave-call\/","og_site_name":"Extreme Barcelona","article_published_time":"2021-07-30T10:05:54+00:00","article_modified_time":"2021-07-30T10:50:28+00:00","og_image":[{"width":545,"height":363,"url":"https:\/\/extremebarcelona.com\/wp-content\/uploads\/2021\/07\/wallspot-format-545x363-1.jpg","type":"image\/jpeg"}],"author":"Laura","twitter_card":"summary_large_image","twitter_misc":{"Escrit per":"Laura","Temps estimat de lectura":"4 minuts"},"schema":{"@context":"https:\/\/schema.org","@graph":[{"@type":"NewsArticle","@id":"https:\/\/extremebarcelona.com\/ca\/2021\/07\/30\/wallspot-ave-call\/#article","isPartOf":{"@id":"https:\/\/extremebarcelona.com\/ca\/2021\/07\/30\/wallspot-ave-call\/"},"author":{"name":"Laura","@id":"https:\/\/extremebarcelona.com\/#\/schema\/person\/81a974e7236bd8b5adccfbe8d40191fa"},"headline":"\u00a1Atenci\u00f3 grafiters! Nova crida per pintar a la Wallspot Ave de l\u2019Extreme Barcelona","datePublished":"2021-07-30T10:05:54+00:00","dateModified":"2021-07-30T10:50:28+00:00","mainEntityOfPage":{"@id":"https:\/\/extremebarcelona.com\/ca\/2021\/07\/30\/wallspot-ave-call\/"},"wordCount":847,"publisher":{"@id":"https:\/\/extremebarcelona.com\/#organization"},"image":{"@id":"https:\/\/extremebarcelona.com\/ca\/2021\/07\/30\/wallspot-ave-call\/#primaryimage"},"thumbnailUrl":"https:\/\/extremebarcelona.com\/wp-content\/uploads\/2021\/07\/wallspot-format-545x363-1.jpg","articleSection":["Noticies"],"inLanguage":"ca"},{"@type":"WebPage","@id":"https:\/\/extremebarcelona.com\/ca\/2021\/07\/30\/wallspot-ave-call\/","url":"https:\/\/extremebarcelona.com\/ca\/2021\/07\/30\/wallspot-ave-call\/","name":"\u00a1Atenci\u00f3 grafiters! Nova crida per pintar a la Wallspot Ave de l\u2019Extreme Barcelona - Extreme Barcelona","isPartOf":{"@id":"https:\/\/extremebarcelona.com\/#website"},"primaryImageOfPage":{"@id":"https:\/\/extremebarcelona.com\/ca\/2021\/07\/30\/wallspot-ave-call\/#primaryimage"},"image":{"@id":"https:\/\/extremebarcelona.com\/ca\/2021\/07\/30\/wallspot-ave-call\/#primaryimage"},"thumbnailUrl":"https:\/\/extremebarcelona.com\/wp-content\/uploads\/2021\/07\/wallspot-format-545x363-1.jpg","datePublished":"2021-07-30T10:05:54+00:00","dateModified":"2021-07-30T10:50:28+00:00","breadcrumb":{"@id":"https:\/\/extremebarcelona.com\/ca\/2021\/07\/30\/wallspot-ave-call\/#breadcrumb"},"inLanguage":"ca","potentialAction":[{"@type":"ReadAction","target":["https:\/\/extremebarcelona.com\/ca\/2021\/07\/30\/wallspot-ave-call\/"]}]},{"@type":"ImageObject","inLanguage":"ca","@id":"https:\/\/extremebarcelona.com\/ca\/2021\/07\/30\/wallspot-ave-call\/#primaryimage","url":"https:\/\/extremebarcelona.com\/wp-content\/uploads\/2021\/07\/wallspot-format-545x363-1.jpg","contentUrl":"https:\/\/extremebarcelona.com\/wp-content\/uploads\/2021\/07\/wallspot-format-545x363-1.jpg","width":545,"height":363,"caption":"Open Call Wallspot Ave"},{"@type":"BreadcrumbList","@id":"https:\/\/extremebarcelona.com\/ca\/2021\/07\/30\/wallspot-ave-call\/#breadcrumb","itemListElement":[{"@type":"ListItem","position":1,"name":"Portada","item":"https:\/\/extremebarcelona.com\/"},{"@type":"ListItem","position":2,"name":"\u00a1Atenci\u00f3 grafiters! Nova crida per pintar a la Wallspot Ave de l\u2019Extreme Barcelona"}]},{"@type":"WebSite","@id":"https:\/\/extremebarcelona.com\/#website","url":"https:\/\/extremebarcelona.com\/","name":"Extreme Barcelona","description":"Otro sitio realizado con WordPress","publisher":{"@id":"https:\/\/extremebarcelona.com\/#organization"},"potentialAction":[{"@type":"SearchAction","target":{"@type":"EntryPoint","urlTemplate":"https:\/\/extremebarcelona.com\/?s={search_term_string}"},"query-input":{"@type":"PropertyValueSpecification","valueRequired":true,"valueName":"search_term_string"}}],"inLanguage":"ca"},{"@type":"Organization","@id":"https:\/\/extremebarcelona.com\/#organization","name":"Extreme Barcelona","url":"https:\/\/extremebarcelona.com\/","logo":{"@type":"ImageObject","inLanguage":"ca","@id":"https:\/\/extremebarcelona.com\/#\/schema\/logo\/image\/","url":"https:\/\/extremebarcelona.com\/wp-content\/uploads\/2021\/04\/Logo-Extreme-2021.png","contentUrl":"https:\/\/extremebarcelona.com\/wp-content\/uploads\/2021\/04\/Logo-Extreme-2021.png","width":500,"height":500,"caption":"Extreme Barcelona"},"image":{"@id":"https:\/\/extremebarcelona.com\/#\/schema\/logo\/image\/"}},{"@type":"Person","@id":"https:\/\/extremebarcelona.com\/#\/schema\/person\/81a974e7236bd8b5adccfbe8d40191fa","name":"Laura","image":{"@type":"ImageObject","inLanguage":"ca","@id":"https:\/\/secure.gravatar.com\/avatar\/5018cd24029106e9c7fb70f2ba4cb9359c0900c65fc2af310f0b240b1634ba26?s=96&d=mm&r=g","url":"https:\/\/secure.gravatar.com\/avatar\/5018cd24029106e9c7fb70f2ba4cb9359c0900c65fc2af310f0b240b1634ba26?s=96&d=mm&r=g","contentUrl":"https:\/\/secure.gravatar.com\/avatar\/5018cd24029106e9c7fb70f2ba4cb9359c0900c65fc2af310f0b240b1634ba26?s=96&d=mm&r=g","caption":"Laura"}}]}},"_links":{"self":[{"href":"https:\/\/extremebarcelona.com\/ca\/wp-json\/wp\/v2\/posts\/11189","targetHints":{"allow":["GET"]}}],"collection":[{"href":"https:\/\/extremebarcelona.com\/ca\/wp-json\/wp\/v2\/posts"}],"about":[{"href":"https:\/\/extremebarcelona.com\/ca\/wp-json\/wp\/v2\/types\/post"}],"author":[{"embeddable":true,"href":"https:\/\/extremebarcelona.com\/ca\/wp-json\/wp\/v2\/users\/11"}],"replies":[{"embeddable":true,"href":"https:\/\/extremebarcelona.com\/ca\/wp-json\/wp\/v2\/comments?post=11189"}],"version-history":[{"count":4,"href":"https:\/\/extremebarcelona.com\/ca\/wp-json\/wp\/v2\/posts\/11189\/revisions"}],"predecessor-version":[{"id":11203,"href":"https:\/\/extremebarcelona.com\/ca\/wp-json\/wp\/v2\/posts\/11189\/revisions\/11203"}],"wp:featuredmedia":[{"embeddable":true,"href":"https:\/\/extremebarcelona.com\/ca\/wp-json\/wp\/v2\/media\/11205"}],"wp:attachment":[{"href":"https:\/\/extremebarcelona.com\/ca\/wp-json\/wp\/v2\/media?parent=11189"}],"wp:term":[{"taxonomy":"category","embeddable":true,"href":"https:\/\/extremebarcelona.com\/ca\/wp-json\/wp\/v2\/categories?post=11189"},{"taxonomy":"post_tag","embeddable":true,"href":"https:\/\/extremebarcelona.com\/ca\/wp-json\/wp\/v2\/tags?post=11189"}],"curies":[{"name":"wp","href":"https:\/\/api.w.org\/{rel}","templated":true}]}}