{"id":1102,"date":"2016-04-29T09:14:17","date_gmt":"2016-04-29T09:14:17","guid":{"rendered":"https:\/\/extremebarcelona.com\/ca\/?p=1102"},"modified":"2016-04-29T09:14:17","modified_gmt":"2016-04-29T09:14:17","slug":"max-kruglov-confirmat","status":"publish","type":"post","link":"https:\/\/extremebarcelona.com\/ca\/2016\/04\/29\/max-kruglov-confirmat\/","title":{"rendered":"MAX KRUGLOV CONFIRMAT"},"content":{"rendered":"<p>El Rider de 26 anys natural de <strong>Sant Petesburg<\/strong> (R\u00fassia) ha confirmat la seva assist\u00e8ncia a l&#8217;<strong>imaginExtreme Barcelona<strong>presented by Mountain Dew\u00a0<\/strong>2016<\/strong>. Max ha estat un dels referents del skate rus. Present en grans esdeveniments del panorama internacional com el <strong>Tampa Pro 2016<\/strong>, amb vict\u00f2ries importants al seu palmar\u00e8s com ara el primer lloc al <strong>Simple Session 2013<\/strong>\u00a0i Best Trick en l&#8217;edici\u00f3 del 2014. Max \u00e9s un dels candidats a emportar-se la vict\u00f2ria aquest any a l&#8217;<strong>imaginExtreme Barcelona.<\/strong><\/p>\n<p>&nbsp;<\/p>\n<p><iframe loading=\"lazy\" width=\"1080\" height=\"608\" src=\"https:\/\/www.youtube.com\/embed\/bldcvBbYwYA?feature=oembed\" frameborder=\"0\" allowfullscreen><\/iframe><\/p>\n","protected":false},"excerpt":{"rendered":"<p>El Rider de 26 anys natural de Sant Petesburg (R\u00fassia) ha confirmat la seva assist\u00e8ncia a l&#8217;imaginExtreme Barcelonapresented by Mountain Dew\u00a02016. Max ha estat un dels referents del skate rus. Present en grans esdeveniments del panorama internacional com el Tampa Pro 2016, amb vict\u00f2ries importants al seu palmar\u00e8s com ara el primer lloc al Simple [&hellip;]<\/p>\n","protected":false},"author":4,"featured_media":0,"comment_status":"closed","ping_status":"open","sticky":false,"template":"","format":"standard","meta":{"_et_pb_use_builder":"","_et_pb_old_content":"","_et_gb_content_width":"","footnotes":""},"categories":[],"tags":[48,40,46,47,42,37],"class_list":["post-1102","post","type-post","status-publish","format-standard","hentry","tag-48","tag-barcelona","tag-confirmat","tag-extreme-barcelona","tag-rider","tag-skate"],"yoast_head":"<!-- This site is optimized with the Yoast SEO plugin v27.2 - https:\/\/yoast.com\/product\/yoast-seo-wordpress\/ -->\n<title>MAX KRUGLOV CONFIRMAT - Extreme Barcelona<\/title>\n<meta name=\"robots\" content=\"index, follow, max-snippet:-1, max-image-preview:large, max-video-preview:-1\" \/>\n<link rel=\"canonical\" href=\"https:\/\/extremebarcelona.com\/ca\/2016\/04\/29\/max-kruglov-confirmat\/\" \/>\n<meta property=\"og:locale\" content=\"ca_ES\" \/>\n<meta property=\"og:type\" content=\"article\" \/>\n<meta property=\"og:title\" content=\"MAX KRUGLOV CONFIRMAT - Extreme Barcelona\" \/>\n<meta property=\"og:description\" content=\"El Rider de 26 anys natural de Sant Petesburg (R\u00fassia) ha confirmat la seva assist\u00e8ncia a l&#8217;imaginExtreme Barcelonapresented by Mountain Dew\u00a02016. Max ha estat un dels referents del skate rus. Present en grans esdeveniments del panorama internacional com el Tampa Pro 2016, amb vict\u00f2ries importants al seu palmar\u00e8s com ara el primer lloc al Simple [&hellip;]\" \/>\n<meta property=\"og:url\" content=\"https:\/\/extremebarcelona.com\/ca\/2016\/04\/29\/max-kruglov-confirmat\/\" \/>\n<meta property=\"og:site_name\" content=\"Extreme Barcelona\" \/>\n<meta property=\"article:published_time\" content=\"2016-04-29T09:14:17+00:00\" \/>\n<meta name=\"author\" content=\"Toni Alvarez\" \/>\n<meta name=\"twitter:card\" content=\"summary_large_image\" \/>\n<meta name=\"twitter:label1\" content=\"Escrit per\" \/>\n\t<meta name=\"twitter:data1\" content=\"Toni Alvarez\" \/>\n<script type=\"application\/ld+json\" class=\"yoast-schema-graph\">{\"@context\":\"https:\/\/schema.org\",\"@graph\":[{\"@type\":\"NewsArticle\",\"@id\":\"https:\/\/extremebarcelona.com\/ca\/2016\/04\/29\/max-kruglov-confirmat\/#article\",\"isPartOf\":{\"@id\":\"https:\/\/extremebarcelona.com\/ca\/2016\/04\/29\/max-kruglov-confirmat\/\"},\"author\":{\"name\":\"Toni Alvarez\",\"@id\":\"https:\/\/extremebarcelona.com\/#\/schema\/person\/358836924f252662dff39fee7e1aa65d\"},\"headline\":\"MAX KRUGLOV CONFIRMAT\",\"datePublished\":\"2016-04-29T09:14:17+00:00\",\"mainEntityOfPage\":{\"@id\":\"https:\/\/extremebarcelona.com\/ca\/2016\/04\/29\/max-kruglov-confirmat\/\"},\"wordCount\":94,\"publisher\":{\"@id\":\"https:\/\/extremebarcelona.com\/#organization\"},\"keywords\":[\"2016\",\"barcelona\",\"confirmat\",\"extreme barcelona\",\"rider\",\"skate\"],\"inLanguage\":\"ca\"},{\"@type\":\"WebPage\",\"@id\":\"https:\/\/extremebarcelona.com\/ca\/2016\/04\/29\/max-kruglov-confirmat\/\",\"url\":\"https:\/\/extremebarcelona.com\/ca\/2016\/04\/29\/max-kruglov-confirmat\/\",\"name\":\"MAX KRUGLOV CONFIRMAT - Extreme Barcelona\",\"isPartOf\":{\"@id\":\"https:\/\/extremebarcelona.com\/#website\"},\"datePublished\":\"2016-04-29T09:14:17+00:00\",\"breadcrumb\":{\"@id\":\"https:\/\/extremebarcelona.com\/ca\/2016\/04\/29\/max-kruglov-confirmat\/#breadcrumb\"},\"inLanguage\":\"ca\",\"potentialAction\":[{\"@type\":\"ReadAction\",\"target\":[\"https:\/\/extremebarcelona.com\/ca\/2016\/04\/29\/max-kruglov-confirmat\/\"]}]},{\"@type\":\"BreadcrumbList\",\"@id\":\"https:\/\/extremebarcelona.com\/ca\/2016\/04\/29\/max-kruglov-confirmat\/#breadcrumb\",\"itemListElement\":[{\"@type\":\"ListItem\",\"position\":1,\"name\":\"Portada\",\"item\":\"https:\/\/extremebarcelona.com\/\"},{\"@type\":\"ListItem\",\"position\":2,\"name\":\"MAX KRUGLOV CONFIRMAT\"}]},{\"@type\":\"WebSite\",\"@id\":\"https:\/\/extremebarcelona.com\/#website\",\"url\":\"https:\/\/extremebarcelona.com\/\",\"name\":\"Extreme Barcelona\",\"description\":\"Otro sitio realizado con WordPress\",\"publisher\":{\"@id\":\"https:\/\/extremebarcelona.com\/#organization\"},\"potentialAction\":[{\"@type\":\"SearchAction\",\"target\":{\"@type\":\"EntryPoint\",\"urlTemplate\":\"https:\/\/extremebarcelona.com\/?s={search_term_string}\"},\"query-input\":{\"@type\":\"PropertyValueSpecification\",\"valueRequired\":true,\"valueName\":\"search_term_string\"}}],\"inLanguage\":\"ca\"},{\"@type\":\"Organization\",\"@id\":\"https:\/\/extremebarcelona.com\/#organization\",\"name\":\"Extreme Barcelona\",\"url\":\"https:\/\/extremebarcelona.com\/\",\"logo\":{\"@type\":\"ImageObject\",\"inLanguage\":\"ca\",\"@id\":\"https:\/\/extremebarcelona.com\/#\/schema\/logo\/image\/\",\"url\":\"https:\/\/extremebarcelona.com\/wp-content\/uploads\/2021\/04\/Logo-Extreme-2021.png\",\"contentUrl\":\"https:\/\/extremebarcelona.com\/wp-content\/uploads\/2021\/04\/Logo-Extreme-2021.png\",\"width\":500,\"height\":500,\"caption\":\"Extreme Barcelona\"},\"image\":{\"@id\":\"https:\/\/extremebarcelona.com\/#\/schema\/logo\/image\/\"}},{\"@type\":\"Person\",\"@id\":\"https:\/\/extremebarcelona.com\/#\/schema\/person\/358836924f252662dff39fee7e1aa65d\",\"name\":\"Toni Alvarez\",\"image\":{\"@type\":\"ImageObject\",\"inLanguage\":\"ca\",\"@id\":\"https:\/\/secure.gravatar.com\/avatar\/bb138fe5ea40bf6a9e0358749e3f4f902ed657ed222ab9a22841fb258057121f?s=96&d=mm&r=g\",\"url\":\"https:\/\/secure.gravatar.com\/avatar\/bb138fe5ea40bf6a9e0358749e3f4f902ed657ed222ab9a22841fb258057121f?s=96&d=mm&r=g\",\"contentUrl\":\"https:\/\/secure.gravatar.com\/avatar\/bb138fe5ea40bf6a9e0358749e3f4f902ed657ed222ab9a22841fb258057121f?s=96&d=mm&r=g\",\"caption\":\"Toni Alvarez\"},\"sameAs\":[\"mblanco@sevenmila.com\"]}]}<\/script>\n<!-- \/ Yoast SEO plugin. -->","yoast_head_json":{"title":"MAX KRUGLOV CONFIRMAT - Extreme Barcelona","robots":{"index":"index","follow":"follow","max-snippet":"max-snippet:-1","max-image-preview":"max-image-preview:large","max-video-preview":"max-video-preview:-1"},"canonical":"https:\/\/extremebarcelona.com\/ca\/2016\/04\/29\/max-kruglov-confirmat\/","og_locale":"ca_ES","og_type":"article","og_title":"MAX KRUGLOV CONFIRMAT - Extreme Barcelona","og_description":"El Rider de 26 anys natural de Sant Petesburg (R\u00fassia) ha confirmat la seva assist\u00e8ncia a l&#8217;imaginExtreme Barcelonapresented by Mountain Dew\u00a02016. Max ha estat un dels referents del skate rus. Present en grans esdeveniments del panorama internacional com el Tampa Pro 2016, amb vict\u00f2ries importants al seu palmar\u00e8s com ara el primer lloc al Simple [&hellip;]","og_url":"https:\/\/extremebarcelona.com\/ca\/2016\/04\/29\/max-kruglov-confirmat\/","og_site_name":"Extreme Barcelona","article_published_time":"2016-04-29T09:14:17+00:00","author":"Toni Alvarez","twitter_card":"summary_large_image","twitter_misc":{"Escrit per":"Toni Alvarez"},"schema":{"@context":"https:\/\/schema.org","@graph":[{"@type":"NewsArticle","@id":"https:\/\/extremebarcelona.com\/ca\/2016\/04\/29\/max-kruglov-confirmat\/#article","isPartOf":{"@id":"https:\/\/extremebarcelona.com\/ca\/2016\/04\/29\/max-kruglov-confirmat\/"},"author":{"name":"Toni Alvarez","@id":"https:\/\/extremebarcelona.com\/#\/schema\/person\/358836924f252662dff39fee7e1aa65d"},"headline":"MAX KRUGLOV CONFIRMAT","datePublished":"2016-04-29T09:14:17+00:00","mainEntityOfPage":{"@id":"https:\/\/extremebarcelona.com\/ca\/2016\/04\/29\/max-kruglov-confirmat\/"},"wordCount":94,"publisher":{"@id":"https:\/\/extremebarcelona.com\/#organization"},"keywords":["2016","barcelona","confirmat","extreme barcelona","rider","skate"],"inLanguage":"ca"},{"@type":"WebPage","@id":"https:\/\/extremebarcelona.com\/ca\/2016\/04\/29\/max-kruglov-confirmat\/","url":"https:\/\/extremebarcelona.com\/ca\/2016\/04\/29\/max-kruglov-confirmat\/","name":"MAX KRUGLOV CONFIRMAT - Extreme Barcelona","isPartOf":{"@id":"https:\/\/extremebarcelona.com\/#website"},"datePublished":"2016-04-29T09:14:17+00:00","breadcrumb":{"@id":"https:\/\/extremebarcelona.com\/ca\/2016\/04\/29\/max-kruglov-confirmat\/#breadcrumb"},"inLanguage":"ca","potentialAction":[{"@type":"ReadAction","target":["https:\/\/extremebarcelona.com\/ca\/2016\/04\/29\/max-kruglov-confirmat\/"]}]},{"@type":"BreadcrumbList","@id":"https:\/\/extremebarcelona.com\/ca\/2016\/04\/29\/max-kruglov-confirmat\/#breadcrumb","itemListElement":[{"@type":"ListItem","position":1,"name":"Portada","item":"https:\/\/extremebarcelona.com\/"},{"@type":"ListItem","position":2,"name":"MAX KRUGLOV CONFIRMAT"}]},{"@type":"WebSite","@id":"https:\/\/extremebarcelona.com\/#website","url":"https:\/\/extremebarcelona.com\/","name":"Extreme Barcelona","description":"Otro sitio realizado con WordPress","publisher":{"@id":"https:\/\/extremebarcelona.com\/#organization"},"potentialAction":[{"@type":"SearchAction","target":{"@type":"EntryPoint","urlTemplate":"https:\/\/extremebarcelona.com\/?s={search_term_string}"},"query-input":{"@type":"PropertyValueSpecification","valueRequired":true,"valueName":"search_term_string"}}],"inLanguage":"ca"},{"@type":"Organization","@id":"https:\/\/extremebarcelona.com\/#organization","name":"Extreme Barcelona","url":"https:\/\/extremebarcelona.com\/","logo":{"@type":"ImageObject","inLanguage":"ca","@id":"https:\/\/extremebarcelona.com\/#\/schema\/logo\/image\/","url":"https:\/\/extremebarcelona.com\/wp-content\/uploads\/2021\/04\/Logo-Extreme-2021.png","contentUrl":"https:\/\/extremebarcelona.com\/wp-content\/uploads\/2021\/04\/Logo-Extreme-2021.png","width":500,"height":500,"caption":"Extreme Barcelona"},"image":{"@id":"https:\/\/extremebarcelona.com\/#\/schema\/logo\/image\/"}},{"@type":"Person","@id":"https:\/\/extremebarcelona.com\/#\/schema\/person\/358836924f252662dff39fee7e1aa65d","name":"Toni Alvarez","image":{"@type":"ImageObject","inLanguage":"ca","@id":"https:\/\/secure.gravatar.com\/avatar\/bb138fe5ea40bf6a9e0358749e3f4f902ed657ed222ab9a22841fb258057121f?s=96&d=mm&r=g","url":"https:\/\/secure.gravatar.com\/avatar\/bb138fe5ea40bf6a9e0358749e3f4f902ed657ed222ab9a22841fb258057121f?s=96&d=mm&r=g","contentUrl":"https:\/\/secure.gravatar.com\/avatar\/bb138fe5ea40bf6a9e0358749e3f4f902ed657ed222ab9a22841fb258057121f?s=96&d=mm&r=g","caption":"Toni Alvarez"},"sameAs":["mblanco@sevenmila.com"]}]}},"_links":{"self":[{"href":"https:\/\/extremebarcelona.com\/ca\/wp-json\/wp\/v2\/posts\/1102","targetHints":{"allow":["GET"]}}],"collection":[{"href":"https:\/\/extremebarcelona.com\/ca\/wp-json\/wp\/v2\/posts"}],"about":[{"href":"https:\/\/extremebarcelona.com\/ca\/wp-json\/wp\/v2\/types\/post"}],"author":[{"embeddable":true,"href":"https:\/\/extremebarcelona.com\/ca\/wp-json\/wp\/v2\/users\/4"}],"replies":[{"embeddable":true,"href":"https:\/\/extremebarcelona.com\/ca\/wp-json\/wp\/v2\/comments?post=1102"}],"version-history":[{"count":3,"href":"https:\/\/extremebarcelona.com\/ca\/wp-json\/wp\/v2\/posts\/1102\/revisions"}],"predecessor-version":[{"id":1112,"href":"https:\/\/extremebarcelona.com\/ca\/wp-json\/wp\/v2\/posts\/1102\/revisions\/1112"}],"wp:attachment":[{"href":"https:\/\/extremebarcelona.com\/ca\/wp-json\/wp\/v2\/media?parent=1102"}],"wp:term":[{"taxonomy":"category","embeddable":true,"href":"https:\/\/extremebarcelona.com\/ca\/wp-json\/wp\/v2\/categories?post=1102"},{"taxonomy":"post_tag","embeddable":true,"href":"https:\/\/extremebarcelona.com\/ca\/wp-json\/wp\/v2\/tags?post=1102"}],"curies":[{"name":"wp","href":"https:\/\/api.w.org\/{rel}","templated":true}]}}